{"id":1035206,"date":"2023-02-20T11:22:36","date_gmt":"2023-02-20T08:22:36","guid":{"rendered":"https:\/\/darkamazi.info\/?p=1035206"},"modified":"2023-02-20T11:22:36","modified_gmt":"2023-02-20T08:22:36","slug":"pkke-ev-ciwanen-kurd-li-2017-dane-kustin-u-li-2023-askera-kirin","status":"publish","type":"post","link":"https:\/\/darkamazi.info\/archives\/1035206","title":{"rendered":"PKK\u00ea ev ciwan\u00ean Kurd li 2017 dane ku\u015ftin \u00fb li 2023 a\u015fkera kirin"},"content":{"rendered":"<h3 style=\"text-align: justify\"><span style=\"font-family: 'arial black', sans-serif\">R\u00eaxistina PKK\u00ea, d\u00eesa nasnameya 5 ciwan\u00ean Kurd a\u015fkere kir sala 2017 li Ba\u015f\u00fbr\u00ea Kurdistan\u00ea dane ku\u015ftin \u00fb pa\u015f derbasb\u00fbna 6 salan ji n\u00fb ve mirina wan ragihand.<\/span><\/h3>\n<h3 style=\"text-align: justify\"><span style=\"font-family: arial, helvetica, sans-serif\">HPG\u00ea bask\u00ea le\u015fker\u00ee y\u00ea PKK\u00ea roja yek\u015fem\u00ee 20\/2\/2023 nasnameya 4 xort \u00fb ke\u00e7\u00ean Kurd a\u015fkere kir ku li sala 2017\u00ea li Ba\u015f\u00fbr\u00ea Kurdistan\u00ea bi dest\u00ea art\u00ea\u015fa dewleta Tirk a dag\u00eerker dane ku\u015ftin \u00fb pa\u015f derbasb\u00fbna 6 salan ji n\u00fb ve mirina wan \u00eef\u015fa kir.<\/span><\/h3>\n<h3 style=\"text-align: justify\"><span style=\"font-family: 'arial black', sans-serif;color: #8c0b0b\">Nav\u00ean van ciwanan wisaye:<\/span><\/h3>\n<h3 style=\"text-align: justify\"><span style=\"font-family: arial, helvetica, sans-serif\">Aycan Baytar ji \u00caleh\u00ea.<\/span><\/h3>\n<h3 style=\"text-align: justify\"><span style=\"font-family: arial, helvetica, sans-serif\">Remezan Bedr\u00ee ji Heleb\u00ea.<\/span><\/h3>\n<h3 style=\"text-align: justify\"><span style=\"font-family: arial, helvetica, sans-serif\">Y\u00fbs\u00fbf Erta\u015f ji Wan\u00ea.<\/span><\/h3>\n<h3 style=\"text-align: justify\"><span style=\"font-family: arial, helvetica, sans-serif\">Adem Ozkan ji Agiry\u00ea.<\/span><\/h3>\n<h3 style=\"text-align: justify\"><span style=\"font-family: arial, helvetica, sans-serif\">Yaq\u00fbb Dunm\u00fb\u015f ji \u015eirnex\u00ea.\u00a0<\/span><\/h3>\n<h3 style=\"text-align: justify\"><span style=\"font-family: arial, helvetica, sans-serif\">HPG\u00ea ber\u00ea van ciwanan j\u00ee weke bi hezaran ciwan\u00ean din daye mirin\u00ea \u00fb di pesin\u00ea wan de d\u00eesa pir bi r\u00fbqaym\u00ee got\u00eeye: Ew feday\u00ee\u00ean Apo b\u00fbn, ew lay\u00eeq\u00ee R\u00eaber derketin!.<\/span><\/h3>\n<h3 style=\"text-align: justify\"><span style=\"font-family: arial, helvetica, sans-serif\">R\u00eaxistina PKK\u00ea her roj w\u00eaney\u00ean kom\u00ean ke\u00e7 \u00fb ciwan\u00ean Kurdan belav dike y\u00ean ku di sal\u00ean ber\u00ea de feda kir\u00een \u00fb pa\u015f derbasb\u00fbna demek dir\u00eaj ji n\u00fb ve mirina wan \u00eelan dike, t\u00ea texm\u00een kirin bi hezaran ciwan\u00ean Kurd mabin ku h\u00eajan PKK\u00ea nasnameya wan \u00eef\u015fa nekirbe.<\/span><\/h3>\n","protected":false},"excerpt":{"rendered":"<p>R\u00eaxistina PKK\u00ea, d\u00eesa nasnameya 5 ciwan\u00ean Kurd a\u015fkere kir sala 2017 li Ba\u015f\u00fbr\u00ea Kurdistan\u00ea dane ku\u015ftin \u00fb pa\u015f derbasb\u00fbna 6 salan ji n\u00fb ve mirina wan ragihand. HPG\u00ea bask\u00ea le\u015fker\u00ee y\u00ea PKK\u00ea roja yek\u015fem\u00ee 20\/2\/2023 nasnameya 4 xort \u00fb ke\u00e7\u00ean Kurd a\u015fkere kir ku li sala 2017\u00ea li Ba\u015f\u00fbr\u00ea Kurdistan\u00ea bi dest\u00ea art\u00ea\u015fa dewleta Tirk [&hellip;]<\/p>\n","protected":false},"author":2,"featured_media":1035207,"comment_status":"closed","ping_status":"closed","sticky":false,"template":"","format":"standard","meta":{"footnotes":""},"categories":[29],"tags":[37],"class_list":["post-1035206","post","type-post","status-publish","format-standard","has-post-thumbnail","hentry","category-kurdistan","tag-sereke"],"blocksy_meta":[],"seo_head":"<!-- This site is optimized with the Yoast SEO plugin v27.5 - https:\/\/yoast.com\/product\/yoast-seo-wordpress\/ -->\n<title>PKK\u00ea ev ciwan\u00ean Kurd li 2017 dane ku\u015ftin \u00fb li 2023 a\u015fkera kirin - Darka Maz\u00ee<\/title>\n<meta name=\"robots\" content=\"index, follow, max-snippet:-1, max-image-preview:large, max-video-preview:-1\" \/>\n<link rel=\"canonical\" href=\"https:\/\/darkamazi.info\/archives\/1035206\" \/>\n<meta property=\"og:locale\" content=\"en_US\" \/>\n<meta property=\"og:type\" content=\"article\" \/>\n<meta property=\"og:title\" content=\"PKK\u00ea ev ciwan\u00ean Kurd li 2017 dane ku\u015ftin \u00fb li 2023 a\u015fkera kirin - Darka Maz\u00ee\" \/>\n<meta property=\"og:description\" content=\"R\u00eaxistina PKK\u00ea, d\u00eesa nasnameya 5 ciwan\u00ean Kurd a\u015fkere kir sala 2017 li Ba\u015f\u00fbr\u00ea Kurdistan\u00ea dane ku\u015ftin \u00fb pa\u015f derbasb\u00fbna 6 salan ji n\u00fb ve mirina wan ragihand. HPG\u00ea bask\u00ea le\u015fker\u00ee y\u00ea PKK\u00ea roja yek\u015fem\u00ee 20\/2\/2023 nasnameya 4 xort \u00fb ke\u00e7\u00ean Kurd a\u015fkere kir ku li sala 2017\u00ea li Ba\u015f\u00fbr\u00ea Kurdistan\u00ea bi dest\u00ea art\u00ea\u015fa dewleta Tirk [&hellip;]\" \/>\n<meta property=\"og:url\" content=\"https:\/\/darkamazi.info\/archives\/1035206\" \/>\n<meta property=\"og:site_name\" content=\"Darka Maz\u00ee\" \/>\n<meta property=\"article:publisher\" content=\"https:\/\/www.facebook.com\/DarMaziKurmanci\" \/>\n<meta property=\"article:published_time\" content=\"2023-02-20T08:22:36+00:00\" \/>\n<meta property=\"og:image\" content=\"https:\/\/darkamazi.info\/file\/2023\/02\/pkk-ciwan-kurd-kurdistan-hpg-zarok-kck-apo-ocalan-turkey-kurd-qarayilan.jpg\" \/>\n\t<meta property=\"og:image:width\" content=\"900\" \/>\n\t<meta property=\"og:image:height\" content=\"497\" \/>\n\t<meta property=\"og:image:type\" content=\"image\/jpeg\" \/>\n<meta name=\"author\" content=\"darka mazi\" \/>\n<meta name=\"twitter:card\" content=\"summary_large_image\" \/>\n<meta name=\"twitter:creator\" content=\"@DarkaMaziLatini\" \/>\n<meta name=\"twitter:site\" content=\"@DarkaMaziLatini\" \/>\n<meta name=\"twitter:label1\" content=\"Written by\" \/>\n\t<meta name=\"twitter:data1\" content=\"darka mazi\" \/>\n\t<meta name=\"twitter:label2\" content=\"Est. reading time\" \/>\n\t<meta name=\"twitter:data2\" content=\"1 minute\" \/>\n<script type=\"application\/ld+json\" class=\"seo-schema-graph\">{\"@context\":\"https:\\\/\\\/schema.org\",\"@graph\":[{\"@type\":\"Article\",\"@id\":\"https:\\\/\\\/darkamazi.info\\\/archives\\\/1035206#article\",\"isPartOf\":{\"@id\":\"https:\\\/\\\/darkamazi.info\\\/archives\\\/1035206\"},\"author\":{\"name\":\"darka mazi\",\"@id\":\"https:\\\/\\\/darkamazi.info\\\/#\\\/schema\\\/person\\\/5ad3e24553a0567993fa8ed4bd0a776c\"},\"headline\":\"PKK\u00ea ev ciwan\u00ean Kurd li 2017 dane ku\u015ftin \u00fb li 2023 a\u015fkera kirin\",\"datePublished\":\"2023-02-20T08:22:36+00:00\",\"mainEntityOfPage\":{\"@id\":\"https:\\\/\\\/darkamazi.info\\\/archives\\\/1035206\"},\"wordCount\":215,\"publisher\":{\"@id\":\"https:\\\/\\\/darkamazi.info\\\/#organization\"},\"image\":{\"@id\":\"https:\\\/\\\/darkamazi.info\\\/archives\\\/1035206#primaryimage\"},\"thumbnailUrl\":\"https:\\\/\\\/darkamazi.info\\\/darka-content\\\/uploads\\\/2023\\\/02\\\/pkk-ciwan-kurd-kurdistan-hpg-zarok-kck-apo-ocalan-turkey-kurd-qarayilan.jpg\",\"keywords\":[\"sereke\"],\"articleSection\":[\"Kurdistan\"],\"inLanguage\":\"en-US\"},{\"@type\":\"WebPage\",\"@id\":\"https:\\\/\\\/darkamazi.info\\\/archives\\\/1035206\",\"url\":\"https:\\\/\\\/darkamazi.info\\\/archives\\\/1035206\",\"name\":\"PKK\u00ea ev ciwan\u00ean Kurd li 2017 dane ku\u015ftin \u00fb li 2023 a\u015fkera kirin - Darka Maz\u00ee\",\"isPartOf\":{\"@id\":\"https:\\\/\\\/darkamazi.info\\\/#website\"},\"primaryImageOfPage\":{\"@id\":\"https:\\\/\\\/darkamazi.info\\\/archives\\\/1035206#primaryimage\"},\"image\":{\"@id\":\"https:\\\/\\\/darkamazi.info\\\/archives\\\/1035206#primaryimage\"},\"thumbnailUrl\":\"https:\\\/\\\/darkamazi.info\\\/darka-content\\\/uploads\\\/2023\\\/02\\\/pkk-ciwan-kurd-kurdistan-hpg-zarok-kck-apo-ocalan-turkey-kurd-qarayilan.jpg\",\"datePublished\":\"2023-02-20T08:22:36+00:00\",\"breadcrumb\":{\"@id\":\"https:\\\/\\\/darkamazi.info\\\/archives\\\/1035206#breadcrumb\"},\"inLanguage\":\"en-US\",\"potentialAction\":[{\"@type\":\"ReadAction\",\"target\":[\"https:\\\/\\\/darkamazi.info\\\/archives\\\/1035206\"]}]},{\"@type\":\"ImageObject\",\"inLanguage\":\"en-US\",\"@id\":\"https:\\\/\\\/darkamazi.info\\\/archives\\\/1035206#primaryimage\",\"url\":\"https:\\\/\\\/darkamazi.info\\\/darka-content\\\/uploads\\\/2023\\\/02\\\/pkk-ciwan-kurd-kurdistan-hpg-zarok-kck-apo-ocalan-turkey-kurd-qarayilan.jpg\",\"contentUrl\":\"https:\\\/\\\/darkamazi.info\\\/darka-content\\\/uploads\\\/2023\\\/02\\\/pkk-ciwan-kurd-kurdistan-hpg-zarok-kck-apo-ocalan-turkey-kurd-qarayilan.jpg\",\"width\":900,\"height\":497,\"caption\":\"pkk-ciwan-kurd-kurdistan-hpg-zarok-kck-apo-ocalan-turkey -kurd-qarayilan\"},{\"@type\":\"BreadcrumbList\",\"@id\":\"https:\\\/\\\/darkamazi.info\\\/archives\\\/1035206#breadcrumb\",\"itemListElement\":[{\"@type\":\"ListItem\",\"position\":1,\"name\":\"Home\",\"item\":\"https:\\\/\\\/darkamazi.info\\\/\"},{\"@type\":\"ListItem\",\"position\":2,\"name\":\"PKK\u00ea ev ciwan\u00ean Kurd li 2017 dane ku\u015ftin \u00fb li 2023 a\u015fkera kirin\"}]},{\"@type\":\"WebSite\",\"@id\":\"https:\\\/\\\/darkamazi.info\\\/#website\",\"url\":\"https:\\\/\\\/darkamazi.info\\\/\",\"name\":\"Darka Maz\u00ee\",\"description\":\"P\u00eageha Zanyariy\u00ean Nebih\u00eest\u00ee\",\"publisher\":{\"@id\":\"https:\\\/\\\/darkamazi.info\\\/#organization\"},\"potentialAction\":[{\"@type\":\"SearchAction\",\"target\":{\"@type\":\"EntryPoint\",\"urlTemplate\":\"https:\\\/\\\/darkamazi.info\\\/?s={search_term_string}\"},\"query-input\":{\"@type\":\"PropertyValueSpecification\",\"valueRequired\":true,\"valueName\":\"search_term_string\"}}],\"inLanguage\":\"en-US\"},{\"@type\":\"Organization\",\"@id\":\"https:\\\/\\\/darkamazi.info\\\/#organization\",\"name\":\"Darka Maz\u00ee\",\"url\":\"https:\\\/\\\/darkamazi.info\\\/\",\"logo\":{\"@type\":\"ImageObject\",\"inLanguage\":\"en-US\",\"@id\":\"https:\\\/\\\/darkamazi.info\\\/#\\\/schema\\\/logo\\\/image\\\/\",\"url\":\"https:\\\/\\\/darkamazi.info\\\/darka-content\\\/uploads\\\/2017\\\/12\\\/darka-mazi-logo.png\",\"contentUrl\":\"https:\\\/\\\/darkamazi.info\\\/darka-content\\\/uploads\\\/2017\\\/12\\\/darka-mazi-logo.png\",\"width\":151,\"height\":75,\"caption\":\"Darka Maz\u00ee\"},\"image\":{\"@id\":\"https:\\\/\\\/darkamazi.info\\\/#\\\/schema\\\/logo\\\/image\\\/\"},\"sameAs\":[\"https:\\\/\\\/www.facebook.com\\\/DarMaziKurmanci\",\"https:\\\/\\\/x.com\\\/DarkaMaziLatini\",\"https:\\\/\\\/www.instagram.com\\\/darkamazi.kurmanci\\\/\",\"https:\\\/\\\/www.youtube.com\\\/channel\\\/UCa5HkTdmI8U1qCUFuTw8B2g\"]},{\"@type\":\"Person\",\"@id\":\"https:\\\/\\\/darkamazi.info\\\/#\\\/schema\\\/person\\\/5ad3e24553a0567993fa8ed4bd0a776c\",\"name\":\"darka mazi\",\"sameAs\":[\"https:\\\/\\\/darkamazi.info\\\/\"],\"url\":\"https:\\\/\\\/darkamazi.info\\\/archives\\\/author\\\/kurdi\"}]}<\/script>\n<!-- \/ Yoast SEO plugin. -->","seo_head_json":{"title":"PKK\u00ea ev ciwan\u00ean Kurd li 2017 dane ku\u015ftin \u00fb li 2023 a\u015fkera kirin - Darka Maz\u00ee","robots":{"index":"index","follow":"follow","max-snippet":"max-snippet:-1","max-image-preview":"max-image-preview:large","max-video-preview":"max-video-preview:-1"},"canonical":"https:\/\/darkamazi.info\/archives\/1035206","og_locale":"en_US","og_type":"article","og_title":"PKK\u00ea ev ciwan\u00ean Kurd li 2017 dane ku\u015ftin \u00fb li 2023 a\u015fkera kirin - Darka Maz\u00ee","og_description":"R\u00eaxistina PKK\u00ea, d\u00eesa nasnameya 5 ciwan\u00ean Kurd a\u015fkere kir sala 2017 li Ba\u015f\u00fbr\u00ea Kurdistan\u00ea dane ku\u015ftin \u00fb pa\u015f derbasb\u00fbna 6 salan ji n\u00fb ve mirina wan ragihand. HPG\u00ea bask\u00ea le\u015fker\u00ee y\u00ea PKK\u00ea roja yek\u015fem\u00ee 20\/2\/2023 nasnameya 4 xort \u00fb ke\u00e7\u00ean Kurd a\u015fkere kir ku li sala 2017\u00ea li Ba\u015f\u00fbr\u00ea Kurdistan\u00ea bi dest\u00ea art\u00ea\u015fa dewleta Tirk [&hellip;]","og_url":"https:\/\/darkamazi.info\/archives\/1035206","og_site_name":"Darka Maz\u00ee","article_publisher":"https:\/\/www.facebook.com\/DarMaziKurmanci","article_published_time":"2023-02-20T08:22:36+00:00","og_image":[{"width":900,"height":497,"url":"https:\/\/darkamazi.info\/file\/2023\/02\/pkk-ciwan-kurd-kurdistan-hpg-zarok-kck-apo-ocalan-turkey-kurd-qarayilan.jpg","type":"image\/jpeg"}],"author":"darka mazi","twitter_card":"summary_large_image","twitter_creator":"@DarkaMaziLatini","twitter_site":"@DarkaMaziLatini","twitter_misc":{"Written by":"darka mazi","Est. reading time":"1 minute"},"schema":{"@context":"https:\/\/schema.org","@graph":[{"@type":"Article","@id":"https:\/\/darkamazi.info\/archives\/1035206#article","isPartOf":{"@id":"https:\/\/darkamazi.info\/archives\/1035206"},"author":{"name":"darka mazi","@id":"https:\/\/darkamazi.info\/#\/schema\/person\/5ad3e24553a0567993fa8ed4bd0a776c"},"headline":"PKK\u00ea ev ciwan\u00ean Kurd li 2017 dane ku\u015ftin \u00fb li 2023 a\u015fkera kirin","datePublished":"2023-02-20T08:22:36+00:00","mainEntityOfPage":{"@id":"https:\/\/darkamazi.info\/archives\/1035206"},"wordCount":215,"publisher":{"@id":"https:\/\/darkamazi.info\/#organization"},"image":{"@id":"https:\/\/darkamazi.info\/archives\/1035206#primaryimage"},"thumbnailUrl":"https:\/\/darkamazi.info\/file\/2023\/02\/pkk-ciwan-kurd-kurdistan-hpg-zarok-kck-apo-ocalan-turkey-kurd-qarayilan.jpg","keywords":["sereke"],"articleSection":["Kurdistan"],"inLanguage":"en-US"},{"@type":"WebPage","@id":"https:\/\/darkamazi.info\/archives\/1035206","url":"https:\/\/darkamazi.info\/archives\/1035206","name":"PKK\u00ea ev ciwan\u00ean Kurd li 2017 dane ku\u015ftin \u00fb li 2023 a\u015fkera kirin - Darka Maz\u00ee","isPartOf":{"@id":"https:\/\/darkamazi.info\/#website"},"primaryImageOfPage":{"@id":"https:\/\/darkamazi.info\/archives\/1035206#primaryimage"},"image":{"@id":"https:\/\/darkamazi.info\/archives\/1035206#primaryimage"},"thumbnailUrl":"https:\/\/darkamazi.info\/file\/2023\/02\/pkk-ciwan-kurd-kurdistan-hpg-zarok-kck-apo-ocalan-turkey-kurd-qarayilan.jpg","datePublished":"2023-02-20T08:22:36+00:00","breadcrumb":{"@id":"https:\/\/darkamazi.info\/archives\/1035206#breadcrumb"},"inLanguage":"en-US","potentialAction":[{"@type":"ReadAction","target":["https:\/\/darkamazi.info\/archives\/1035206"]}]},{"@type":"ImageObject","inLanguage":"en-US","@id":"https:\/\/darkamazi.info\/archives\/1035206#primaryimage","url":"https:\/\/darkamazi.info\/file\/2023\/02\/pkk-ciwan-kurd-kurdistan-hpg-zarok-kck-apo-ocalan-turkey-kurd-qarayilan.jpg","contentUrl":"https:\/\/darkamazi.info\/file\/2023\/02\/pkk-ciwan-kurd-kurdistan-hpg-zarok-kck-apo-ocalan-turkey-kurd-qarayilan.jpg","width":900,"height":497,"caption":"pkk-ciwan-kurd-kurdistan-hpg-zarok-kck-apo-ocalan-turkey -kurd-qarayilan"},{"@type":"BreadcrumbList","@id":"https:\/\/darkamazi.info\/archives\/1035206#breadcrumb","itemListElement":[{"@type":"ListItem","position":1,"name":"Home","item":"https:\/\/darkamazi.info\/"},{"@type":"ListItem","position":2,"name":"PKK\u00ea ev ciwan\u00ean Kurd li 2017 dane ku\u015ftin \u00fb li 2023 a\u015fkera kirin"}]},{"@type":"WebSite","@id":"https:\/\/darkamazi.info\/#website","url":"https:\/\/darkamazi.info\/","name":"Darka Maz\u00ee","description":"P\u00eageha Zanyariy\u00ean Nebih\u00eest\u00ee","publisher":{"@id":"https:\/\/darkamazi.info\/#organization"},"potentialAction":[{"@type":"SearchAction","target":{"@type":"EntryPoint","urlTemplate":"https:\/\/darkamazi.info\/?s={search_term_string}"},"query-input":{"@type":"PropertyValueSpecification","valueRequired":true,"valueName":"search_term_string"}}],"inLanguage":"en-US"},{"@type":"Organization","@id":"https:\/\/darkamazi.info\/#organization","name":"Darka Maz\u00ee","url":"https:\/\/darkamazi.info\/","logo":{"@type":"ImageObject","inLanguage":"en-US","@id":"https:\/\/darkamazi.info\/#\/schema\/logo\/image\/","url":"https:\/\/darkamazi.info\/file\/2017\/12\/darka-mazi-logo.png","contentUrl":"https:\/\/darkamazi.info\/file\/2017\/12\/darka-mazi-logo.png","width":151,"height":75,"caption":"Darka Maz\u00ee"},"image":{"@id":"https:\/\/darkamazi.info\/#\/schema\/logo\/image\/"},"sameAs":["https:\/\/www.facebook.com\/DarMaziKurmanci","https:\/\/x.com\/DarkaMaziLatini","https:\/\/www.instagram.com\/darkamazi.kurmanci\/","https:\/\/www.youtube.com\/channel\/UCa5HkTdmI8U1qCUFuTw8B2g"]},{"@type":"Person","@id":"https:\/\/darkamazi.info\/#\/schema\/person\/5ad3e24553a0567993fa8ed4bd0a776c","name":"darka mazi","sameAs":["https:\/\/darkamazi.info\/"],"url":"https:\/\/darkamazi.info\/archives\/author\/kurdi"}]}},"_links":{"self":[{"href":"https:\/\/darkamazi.info\/funavuv\/wp\/v2\/posts\/1035206","targetHints":{"allow":["GET"]}}],"collection":[{"href":"https:\/\/darkamazi.info\/funavuv\/wp\/v2\/posts"}],"about":[{"href":"https:\/\/darkamazi.info\/funavuv\/wp\/v2\/types\/post"}],"author":[{"embeddable":true,"href":"https:\/\/darkamazi.info\/funavuv\/wp\/v2\/users\/2"}],"replies":[{"embeddable":true,"href":"https:\/\/darkamazi.info\/funavuv\/wp\/v2\/comments?post=1035206"}],"version-history":[{"count":0,"href":"https:\/\/darkamazi.info\/funavuv\/wp\/v2\/posts\/1035206\/revisions"}],"wp:featuredmedia":[{"embeddable":true,"href":"https:\/\/darkamazi.info\/funavuv\/wp\/v2\/media\/1035207"}],"wp:attachment":[{"href":"https:\/\/darkamazi.info\/funavuv\/wp\/v2\/media?parent=1035206"}],"wp:term":[{"taxonomy":"category","embeddable":true,"href":"https:\/\/darkamazi.info\/funavuv\/wp\/v2\/categories?post=1035206"},{"taxonomy":"post_tag","embeddable":true,"href":"https:\/\/darkamazi.info\/funavuv\/wp\/v2\/tags?post=1035206"}],"curies":[{"name":"wp","href":"https:\/\/api.w.org\/{rel}","templated":true}]}}