{"id":1035283,"date":"2023-02-23T20:35:58","date_gmt":"2023-02-23T17:35:58","guid":{"rendered":"https:\/\/darkamazi.info\/?p=1035283"},"modified":"2023-03-27T21:20:24","modified_gmt":"2023-03-27T18:20:24","slug":"erdhej-u-kurdistan","status":"publish","type":"post","link":"https:\/\/darkamazi.info\/archives\/1035283","title":{"rendered":"Erdhej \u00fb Kurdistan"},"content":{"rendered":"<ul>\n<li>\n<h3><span style=\"font-family: 'arial black', sans-serif;color: #3366ff\">Fuat \u00d6nen<\/span><\/h3>\n<\/li>\n<\/ul>\n<h3 style=\"text-align: justify\"><span style=\"font-family: 'arial black', sans-serif\">Du erdhej\u00ean mezin, s\u00eenor\u00ea Kurdistan\u00ea y\u00ea rojava x\u00eaz kir. Efr\u00een, Entab, Mere\u015f, Sems\u00fbr, Melet\u00ee. Bi hezaran xan\u00ee kavil b\u00fbn, bi deh hezaran mirov mirin. Bi milyonan \u00eensan derbeder b\u00fbn. Navenda erdhej\u00ea \u00fb xeta fay\u00ea li ser s\u00eenor\u00ea me \u00fb erdn\u00eegar\u00eeya ereb\u00ean n\u00fbsayr\u00ee b\u00fb.<\/span><\/h3>\n<h3 style=\"text-align: justify\"><span style=\"font-family: arial, helvetica, sans-serif\">Ev her\u00eam, sehaya jenos\u00eed\u00ea ya dewleta dagirker e. Ev sed sal e, dewlet dixwaze v\u00ea her\u00eam\u00ea ji rast\u00eeya w\u00ea bi d\u00fbr bixe \u00fb bike par\u00e7eyek ji welat \u00fb milet\u00ea tirk \u00fb Tirkiyey\u00ea. Ji ber v\u00ea yek\u00ea ev erdh\u00eaj\u00ean mezin bo dewlet\u00ea fersendeke s\u00eeyas\u00ee ye.<\/span><\/h3>\n<h3 style=\"text-align: justify\"><span style=\"font-family: 'arial black', sans-serif;font-size: 18pt;color: #8c0a0a\">Guh nedin gotin \u00fb xemg\u00een\u00eey\u00ean sexte. Dewlet d\u00ea v\u00ea karesat\u00ea wek enstrumaneke jenos\u00eed\u00ea bi kar b\u00eene \u00fb bi kar t\u00eene.<\/span><\/h3>\n<h3 style=\"text-align: justify\"><span style=\"font-family: arial, helvetica, sans-serif\">S\u00ea roj\u00ean ewil ne dewlet daket sehay\u00ea \u00fb ne j\u00ee r\u00ea da t\u00eem\u00ean al\u00eekar\u00ee \u00fb rizgar\u00eey\u00ea y\u00ean b\u00eeyan\u00ee ku dakevin sehay\u00ea. Mebesta dewlet\u00ea ew b\u00fb ku hejmara mir\u00eeyan z\u00eade bike. Bi sedem s\u00ea roj\u00ean ewil ji bo zind\u00ee derxistina mirovan ji bin\u00ea kavilan roj\u00ean jiyan\u00ee b\u00fbn. Pi\u015ft\u00ee 3 rojan Rew\u015fa Awarte (OHAL) ragihandin ku sehay\u00ea kontrol bikin \u00fb r\u00ea nedin xebat an \u00e7alakiy\u00ean dij dewlet\u00ea. Da ku karibin guher\u00eena demograf\u00eek li gor dil\u00ea xwe bikin.<\/span><\/h3>\n<h3 style=\"text-align: justify\"><span style=\"font-family: arial, helvetica, sans-serif\">J\u00ea \u00fb vir de her roj bi dehan kanal\u00ean TVy\u00ean xwe rizgarkirina \u00e7end mirov\u00ean di bin kavilan de propaganda kirin ku mirina li dor 150 hezar mirov ve\u015f\u00earin.<\/span><\/h3>\n<h3 style=\"text-align: justify\"><span style=\"font-family: 'arial black', sans-serif;font-size: 18pt;color: #8c0a0a\">Hedefa dewlet\u00ea li gor karakter\u00ea w\u00ea y\u00ea jenos\u00eedal e. Bi deh hezaran mirov ku\u015ftin. D\u00ea bi sed hezaran mirov j\u00ee ko\u00e7ber bibin. Mirov\u00ean may\u00ee j\u00ee d\u00ea muhtac\u00ee dewlet\u00ea bih\u00ealin (\u00e7\u00eakirina xan\u00eey\u00ean n\u00fb, al\u00eekar\u00eeya xwarin, vexwarin, pere, kr\u00ead\u00ee).<\/span><\/h3>\n<h3 style=\"text-align: justify\"><span style=\"font-family: arial, helvetica, sans-serif\">Ji ber w\u00ea ye ku \u015fikur dikin \u00fb tekb\u00eeran t\u00eenin. Dest bi \u00e7\u00eerok\u00ean; \u201cziman\u00ea \u00ea\u015f\u00ea n\u00een e\u201d, \u201cbawer\u00ee \u00fb mil\u00eeyeta \u00ea\u015f\u00ea n\u00een e\u201d kirine. Er\u00ea ziman, bawer\u00ee \u00fb etn\u00ees\u00eeteya \u00ea\u015f\u00ea n\u00een e. L\u00ea y\u00ean \u00ea\u015f\u00ea dik\u015f\u00eenin xwed\u00ee ziman, bawer\u00ee \u00fb etn\u00ees\u00eete ne. Ango bi giran\u00ee kurd in, ereb in, alew\u00ee, n\u00fbsayr\u00ee ne. Ew in y\u00ean k\u00fb dewlet dixwaze rast\u00eeya wan ji hol\u00ea rake. Di van \u015ferd \u00fb mercan de \u00e7\u00eerok\u00ean human\u00eeter nixumandina dagirker\u00eey\u00ea ye.<\/span><\/h3>\n<h3 style=\"text-align: justify\"><span style=\"font-family: arial, helvetica, sans-serif\">Gazind\u00ean ku \u2018dewlet dereng maye\u2019, \u2018ne organ\u00eeze b\u00fb\u2019, \u2018burokras\u00ee sist dixebite\u2019, ziman\u00ea tirkan \u00fb Tirkiyey\u00ea ye. Banga ku art\u00ea\u015f \u00e7ima z\u00fb nehat sehay\u00ea b\u00eamej\u00eet\u00ee ye. Art\u00ea\u015f wer li sehay\u00ea ye \u00fb wez\u00eefeya xwe ya esl\u00ee dike: dagirker\u00ee.<\/span><\/h3>\n<h3 style=\"text-align: justify\"><span style=\"font-family: arial, helvetica, sans-serif\">Milet\u00ea me wek her car bi g\u00eeyanek\u00ee pi\u015ftgiriy\u00ea li sehay\u00ea belav b\u00fbye. Bi sedan ciwan\u00ean me bi lezg\u00een\u00ee daketine sehaya erdhej\u00ea \u00fb bi fedakar\u00ee xebit\u00een \u00fb dixebitin. Ev \u00fb yekg\u00eeyan\u00eeya her \u00e7ar par\u00e7ey\u00ean Kurdistan\u00ea di van roj\u00ean giran de c\u00eey\u00ea bextewar\u00ee \u00fb h\u00eav\u00eey\u00ea ye.<\/span><\/h3>\n<h3 style=\"text-align: justify\"><span style=\"font-family: arial, helvetica, sans-serif\">Tuneb\u00fbna dezgeh\u00ean netewey\u00ee ji her dem\u00ea b\u00eatir xwe n\u00ee\u015fan da \u00fb dide. P\u00eaw\u00eest\u00eeya Yek\u00eetiya Netewey\u00ee \u00fb \u015eore\u015fger h\u00een ber bi \u00e7av b\u00fbye.<\/span><\/h3>\n<h3 style=\"text-align: justify\"><span style=\"font-family: arial, helvetica, sans-serif\"><strong>D\u00eesa hat fahmkirin ku avakirina r\u00eaxistina \u015fore\u015fger kar\u00ea me y\u00ea her\u00ee lezg\u00een e.<\/strong><\/span><\/h3>\n<h3 style=\"text-align: justify\"><span style=\"font-family: arial, helvetica, sans-serif\">Ji ber van k\u00eaman\u00eeyan li sehaya erdhej\u00ea \u00e7alak\u00eey\u00ean d\u00eejdagirker\u00ee p\u00eak nehat. Berovac\u00ee w\u00ea bang li dewlet\u00ea hat kirin ku z\u00fb werin.<\/span><\/h3>\n<h3 style=\"text-align: justify\"><span style=\"font-family: arial, helvetica, sans-serif\">Li Kurdistan\u00ea aram\u00ee bi v\u00ea dewlet\u00ea nay\u00ea, berovac\u00ee w\u00ea bi qe\u015fitandina v\u00ea dewlet\u00ea ji ser axa me d\u00ea b\u00ea.<\/span><\/h3>\n<h3 style=\"text-align: justify\"><span style=\"font-family: arial, helvetica, sans-serif\">Mixabin me nekar\u00ee ku em v\u00ea dir\u00fb\u015fm\u00ea li sehay\u00ea bilind bikin.<\/span><\/h3>\n<h3 style=\"text-align: justify\"><span style=\"font-family: arial, helvetica, sans-serif\">Ev j\u00ee c\u00eey\u00ea \u015ferm\u00ea \u00fb heta c\u00eey\u00ea r\u00fbre\u015f\u00eey\u00ea ye ji bo me.<\/span><\/h3>\n","protected":false},"excerpt":{"rendered":"<p>Fuat \u00d6nen Du erdhej\u00ean mezin, s\u00eenor\u00ea Kurdistan\u00ea y\u00ea rojava x\u00eaz kir. Efr\u00een, Entab, Mere\u015f, Sems\u00fbr, Melet\u00ee. Bi hezaran xan\u00ee kavil b\u00fbn, bi deh hezaran mirov mirin. Bi milyonan \u00eensan derbeder b\u00fbn. Navenda erdhej\u00ea \u00fb xeta fay\u00ea li ser s\u00eenor\u00ea me \u00fb erdn\u00eegar\u00eeya ereb\u00ean n\u00fbsayr\u00ee b\u00fb. Ev her\u00eam, sehaya jenos\u00eed\u00ea ya dewleta dagirker e. Ev sed [&hellip;]<\/p>\n","protected":false},"author":2,"featured_media":1035734,"comment_status":"closed","ping_status":"closed","sticky":false,"template":"","format":"standard","meta":{"footnotes":""},"categories":[28],"tags":[37],"class_list":["post-1035283","post","type-post","status-publish","format-standard","has-post-thumbnail","hentry","category-nerin","tag-sereke"],"blocksy_meta":[],"seo_head":"<!-- This site is optimized with the Yoast SEO plugin v27.5 - https:\/\/yoast.com\/product\/yoast-seo-wordpress\/ -->\n<title>Erdhej \u00fb Kurdistan - Darka Maz\u00ee<\/title>\n<meta name=\"robots\" content=\"index, follow, max-snippet:-1, max-image-preview:large, max-video-preview:-1\" \/>\n<link rel=\"canonical\" href=\"https:\/\/darkamazi.info\/archives\/1035283\" \/>\n<meta property=\"og:locale\" content=\"en_US\" \/>\n<meta property=\"og:type\" content=\"article\" \/>\n<meta property=\"og:title\" content=\"Erdhej \u00fb Kurdistan - Darka Maz\u00ee\" \/>\n<meta property=\"og:description\" content=\"Fuat \u00d6nen Du erdhej\u00ean mezin, s\u00eenor\u00ea Kurdistan\u00ea y\u00ea rojava x\u00eaz kir. Efr\u00een, Entab, Mere\u015f, Sems\u00fbr, Melet\u00ee. Bi hezaran xan\u00ee kavil b\u00fbn, bi deh hezaran mirov mirin. Bi milyonan \u00eensan derbeder b\u00fbn. Navenda erdhej\u00ea \u00fb xeta fay\u00ea li ser s\u00eenor\u00ea me \u00fb erdn\u00eegar\u00eeya ereb\u00ean n\u00fbsayr\u00ee b\u00fb. Ev her\u00eam, sehaya jenos\u00eed\u00ea ya dewleta dagirker e. Ev sed [&hellip;]\" \/>\n<meta property=\"og:url\" content=\"https:\/\/darkamazi.info\/archives\/1035283\" \/>\n<meta property=\"og:site_name\" content=\"Darka Maz\u00ee\" \/>\n<meta property=\"article:publisher\" content=\"https:\/\/www.facebook.com\/DarMaziKurmanci\" \/>\n<meta property=\"article:published_time\" content=\"2023-02-23T17:35:58+00:00\" \/>\n<meta property=\"article:modified_time\" content=\"2023-03-27T18:20:24+00:00\" \/>\n<meta property=\"og:image\" content=\"https:\/\/darkamazi.info\/file\/2023\/02\/fuat-onen-earth-quake-turkey-kurdistan-info-info.jpg\" \/>\n\t<meta property=\"og:image:width\" content=\"900\" \/>\n\t<meta property=\"og:image:height\" content=\"497\" \/>\n\t<meta property=\"og:image:type\" content=\"image\/jpeg\" \/>\n<meta name=\"author\" content=\"darka mazi\" \/>\n<meta name=\"twitter:card\" content=\"summary_large_image\" \/>\n<meta name=\"twitter:creator\" content=\"@DarkaMaziLatini\" \/>\n<meta name=\"twitter:site\" content=\"@DarkaMaziLatini\" \/>\n<meta name=\"twitter:label1\" content=\"Written by\" \/>\n\t<meta name=\"twitter:data1\" content=\"darka mazi\" \/>\n\t<meta name=\"twitter:label2\" content=\"Est. reading time\" \/>\n\t<meta name=\"twitter:data2\" content=\"3 minutes\" \/>\n<script type=\"application\/ld+json\" class=\"seo-schema-graph\">{\"@context\":\"https:\\\/\\\/schema.org\",\"@graph\":[{\"@type\":\"Article\",\"@id\":\"https:\\\/\\\/darkamazi.info\\\/archives\\\/1035283#article\",\"isPartOf\":{\"@id\":\"https:\\\/\\\/darkamazi.info\\\/archives\\\/1035283\"},\"author\":{\"name\":\"darka mazi\",\"@id\":\"https:\\\/\\\/darkamazi.info\\\/#\\\/schema\\\/person\\\/5ad3e24553a0567993fa8ed4bd0a776c\"},\"headline\":\"Erdhej \u00fb Kurdistan\",\"datePublished\":\"2023-02-23T17:35:58+00:00\",\"dateModified\":\"2023-03-27T18:20:24+00:00\",\"mainEntityOfPage\":{\"@id\":\"https:\\\/\\\/darkamazi.info\\\/archives\\\/1035283\"},\"wordCount\":596,\"publisher\":{\"@id\":\"https:\\\/\\\/darkamazi.info\\\/#organization\"},\"image\":{\"@id\":\"https:\\\/\\\/darkamazi.info\\\/archives\\\/1035283#primaryimage\"},\"thumbnailUrl\":\"https:\\\/\\\/darkamazi.info\\\/darka-content\\\/uploads\\\/2023\\\/02\\\/fuat-onen-earth-quake-turkey-kurdistan-info-info.jpg\",\"keywords\":[\"sereke\"],\"articleSection\":[\"Ner\u00een\"],\"inLanguage\":\"en-US\"},{\"@type\":\"WebPage\",\"@id\":\"https:\\\/\\\/darkamazi.info\\\/archives\\\/1035283\",\"url\":\"https:\\\/\\\/darkamazi.info\\\/archives\\\/1035283\",\"name\":\"Erdhej \u00fb Kurdistan - Darka Maz\u00ee\",\"isPartOf\":{\"@id\":\"https:\\\/\\\/darkamazi.info\\\/#website\"},\"primaryImageOfPage\":{\"@id\":\"https:\\\/\\\/darkamazi.info\\\/archives\\\/1035283#primaryimage\"},\"image\":{\"@id\":\"https:\\\/\\\/darkamazi.info\\\/archives\\\/1035283#primaryimage\"},\"thumbnailUrl\":\"https:\\\/\\\/darkamazi.info\\\/darka-content\\\/uploads\\\/2023\\\/02\\\/fuat-onen-earth-quake-turkey-kurdistan-info-info.jpg\",\"datePublished\":\"2023-02-23T17:35:58+00:00\",\"dateModified\":\"2023-03-27T18:20:24+00:00\",\"breadcrumb\":{\"@id\":\"https:\\\/\\\/darkamazi.info\\\/archives\\\/1035283#breadcrumb\"},\"inLanguage\":\"en-US\",\"potentialAction\":[{\"@type\":\"ReadAction\",\"target\":[\"https:\\\/\\\/darkamazi.info\\\/archives\\\/1035283\"]}]},{\"@type\":\"ImageObject\",\"inLanguage\":\"en-US\",\"@id\":\"https:\\\/\\\/darkamazi.info\\\/archives\\\/1035283#primaryimage\",\"url\":\"https:\\\/\\\/darkamazi.info\\\/darka-content\\\/uploads\\\/2023\\\/02\\\/fuat-onen-earth-quake-turkey-kurdistan-info-info.jpg\",\"contentUrl\":\"https:\\\/\\\/darkamazi.info\\\/darka-content\\\/uploads\\\/2023\\\/02\\\/fuat-onen-earth-quake-turkey-kurdistan-info-info.jpg\",\"width\":900,\"height\":497,\"caption\":\"fuat-onen-earth-quake-turkey-kurdistan-info-info\"},{\"@type\":\"BreadcrumbList\",\"@id\":\"https:\\\/\\\/darkamazi.info\\\/archives\\\/1035283#breadcrumb\",\"itemListElement\":[{\"@type\":\"ListItem\",\"position\":1,\"name\":\"Home\",\"item\":\"https:\\\/\\\/darkamazi.info\\\/\"},{\"@type\":\"ListItem\",\"position\":2,\"name\":\"Erdhej \u00fb Kurdistan\"}]},{\"@type\":\"WebSite\",\"@id\":\"https:\\\/\\\/darkamazi.info\\\/#website\",\"url\":\"https:\\\/\\\/darkamazi.info\\\/\",\"name\":\"Darka Maz\u00ee\",\"description\":\"P\u00eageha Zanyariy\u00ean Nebih\u00eest\u00ee\",\"publisher\":{\"@id\":\"https:\\\/\\\/darkamazi.info\\\/#organization\"},\"potentialAction\":[{\"@type\":\"SearchAction\",\"target\":{\"@type\":\"EntryPoint\",\"urlTemplate\":\"https:\\\/\\\/darkamazi.info\\\/?s={search_term_string}\"},\"query-input\":{\"@type\":\"PropertyValueSpecification\",\"valueRequired\":true,\"valueName\":\"search_term_string\"}}],\"inLanguage\":\"en-US\"},{\"@type\":\"Organization\",\"@id\":\"https:\\\/\\\/darkamazi.info\\\/#organization\",\"name\":\"Darka Maz\u00ee\",\"url\":\"https:\\\/\\\/darkamazi.info\\\/\",\"logo\":{\"@type\":\"ImageObject\",\"inLanguage\":\"en-US\",\"@id\":\"https:\\\/\\\/darkamazi.info\\\/#\\\/schema\\\/logo\\\/image\\\/\",\"url\":\"https:\\\/\\\/darkamazi.info\\\/darka-content\\\/uploads\\\/2017\\\/12\\\/darka-mazi-logo.png\",\"contentUrl\":\"https:\\\/\\\/darkamazi.info\\\/darka-content\\\/uploads\\\/2017\\\/12\\\/darka-mazi-logo.png\",\"width\":151,\"height\":75,\"caption\":\"Darka Maz\u00ee\"},\"image\":{\"@id\":\"https:\\\/\\\/darkamazi.info\\\/#\\\/schema\\\/logo\\\/image\\\/\"},\"sameAs\":[\"https:\\\/\\\/www.facebook.com\\\/DarMaziKurmanci\",\"https:\\\/\\\/x.com\\\/DarkaMaziLatini\",\"https:\\\/\\\/www.instagram.com\\\/darkamazi.kurmanci\\\/\",\"https:\\\/\\\/www.youtube.com\\\/channel\\\/UCa5HkTdmI8U1qCUFuTw8B2g\"]},{\"@type\":\"Person\",\"@id\":\"https:\\\/\\\/darkamazi.info\\\/#\\\/schema\\\/person\\\/5ad3e24553a0567993fa8ed4bd0a776c\",\"name\":\"darka mazi\",\"sameAs\":[\"https:\\\/\\\/darkamazi.info\\\/\"],\"url\":\"https:\\\/\\\/darkamazi.info\\\/archives\\\/author\\\/kurdi\"}]}<\/script>\n<!-- \/ Yoast SEO plugin. -->","seo_head_json":{"title":"Erdhej \u00fb Kurdistan - Darka Maz\u00ee","robots":{"index":"index","follow":"follow","max-snippet":"max-snippet:-1","max-image-preview":"max-image-preview:large","max-video-preview":"max-video-preview:-1"},"canonical":"https:\/\/darkamazi.info\/archives\/1035283","og_locale":"en_US","og_type":"article","og_title":"Erdhej \u00fb Kurdistan - Darka Maz\u00ee","og_description":"Fuat \u00d6nen Du erdhej\u00ean mezin, s\u00eenor\u00ea Kurdistan\u00ea y\u00ea rojava x\u00eaz kir. Efr\u00een, Entab, Mere\u015f, Sems\u00fbr, Melet\u00ee. Bi hezaran xan\u00ee kavil b\u00fbn, bi deh hezaran mirov mirin. Bi milyonan \u00eensan derbeder b\u00fbn. Navenda erdhej\u00ea \u00fb xeta fay\u00ea li ser s\u00eenor\u00ea me \u00fb erdn\u00eegar\u00eeya ereb\u00ean n\u00fbsayr\u00ee b\u00fb. Ev her\u00eam, sehaya jenos\u00eed\u00ea ya dewleta dagirker e. Ev sed [&hellip;]","og_url":"https:\/\/darkamazi.info\/archives\/1035283","og_site_name":"Darka Maz\u00ee","article_publisher":"https:\/\/www.facebook.com\/DarMaziKurmanci","article_published_time":"2023-02-23T17:35:58+00:00","article_modified_time":"2023-03-27T18:20:24+00:00","og_image":[{"width":900,"height":497,"url":"https:\/\/darkamazi.info\/file\/2023\/02\/fuat-onen-earth-quake-turkey-kurdistan-info-info.jpg","type":"image\/jpeg"}],"author":"darka mazi","twitter_card":"summary_large_image","twitter_creator":"@DarkaMaziLatini","twitter_site":"@DarkaMaziLatini","twitter_misc":{"Written by":"darka mazi","Est. reading time":"3 minutes"},"schema":{"@context":"https:\/\/schema.org","@graph":[{"@type":"Article","@id":"https:\/\/darkamazi.info\/archives\/1035283#article","isPartOf":{"@id":"https:\/\/darkamazi.info\/archives\/1035283"},"author":{"name":"darka mazi","@id":"https:\/\/darkamazi.info\/#\/schema\/person\/5ad3e24553a0567993fa8ed4bd0a776c"},"headline":"Erdhej \u00fb Kurdistan","datePublished":"2023-02-23T17:35:58+00:00","dateModified":"2023-03-27T18:20:24+00:00","mainEntityOfPage":{"@id":"https:\/\/darkamazi.info\/archives\/1035283"},"wordCount":596,"publisher":{"@id":"https:\/\/darkamazi.info\/#organization"},"image":{"@id":"https:\/\/darkamazi.info\/archives\/1035283#primaryimage"},"thumbnailUrl":"https:\/\/darkamazi.info\/file\/2023\/02\/fuat-onen-earth-quake-turkey-kurdistan-info-info.jpg","keywords":["sereke"],"articleSection":["Ner\u00een"],"inLanguage":"en-US"},{"@type":"WebPage","@id":"https:\/\/darkamazi.info\/archives\/1035283","url":"https:\/\/darkamazi.info\/archives\/1035283","name":"Erdhej \u00fb Kurdistan - Darka Maz\u00ee","isPartOf":{"@id":"https:\/\/darkamazi.info\/#website"},"primaryImageOfPage":{"@id":"https:\/\/darkamazi.info\/archives\/1035283#primaryimage"},"image":{"@id":"https:\/\/darkamazi.info\/archives\/1035283#primaryimage"},"thumbnailUrl":"https:\/\/darkamazi.info\/file\/2023\/02\/fuat-onen-earth-quake-turkey-kurdistan-info-info.jpg","datePublished":"2023-02-23T17:35:58+00:00","dateModified":"2023-03-27T18:20:24+00:00","breadcrumb":{"@id":"https:\/\/darkamazi.info\/archives\/1035283#breadcrumb"},"inLanguage":"en-US","potentialAction":[{"@type":"ReadAction","target":["https:\/\/darkamazi.info\/archives\/1035283"]}]},{"@type":"ImageObject","inLanguage":"en-US","@id":"https:\/\/darkamazi.info\/archives\/1035283#primaryimage","url":"https:\/\/darkamazi.info\/file\/2023\/02\/fuat-onen-earth-quake-turkey-kurdistan-info-info.jpg","contentUrl":"https:\/\/darkamazi.info\/file\/2023\/02\/fuat-onen-earth-quake-turkey-kurdistan-info-info.jpg","width":900,"height":497,"caption":"fuat-onen-earth-quake-turkey-kurdistan-info-info"},{"@type":"BreadcrumbList","@id":"https:\/\/darkamazi.info\/archives\/1035283#breadcrumb","itemListElement":[{"@type":"ListItem","position":1,"name":"Home","item":"https:\/\/darkamazi.info\/"},{"@type":"ListItem","position":2,"name":"Erdhej \u00fb Kurdistan"}]},{"@type":"WebSite","@id":"https:\/\/darkamazi.info\/#website","url":"https:\/\/darkamazi.info\/","name":"Darka Maz\u00ee","description":"P\u00eageha Zanyariy\u00ean Nebih\u00eest\u00ee","publisher":{"@id":"https:\/\/darkamazi.info\/#organization"},"potentialAction":[{"@type":"SearchAction","target":{"@type":"EntryPoint","urlTemplate":"https:\/\/darkamazi.info\/?s={search_term_string}"},"query-input":{"@type":"PropertyValueSpecification","valueRequired":true,"valueName":"search_term_string"}}],"inLanguage":"en-US"},{"@type":"Organization","@id":"https:\/\/darkamazi.info\/#organization","name":"Darka Maz\u00ee","url":"https:\/\/darkamazi.info\/","logo":{"@type":"ImageObject","inLanguage":"en-US","@id":"https:\/\/darkamazi.info\/#\/schema\/logo\/image\/","url":"https:\/\/darkamazi.info\/file\/2017\/12\/darka-mazi-logo.png","contentUrl":"https:\/\/darkamazi.info\/file\/2017\/12\/darka-mazi-logo.png","width":151,"height":75,"caption":"Darka Maz\u00ee"},"image":{"@id":"https:\/\/darkamazi.info\/#\/schema\/logo\/image\/"},"sameAs":["https:\/\/www.facebook.com\/DarMaziKurmanci","https:\/\/x.com\/DarkaMaziLatini","https:\/\/www.instagram.com\/darkamazi.kurmanci\/","https:\/\/www.youtube.com\/channel\/UCa5HkTdmI8U1qCUFuTw8B2g"]},{"@type":"Person","@id":"https:\/\/darkamazi.info\/#\/schema\/person\/5ad3e24553a0567993fa8ed4bd0a776c","name":"darka mazi","sameAs":["https:\/\/darkamazi.info\/"],"url":"https:\/\/darkamazi.info\/archives\/author\/kurdi"}]}},"_links":{"self":[{"href":"https:\/\/darkamazi.info\/funavuv\/wp\/v2\/posts\/1035283","targetHints":{"allow":["GET"]}}],"collection":[{"href":"https:\/\/darkamazi.info\/funavuv\/wp\/v2\/posts"}],"about":[{"href":"https:\/\/darkamazi.info\/funavuv\/wp\/v2\/types\/post"}],"author":[{"embeddable":true,"href":"https:\/\/darkamazi.info\/funavuv\/wp\/v2\/users\/2"}],"replies":[{"embeddable":true,"href":"https:\/\/darkamazi.info\/funavuv\/wp\/v2\/comments?post=1035283"}],"version-history":[{"count":0,"href":"https:\/\/darkamazi.info\/funavuv\/wp\/v2\/posts\/1035283\/revisions"}],"wp:featuredmedia":[{"embeddable":true,"href":"https:\/\/darkamazi.info\/funavuv\/wp\/v2\/media\/1035734"}],"wp:attachment":[{"href":"https:\/\/darkamazi.info\/funavuv\/wp\/v2\/media?parent=1035283"}],"wp:term":[{"taxonomy":"category","embeddable":true,"href":"https:\/\/darkamazi.info\/funavuv\/wp\/v2\/categories?post=1035283"},{"taxonomy":"post_tag","embeddable":true,"href":"https:\/\/darkamazi.info\/funavuv\/wp\/v2\/tags?post=1035283"}],"curies":[{"name":"wp","href":"https:\/\/api.w.org\/{rel}","templated":true}]}}