{"id":1035391,"date":"2023-03-01T19:47:48","date_gmt":"2023-03-01T16:47:48","guid":{"rendered":"https:\/\/darkamazi.info\/?p=1035391"},"modified":"2023-03-01T19:47:48","modified_gmt":"2023-03-01T16:47:48","slug":"rastiya-wan-du-jinen-ciwan-ku-pkke-di-got-kdp-revandine-ci-ye","status":"publish","type":"post","link":"https:\/\/darkamazi.info\/archives\/1035391","title":{"rendered":"Rastiya wan du jin\u00ean ciwan, ku PKK\u2019\u00ea di got &#8220;KDP revandine&#8221; \u00e7\u00ee ye?"},"content":{"rendered":"<h3 style=\"text-align: justify\"><span style=\"font-family: 'arial black', sans-serif\">Medya PKK 20\u00ea Sibat\u00ea n\u00fb\u00e7eya ku du ke\u00e7\u00ean ciwan \u00ean \u00cazid\u00eeyan hatine revandin parvekir. Di 20 \u00ea Sibat\u00ea de, Ajansa N\u00fb\u00e7eyan a PKK \u00ea, ANF \u00fb Rojnews, bi man\u015f\u00eata \u201ch\u00eaz\u00ean PDK \u00ea di ke\u00e7\u00ean \u00cazd\u00ee revandin\u201d derewek din belavkir. Roja pa\u015f\u00ea, r\u00eaxistina jin\u00ean PKK\u2019\u00ea a \u015eingal\u00ea TAJE li ser mijara her du jin\u00ean ciwan \u00eed\u00eea kir ku PDK\u2019\u00ea ew revandin e. Pi\u015ft\u00ee n\u00fb\u00e7ey\u00ean li Medyay\u00ea, Darka Mazi l\u00eakol\u00eenek li ser mijar\u00ea kir.<\/span><\/h3>\n<h3 style=\"text-align: justify\">\u00c7avkaniy\u00ean Darka Mazi y\u00ean her\u00eam\u00ea,\u00a0 li gel xizm\u00ean malbata wan ke\u00e7an \u00fb mirov\u00ean wan y\u00ean kamp\u00ea re p\u00eawend\u00ee \u00e7\u00eakirin. Rastiya v\u00ea b\u00fbyer\u00ea bi h\u00fbrgul\u00ee hate l\u00eakol\u00een kir.<\/h3>\n<h3 style=\"text-align: center\"><span style=\"font-family: 'arial black', sans-serif;color: #8c0b0b\">\u00c7end ke\u00e7 winda b\u00fbne?<\/span><\/h3>\n<h3 style=\"text-align: justify\">Li gor\u00ee agah\u00eey\u00ean ku me wergirtine, ten\u00ea ke\u00e7ikek ciwan winda ye. Jixwe medyaya PKK\u2019\u00ea j\u00ee di n\u00fb\u00e7ey\u00ean xwe de nav\u00ea ke\u00e7ek\u00ea newe\u015fand. Nav\u00ea xwe nade. Heta niha, ne li kampan \u00fb ne j\u00ee di saziy\u00ean ferm\u00ee de, ji bil\u00ee serl\u00eadana windab\u00fbna yek ke\u00e7 \u00e7i serl\u00eadan nehatiye kirin.<\/h3>\n<h3 style=\"text-align: justify\">Jina ciwan a ku wenda b\u00fbye ten\u00ea V\u00eeyan Ferec Sil\u00eaman Xelef e. Di l\u00eakol\u00een\u00ean me de, j\u00ee derket\u00eeye hol\u00ea ku V\u00eeyan Ferec ne winda ye, belku li gel hezkiriy\u00ea xwe \u00e7\u00fbye. V\u00ea b\u00fbyer\u00ea \u00e7i eleqe bi layenek\u00ee s\u00eeyas\u00ee ve n\u00eene belku pisgir\u00eakek civak\u00ee ye.\u00a0<\/h3>\n<h3 style=\"text-align: justify\">Mixabin, t\u00eakiliy\u00ean wiha di nava Cikava \u00cazid\u00ee de bi gelemper\u00ee bi cezaya giran re r\u00fb bi r\u00fb dim\u00eene. Ke\u00e7\u00ean \u00cazd\u00ee nikarin li gel lawikek\u00ee Misilman ev\u00een\u00ee \u00fb hevj\u00een\u00ee bike.\u00a0 L\u00ea PKK\u2019\u00ea pisgir\u00eakek ji bo civaka \u00cazd\u00ee ev qas giring ji bo xwe kir\u00eeye mijara propagende y\u00ea. Ev yek b\u00ear\u00eaz\u00eeyeke mezine li hember Kurd\u00ean Ola \u00cazid\u00ee. PKK hember p\u00eeroz\u00ee \u00fb mebdey\u00ean \u00cazidiyan b\u00ear\u00eaz\u00eey\u00ea dike.<\/h3>\n<h3 style=\"text-align: center\"><span style=\"color: #8c0b0b;font-family: 'arial black', sans-serif\">V\u00eeyan Ferec Sil\u00eaman k\u00ee ye?<\/span><\/h3>\n<h3 style=\"text-align: justify\">V\u00eeyan ke\u00e7ek \u00cazd\u00eeye \u00fb temen\u00ea 26 sal e. Ew bi malbata xwe re li komalgeha Xank\u00ea ya bi ser Duhok\u00ea ve dij\u00ee. T\u00ea zan\u00een ku ev jina ciwan ji ber heskir\u00eey\u00ea xwe y\u00ea misilman rast\u00ee zexta malbat\u00ea hatib\u00fb.<\/h3>\n<h3 style=\"text-align: justify\">Ew\u00ea dizan\u00ee ku malbat w\u00ea bi heskir\u00eey\u00ea w\u00ea re na zewic\u00eene ev j\u00ee bi heskir\u00eey\u00ea xwe re direve.\u00a0 V\u00eeyan li komalgeha Xank\u00ea bi tena sere xwe bi Texs\u00eey\u00ea direve. Ev reva w\u00ea di kam\u00eere y\u00ean w\u00ea dever\u00ea de j\u00ee bi zelal\u00ee d\u00eeyar di be. Mirov\u00ean V\u00eeyan\u00ea dib\u00eajin gava ew ji mal derket\u00ee bi xwe re pasport, pere \u00fb ewraq\u00ean xwe y\u00ean ferm\u00ee j\u00ee birin e. Bav\u00ea V\u00eeyan\u00ea li ser v\u00ea b\u00fbyer\u00ea dezgeh\u00ean ferm\u00ee agahdar dike. Ji bo peydakirina V\u00eeyan \u00fb xort\u00ea ku ew bi w\u00ee re \u00e7\u00fby\u00ee, hem\u00fb binkey\u00ean p\u00eawend\u00eedar hatine agahdar kirin. Her wiha, dergeh\u00ean s\u00eenor \u00fb balafirgeh j\u00ee li ser pirsgir\u00eak\u00ea agahdar kir\u00ee ne.<\/h3>\n<h3 style=\"text-align: justify\">Heya niha, h\u00eaz\u00ean asay\u00ee\u015fa Duhok\u00ea li ser v\u00ea mijar\u00ea daxuyaniyek nedane, l\u00ea ten\u00ea bi mabata ke\u00e7ik\u00ea re t\u00eakil\u00ee \u00e7\u00eakirin e. Bi v\u00ee reng\u00ee, h\u00eaz\u00ean asay\u00ee\u015f\u00ea\u00a0 bi r\u00eazdar\u00ee n\u00eaz\u00eek\u00ee mahrem\u00eeyeta civaka \u00cazd\u00ee b\u00fbye.<\/h3>\n<h3 style=\"text-align: center\"><span style=\"color: #8c0b0b;font-family: 'arial black', sans-serif\">Armanca qir\u00eaj a PKK \u00ea<\/span><\/h3>\n<h3 style=\"text-align: justify\">Xelk\u00ea Xank\u00ea \u00fb hem\u00ee civaka \u00cazid\u00ee van agah\u00eey\u00ean me pi\u015ftrast dikin. Jixwe biray\u00ea V\u00eeyan\u00ea Dilman Ferec j\u00ee \u00e7i behsa PDK\u2019\u00ea \u00fb P\u00ea\u015fmerge nekir\u00ee ye.<\/h3>\n<h3 style=\"text-align: justify\">Medya PKK\u2019\u00ea li ser v\u00ea pirsgir\u00eak\u00ea gotin\u00ean nediyar bikar aniye. Her \u00e7end man\u015f\u00eata n\u00fb\u00e7ey\u00ea de behsa PDK\u2019\u00ea hatibe kirin j\u00ee l\u00ea di naveroka w\u00ea de ti\u015ftek zelal nab\u00eaje. Ev n\u00fb\u00e7e ji bo b\u00ear\u00eazkirina PDK\u2019\u00ea li ser mas\u00ea hat\u00eeye amadekirin. Ji bo ev derew p\u00ee\u00e7ek d\u00ee j\u00ee p\u00eabawer be r\u00eaxistina TAJE ya ser bi PKK\u2019\u00ea daxuyan\u00eeyek bi derewan nex\u015fand\u00ee belavkir.<\/h3>\n<h3 style=\"text-align: justify\">Di v\u00ea p\u00eavajoy\u00ea de, PKK ji bo p\u00ea\u015f\u00eel\u00eagirtina ge\u015fedan\u00ean siyas\u00ee li \u015eingal\u00ea, kampanyayek daye dest p\u00ea kirin. Mirov\u00ean b\u00eaguneh wek\u00ee s\u00eexur t\u00ean tawanbarkirin \u00fb zext \u00fb \u00ee\u015fkence li wan t\u00ea kirin. D\u00eeyar e ku n\u00fb\u00e7eya PKK\u2019\u00ea\u00a0 ku dib\u00eaje &#8220;PDK Ke\u00e7\u00ean \u00cazid\u00eeyan di rev\u00eene&#8221; be\u015fek ji kampanyaya PKK \u00ea ye.<\/h3>\n<h3 style=\"text-align: justify\">PKK dilpak\u00eeya civaka \u00cazid\u00ee, safb\u00fbna wan \u00fb mirovhez\u00ee ya wan bi neba\u015f\u00ee bikart\u00eene \u00fb wana di bin bordomana derewan de dih\u00eale.\u00a0<\/h3>\n","protected":false},"excerpt":{"rendered":"<p>Medya PKK 20\u00ea Sibat\u00ea n\u00fb\u00e7eya ku du ke\u00e7\u00ean ciwan \u00ean \u00cazid\u00eeyan hatine revandin parvekir. Di 20 \u00ea Sibat\u00ea de, Ajansa N\u00fb\u00e7eyan a PKK \u00ea, ANF \u00fb Rojnews, bi man\u015f\u00eata \u201ch\u00eaz\u00ean PDK \u00ea di ke\u00e7\u00ean \u00cazd\u00ee revandin\u201d derewek din belavkir. Roja pa\u015f\u00ea, r\u00eaxistina jin\u00ean PKK\u2019\u00ea a \u015eingal\u00ea TAJE li ser mijara her du jin\u00ean ciwan \u00eed\u00eea [&hellip;]<\/p>\n","protected":false},"author":2,"featured_media":1035392,"comment_status":"closed","ping_status":"closed","sticky":false,"template":"","format":"standard","meta":{"footnotes":""},"categories":[29],"tags":[37],"class_list":["post-1035391","post","type-post","status-publish","format-standard","has-post-thumbnail","hentry","category-kurdistan","tag-sereke"],"blocksy_meta":[],"seo_head":"<!-- This site is optimized with the Yoast SEO plugin v27.5 - https:\/\/yoast.com\/product\/yoast-seo-wordpress\/ -->\n<title>Rastiya wan du jin\u00ean ciwan, ku PKK\u2019\u00ea di got &quot;KDP revandine&quot; \u00e7\u00ee ye? - Darka Maz\u00ee<\/title>\n<meta name=\"robots\" content=\"index, follow, max-snippet:-1, max-image-preview:large, max-video-preview:-1\" \/>\n<link rel=\"canonical\" href=\"https:\/\/darkamazi.info\/archives\/1035391\" \/>\n<meta property=\"og:locale\" content=\"en_US\" \/>\n<meta property=\"og:type\" content=\"article\" \/>\n<meta property=\"og:title\" content=\"Rastiya wan du jin\u00ean ciwan, ku PKK\u2019\u00ea di got &quot;KDP revandine&quot; \u00e7\u00ee ye? - Darka Maz\u00ee\" \/>\n<meta property=\"og:description\" content=\"Medya PKK 20\u00ea Sibat\u00ea n\u00fb\u00e7eya ku du ke\u00e7\u00ean ciwan \u00ean \u00cazid\u00eeyan hatine revandin parvekir. Di 20 \u00ea Sibat\u00ea de, Ajansa N\u00fb\u00e7eyan a PKK \u00ea, ANF \u00fb Rojnews, bi man\u015f\u00eata \u201ch\u00eaz\u00ean PDK \u00ea di ke\u00e7\u00ean \u00cazd\u00ee revandin\u201d derewek din belavkir. Roja pa\u015f\u00ea, r\u00eaxistina jin\u00ean PKK\u2019\u00ea a \u015eingal\u00ea TAJE li ser mijara her du jin\u00ean ciwan \u00eed\u00eea [&hellip;]\" \/>\n<meta property=\"og:url\" content=\"https:\/\/darkamazi.info\/archives\/1035391\" \/>\n<meta property=\"og:site_name\" content=\"Darka Maz\u00ee\" \/>\n<meta property=\"article:publisher\" content=\"https:\/\/www.facebook.com\/DarMaziKurmanci\" \/>\n<meta property=\"article:published_time\" content=\"2023-03-01T16:47:48+00:00\" \/>\n<meta property=\"og:image\" content=\"https:\/\/darkamazi.info\/file\/2023\/03\/roj.jpg\" \/>\n\t<meta property=\"og:image:width\" content=\"900\" \/>\n\t<meta property=\"og:image:height\" content=\"497\" \/>\n\t<meta property=\"og:image:type\" content=\"image\/jpeg\" \/>\n<meta name=\"author\" content=\"darka mazi\" \/>\n<meta name=\"twitter:card\" content=\"summary_large_image\" \/>\n<meta name=\"twitter:creator\" content=\"@DarkaMaziLatini\" \/>\n<meta name=\"twitter:site\" content=\"@DarkaMaziLatini\" \/>\n<meta name=\"twitter:label1\" content=\"Written by\" \/>\n\t<meta name=\"twitter:data1\" content=\"darka mazi\" \/>\n\t<meta name=\"twitter:label2\" content=\"Est. reading time\" \/>\n\t<meta name=\"twitter:data2\" content=\"3 minutes\" \/>\n<script type=\"application\/ld+json\" class=\"seo-schema-graph\">{\"@context\":\"https:\\\/\\\/schema.org\",\"@graph\":[{\"@type\":\"Article\",\"@id\":\"https:\\\/\\\/darkamazi.info\\\/archives\\\/1035391#article\",\"isPartOf\":{\"@id\":\"https:\\\/\\\/darkamazi.info\\\/archives\\\/1035391\"},\"author\":{\"name\":\"darka mazi\",\"@id\":\"https:\\\/\\\/darkamazi.info\\\/#\\\/schema\\\/person\\\/5ad3e24553a0567993fa8ed4bd0a776c\"},\"headline\":\"Rastiya wan du jin\u00ean ciwan, ku PKK\u2019\u00ea di got &#8220;KDP revandine&#8221; \u00e7\u00ee ye?\",\"datePublished\":\"2023-03-01T16:47:48+00:00\",\"mainEntityOfPage\":{\"@id\":\"https:\\\/\\\/darkamazi.info\\\/archives\\\/1035391\"},\"wordCount\":739,\"publisher\":{\"@id\":\"https:\\\/\\\/darkamazi.info\\\/#organization\"},\"image\":{\"@id\":\"https:\\\/\\\/darkamazi.info\\\/archives\\\/1035391#primaryimage\"},\"thumbnailUrl\":\"https:\\\/\\\/darkamazi.info\\\/darka-content\\\/uploads\\\/2023\\\/03\\\/roj.jpg\",\"keywords\":[\"sereke\"],\"articleSection\":[\"Kurdistan\"],\"inLanguage\":\"en-US\"},{\"@type\":\"WebPage\",\"@id\":\"https:\\\/\\\/darkamazi.info\\\/archives\\\/1035391\",\"url\":\"https:\\\/\\\/darkamazi.info\\\/archives\\\/1035391\",\"name\":\"Rastiya wan du jin\u00ean ciwan, ku PKK\u2019\u00ea di got \\\"KDP revandine\\\" \u00e7\u00ee ye? - Darka Maz\u00ee\",\"isPartOf\":{\"@id\":\"https:\\\/\\\/darkamazi.info\\\/#website\"},\"primaryImageOfPage\":{\"@id\":\"https:\\\/\\\/darkamazi.info\\\/archives\\\/1035391#primaryimage\"},\"image\":{\"@id\":\"https:\\\/\\\/darkamazi.info\\\/archives\\\/1035391#primaryimage\"},\"thumbnailUrl\":\"https:\\\/\\\/darkamazi.info\\\/darka-content\\\/uploads\\\/2023\\\/03\\\/roj.jpg\",\"datePublished\":\"2023-03-01T16:47:48+00:00\",\"breadcrumb\":{\"@id\":\"https:\\\/\\\/darkamazi.info\\\/archives\\\/1035391#breadcrumb\"},\"inLanguage\":\"en-US\",\"potentialAction\":[{\"@type\":\"ReadAction\",\"target\":[\"https:\\\/\\\/darkamazi.info\\\/archives\\\/1035391\"]}]},{\"@type\":\"ImageObject\",\"inLanguage\":\"en-US\",\"@id\":\"https:\\\/\\\/darkamazi.info\\\/archives\\\/1035391#primaryimage\",\"url\":\"https:\\\/\\\/darkamazi.info\\\/darka-content\\\/uploads\\\/2023\\\/03\\\/roj.jpg\",\"contentUrl\":\"https:\\\/\\\/darkamazi.info\\\/darka-content\\\/uploads\\\/2023\\\/03\\\/roj.jpg\",\"width\":900,\"height\":497,\"caption\":\"Rastiya wan du jin\u00ean ciwan, ku PKK\u2019\u00ea di got \\\"KDP revandine\\\" \u00e7\u00ee ye?\"},{\"@type\":\"BreadcrumbList\",\"@id\":\"https:\\\/\\\/darkamazi.info\\\/archives\\\/1035391#breadcrumb\",\"itemListElement\":[{\"@type\":\"ListItem\",\"position\":1,\"name\":\"Home\",\"item\":\"https:\\\/\\\/darkamazi.info\\\/\"},{\"@type\":\"ListItem\",\"position\":2,\"name\":\"Rastiya wan du jin\u00ean ciwan, ku PKK\u2019\u00ea di got &#8220;KDP revandine&#8221; \u00e7\u00ee ye?\"}]},{\"@type\":\"WebSite\",\"@id\":\"https:\\\/\\\/darkamazi.info\\\/#website\",\"url\":\"https:\\\/\\\/darkamazi.info\\\/\",\"name\":\"Darka Maz\u00ee\",\"description\":\"P\u00eageha Zanyariy\u00ean Nebih\u00eest\u00ee\",\"publisher\":{\"@id\":\"https:\\\/\\\/darkamazi.info\\\/#organization\"},\"potentialAction\":[{\"@type\":\"SearchAction\",\"target\":{\"@type\":\"EntryPoint\",\"urlTemplate\":\"https:\\\/\\\/darkamazi.info\\\/?s={search_term_string}\"},\"query-input\":{\"@type\":\"PropertyValueSpecification\",\"valueRequired\":true,\"valueName\":\"search_term_string\"}}],\"inLanguage\":\"en-US\"},{\"@type\":\"Organization\",\"@id\":\"https:\\\/\\\/darkamazi.info\\\/#organization\",\"name\":\"Darka Maz\u00ee\",\"url\":\"https:\\\/\\\/darkamazi.info\\\/\",\"logo\":{\"@type\":\"ImageObject\",\"inLanguage\":\"en-US\",\"@id\":\"https:\\\/\\\/darkamazi.info\\\/#\\\/schema\\\/logo\\\/image\\\/\",\"url\":\"https:\\\/\\\/darkamazi.info\\\/darka-content\\\/uploads\\\/2017\\\/12\\\/darka-mazi-logo.png\",\"contentUrl\":\"https:\\\/\\\/darkamazi.info\\\/darka-content\\\/uploads\\\/2017\\\/12\\\/darka-mazi-logo.png\",\"width\":151,\"height\":75,\"caption\":\"Darka Maz\u00ee\"},\"image\":{\"@id\":\"https:\\\/\\\/darkamazi.info\\\/#\\\/schema\\\/logo\\\/image\\\/\"},\"sameAs\":[\"https:\\\/\\\/www.facebook.com\\\/DarMaziKurmanci\",\"https:\\\/\\\/x.com\\\/DarkaMaziLatini\",\"https:\\\/\\\/www.instagram.com\\\/darkamazi.kurmanci\\\/\",\"https:\\\/\\\/www.youtube.com\\\/channel\\\/UCa5HkTdmI8U1qCUFuTw8B2g\"]},{\"@type\":\"Person\",\"@id\":\"https:\\\/\\\/darkamazi.info\\\/#\\\/schema\\\/person\\\/5ad3e24553a0567993fa8ed4bd0a776c\",\"name\":\"darka mazi\",\"sameAs\":[\"https:\\\/\\\/darkamazi.info\\\/\"],\"url\":\"https:\\\/\\\/darkamazi.info\\\/archives\\\/author\\\/kurdi\"}]}<\/script>\n<!-- \/ Yoast SEO plugin. -->","seo_head_json":{"title":"Rastiya wan du jin\u00ean ciwan, ku PKK\u2019\u00ea di got \"KDP revandine\" \u00e7\u00ee ye? - Darka Maz\u00ee","robots":{"index":"index","follow":"follow","max-snippet":"max-snippet:-1","max-image-preview":"max-image-preview:large","max-video-preview":"max-video-preview:-1"},"canonical":"https:\/\/darkamazi.info\/archives\/1035391","og_locale":"en_US","og_type":"article","og_title":"Rastiya wan du jin\u00ean ciwan, ku PKK\u2019\u00ea di got \"KDP revandine\" \u00e7\u00ee ye? - Darka Maz\u00ee","og_description":"Medya PKK 20\u00ea Sibat\u00ea n\u00fb\u00e7eya ku du ke\u00e7\u00ean ciwan \u00ean \u00cazid\u00eeyan hatine revandin parvekir. Di 20 \u00ea Sibat\u00ea de, Ajansa N\u00fb\u00e7eyan a PKK \u00ea, ANF \u00fb Rojnews, bi man\u015f\u00eata \u201ch\u00eaz\u00ean PDK \u00ea di ke\u00e7\u00ean \u00cazd\u00ee revandin\u201d derewek din belavkir. Roja pa\u015f\u00ea, r\u00eaxistina jin\u00ean PKK\u2019\u00ea a \u015eingal\u00ea TAJE li ser mijara her du jin\u00ean ciwan \u00eed\u00eea [&hellip;]","og_url":"https:\/\/darkamazi.info\/archives\/1035391","og_site_name":"Darka Maz\u00ee","article_publisher":"https:\/\/www.facebook.com\/DarMaziKurmanci","article_published_time":"2023-03-01T16:47:48+00:00","og_image":[{"width":900,"height":497,"url":"https:\/\/darkamazi.info\/file\/2023\/03\/roj.jpg","type":"image\/jpeg"}],"author":"darka mazi","twitter_card":"summary_large_image","twitter_creator":"@DarkaMaziLatini","twitter_site":"@DarkaMaziLatini","twitter_misc":{"Written by":"darka mazi","Est. reading time":"3 minutes"},"schema":{"@context":"https:\/\/schema.org","@graph":[{"@type":"Article","@id":"https:\/\/darkamazi.info\/archives\/1035391#article","isPartOf":{"@id":"https:\/\/darkamazi.info\/archives\/1035391"},"author":{"name":"darka mazi","@id":"https:\/\/darkamazi.info\/#\/schema\/person\/5ad3e24553a0567993fa8ed4bd0a776c"},"headline":"Rastiya wan du jin\u00ean ciwan, ku PKK\u2019\u00ea di got &#8220;KDP revandine&#8221; \u00e7\u00ee ye?","datePublished":"2023-03-01T16:47:48+00:00","mainEntityOfPage":{"@id":"https:\/\/darkamazi.info\/archives\/1035391"},"wordCount":739,"publisher":{"@id":"https:\/\/darkamazi.info\/#organization"},"image":{"@id":"https:\/\/darkamazi.info\/archives\/1035391#primaryimage"},"thumbnailUrl":"https:\/\/darkamazi.info\/file\/2023\/03\/roj.jpg","keywords":["sereke"],"articleSection":["Kurdistan"],"inLanguage":"en-US"},{"@type":"WebPage","@id":"https:\/\/darkamazi.info\/archives\/1035391","url":"https:\/\/darkamazi.info\/archives\/1035391","name":"Rastiya wan du jin\u00ean ciwan, ku PKK\u2019\u00ea di got \"KDP revandine\" \u00e7\u00ee ye? - Darka Maz\u00ee","isPartOf":{"@id":"https:\/\/darkamazi.info\/#website"},"primaryImageOfPage":{"@id":"https:\/\/darkamazi.info\/archives\/1035391#primaryimage"},"image":{"@id":"https:\/\/darkamazi.info\/archives\/1035391#primaryimage"},"thumbnailUrl":"https:\/\/darkamazi.info\/file\/2023\/03\/roj.jpg","datePublished":"2023-03-01T16:47:48+00:00","breadcrumb":{"@id":"https:\/\/darkamazi.info\/archives\/1035391#breadcrumb"},"inLanguage":"en-US","potentialAction":[{"@type":"ReadAction","target":["https:\/\/darkamazi.info\/archives\/1035391"]}]},{"@type":"ImageObject","inLanguage":"en-US","@id":"https:\/\/darkamazi.info\/archives\/1035391#primaryimage","url":"https:\/\/darkamazi.info\/file\/2023\/03\/roj.jpg","contentUrl":"https:\/\/darkamazi.info\/file\/2023\/03\/roj.jpg","width":900,"height":497,"caption":"Rastiya wan du jin\u00ean ciwan, ku PKK\u2019\u00ea di got \"KDP revandine\" \u00e7\u00ee ye?"},{"@type":"BreadcrumbList","@id":"https:\/\/darkamazi.info\/archives\/1035391#breadcrumb","itemListElement":[{"@type":"ListItem","position":1,"name":"Home","item":"https:\/\/darkamazi.info\/"},{"@type":"ListItem","position":2,"name":"Rastiya wan du jin\u00ean ciwan, ku PKK\u2019\u00ea di got &#8220;KDP revandine&#8221; \u00e7\u00ee ye?"}]},{"@type":"WebSite","@id":"https:\/\/darkamazi.info\/#website","url":"https:\/\/darkamazi.info\/","name":"Darka Maz\u00ee","description":"P\u00eageha Zanyariy\u00ean Nebih\u00eest\u00ee","publisher":{"@id":"https:\/\/darkamazi.info\/#organization"},"potentialAction":[{"@type":"SearchAction","target":{"@type":"EntryPoint","urlTemplate":"https:\/\/darkamazi.info\/?s={search_term_string}"},"query-input":{"@type":"PropertyValueSpecification","valueRequired":true,"valueName":"search_term_string"}}],"inLanguage":"en-US"},{"@type":"Organization","@id":"https:\/\/darkamazi.info\/#organization","name":"Darka Maz\u00ee","url":"https:\/\/darkamazi.info\/","logo":{"@type":"ImageObject","inLanguage":"en-US","@id":"https:\/\/darkamazi.info\/#\/schema\/logo\/image\/","url":"https:\/\/darkamazi.info\/file\/2017\/12\/darka-mazi-logo.png","contentUrl":"https:\/\/darkamazi.info\/file\/2017\/12\/darka-mazi-logo.png","width":151,"height":75,"caption":"Darka Maz\u00ee"},"image":{"@id":"https:\/\/darkamazi.info\/#\/schema\/logo\/image\/"},"sameAs":["https:\/\/www.facebook.com\/DarMaziKurmanci","https:\/\/x.com\/DarkaMaziLatini","https:\/\/www.instagram.com\/darkamazi.kurmanci\/","https:\/\/www.youtube.com\/channel\/UCa5HkTdmI8U1qCUFuTw8B2g"]},{"@type":"Person","@id":"https:\/\/darkamazi.info\/#\/schema\/person\/5ad3e24553a0567993fa8ed4bd0a776c","name":"darka mazi","sameAs":["https:\/\/darkamazi.info\/"],"url":"https:\/\/darkamazi.info\/archives\/author\/kurdi"}]}},"_links":{"self":[{"href":"https:\/\/darkamazi.info\/funavuv\/wp\/v2\/posts\/1035391","targetHints":{"allow":["GET"]}}],"collection":[{"href":"https:\/\/darkamazi.info\/funavuv\/wp\/v2\/posts"}],"about":[{"href":"https:\/\/darkamazi.info\/funavuv\/wp\/v2\/types\/post"}],"author":[{"embeddable":true,"href":"https:\/\/darkamazi.info\/funavuv\/wp\/v2\/users\/2"}],"replies":[{"embeddable":true,"href":"https:\/\/darkamazi.info\/funavuv\/wp\/v2\/comments?post=1035391"}],"version-history":[{"count":0,"href":"https:\/\/darkamazi.info\/funavuv\/wp\/v2\/posts\/1035391\/revisions"}],"wp:featuredmedia":[{"embeddable":true,"href":"https:\/\/darkamazi.info\/funavuv\/wp\/v2\/media\/1035392"}],"wp:attachment":[{"href":"https:\/\/darkamazi.info\/funavuv\/wp\/v2\/media?parent=1035391"}],"wp:term":[{"taxonomy":"category","embeddable":true,"href":"https:\/\/darkamazi.info\/funavuv\/wp\/v2\/categories?post=1035391"},{"taxonomy":"post_tag","embeddable":true,"href":"https:\/\/darkamazi.info\/funavuv\/wp\/v2\/tags?post=1035391"}],"curies":[{"name":"wp","href":"https:\/\/api.w.org\/{rel}","templated":true}]}}