{"id":1035462,"date":"2023-03-06T19:37:47","date_gmt":"2023-03-06T16:37:47","guid":{"rendered":"https:\/\/darkamazi.info\/?p=1035462"},"modified":"2023-03-06T19:37:47","modified_gmt":"2023-03-06T16:37:47","slug":"pkke-kadroyeki-xwe-bi-sixuriye-tawanbar-dike","status":"publish","type":"post","link":"https:\/\/darkamazi.info\/archives\/1035462","title":{"rendered":"PKK\u2019e kadroyek\u00ee xwe bi s\u00eexuriy\u00ea tawanbar dike"},"content":{"rendered":"<h3 style=\"text-align: justify\"><span style=\"font-family: 'arial black', sans-serif\">Kes\u00ea bi nav\u00ea Remezan Gune\u015f ku li Sil\u00eamaniy\u00ea ji aliy\u00ea Tirkiy\u00ea ve hatiye revandin, bi salan b\u00fb xizmeta PKK\u2019\u00ea dikir, l\u00ea dema ket dest\u00ea Tirkiy\u00ea, PKK\u2019\u00ea ew ji destp\u00eak\u00ea ve kir s\u00eexur. Ji avab\u00fbna PKK\u2019\u00ea heya niha, PKK\u2019e wan kadroy\u00ean ku j\u00ea vediqetin dikuje, ger negih\u00eaje wan yan heger bikevin dest\u00ean Tirkiy\u00ea ji wan re dib\u00eaje s\u00eexur.<\/span><\/h3>\n<h3 style=\"text-align: justify\">Dawiya hefteya bor\u00ee saziya \u00eestixbarata netewey\u00eeya Tirkiy\u00ea (M\u00ceT)\u00ea ragihandib\u00fb ku endam\u00ea PKK\u2019\u00ea\/KCK\u2019\u00ea Remezan Gune\u015f di operasyonek\u00ea de li Sil\u00eamaniy\u00ea desteser kiriye \u00fb ew birine Tirkiy\u00ea.<\/h3>\n<h3 style=\"text-align: justify\">Remezan Gune\u015f\u00ea ku di sala 2008\u00ea da tevl\u00ee PKK\u2019\u00ea\/KCK\u2019\u00ea ya r\u00eaxistin\u00ea b\u00fbye, pi\u015ft\u00ee ku n\u00eaz\u00ee salek\u00ea li Sil\u00eamaniy\u00ea di operasyona M\u00eet\u00ea da hat \u015fopandin \u00fb hat girtin \u00fb d\u00eesa an\u00een Tirkiyey\u00ea, bi salan b\u00fb li bejahiy\u00ean Colem\u00earg\u00ea, \u00ceraq \u00fb S\u00fbriyey\u00ea ji bo r\u00eaxistin\u00ea dixebit\u00ee.<\/h3>\n<h3 style=\"text-align: justify\">L\u00eabel\u00ea PKK\u2019\u00ea ragihand ku Gune\u015f ji PKK\u2019\u00ea d\u00fbrketiye \u00fb b\u00fbye s\u00eexur\u00ea Tirkiy\u00ea.<\/h3>\n<h3 style=\"text-align: justify\">\u00a0<\/h3>\n","protected":false},"excerpt":{"rendered":"<p>Kes\u00ea bi nav\u00ea Remezan Gune\u015f ku li Sil\u00eamaniy\u00ea ji aliy\u00ea Tirkiy\u00ea ve hatiye revandin, bi salan b\u00fb xizmeta PKK\u2019\u00ea dikir, l\u00ea dema ket dest\u00ea Tirkiy\u00ea, PKK\u2019\u00ea ew ji destp\u00eak\u00ea ve kir s\u00eexur. Ji avab\u00fbna PKK\u2019\u00ea heya niha, PKK\u2019e wan kadroy\u00ean ku j\u00ea vediqetin dikuje, ger negih\u00eaje wan yan heger bikevin dest\u00ean Tirkiy\u00ea ji wan re [&hellip;]<\/p>\n","protected":false},"author":2,"featured_media":1035463,"comment_status":"closed","ping_status":"closed","sticky":false,"template":"","format":"standard","meta":{"footnotes":""},"categories":[29],"tags":[37],"class_list":["post-1035462","post","type-post","status-publish","format-standard","has-post-thumbnail","hentry","category-kurdistan","tag-sereke"],"blocksy_meta":[],"seo_head":"<!-- This site is optimized with the Yoast SEO plugin v27.5 - https:\/\/yoast.com\/product\/yoast-seo-wordpress\/ -->\n<title>PKK\u2019e kadroyek\u00ee xwe bi s\u00eexuriy\u00ea tawanbar dike - Darka Maz\u00ee<\/title>\n<meta name=\"robots\" content=\"index, follow, max-snippet:-1, max-image-preview:large, max-video-preview:-1\" \/>\n<link rel=\"canonical\" href=\"https:\/\/darkamazi.info\/archives\/1035462\" \/>\n<meta property=\"og:locale\" content=\"en_US\" \/>\n<meta property=\"og:type\" content=\"article\" \/>\n<meta property=\"og:title\" content=\"PKK\u2019e kadroyek\u00ee xwe bi s\u00eexuriy\u00ea tawanbar dike - Darka Maz\u00ee\" \/>\n<meta property=\"og:description\" content=\"Kes\u00ea bi nav\u00ea Remezan Gune\u015f ku li Sil\u00eamaniy\u00ea ji aliy\u00ea Tirkiy\u00ea ve hatiye revandin, bi salan b\u00fb xizmeta PKK\u2019\u00ea dikir, l\u00ea dema ket dest\u00ea Tirkiy\u00ea, PKK\u2019\u00ea ew ji destp\u00eak\u00ea ve kir s\u00eexur. Ji avab\u00fbna PKK\u2019\u00ea heya niha, PKK\u2019e wan kadroy\u00ean ku j\u00ea vediqetin dikuje, ger negih\u00eaje wan yan heger bikevin dest\u00ean Tirkiy\u00ea ji wan re [&hellip;]\" \/>\n<meta property=\"og:url\" content=\"https:\/\/darkamazi.info\/archives\/1035462\" \/>\n<meta property=\"og:site_name\" content=\"Darka Maz\u00ee\" \/>\n<meta property=\"article:publisher\" content=\"https:\/\/www.facebook.com\/DarMaziKurmanci\" \/>\n<meta property=\"article:published_time\" content=\"2023-03-06T16:37:47+00:00\" \/>\n<meta property=\"og:image\" content=\"https:\/\/darkamazi.info\/file\/2023\/03\/pkk.jpg\" \/>\n\t<meta property=\"og:image:width\" content=\"900\" \/>\n\t<meta property=\"og:image:height\" content=\"497\" \/>\n\t<meta property=\"og:image:type\" content=\"image\/jpeg\" \/>\n<meta name=\"author\" content=\"darka mazi\" \/>\n<meta name=\"twitter:card\" content=\"summary_large_image\" \/>\n<meta name=\"twitter:creator\" content=\"@DarkaMaziLatini\" \/>\n<meta name=\"twitter:site\" content=\"@DarkaMaziLatini\" \/>\n<meta name=\"twitter:label1\" content=\"Written by\" \/>\n\t<meta name=\"twitter:data1\" content=\"darka mazi\" \/>\n\t<meta name=\"twitter:label2\" content=\"Est. reading time\" \/>\n\t<meta name=\"twitter:data2\" content=\"1 minute\" \/>\n<script type=\"application\/ld+json\" class=\"seo-schema-graph\">{\"@context\":\"https:\\\/\\\/schema.org\",\"@graph\":[{\"@type\":\"Article\",\"@id\":\"https:\\\/\\\/darkamazi.info\\\/archives\\\/1035462#article\",\"isPartOf\":{\"@id\":\"https:\\\/\\\/darkamazi.info\\\/archives\\\/1035462\"},\"author\":{\"name\":\"darka mazi\",\"@id\":\"https:\\\/\\\/darkamazi.info\\\/#\\\/schema\\\/person\\\/5ad3e24553a0567993fa8ed4bd0a776c\"},\"headline\":\"PKK\u2019e kadroyek\u00ee xwe bi s\u00eexuriy\u00ea tawanbar dike\",\"datePublished\":\"2023-03-06T16:37:47+00:00\",\"mainEntityOfPage\":{\"@id\":\"https:\\\/\\\/darkamazi.info\\\/archives\\\/1035462\"},\"wordCount\":172,\"publisher\":{\"@id\":\"https:\\\/\\\/darkamazi.info\\\/#organization\"},\"image\":{\"@id\":\"https:\\\/\\\/darkamazi.info\\\/archives\\\/1035462#primaryimage\"},\"thumbnailUrl\":\"https:\\\/\\\/darkamazi.info\\\/darka-content\\\/uploads\\\/2023\\\/03\\\/pkk.jpg\",\"keywords\":[\"sereke\"],\"articleSection\":[\"Kurdistan\"],\"inLanguage\":\"en-US\"},{\"@type\":\"WebPage\",\"@id\":\"https:\\\/\\\/darkamazi.info\\\/archives\\\/1035462\",\"url\":\"https:\\\/\\\/darkamazi.info\\\/archives\\\/1035462\",\"name\":\"PKK\u2019e kadroyek\u00ee xwe bi s\u00eexuriy\u00ea tawanbar dike - Darka Maz\u00ee\",\"isPartOf\":{\"@id\":\"https:\\\/\\\/darkamazi.info\\\/#website\"},\"primaryImageOfPage\":{\"@id\":\"https:\\\/\\\/darkamazi.info\\\/archives\\\/1035462#primaryimage\"},\"image\":{\"@id\":\"https:\\\/\\\/darkamazi.info\\\/archives\\\/1035462#primaryimage\"},\"thumbnailUrl\":\"https:\\\/\\\/darkamazi.info\\\/darka-content\\\/uploads\\\/2023\\\/03\\\/pkk.jpg\",\"datePublished\":\"2023-03-06T16:37:47+00:00\",\"breadcrumb\":{\"@id\":\"https:\\\/\\\/darkamazi.info\\\/archives\\\/1035462#breadcrumb\"},\"inLanguage\":\"en-US\",\"potentialAction\":[{\"@type\":\"ReadAction\",\"target\":[\"https:\\\/\\\/darkamazi.info\\\/archives\\\/1035462\"]}]},{\"@type\":\"ImageObject\",\"inLanguage\":\"en-US\",\"@id\":\"https:\\\/\\\/darkamazi.info\\\/archives\\\/1035462#primaryimage\",\"url\":\"https:\\\/\\\/darkamazi.info\\\/darka-content\\\/uploads\\\/2023\\\/03\\\/pkk.jpg\",\"contentUrl\":\"https:\\\/\\\/darkamazi.info\\\/darka-content\\\/uploads\\\/2023\\\/03\\\/pkk.jpg\",\"width\":900,\"height\":497,\"caption\":\"PKK\u2019e kadroyek\u00ee xwe bi s\u00eexuriy\u00ea tawanbar dike\"},{\"@type\":\"BreadcrumbList\",\"@id\":\"https:\\\/\\\/darkamazi.info\\\/archives\\\/1035462#breadcrumb\",\"itemListElement\":[{\"@type\":\"ListItem\",\"position\":1,\"name\":\"Home\",\"item\":\"https:\\\/\\\/darkamazi.info\\\/\"},{\"@type\":\"ListItem\",\"position\":2,\"name\":\"PKK\u2019e kadroyek\u00ee xwe bi s\u00eexuriy\u00ea tawanbar dike\"}]},{\"@type\":\"WebSite\",\"@id\":\"https:\\\/\\\/darkamazi.info\\\/#website\",\"url\":\"https:\\\/\\\/darkamazi.info\\\/\",\"name\":\"Darka Maz\u00ee\",\"description\":\"P\u00eageha Zanyariy\u00ean Nebih\u00eest\u00ee\",\"publisher\":{\"@id\":\"https:\\\/\\\/darkamazi.info\\\/#organization\"},\"potentialAction\":[{\"@type\":\"SearchAction\",\"target\":{\"@type\":\"EntryPoint\",\"urlTemplate\":\"https:\\\/\\\/darkamazi.info\\\/?s={search_term_string}\"},\"query-input\":{\"@type\":\"PropertyValueSpecification\",\"valueRequired\":true,\"valueName\":\"search_term_string\"}}],\"inLanguage\":\"en-US\"},{\"@type\":\"Organization\",\"@id\":\"https:\\\/\\\/darkamazi.info\\\/#organization\",\"name\":\"Darka Maz\u00ee\",\"url\":\"https:\\\/\\\/darkamazi.info\\\/\",\"logo\":{\"@type\":\"ImageObject\",\"inLanguage\":\"en-US\",\"@id\":\"https:\\\/\\\/darkamazi.info\\\/#\\\/schema\\\/logo\\\/image\\\/\",\"url\":\"https:\\\/\\\/darkamazi.info\\\/darka-content\\\/uploads\\\/2017\\\/12\\\/darka-mazi-logo.png\",\"contentUrl\":\"https:\\\/\\\/darkamazi.info\\\/darka-content\\\/uploads\\\/2017\\\/12\\\/darka-mazi-logo.png\",\"width\":151,\"height\":75,\"caption\":\"Darka Maz\u00ee\"},\"image\":{\"@id\":\"https:\\\/\\\/darkamazi.info\\\/#\\\/schema\\\/logo\\\/image\\\/\"},\"sameAs\":[\"https:\\\/\\\/www.facebook.com\\\/DarMaziKurmanci\",\"https:\\\/\\\/x.com\\\/DarkaMaziLatini\",\"https:\\\/\\\/www.instagram.com\\\/darkamazi.kurmanci\\\/\",\"https:\\\/\\\/www.youtube.com\\\/channel\\\/UCa5HkTdmI8U1qCUFuTw8B2g\"]},{\"@type\":\"Person\",\"@id\":\"https:\\\/\\\/darkamazi.info\\\/#\\\/schema\\\/person\\\/5ad3e24553a0567993fa8ed4bd0a776c\",\"name\":\"darka mazi\",\"sameAs\":[\"https:\\\/\\\/darkamazi.info\\\/\"],\"url\":\"https:\\\/\\\/darkamazi.info\\\/archives\\\/author\\\/kurdi\"}]}<\/script>\n<!-- \/ Yoast SEO plugin. -->","seo_head_json":{"title":"PKK\u2019e kadroyek\u00ee xwe bi s\u00eexuriy\u00ea tawanbar dike - Darka Maz\u00ee","robots":{"index":"index","follow":"follow","max-snippet":"max-snippet:-1","max-image-preview":"max-image-preview:large","max-video-preview":"max-video-preview:-1"},"canonical":"https:\/\/darkamazi.info\/archives\/1035462","og_locale":"en_US","og_type":"article","og_title":"PKK\u2019e kadroyek\u00ee xwe bi s\u00eexuriy\u00ea tawanbar dike - Darka Maz\u00ee","og_description":"Kes\u00ea bi nav\u00ea Remezan Gune\u015f ku li Sil\u00eamaniy\u00ea ji aliy\u00ea Tirkiy\u00ea ve hatiye revandin, bi salan b\u00fb xizmeta PKK\u2019\u00ea dikir, l\u00ea dema ket dest\u00ea Tirkiy\u00ea, PKK\u2019\u00ea ew ji destp\u00eak\u00ea ve kir s\u00eexur. Ji avab\u00fbna PKK\u2019\u00ea heya niha, PKK\u2019e wan kadroy\u00ean ku j\u00ea vediqetin dikuje, ger negih\u00eaje wan yan heger bikevin dest\u00ean Tirkiy\u00ea ji wan re [&hellip;]","og_url":"https:\/\/darkamazi.info\/archives\/1035462","og_site_name":"Darka Maz\u00ee","article_publisher":"https:\/\/www.facebook.com\/DarMaziKurmanci","article_published_time":"2023-03-06T16:37:47+00:00","og_image":[{"width":900,"height":497,"url":"https:\/\/darkamazi.info\/file\/2023\/03\/pkk.jpg","type":"image\/jpeg"}],"author":"darka mazi","twitter_card":"summary_large_image","twitter_creator":"@DarkaMaziLatini","twitter_site":"@DarkaMaziLatini","twitter_misc":{"Written by":"darka mazi","Est. reading time":"1 minute"},"schema":{"@context":"https:\/\/schema.org","@graph":[{"@type":"Article","@id":"https:\/\/darkamazi.info\/archives\/1035462#article","isPartOf":{"@id":"https:\/\/darkamazi.info\/archives\/1035462"},"author":{"name":"darka mazi","@id":"https:\/\/darkamazi.info\/#\/schema\/person\/5ad3e24553a0567993fa8ed4bd0a776c"},"headline":"PKK\u2019e kadroyek\u00ee xwe bi s\u00eexuriy\u00ea tawanbar dike","datePublished":"2023-03-06T16:37:47+00:00","mainEntityOfPage":{"@id":"https:\/\/darkamazi.info\/archives\/1035462"},"wordCount":172,"publisher":{"@id":"https:\/\/darkamazi.info\/#organization"},"image":{"@id":"https:\/\/darkamazi.info\/archives\/1035462#primaryimage"},"thumbnailUrl":"https:\/\/darkamazi.info\/file\/2023\/03\/pkk.jpg","keywords":["sereke"],"articleSection":["Kurdistan"],"inLanguage":"en-US"},{"@type":"WebPage","@id":"https:\/\/darkamazi.info\/archives\/1035462","url":"https:\/\/darkamazi.info\/archives\/1035462","name":"PKK\u2019e kadroyek\u00ee xwe bi s\u00eexuriy\u00ea tawanbar dike - Darka Maz\u00ee","isPartOf":{"@id":"https:\/\/darkamazi.info\/#website"},"primaryImageOfPage":{"@id":"https:\/\/darkamazi.info\/archives\/1035462#primaryimage"},"image":{"@id":"https:\/\/darkamazi.info\/archives\/1035462#primaryimage"},"thumbnailUrl":"https:\/\/darkamazi.info\/file\/2023\/03\/pkk.jpg","datePublished":"2023-03-06T16:37:47+00:00","breadcrumb":{"@id":"https:\/\/darkamazi.info\/archives\/1035462#breadcrumb"},"inLanguage":"en-US","potentialAction":[{"@type":"ReadAction","target":["https:\/\/darkamazi.info\/archives\/1035462"]}]},{"@type":"ImageObject","inLanguage":"en-US","@id":"https:\/\/darkamazi.info\/archives\/1035462#primaryimage","url":"https:\/\/darkamazi.info\/file\/2023\/03\/pkk.jpg","contentUrl":"https:\/\/darkamazi.info\/file\/2023\/03\/pkk.jpg","width":900,"height":497,"caption":"PKK\u2019e kadroyek\u00ee xwe bi s\u00eexuriy\u00ea tawanbar dike"},{"@type":"BreadcrumbList","@id":"https:\/\/darkamazi.info\/archives\/1035462#breadcrumb","itemListElement":[{"@type":"ListItem","position":1,"name":"Home","item":"https:\/\/darkamazi.info\/"},{"@type":"ListItem","position":2,"name":"PKK\u2019e kadroyek\u00ee xwe bi s\u00eexuriy\u00ea tawanbar dike"}]},{"@type":"WebSite","@id":"https:\/\/darkamazi.info\/#website","url":"https:\/\/darkamazi.info\/","name":"Darka Maz\u00ee","description":"P\u00eageha Zanyariy\u00ean Nebih\u00eest\u00ee","publisher":{"@id":"https:\/\/darkamazi.info\/#organization"},"potentialAction":[{"@type":"SearchAction","target":{"@type":"EntryPoint","urlTemplate":"https:\/\/darkamazi.info\/?s={search_term_string}"},"query-input":{"@type":"PropertyValueSpecification","valueRequired":true,"valueName":"search_term_string"}}],"inLanguage":"en-US"},{"@type":"Organization","@id":"https:\/\/darkamazi.info\/#organization","name":"Darka Maz\u00ee","url":"https:\/\/darkamazi.info\/","logo":{"@type":"ImageObject","inLanguage":"en-US","@id":"https:\/\/darkamazi.info\/#\/schema\/logo\/image\/","url":"https:\/\/darkamazi.info\/file\/2017\/12\/darka-mazi-logo.png","contentUrl":"https:\/\/darkamazi.info\/file\/2017\/12\/darka-mazi-logo.png","width":151,"height":75,"caption":"Darka Maz\u00ee"},"image":{"@id":"https:\/\/darkamazi.info\/#\/schema\/logo\/image\/"},"sameAs":["https:\/\/www.facebook.com\/DarMaziKurmanci","https:\/\/x.com\/DarkaMaziLatini","https:\/\/www.instagram.com\/darkamazi.kurmanci\/","https:\/\/www.youtube.com\/channel\/UCa5HkTdmI8U1qCUFuTw8B2g"]},{"@type":"Person","@id":"https:\/\/darkamazi.info\/#\/schema\/person\/5ad3e24553a0567993fa8ed4bd0a776c","name":"darka mazi","sameAs":["https:\/\/darkamazi.info\/"],"url":"https:\/\/darkamazi.info\/archives\/author\/kurdi"}]}},"_links":{"self":[{"href":"https:\/\/darkamazi.info\/funavuv\/wp\/v2\/posts\/1035462","targetHints":{"allow":["GET"]}}],"collection":[{"href":"https:\/\/darkamazi.info\/funavuv\/wp\/v2\/posts"}],"about":[{"href":"https:\/\/darkamazi.info\/funavuv\/wp\/v2\/types\/post"}],"author":[{"embeddable":true,"href":"https:\/\/darkamazi.info\/funavuv\/wp\/v2\/users\/2"}],"replies":[{"embeddable":true,"href":"https:\/\/darkamazi.info\/funavuv\/wp\/v2\/comments?post=1035462"}],"version-history":[{"count":0,"href":"https:\/\/darkamazi.info\/funavuv\/wp\/v2\/posts\/1035462\/revisions"}],"wp:featuredmedia":[{"embeddable":true,"href":"https:\/\/darkamazi.info\/funavuv\/wp\/v2\/media\/1035463"}],"wp:attachment":[{"href":"https:\/\/darkamazi.info\/funavuv\/wp\/v2\/media?parent=1035462"}],"wp:term":[{"taxonomy":"category","embeddable":true,"href":"https:\/\/darkamazi.info\/funavuv\/wp\/v2\/categories?post=1035462"},{"taxonomy":"post_tag","embeddable":true,"href":"https:\/\/darkamazi.info\/funavuv\/wp\/v2\/tags?post=1035462"}],"curies":[{"name":"wp","href":"https:\/\/api.w.org\/{rel}","templated":true}]}}