{"id":1036173,"date":"2023-04-20T16:41:23","date_gmt":"2023-04-20T13:41:23","guid":{"rendered":"https:\/\/darkamazi.info\/?p=1036173"},"modified":"2023-04-20T16:41:23","modified_gmt":"2023-04-20T13:41:23","slug":"pkke-u-derew-u-beexlaqi-se-tisten-ku-ti-car-ji-hev-nayen-qutkirin","status":"publish","type":"post","link":"https:\/\/darkamazi.info\/archives\/1036173","title":{"rendered":"PKK\u2019e \u00fb derew \u00fb b\u00eaexlaq\u00ee, s\u00ea ti\u015ft\u00ean ku ti car ji hev nay\u00ean qutkirin"},"content":{"rendered":"<h3 style=\"text-align: justify\"><span style=\"font-family: 'arial black', sans-serif\">Heya niha b\u00fbyera ku\u015ftina Husey\u00een Turel\u00ee ku di kafeya xwe de li roja 17\/4\/2023an li Duhok\u00ea hatiye qetilkirin bi temam\u00ee nehatiye zelalkirin \u00fb bi dirust\u00ee xweya neb\u00fbye k\u00ea ew qetilkiriye, l\u00ea bel\u00ea d\u00eesa weke kar\u00ea xwe y\u00ea hercar PKK\u2019eya dardest\u00ea dewleta tirk bi tev saz\u00ee \u00fb r\u00eaxistin\u00ean xwe ve hewl dide ji v\u00ea b\u00fbyer\u00ea s\u00fbd werbigire \u00fb d\u00eesa bazarek\u00ee siyas\u00ee bi xw\u00eena v\u00ee wilatiy\u00ea Bakur\u00ea Kurdistan\u00ea bike \u00fb di ava \u015f\u00fbl\u00ee de Mas\u00eeyan bigre, Husey\u00een Turel\u00ee bera 10 salan ji ber zolm \u00fb sitema dewleta tirk \u00fb PKK\u2019\u00ea ji Bakur\u00ea Kurdistan\u00ea rev\u00eeya \u00fb \u00e7\u00fb Ba\u015f\u00fbr\u00ea Kurdistan\u00ea, li Duhok\u00ea Kafe-restorantek vekir \u00fb bi v\u00ea yek\u00ea debara jiyana xwe dikir, l\u00ea li Duhok\u00ea j\u00ee dewleta tirk \u00fb hevkara w\u00ea PKK\u2019\u00ea d\u00eesa xwest w\u00ee ji xwe re bidin \u015fuxilandin \u00fb s\u00eexuriy\u00ea bi w\u00ee bikin, l\u00ea ew raz\u00ee neb\u00fb.<\/span><\/h3>\n<h3 style=\"text-align: justify\">Tev\u00ee ku PKK\u2019\u00ea pi\u015ft\u00ee ku\u015ftina Husey\u00een Turel\u00ee ten\u00ea rojek\u00ea xwe kerr kir, l\u00ea dema d\u00eet ku ew dikare mifa ji v\u00ea b\u00fbyera tar\u00ee werbigire bi \u00e7ar lepk\u00ee xwe av\u00eate ser v\u00ea b\u00fbyer\u00ea. Hem\u00fb saziy\u00ean PKK\u2019\u00ea di nava 2 demjim\u00earan de daxuyan\u00ee belavkir \u00fb dest bi dezenformasyona kir, daxuyaniy\u00ean wan heya niha berdewam dikin \u00fb dixwazin bi v\u00ea yek\u00ea bazarek\u00ee siyas\u00ee bi xw\u00eena Husey\u00een Turel\u00ee j\u00ee bikin, PKK\u2019e ew r\u00eaxistine ku li ser xw\u00een\u00ea jiyan dike, loma her dema xw\u00eena kurdek\u00ee t\u00ea r\u00ea\u015ftin PKK\u2019e bazarek\u00ee siyas\u00ee p\u00ea dike \u00fb di berjewenda xwe de bikar t\u00eene.<\/h3>\n<h3 style=\"text-align: center\"><span style=\"font-family: 'arial black', sans-serif;color: #8c0a0a\">Daxuyaniy\u00ean b\u00eaexlaqane y\u00ean PKK\u2019\u00ea li ser nav\u00ea kom\u00eeteya T\u00eakiliy\u00ean Derveya KCK\u2019\u00ea \u00fb Hevserokatiya Konseya R\u00eaveber a KCK\u2019\u00ea<\/span><\/h3>\n<h3 style=\"text-align: justify\">Her\u00ee daw\u00ee PKK\u2019\u00ea li ser nav\u00ea Kom\u00eeteya T\u00eakiliy\u00ean Derveya Koma Civak\u00ean Kurdistan\u00ea (KCK) \u00fb Hevserokatiya Konseya R\u00eaveber a KCK\u2019\u00ea di v\u00ea derbar\u00ea de daxuyaniyek wek xwe sivik, b\u00ea buha \u00fb \u00e7epel we\u015fand, KCK\u2019\u00ea di daxuyaniy\u00ean xwe y\u00ean b\u00ea wate de weke kar\u00ea xwe y\u00ea hertim \u00fb bi nefeseke dujminkarane PDK\u2019e s\u00fb\u00e7bar kir \u00fb ragihand dest\u00ea PDK\u2019\u00ea di her su\u00eeqestek\u00ee de heye ku li Ba\u015f\u00fbr\u00ea Kurdistan\u00ea b\u00ea kirin. L\u00ea bel\u00ea, ya rast eve ku her kes dizane di navbera PKK\u2019\u00ea \u00fb M\u00eet\u00ea de t\u00eakeliyeke paralel heye. Li ku der\u00ea PKK\u2019e hebe, li k\u00ealeka w\u00ea M\u00eet heye. Li ku der\u00ea ku\u015ftina kurdan \u00fb dagirkirina axa kurdan hebe d\u00eesa PKK\u2019e \u00fb m\u00eeta tirk mil bi mil\u00ea hev li wir t\u00ean d\u00eetin.<\/h3>\n<h3 style=\"text-align: justify\">H\u00eaj ku xw\u00eena Husey\u00een ziwa neb\u00fbye, PKK\u2019\u00ea qetilkirina Husey\u00een Turel\u00ee bi derfet d\u00eet \u00fb carek din bi awayek hovane \u00ear\u00ee\u015f\u00ee ser PDK\u2019\u00ea kir, \u00e7apemeniya PKK\u2019\u00ea ku di bin kontrola dewlet\u00ean dagirker \u00fb kes\u00ean dije kurd deye, ji bo ku PDK\u2019\u00ea bike berpirs\u00ea v\u00ea \u00ear\u00ee\u015f\u00ea, gelek hewl dide.<\/h3>\n<h3 style=\"text-align: justify\">Ew b\u00fbyer\u00ean PKK\u2019\u00ea di van du daxuyaniy\u00ean li ser nav\u00ea Kom\u00eeteya T\u00eakiliy\u00ean Derveya Koma Civak\u00ean Kurdistan\u00ea (KCK\u2019\u00ea) \u00fb Hevserokatiya Konseya R\u00eaveber a KCK\u2019\u00ea de behis kir\u00ee bi ti away\u00ee p\u00eawend\u00ee bi PDK\u2019\u00ea ve neb\u00fbn. Di tev b\u00fbyer\u00ean ku PKK\u2019e bas dike de, berpirs \u00fb kujer dewleta tirk \u00fb PKK\u2019e bi xwene, PKK\u2019e li her der\u00ea hevkariy\u00ea bi pol\u00eet\u00eekay\u00ean dewleta tirk\u00ean qirkirina kurdan re dike, PKK\u2019\u00ea dewleta tirk li tev bakur\u00ea Kurdistan\u00ea bala dest kir, c\u00eeh\u00ean ku ti caran dewleta tirk bi dir\u00eajahiya d\u00eerok\u00ea nekar\u00eeb\u00fb dag\u00eer bike bi saya ser\u00ea PKK\u2019\u00ea tev dag\u00eer kirin, weke \u00e7ewa Bakur\u00ea Kurdistan\u00ea p\u00ea\u015fk\u00ea\u015f\u00ee dewleta Tirkiy\u00ea kir\u00ee PKK\u2019e dixwaze ba\u015f\u00fbr j\u00ee wusa p\u00ea\u015fk\u00ea\u015f\u00ee dewleta tirk bike \u00fb bi v\u00ee awa desthilata dewleta tirk veger\u00eena bo s\u00eenor\u00ean M\u00eesaqa Mill\u00ee ku r\u00eaber\u00ea PKK\u2019\u00ea di Hotela \u00cemraliy\u00ea de soza bic\u00eean\u00eena w\u00ea M\u00eesaq\u00ea \u00fb xizmetkirina bi dewleta tirk day\u00ee M\u00eet\u00ea.<\/h3>\n<h3 style=\"text-align: center\"><span style=\"color: #8c0a0a;font-family: 'arial black', sans-serif\">B\u00ea\u015ferm\u00ee \u00fb fed\u00ee nekirin \u00fb b\u00eaexlaqiya PKK\u2019\u00ea tev s\u00eenor derbas kirine<\/span><\/h3>\n<h3 style=\"text-align: justify\">B\u00ea\u015ferm\u00ee \u00fb fed\u00ee nekirina PKK\u2019\u00ea gihaye astek\u00ee ku hetta al\u00eekariy\u00ean Weqfa X\u00earxwaz\u00ee ya Barzan\u00ee ji boy mexd\u00fbr\u00ean erdheja Cinders \u00fb Efr\u00een\u00ea li Rojava Kurdistan\u00ea j\u00ee weke xiyanet dib\u00eene. K\u00ea ji b\u00eer kiribe me ji b\u00eer nekiriye ku PKK\u2019\u00ea \u00e7ewa ev du bajar\u00ean Rojava Kurdistan\u00ea diyar\u00ee dewleta Tirkiy\u00ea kir, ji xwe dema Efr\u00een \u00fb Cinders di dest\u00ea PKK\u2019\u00ea de PDK\u2019e li wir neb\u00fb, PDK\u2019e desthilatdar neb\u00fb, her ti\u015ft di dest\u00ea PKK\u2019\u00ea bi xwe de b\u00fb, \u00e7ima p\u00ea\u015fk\u00ea\u015f\u00ee dewleta Tirkiy\u00ea kir? Her kes bersiv\u00ea dizane, ji ber ku PKK\u2019e kir\u00eagirit\u00eey\u00ea dewlet\u00ea ye \u00fb her dera dewlet\u00ea xwast dag\u00eer bike PKK\u2019\u00ea r\u00ea ji boy vedike.<\/h3>\n<h3 style=\"text-align: justify\">Hevserokatiya KCK\u2019\u00ea dib\u00eaje, &#8220;PDK\u2019e bi nav\u00ea saziya x\u00ear\u00ea li Efr\u00een\u00ea dever\u00ean ferm\u00ee vedike. Gelo ev \u00e7awa dibe? Gelo ev ne hevkariya bi dagirkeran \u00fb qirker\u00ean kurdan reye? B\u00eaguman raya gi\u015ft\u00ee \u00fb gel\u00ea kurd dizane \u00fb dib\u00eene ku PDK\u2019e li ku der\u00ea disekine \u00fb \u00e7i dike.&#8221; bel\u00ea bi rast\u00ee j\u00ee b\u00eaexlaqiya PKK\u2019\u00ea ti s\u00eenorek\u00ee nas nake, PKK\u2019e bi al\u00eekariy\u00ean Weqfa X\u00earxwaz\u00ee ya Barzan\u00ee ji mexd\u00fbr\u00ean erdehej\u00ea re avis b\u00fbye \u00fb hema hema wexte ku bitirike! Ba\u015ftir eve ku li c\u00eeh\u00ea bersivday\u00eena van b\u00eaexlaqiy\u00ean PKK\u2019\u00ea her bi pirs\u00ean wek wan berisva PKK\u2019\u00ea b\u00ea day\u00een, gelo ev \u00e7awa nabe ku al\u00eekariya mexd\u00fbran b\u00ea kirin? Gelo bi rast\u00ee j\u00ee ev hevkariya bi dagirker \u00fb qirker\u00ean kurdan re yan j\u00ee al\u00eekar\u00eekirina wan kurdane ku PKK\u2019\u00ea weke pep\u00fbkan bi c\u00ee hi\u015ft\u00ee \u00fb xistiye di bin s\u00eebera l\u00fbliya \u00e7ek\u00ea cendermey\u00ean dewleta dagirker a tirk \u00fb postal\u00ean \u00e7eteyan? Bel\u00ea, b\u00eaguman raya gi\u015ft\u00ee \u00fb gel\u00ea kurd dizane \u00fb dib\u00eene ku PDK\u2019e li ku der\u00ea disekine \u00fb \u00e7i dike \u00fb PKK\u2019e j\u00ee li ku der\u00ea disekine \u00fb \u00e7i dike.<\/h3>\n<h3 style=\"text-align: center\"><span style=\"color: #8c0a0a;font-family: 'arial black', sans-serif\">PKK-KCK\u2019e ji bo ku t\u00eak\u00e7\u00fbna xwe ya li bakur \u00fb dijminatiya ku li hember kurd\u00ean bakur kirye ve\u015f\u00eare, bi \u015fev \u00fb roj \u00ear\u00ee\u015f\u00ee PDK\u2019\u00ea \u00fb barzan\u00eeyan dike<\/span><\/h3>\n<h3 style=\"text-align: justify\">PKK\u2019a ku ji roja roj da li ser esas\u00ea ku\u015ftina kurdan derketiye hol\u00ea \u00fb di mexzen\u00ean Enqer\u00ea de hatiye damezrandin, 40 salin ji ku\u015ftina kurdan \u00fb w\u00earankirina erdn\u00eegar\u00eeya Kurdistan\u00ea t\u00ear nabe. KCK\u2019eya ku wek PKK\u2019e j\u00ee t\u00ea naskirin \u00fb li \u00cemraliy\u00ea bi dest\u00fbra Ocalan \u00fb M\u00eeta tirkiy\u00ea hatiye avakirin, roj nam\u00eene ku \u00ear\u00ee\u015f\u00ee PDK\u2019\u00ea neke \u00fb tohmet\u00ean b\u00ea bingeh nexe stuy\u00ea w\u00ea. PKK\u2019e \u00fb KCK\u2019eya ku Bakur\u00ea Kurdistan\u00ea w\u00earan kiriye \u00fb dergevan\u00eeya s\u00eenor\u00ean dagirkeran dike, heta \u00eero li bakur koxek mir\u00ee\u015fkan j\u00ee azad nekiriye \u00fb ji xisar\u00ea p\u00ea ve nedaye kurdan. \u00c7i b \u015fer\u00ea xwe \u00fb \u00e7i j\u00ee bi siyaseta xwe her \u00fb her xizmeta plan \u00fb projey\u00ean dagirker\u00ean Kurdistan\u00ea kiriye \u00fb sedema derketina w\u00ea j\u00ee ev bi xwe ye.<\/h3>\n<h3 style=\"text-align: justify\">PKK\u2019e-KCK\u2019e ji bo ku t\u00eak\u00e7\u00fbna xwe ya li bakur \u00fb djimnat\u00eeya ku li hember kurd\u00ean bakur kiriye ve\u015f\u00eare, bi \u015fev \u00fb roj \u00ear\u00ee\u015f\u00ee PDK\u2019\u00ea \u00fb Barzaniyan dike \u00fb wan wek \u015fir\u00eek \u00fb hevkar\u00ean dewleta tirk n\u00ee\u015fan dide.<\/h3>\n<h3 style=\"text-align: justify\">Daxuyaniya KCK\u2019\u00ea ten\u00ea ji dijminatiya xeta netew\u00ee ya Kurd Barzan\u00ee \u00fb PDK\u2019\u00ea p\u00eak t\u00ea. Dibe ku em bizan\u00een ku KCK\u2019e yan j\u00ee em bib\u00eaj\u00een PKK\u2019e di v\u00ea daxuyaniy\u00ea da kerb \u00fb k\u00een li dij\u00ee PDK\u2019\u00ea n\u00ee\u015fandaye. Bi tawanbarkirin \u00fb derew\u00ean b\u00eaexlaqane hewl da v\u00ea nefret\u00ea a\u015fkera bike.<\/h3>\n","protected":false},"excerpt":{"rendered":"<p>Heya niha b\u00fbyera ku\u015ftina Husey\u00een Turel\u00ee ku di kafeya xwe de li roja 17\/4\/2023an li Duhok\u00ea hatiye qetilkirin bi temam\u00ee nehatiye zelalkirin \u00fb bi dirust\u00ee xweya neb\u00fbye k\u00ea ew qetilkiriye, l\u00ea bel\u00ea d\u00eesa weke kar\u00ea xwe y\u00ea hercar PKK\u2019eya dardest\u00ea dewleta tirk bi tev saz\u00ee \u00fb r\u00eaxistin\u00ean xwe ve hewl dide ji v\u00ea b\u00fbyer\u00ea s\u00fbd [&hellip;]<\/p>\n","protected":false},"author":2,"featured_media":1036174,"comment_status":"closed","ping_status":"closed","sticky":false,"template":"","format":"standard","meta":{"footnotes":""},"categories":[28],"tags":[37],"class_list":["post-1036173","post","type-post","status-publish","format-standard","has-post-thumbnail","hentry","category-nerin","tag-sereke"],"blocksy_meta":[],"seo_head":"<!-- This site is optimized with the Yoast SEO plugin v27.5 - https:\/\/yoast.com\/product\/yoast-seo-wordpress\/ -->\n<title>PKK\u2019e \u00fb derew \u00fb b\u00eaexlaq\u00ee, s\u00ea ti\u015ft\u00ean ku ti car ji hev nay\u00ean qutkirin - Darka Maz\u00ee<\/title>\n<meta name=\"robots\" content=\"index, follow, max-snippet:-1, max-image-preview:large, max-video-preview:-1\" \/>\n<link rel=\"canonical\" href=\"https:\/\/darkamazi.info\/archives\/1036173\" \/>\n<meta property=\"og:locale\" content=\"en_US\" \/>\n<meta property=\"og:type\" content=\"article\" \/>\n<meta property=\"og:title\" content=\"PKK\u2019e \u00fb derew \u00fb b\u00eaexlaq\u00ee, s\u00ea ti\u015ft\u00ean ku ti car ji hev nay\u00ean qutkirin - Darka Maz\u00ee\" \/>\n<meta property=\"og:description\" content=\"Heya niha b\u00fbyera ku\u015ftina Husey\u00een Turel\u00ee ku di kafeya xwe de li roja 17\/4\/2023an li Duhok\u00ea hatiye qetilkirin bi temam\u00ee nehatiye zelalkirin \u00fb bi dirust\u00ee xweya neb\u00fbye k\u00ea ew qetilkiriye, l\u00ea bel\u00ea d\u00eesa weke kar\u00ea xwe y\u00ea hercar PKK\u2019eya dardest\u00ea dewleta tirk bi tev saz\u00ee \u00fb r\u00eaxistin\u00ean xwe ve hewl dide ji v\u00ea b\u00fbyer\u00ea s\u00fbd [&hellip;]\" \/>\n<meta property=\"og:url\" content=\"https:\/\/darkamazi.info\/archives\/1036173\" \/>\n<meta property=\"og:site_name\" content=\"Darka Maz\u00ee\" \/>\n<meta property=\"article:publisher\" content=\"https:\/\/www.facebook.com\/DarMaziKurmanci\" \/>\n<meta property=\"article:published_time\" content=\"2023-04-20T13:41:23+00:00\" \/>\n<meta property=\"og:image\" content=\"https:\/\/darkamazi.info\/file\/2023\/04\/kck-pkk.png\" \/>\n\t<meta property=\"og:image:width\" content=\"1200\" \/>\n\t<meta property=\"og:image:height\" content=\"800\" \/>\n\t<meta property=\"og:image:type\" content=\"image\/png\" \/>\n<meta name=\"author\" content=\"darka mazi\" \/>\n<meta name=\"twitter:card\" content=\"summary_large_image\" \/>\n<meta name=\"twitter:creator\" content=\"@DarkaMaziLatini\" \/>\n<meta name=\"twitter:site\" content=\"@DarkaMaziLatini\" \/>\n<meta name=\"twitter:label1\" content=\"Written by\" \/>\n\t<meta name=\"twitter:data1\" content=\"darka mazi\" \/>\n\t<meta name=\"twitter:label2\" content=\"Est. reading time\" \/>\n\t<meta name=\"twitter:data2\" content=\"5 minutes\" \/>\n<script type=\"application\/ld+json\" class=\"seo-schema-graph\">{\"@context\":\"https:\\\/\\\/schema.org\",\"@graph\":[{\"@type\":\"Article\",\"@id\":\"https:\\\/\\\/darkamazi.info\\\/archives\\\/1036173#article\",\"isPartOf\":{\"@id\":\"https:\\\/\\\/darkamazi.info\\\/archives\\\/1036173\"},\"author\":{\"name\":\"darka mazi\",\"@id\":\"https:\\\/\\\/darkamazi.info\\\/#\\\/schema\\\/person\\\/5ad3e24553a0567993fa8ed4bd0a776c\"},\"headline\":\"PKK\u2019e \u00fb derew \u00fb b\u00eaexlaq\u00ee, s\u00ea ti\u015ft\u00ean ku ti car ji hev nay\u00ean qutkirin\",\"datePublished\":\"2023-04-20T13:41:23+00:00\",\"mainEntityOfPage\":{\"@id\":\"https:\\\/\\\/darkamazi.info\\\/archives\\\/1036173\"},\"wordCount\":1236,\"publisher\":{\"@id\":\"https:\\\/\\\/darkamazi.info\\\/#organization\"},\"image\":{\"@id\":\"https:\\\/\\\/darkamazi.info\\\/archives\\\/1036173#primaryimage\"},\"thumbnailUrl\":\"https:\\\/\\\/darkamazi.info\\\/darka-content\\\/uploads\\\/2023\\\/04\\\/kck-pkk.png\",\"keywords\":[\"sereke\"],\"articleSection\":[\"Ner\u00een\"],\"inLanguage\":\"en-US\"},{\"@type\":\"WebPage\",\"@id\":\"https:\\\/\\\/darkamazi.info\\\/archives\\\/1036173\",\"url\":\"https:\\\/\\\/darkamazi.info\\\/archives\\\/1036173\",\"name\":\"PKK\u2019e \u00fb derew \u00fb b\u00eaexlaq\u00ee, s\u00ea ti\u015ft\u00ean ku ti car ji hev nay\u00ean qutkirin - Darka Maz\u00ee\",\"isPartOf\":{\"@id\":\"https:\\\/\\\/darkamazi.info\\\/#website\"},\"primaryImageOfPage\":{\"@id\":\"https:\\\/\\\/darkamazi.info\\\/archives\\\/1036173#primaryimage\"},\"image\":{\"@id\":\"https:\\\/\\\/darkamazi.info\\\/archives\\\/1036173#primaryimage\"},\"thumbnailUrl\":\"https:\\\/\\\/darkamazi.info\\\/darka-content\\\/uploads\\\/2023\\\/04\\\/kck-pkk.png\",\"datePublished\":\"2023-04-20T13:41:23+00:00\",\"breadcrumb\":{\"@id\":\"https:\\\/\\\/darkamazi.info\\\/archives\\\/1036173#breadcrumb\"},\"inLanguage\":\"en-US\",\"potentialAction\":[{\"@type\":\"ReadAction\",\"target\":[\"https:\\\/\\\/darkamazi.info\\\/archives\\\/1036173\"]}]},{\"@type\":\"ImageObject\",\"inLanguage\":\"en-US\",\"@id\":\"https:\\\/\\\/darkamazi.info\\\/archives\\\/1036173#primaryimage\",\"url\":\"https:\\\/\\\/darkamazi.info\\\/darka-content\\\/uploads\\\/2023\\\/04\\\/kck-pkk.png\",\"contentUrl\":\"https:\\\/\\\/darkamazi.info\\\/darka-content\\\/uploads\\\/2023\\\/04\\\/kck-pkk.png\",\"width\":1200,\"height\":800,\"caption\":\"PKK\u2019e \u00fb derew \u00fb b\u00eaexlaq\u00ee, s\u00ea ti\u015ft\u00ean ku ti car ji hev nay\u00ean qutkirin\"},{\"@type\":\"BreadcrumbList\",\"@id\":\"https:\\\/\\\/darkamazi.info\\\/archives\\\/1036173#breadcrumb\",\"itemListElement\":[{\"@type\":\"ListItem\",\"position\":1,\"name\":\"Home\",\"item\":\"https:\\\/\\\/darkamazi.info\\\/\"},{\"@type\":\"ListItem\",\"position\":2,\"name\":\"PKK\u2019e \u00fb derew \u00fb b\u00eaexlaq\u00ee, s\u00ea ti\u015ft\u00ean ku ti car ji hev nay\u00ean qutkirin\"}]},{\"@type\":\"WebSite\",\"@id\":\"https:\\\/\\\/darkamazi.info\\\/#website\",\"url\":\"https:\\\/\\\/darkamazi.info\\\/\",\"name\":\"Darka Maz\u00ee\",\"description\":\"P\u00eageha Zanyariy\u00ean Nebih\u00eest\u00ee\",\"publisher\":{\"@id\":\"https:\\\/\\\/darkamazi.info\\\/#organization\"},\"potentialAction\":[{\"@type\":\"SearchAction\",\"target\":{\"@type\":\"EntryPoint\",\"urlTemplate\":\"https:\\\/\\\/darkamazi.info\\\/?s={search_term_string}\"},\"query-input\":{\"@type\":\"PropertyValueSpecification\",\"valueRequired\":true,\"valueName\":\"search_term_string\"}}],\"inLanguage\":\"en-US\"},{\"@type\":\"Organization\",\"@id\":\"https:\\\/\\\/darkamazi.info\\\/#organization\",\"name\":\"Darka Maz\u00ee\",\"url\":\"https:\\\/\\\/darkamazi.info\\\/\",\"logo\":{\"@type\":\"ImageObject\",\"inLanguage\":\"en-US\",\"@id\":\"https:\\\/\\\/darkamazi.info\\\/#\\\/schema\\\/logo\\\/image\\\/\",\"url\":\"https:\\\/\\\/darkamazi.info\\\/darka-content\\\/uploads\\\/2017\\\/12\\\/darka-mazi-logo.png\",\"contentUrl\":\"https:\\\/\\\/darkamazi.info\\\/darka-content\\\/uploads\\\/2017\\\/12\\\/darka-mazi-logo.png\",\"width\":151,\"height\":75,\"caption\":\"Darka Maz\u00ee\"},\"image\":{\"@id\":\"https:\\\/\\\/darkamazi.info\\\/#\\\/schema\\\/logo\\\/image\\\/\"},\"sameAs\":[\"https:\\\/\\\/www.facebook.com\\\/DarMaziKurmanci\",\"https:\\\/\\\/x.com\\\/DarkaMaziLatini\",\"https:\\\/\\\/www.instagram.com\\\/darkamazi.kurmanci\\\/\",\"https:\\\/\\\/www.youtube.com\\\/channel\\\/UCa5HkTdmI8U1qCUFuTw8B2g\"]},{\"@type\":\"Person\",\"@id\":\"https:\\\/\\\/darkamazi.info\\\/#\\\/schema\\\/person\\\/5ad3e24553a0567993fa8ed4bd0a776c\",\"name\":\"darka mazi\",\"sameAs\":[\"https:\\\/\\\/darkamazi.info\\\/\"],\"url\":\"https:\\\/\\\/darkamazi.info\\\/archives\\\/author\\\/kurdi\"}]}<\/script>\n<!-- \/ Yoast SEO plugin. -->","seo_head_json":{"title":"PKK\u2019e \u00fb derew \u00fb b\u00eaexlaq\u00ee, s\u00ea ti\u015ft\u00ean ku ti car ji hev nay\u00ean qutkirin - Darka Maz\u00ee","robots":{"index":"index","follow":"follow","max-snippet":"max-snippet:-1","max-image-preview":"max-image-preview:large","max-video-preview":"max-video-preview:-1"},"canonical":"https:\/\/darkamazi.info\/archives\/1036173","og_locale":"en_US","og_type":"article","og_title":"PKK\u2019e \u00fb derew \u00fb b\u00eaexlaq\u00ee, s\u00ea ti\u015ft\u00ean ku ti car ji hev nay\u00ean qutkirin - Darka Maz\u00ee","og_description":"Heya niha b\u00fbyera ku\u015ftina Husey\u00een Turel\u00ee ku di kafeya xwe de li roja 17\/4\/2023an li Duhok\u00ea hatiye qetilkirin bi temam\u00ee nehatiye zelalkirin \u00fb bi dirust\u00ee xweya neb\u00fbye k\u00ea ew qetilkiriye, l\u00ea bel\u00ea d\u00eesa weke kar\u00ea xwe y\u00ea hercar PKK\u2019eya dardest\u00ea dewleta tirk bi tev saz\u00ee \u00fb r\u00eaxistin\u00ean xwe ve hewl dide ji v\u00ea b\u00fbyer\u00ea s\u00fbd [&hellip;]","og_url":"https:\/\/darkamazi.info\/archives\/1036173","og_site_name":"Darka Maz\u00ee","article_publisher":"https:\/\/www.facebook.com\/DarMaziKurmanci","article_published_time":"2023-04-20T13:41:23+00:00","og_image":[{"width":1200,"height":800,"url":"https:\/\/darkamazi.info\/file\/2023\/04\/kck-pkk.png","type":"image\/png"}],"author":"darka mazi","twitter_card":"summary_large_image","twitter_creator":"@DarkaMaziLatini","twitter_site":"@DarkaMaziLatini","twitter_misc":{"Written by":"darka mazi","Est. reading time":"5 minutes"},"schema":{"@context":"https:\/\/schema.org","@graph":[{"@type":"Article","@id":"https:\/\/darkamazi.info\/archives\/1036173#article","isPartOf":{"@id":"https:\/\/darkamazi.info\/archives\/1036173"},"author":{"name":"darka mazi","@id":"https:\/\/darkamazi.info\/#\/schema\/person\/5ad3e24553a0567993fa8ed4bd0a776c"},"headline":"PKK\u2019e \u00fb derew \u00fb b\u00eaexlaq\u00ee, s\u00ea ti\u015ft\u00ean ku ti car ji hev nay\u00ean qutkirin","datePublished":"2023-04-20T13:41:23+00:00","mainEntityOfPage":{"@id":"https:\/\/darkamazi.info\/archives\/1036173"},"wordCount":1236,"publisher":{"@id":"https:\/\/darkamazi.info\/#organization"},"image":{"@id":"https:\/\/darkamazi.info\/archives\/1036173#primaryimage"},"thumbnailUrl":"https:\/\/darkamazi.info\/file\/2023\/04\/kck-pkk.png","keywords":["sereke"],"articleSection":["Ner\u00een"],"inLanguage":"en-US"},{"@type":"WebPage","@id":"https:\/\/darkamazi.info\/archives\/1036173","url":"https:\/\/darkamazi.info\/archives\/1036173","name":"PKK\u2019e \u00fb derew \u00fb b\u00eaexlaq\u00ee, s\u00ea ti\u015ft\u00ean ku ti car ji hev nay\u00ean qutkirin - Darka Maz\u00ee","isPartOf":{"@id":"https:\/\/darkamazi.info\/#website"},"primaryImageOfPage":{"@id":"https:\/\/darkamazi.info\/archives\/1036173#primaryimage"},"image":{"@id":"https:\/\/darkamazi.info\/archives\/1036173#primaryimage"},"thumbnailUrl":"https:\/\/darkamazi.info\/file\/2023\/04\/kck-pkk.png","datePublished":"2023-04-20T13:41:23+00:00","breadcrumb":{"@id":"https:\/\/darkamazi.info\/archives\/1036173#breadcrumb"},"inLanguage":"en-US","potentialAction":[{"@type":"ReadAction","target":["https:\/\/darkamazi.info\/archives\/1036173"]}]},{"@type":"ImageObject","inLanguage":"en-US","@id":"https:\/\/darkamazi.info\/archives\/1036173#primaryimage","url":"https:\/\/darkamazi.info\/file\/2023\/04\/kck-pkk.png","contentUrl":"https:\/\/darkamazi.info\/file\/2023\/04\/kck-pkk.png","width":1200,"height":800,"caption":"PKK\u2019e \u00fb derew \u00fb b\u00eaexlaq\u00ee, s\u00ea ti\u015ft\u00ean ku ti car ji hev nay\u00ean qutkirin"},{"@type":"BreadcrumbList","@id":"https:\/\/darkamazi.info\/archives\/1036173#breadcrumb","itemListElement":[{"@type":"ListItem","position":1,"name":"Home","item":"https:\/\/darkamazi.info\/"},{"@type":"ListItem","position":2,"name":"PKK\u2019e \u00fb derew \u00fb b\u00eaexlaq\u00ee, s\u00ea ti\u015ft\u00ean ku ti car ji hev nay\u00ean qutkirin"}]},{"@type":"WebSite","@id":"https:\/\/darkamazi.info\/#website","url":"https:\/\/darkamazi.info\/","name":"Darka Maz\u00ee","description":"P\u00eageha Zanyariy\u00ean Nebih\u00eest\u00ee","publisher":{"@id":"https:\/\/darkamazi.info\/#organization"},"potentialAction":[{"@type":"SearchAction","target":{"@type":"EntryPoint","urlTemplate":"https:\/\/darkamazi.info\/?s={search_term_string}"},"query-input":{"@type":"PropertyValueSpecification","valueRequired":true,"valueName":"search_term_string"}}],"inLanguage":"en-US"},{"@type":"Organization","@id":"https:\/\/darkamazi.info\/#organization","name":"Darka Maz\u00ee","url":"https:\/\/darkamazi.info\/","logo":{"@type":"ImageObject","inLanguage":"en-US","@id":"https:\/\/darkamazi.info\/#\/schema\/logo\/image\/","url":"https:\/\/darkamazi.info\/file\/2017\/12\/darka-mazi-logo.png","contentUrl":"https:\/\/darkamazi.info\/file\/2017\/12\/darka-mazi-logo.png","width":151,"height":75,"caption":"Darka Maz\u00ee"},"image":{"@id":"https:\/\/darkamazi.info\/#\/schema\/logo\/image\/"},"sameAs":["https:\/\/www.facebook.com\/DarMaziKurmanci","https:\/\/x.com\/DarkaMaziLatini","https:\/\/www.instagram.com\/darkamazi.kurmanci\/","https:\/\/www.youtube.com\/channel\/UCa5HkTdmI8U1qCUFuTw8B2g"]},{"@type":"Person","@id":"https:\/\/darkamazi.info\/#\/schema\/person\/5ad3e24553a0567993fa8ed4bd0a776c","name":"darka mazi","sameAs":["https:\/\/darkamazi.info\/"],"url":"https:\/\/darkamazi.info\/archives\/author\/kurdi"}]}},"_links":{"self":[{"href":"https:\/\/darkamazi.info\/funavuv\/wp\/v2\/posts\/1036173","targetHints":{"allow":["GET"]}}],"collection":[{"href":"https:\/\/darkamazi.info\/funavuv\/wp\/v2\/posts"}],"about":[{"href":"https:\/\/darkamazi.info\/funavuv\/wp\/v2\/types\/post"}],"author":[{"embeddable":true,"href":"https:\/\/darkamazi.info\/funavuv\/wp\/v2\/users\/2"}],"replies":[{"embeddable":true,"href":"https:\/\/darkamazi.info\/funavuv\/wp\/v2\/comments?post=1036173"}],"version-history":[{"count":0,"href":"https:\/\/darkamazi.info\/funavuv\/wp\/v2\/posts\/1036173\/revisions"}],"wp:featuredmedia":[{"embeddable":true,"href":"https:\/\/darkamazi.info\/funavuv\/wp\/v2\/media\/1036174"}],"wp:attachment":[{"href":"https:\/\/darkamazi.info\/funavuv\/wp\/v2\/media?parent=1036173"}],"wp:term":[{"taxonomy":"category","embeddable":true,"href":"https:\/\/darkamazi.info\/funavuv\/wp\/v2\/categories?post=1036173"},{"taxonomy":"post_tag","embeddable":true,"href":"https:\/\/darkamazi.info\/funavuv\/wp\/v2\/tags?post=1036173"}],"curies":[{"name":"wp","href":"https:\/\/api.w.org\/{rel}","templated":true}]}}