{"id":1036214,"date":"2023-04-26T10:52:27","date_gmt":"2023-04-26T07:52:27","guid":{"rendered":"https:\/\/darkamazi.info\/?p=1036214"},"modified":"2023-04-26T10:52:27","modified_gmt":"2023-04-26T07:52:27","slug":"pkke-welatiyeki-herema-kurdistane-kust","status":"publish","type":"post","link":"https:\/\/darkamazi.info\/archives\/1036214","title":{"rendered":"PKK\u00ea welatiyek\u00ee Her\u00eama Kurdistan\u00ea ku\u015ft"},"content":{"rendered":"<h3 style=\"text-align: justify\"><span style=\"font-family: 'arial black', sans-serif\">Welatiyek\u00ee Her\u00eama Kurdistan\u00ea li \u015feva derbasb\u00fby\u00ee bi awayek\u00ee hovane li nav\u00e7eya Ko\u00e7erat a gir\u00eaday\u00ee D\u00eark\u00ea li her\u00eama Cz\u00eer\u00ea ya Rojava hat qetil kirin, agahiy\u00ean pi\u015ftrastkir\u00ee hene ku r\u00eaxistin\u00ean PKK\u00ea y\u00ean li Rojava ew qetil kir\u00ee ye.<\/span><\/h3>\n<h3 style=\"text-align: justify\"><span style=\"font-family: arial, helvetica, sans-serif\">\u00c7avkaniy\u00ean p\u00eageha \u201cDarka Maz\u00ee\u201d li Rojava Kurdistan\u00ea e\u015fkere kirin, li \u015feva derbasb\u00fby\u00ee 25 N\u00eesana 2023an, welatiyek\u00ee Ba\u015f\u00fbr\u00ea Kurdistan\u00ea y\u00ea bi nav\u00ea \u201cEhmed Omer El\u00ee Ibrah\u00eem\u201d li gund\u00ea Sw\u00eadiya y\u00ea nav\u00e7eya Ko\u00e7erat ku dikeve D\u00earka Rojava Kurdistan\u00ea, pi\u015ft\u00ee li 24 v\u00ea meh\u00ea wenda dibe, cesed\u00ea w\u00ee li \u015feva derbasb\u00fby\u00ee ji h\u00eala asay\u00ee\u015fa PYD\u00ea ve li nava zeviyeke Genim t\u00ea d\u00eetin.<\/span><\/h3>\n<h3 style=\"text-align: justify\"><span style=\"font-family: arial, helvetica, sans-serif\">\u00c7avkaniy\u00ean p\u00eageha me e\u015fkere kir ku \u201cEhmed Omer\u201d li \u015feva 24 n\u00eesan\u00ea bi serdan di\u00e7e mala c\u00eeran\u00ea xwe y\u00ea bi nav\u00ea \u201cEm\u00een Feqe Re\u015f\u00eed Qasim\u201d ku ev kes PKKy\u00ee ye \u00fb 3 kurr\u00ean xwe di nava ref\u00ean v\u00ea r\u00eaxistin\u00ea de fedakirine \u00fb li wir wenda dibe \u00fb roja peyre cesed\u00ea w\u00ee li pi\u015fta gund t\u00ea d\u00eetin.<\/span><\/h3>\n<h3 style=\"text-align: justify\"><span style=\"font-family: 'arial black', sans-serif;color: #8c0808;font-size: 18pt\">Ehmed Omer k\u00ee ye \u00fb li Rojava \u00e7i dikir?<\/span><\/h3>\n<h3 style=\"text-align: justify\"><span style=\"font-family: arial, helvetica, sans-serif\">\u201cEhmed Omer El\u00ee Ibrah\u00eem\u201d welatiyek\u00ee Ba\u015f\u00fbr\u00ea Kurdistan\u00ea ye, li sala 1975 bi malbata xwe re awarey Rojava Kurdistan\u00ea bib\u00fb, pi\u015ftre li sala 1991 malbata w\u00ee vegeryab\u00fbn Ba\u015f\u00fbr l\u00ea ew li wir ma, ew neviy\u00ea \u015feh\u00eed\u00ee ye, \u00fb korek\u00ee w\u00ee y\u00ea P\u00ea\u015fmerge li Ba\u015f\u00fbr\u00ea Kurdistan\u00ea heye.<\/span><\/h3>\n<h3 style=\"text-align: justify\"><span style=\"font-family: arial, helvetica, sans-serif\">\u00c7avkaniy\u00ean \u201cDarka Maz\u00ee\u201d e\u015fkere kirin ku 6 mehan ber\u00ea ke\u00e7a Mihemed ya 14 sal, ji h\u00eala \u00e7etey\u00ean PKK\u00ea \u201cCiwan\u00ean \u015eore\u015fger\u201d ve hatb\u00fb revandin \u00fb ji ber ku w\u00ee hewl\u00ean vegerandina ke\u00e7a xwe dan, rast\u00ee \u00ear\u00ee\u015f \u00fb gefxwarn\u00ean PKK\u00ea hatb\u00fb.<\/span><\/h3>\n<h3 style=\"text-align: justify\"><span style=\"font-family: arial, helvetica, sans-serif\">Pi\u015ft\u00ee b\u00fbyera qetilkirina w\u00ee, h\u00eaz\u00ean asay\u00ee\u015fa PYD\u00ea hers\u00ea biray\u00ean w\u00ee \u201cMizg\u00een, El\u00ee \u00fb Mihemed\u201d desteser kirin, l\u00ea bel\u00ea \u00eero serbest azad kirin.<\/span><\/h3>\n<p><img loading=\"lazy\" decoding=\"async\" width=\"900\" height=\"497\" class=\"aligncenter darka-image-1036215 size-full\" src=\"https:\/\/darkamazi.info\/file\/2023\/04\/pkk-tawan-cinayet-rojava-mihemed-omer.jpg\" alt=\"pkk-tawan-cinayet-rojava-mihemed-omer\" srcset=\"https:\/\/darkamazi.info\/file\/2023\/04\/pkk-tawan-cinayet-rojava-mihemed-omer.jpg 900w, https:\/\/darkamazi.info\/file\/2023\/04\/pkk-tawan-cinayet-rojava-mihemed-omer-300x166.jpg 300w, https:\/\/darkamazi.info\/file\/2023\/04\/pkk-tawan-cinayet-rojava-mihemed-omer-768x424.jpg 768w\" sizes=\"auto, (max-width: 900px) 100vw, 900px\" \/><\/p>\n","protected":false},"excerpt":{"rendered":"<p>Welatiyek\u00ee Her\u00eama Kurdistan\u00ea li \u015feva derbasb\u00fby\u00ee bi awayek\u00ee hovane li nav\u00e7eya Ko\u00e7erat a gir\u00eaday\u00ee D\u00eark\u00ea li her\u00eama Cz\u00eer\u00ea ya Rojava hat qetil kirin, agahiy\u00ean pi\u015ftrastkir\u00ee hene ku r\u00eaxistin\u00ean PKK\u00ea y\u00ean li Rojava ew qetil kir\u00ee ye. \u00c7avkaniy\u00ean p\u00eageha \u201cDarka Maz\u00ee\u201d li Rojava Kurdistan\u00ea e\u015fkere kirin, li \u015feva derbasb\u00fby\u00ee 25 N\u00eesana 2023an, welatiyek\u00ee Ba\u015f\u00fbr\u00ea Kurdistan\u00ea y\u00ea [&hellip;]<\/p>\n","protected":false},"author":2,"featured_media":1036216,"comment_status":"closed","ping_status":"closed","sticky":false,"template":"","format":"standard","meta":{"footnotes":""},"categories":[29],"tags":[37],"class_list":["post-1036214","post","type-post","status-publish","format-standard","has-post-thumbnail","hentry","category-kurdistan","tag-sereke"],"blocksy_meta":[],"seo_head":"<!-- This site is optimized with the Yoast SEO plugin v27.5 - https:\/\/yoast.com\/product\/yoast-seo-wordpress\/ -->\n<title>PKK\u00ea welatiyek\u00ee Her\u00eama Kurdistan\u00ea ku\u015ft - Darka Maz\u00ee<\/title>\n<meta name=\"robots\" content=\"index, follow, max-snippet:-1, max-image-preview:large, max-video-preview:-1\" \/>\n<link rel=\"canonical\" href=\"https:\/\/darkamazi.info\/archives\/1036214\" \/>\n<meta property=\"og:locale\" content=\"en_US\" \/>\n<meta property=\"og:type\" content=\"article\" \/>\n<meta property=\"og:title\" content=\"PKK\u00ea welatiyek\u00ee Her\u00eama Kurdistan\u00ea ku\u015ft - Darka Maz\u00ee\" \/>\n<meta property=\"og:description\" content=\"Welatiyek\u00ee Her\u00eama Kurdistan\u00ea li \u015feva derbasb\u00fby\u00ee bi awayek\u00ee hovane li nav\u00e7eya Ko\u00e7erat a gir\u00eaday\u00ee D\u00eark\u00ea li her\u00eama Cz\u00eer\u00ea ya Rojava hat qetil kirin, agahiy\u00ean pi\u015ftrastkir\u00ee hene ku r\u00eaxistin\u00ean PKK\u00ea y\u00ean li Rojava ew qetil kir\u00ee ye. \u00c7avkaniy\u00ean p\u00eageha \u201cDarka Maz\u00ee\u201d li Rojava Kurdistan\u00ea e\u015fkere kirin, li \u015feva derbasb\u00fby\u00ee 25 N\u00eesana 2023an, welatiyek\u00ee Ba\u015f\u00fbr\u00ea Kurdistan\u00ea y\u00ea [&hellip;]\" \/>\n<meta property=\"og:url\" content=\"https:\/\/darkamazi.info\/archives\/1036214\" \/>\n<meta property=\"og:site_name\" content=\"Darka Maz\u00ee\" \/>\n<meta property=\"article:publisher\" content=\"https:\/\/www.facebook.com\/DarMaziKurmanci\" \/>\n<meta property=\"article:published_time\" content=\"2023-04-26T07:52:27+00:00\" \/>\n<meta property=\"og:image\" content=\"https:\/\/darkamazi.info\/file\/2023\/04\/pyd-pkk-rojava-derk-kurdistan-info.jpg\" \/>\n\t<meta property=\"og:image:width\" content=\"900\" \/>\n\t<meta property=\"og:image:height\" content=\"497\" \/>\n\t<meta property=\"og:image:type\" content=\"image\/jpeg\" \/>\n<meta name=\"author\" content=\"darka mazi\" \/>\n<meta name=\"twitter:card\" content=\"summary_large_image\" \/>\n<meta name=\"twitter:creator\" content=\"@DarkaMaziLatini\" \/>\n<meta name=\"twitter:site\" content=\"@DarkaMaziLatini\" \/>\n<meta name=\"twitter:label1\" content=\"Written by\" \/>\n\t<meta name=\"twitter:data1\" content=\"darka mazi\" \/>\n\t<meta name=\"twitter:label2\" content=\"Est. reading time\" \/>\n\t<meta name=\"twitter:data2\" content=\"2 minutes\" \/>\n<script type=\"application\/ld+json\" class=\"seo-schema-graph\">{\"@context\":\"https:\\\/\\\/schema.org\",\"@graph\":[{\"@type\":\"Article\",\"@id\":\"https:\\\/\\\/darkamazi.info\\\/archives\\\/1036214#article\",\"isPartOf\":{\"@id\":\"https:\\\/\\\/darkamazi.info\\\/archives\\\/1036214\"},\"author\":{\"name\":\"darka mazi\",\"@id\":\"https:\\\/\\\/darkamazi.info\\\/#\\\/schema\\\/person\\\/5ad3e24553a0567993fa8ed4bd0a776c\"},\"headline\":\"PKK\u00ea welatiyek\u00ee Her\u00eama Kurdistan\u00ea ku\u015ft\",\"datePublished\":\"2023-04-26T07:52:27+00:00\",\"mainEntityOfPage\":{\"@id\":\"https:\\\/\\\/darkamazi.info\\\/archives\\\/1036214\"},\"wordCount\":324,\"publisher\":{\"@id\":\"https:\\\/\\\/darkamazi.info\\\/#organization\"},\"image\":{\"@id\":\"https:\\\/\\\/darkamazi.info\\\/archives\\\/1036214#primaryimage\"},\"thumbnailUrl\":\"https:\\\/\\\/darkamazi.info\\\/darka-content\\\/uploads\\\/2023\\\/04\\\/pyd-pkk-rojava-derk-kurdistan-info.jpg\",\"keywords\":[\"sereke\"],\"articleSection\":[\"Kurdistan\"],\"inLanguage\":\"en-US\"},{\"@type\":\"WebPage\",\"@id\":\"https:\\\/\\\/darkamazi.info\\\/archives\\\/1036214\",\"url\":\"https:\\\/\\\/darkamazi.info\\\/archives\\\/1036214\",\"name\":\"PKK\u00ea welatiyek\u00ee Her\u00eama Kurdistan\u00ea ku\u015ft - Darka Maz\u00ee\",\"isPartOf\":{\"@id\":\"https:\\\/\\\/darkamazi.info\\\/#website\"},\"primaryImageOfPage\":{\"@id\":\"https:\\\/\\\/darkamazi.info\\\/archives\\\/1036214#primaryimage\"},\"image\":{\"@id\":\"https:\\\/\\\/darkamazi.info\\\/archives\\\/1036214#primaryimage\"},\"thumbnailUrl\":\"https:\\\/\\\/darkamazi.info\\\/darka-content\\\/uploads\\\/2023\\\/04\\\/pyd-pkk-rojava-derk-kurdistan-info.jpg\",\"datePublished\":\"2023-04-26T07:52:27+00:00\",\"breadcrumb\":{\"@id\":\"https:\\\/\\\/darkamazi.info\\\/archives\\\/1036214#breadcrumb\"},\"inLanguage\":\"en-US\",\"potentialAction\":[{\"@type\":\"ReadAction\",\"target\":[\"https:\\\/\\\/darkamazi.info\\\/archives\\\/1036214\"]}]},{\"@type\":\"ImageObject\",\"inLanguage\":\"en-US\",\"@id\":\"https:\\\/\\\/darkamazi.info\\\/archives\\\/1036214#primaryimage\",\"url\":\"https:\\\/\\\/darkamazi.info\\\/darka-content\\\/uploads\\\/2023\\\/04\\\/pyd-pkk-rojava-derk-kurdistan-info.jpg\",\"contentUrl\":\"https:\\\/\\\/darkamazi.info\\\/darka-content\\\/uploads\\\/2023\\\/04\\\/pyd-pkk-rojava-derk-kurdistan-info.jpg\",\"width\":900,\"height\":497,\"caption\":\"pyd-pkk-rojava-derk-kurdistan-info\"},{\"@type\":\"BreadcrumbList\",\"@id\":\"https:\\\/\\\/darkamazi.info\\\/archives\\\/1036214#breadcrumb\",\"itemListElement\":[{\"@type\":\"ListItem\",\"position\":1,\"name\":\"Home\",\"item\":\"https:\\\/\\\/darkamazi.info\\\/\"},{\"@type\":\"ListItem\",\"position\":2,\"name\":\"PKK\u00ea welatiyek\u00ee Her\u00eama Kurdistan\u00ea ku\u015ft\"}]},{\"@type\":\"WebSite\",\"@id\":\"https:\\\/\\\/darkamazi.info\\\/#website\",\"url\":\"https:\\\/\\\/darkamazi.info\\\/\",\"name\":\"Darka Maz\u00ee\",\"description\":\"P\u00eageha Zanyariy\u00ean Nebih\u00eest\u00ee\",\"publisher\":{\"@id\":\"https:\\\/\\\/darkamazi.info\\\/#organization\"},\"potentialAction\":[{\"@type\":\"SearchAction\",\"target\":{\"@type\":\"EntryPoint\",\"urlTemplate\":\"https:\\\/\\\/darkamazi.info\\\/?s={search_term_string}\"},\"query-input\":{\"@type\":\"PropertyValueSpecification\",\"valueRequired\":true,\"valueName\":\"search_term_string\"}}],\"inLanguage\":\"en-US\"},{\"@type\":\"Organization\",\"@id\":\"https:\\\/\\\/darkamazi.info\\\/#organization\",\"name\":\"Darka Maz\u00ee\",\"url\":\"https:\\\/\\\/darkamazi.info\\\/\",\"logo\":{\"@type\":\"ImageObject\",\"inLanguage\":\"en-US\",\"@id\":\"https:\\\/\\\/darkamazi.info\\\/#\\\/schema\\\/logo\\\/image\\\/\",\"url\":\"https:\\\/\\\/darkamazi.info\\\/darka-content\\\/uploads\\\/2017\\\/12\\\/darka-mazi-logo.png\",\"contentUrl\":\"https:\\\/\\\/darkamazi.info\\\/darka-content\\\/uploads\\\/2017\\\/12\\\/darka-mazi-logo.png\",\"width\":151,\"height\":75,\"caption\":\"Darka Maz\u00ee\"},\"image\":{\"@id\":\"https:\\\/\\\/darkamazi.info\\\/#\\\/schema\\\/logo\\\/image\\\/\"},\"sameAs\":[\"https:\\\/\\\/www.facebook.com\\\/DarMaziKurmanci\",\"https:\\\/\\\/x.com\\\/DarkaMaziLatini\",\"https:\\\/\\\/www.instagram.com\\\/darkamazi.kurmanci\\\/\",\"https:\\\/\\\/www.youtube.com\\\/channel\\\/UCa5HkTdmI8U1qCUFuTw8B2g\"]},{\"@type\":\"Person\",\"@id\":\"https:\\\/\\\/darkamazi.info\\\/#\\\/schema\\\/person\\\/5ad3e24553a0567993fa8ed4bd0a776c\",\"name\":\"darka mazi\",\"sameAs\":[\"https:\\\/\\\/darkamazi.info\\\/\"],\"url\":\"https:\\\/\\\/darkamazi.info\\\/archives\\\/author\\\/kurdi\"}]}<\/script>\n<!-- \/ Yoast SEO plugin. -->","seo_head_json":{"title":"PKK\u00ea welatiyek\u00ee Her\u00eama Kurdistan\u00ea ku\u015ft - Darka Maz\u00ee","robots":{"index":"index","follow":"follow","max-snippet":"max-snippet:-1","max-image-preview":"max-image-preview:large","max-video-preview":"max-video-preview:-1"},"canonical":"https:\/\/darkamazi.info\/archives\/1036214","og_locale":"en_US","og_type":"article","og_title":"PKK\u00ea welatiyek\u00ee Her\u00eama Kurdistan\u00ea ku\u015ft - Darka Maz\u00ee","og_description":"Welatiyek\u00ee Her\u00eama Kurdistan\u00ea li \u015feva derbasb\u00fby\u00ee bi awayek\u00ee hovane li nav\u00e7eya Ko\u00e7erat a gir\u00eaday\u00ee D\u00eark\u00ea li her\u00eama Cz\u00eer\u00ea ya Rojava hat qetil kirin, agahiy\u00ean pi\u015ftrastkir\u00ee hene ku r\u00eaxistin\u00ean PKK\u00ea y\u00ean li Rojava ew qetil kir\u00ee ye. \u00c7avkaniy\u00ean p\u00eageha \u201cDarka Maz\u00ee\u201d li Rojava Kurdistan\u00ea e\u015fkere kirin, li \u015feva derbasb\u00fby\u00ee 25 N\u00eesana 2023an, welatiyek\u00ee Ba\u015f\u00fbr\u00ea Kurdistan\u00ea y\u00ea [&hellip;]","og_url":"https:\/\/darkamazi.info\/archives\/1036214","og_site_name":"Darka Maz\u00ee","article_publisher":"https:\/\/www.facebook.com\/DarMaziKurmanci","article_published_time":"2023-04-26T07:52:27+00:00","og_image":[{"width":900,"height":497,"url":"https:\/\/darkamazi.info\/file\/2023\/04\/pyd-pkk-rojava-derk-kurdistan-info.jpg","type":"image\/jpeg"}],"author":"darka mazi","twitter_card":"summary_large_image","twitter_creator":"@DarkaMaziLatini","twitter_site":"@DarkaMaziLatini","twitter_misc":{"Written by":"darka mazi","Est. reading time":"2 minutes"},"schema":{"@context":"https:\/\/schema.org","@graph":[{"@type":"Article","@id":"https:\/\/darkamazi.info\/archives\/1036214#article","isPartOf":{"@id":"https:\/\/darkamazi.info\/archives\/1036214"},"author":{"name":"darka mazi","@id":"https:\/\/darkamazi.info\/#\/schema\/person\/5ad3e24553a0567993fa8ed4bd0a776c"},"headline":"PKK\u00ea welatiyek\u00ee Her\u00eama Kurdistan\u00ea ku\u015ft","datePublished":"2023-04-26T07:52:27+00:00","mainEntityOfPage":{"@id":"https:\/\/darkamazi.info\/archives\/1036214"},"wordCount":324,"publisher":{"@id":"https:\/\/darkamazi.info\/#organization"},"image":{"@id":"https:\/\/darkamazi.info\/archives\/1036214#primaryimage"},"thumbnailUrl":"https:\/\/darkamazi.info\/file\/2023\/04\/pyd-pkk-rojava-derk-kurdistan-info.jpg","keywords":["sereke"],"articleSection":["Kurdistan"],"inLanguage":"en-US"},{"@type":"WebPage","@id":"https:\/\/darkamazi.info\/archives\/1036214","url":"https:\/\/darkamazi.info\/archives\/1036214","name":"PKK\u00ea welatiyek\u00ee Her\u00eama Kurdistan\u00ea ku\u015ft - Darka Maz\u00ee","isPartOf":{"@id":"https:\/\/darkamazi.info\/#website"},"primaryImageOfPage":{"@id":"https:\/\/darkamazi.info\/archives\/1036214#primaryimage"},"image":{"@id":"https:\/\/darkamazi.info\/archives\/1036214#primaryimage"},"thumbnailUrl":"https:\/\/darkamazi.info\/file\/2023\/04\/pyd-pkk-rojava-derk-kurdistan-info.jpg","datePublished":"2023-04-26T07:52:27+00:00","breadcrumb":{"@id":"https:\/\/darkamazi.info\/archives\/1036214#breadcrumb"},"inLanguage":"en-US","potentialAction":[{"@type":"ReadAction","target":["https:\/\/darkamazi.info\/archives\/1036214"]}]},{"@type":"ImageObject","inLanguage":"en-US","@id":"https:\/\/darkamazi.info\/archives\/1036214#primaryimage","url":"https:\/\/darkamazi.info\/file\/2023\/04\/pyd-pkk-rojava-derk-kurdistan-info.jpg","contentUrl":"https:\/\/darkamazi.info\/file\/2023\/04\/pyd-pkk-rojava-derk-kurdistan-info.jpg","width":900,"height":497,"caption":"pyd-pkk-rojava-derk-kurdistan-info"},{"@type":"BreadcrumbList","@id":"https:\/\/darkamazi.info\/archives\/1036214#breadcrumb","itemListElement":[{"@type":"ListItem","position":1,"name":"Home","item":"https:\/\/darkamazi.info\/"},{"@type":"ListItem","position":2,"name":"PKK\u00ea welatiyek\u00ee Her\u00eama Kurdistan\u00ea ku\u015ft"}]},{"@type":"WebSite","@id":"https:\/\/darkamazi.info\/#website","url":"https:\/\/darkamazi.info\/","name":"Darka Maz\u00ee","description":"P\u00eageha Zanyariy\u00ean Nebih\u00eest\u00ee","publisher":{"@id":"https:\/\/darkamazi.info\/#organization"},"potentialAction":[{"@type":"SearchAction","target":{"@type":"EntryPoint","urlTemplate":"https:\/\/darkamazi.info\/?s={search_term_string}"},"query-input":{"@type":"PropertyValueSpecification","valueRequired":true,"valueName":"search_term_string"}}],"inLanguage":"en-US"},{"@type":"Organization","@id":"https:\/\/darkamazi.info\/#organization","name":"Darka Maz\u00ee","url":"https:\/\/darkamazi.info\/","logo":{"@type":"ImageObject","inLanguage":"en-US","@id":"https:\/\/darkamazi.info\/#\/schema\/logo\/image\/","url":"https:\/\/darkamazi.info\/file\/2017\/12\/darka-mazi-logo.png","contentUrl":"https:\/\/darkamazi.info\/file\/2017\/12\/darka-mazi-logo.png","width":151,"height":75,"caption":"Darka Maz\u00ee"},"image":{"@id":"https:\/\/darkamazi.info\/#\/schema\/logo\/image\/"},"sameAs":["https:\/\/www.facebook.com\/DarMaziKurmanci","https:\/\/x.com\/DarkaMaziLatini","https:\/\/www.instagram.com\/darkamazi.kurmanci\/","https:\/\/www.youtube.com\/channel\/UCa5HkTdmI8U1qCUFuTw8B2g"]},{"@type":"Person","@id":"https:\/\/darkamazi.info\/#\/schema\/person\/5ad3e24553a0567993fa8ed4bd0a776c","name":"darka mazi","sameAs":["https:\/\/darkamazi.info\/"],"url":"https:\/\/darkamazi.info\/archives\/author\/kurdi"}]}},"_links":{"self":[{"href":"https:\/\/darkamazi.info\/funavuv\/wp\/v2\/posts\/1036214","targetHints":{"allow":["GET"]}}],"collection":[{"href":"https:\/\/darkamazi.info\/funavuv\/wp\/v2\/posts"}],"about":[{"href":"https:\/\/darkamazi.info\/funavuv\/wp\/v2\/types\/post"}],"author":[{"embeddable":true,"href":"https:\/\/darkamazi.info\/funavuv\/wp\/v2\/users\/2"}],"replies":[{"embeddable":true,"href":"https:\/\/darkamazi.info\/funavuv\/wp\/v2\/comments?post=1036214"}],"version-history":[{"count":0,"href":"https:\/\/darkamazi.info\/funavuv\/wp\/v2\/posts\/1036214\/revisions"}],"wp:featuredmedia":[{"embeddable":true,"href":"https:\/\/darkamazi.info\/funavuv\/wp\/v2\/media\/1036216"}],"wp:attachment":[{"href":"https:\/\/darkamazi.info\/funavuv\/wp\/v2\/media?parent=1036214"}],"wp:term":[{"taxonomy":"category","embeddable":true,"href":"https:\/\/darkamazi.info\/funavuv\/wp\/v2\/categories?post=1036214"},{"taxonomy":"post_tag","embeddable":true,"href":"https:\/\/darkamazi.info\/funavuv\/wp\/v2\/tags?post=1036214"}],"curies":[{"name":"wp","href":"https:\/\/api.w.org\/{rel}","templated":true}]}}