{"id":1036259,"date":"2023-04-29T10:58:17","date_gmt":"2023-04-29T07:58:17","guid":{"rendered":"https:\/\/darkamazi.info\/?p=1036259"},"modified":"2023-04-29T10:58:17","modified_gmt":"2023-04-29T07:58:17","slug":"kurdek-li-giwer-ji-aliye-daise-ve-hat-kustin","status":"publish","type":"post","link":"https:\/\/darkamazi.info\/archives\/1036259","title":{"rendered":"Kurdek li Giw\u00ear ji aliy\u00ea DAI\u015e\u00ea ve hat ku\u015ftin"},"content":{"rendered":"<h3 style=\"text-align: justify\"><span style=\"font-family: 'arial black', sans-serif\">\u00c7ekdar\u00ean DAI\u015e\u00ea li nav\u00e7eya Giw\u00ear\u00ea du welatiy\u00ean Kurd revandin, yek ji wan ku\u015ftine \u00fb ew\u00ea din j\u00ee bi bir\u00eendar\u00ee hat rizgarkirin.<\/span><\/h3>\n<h3 style=\"text-align: justify\">J\u00eaderek\u00ee aghdar ji Kurdistan24\u00ea re ragihand, duh 28\u00ea N\u00eesana 2023an, du welatiy\u00ean Kurd bi mebesta n\u00ea\u00e7\u00eera masiyan \u00e7\u00fbne ser Z\u00eaya Giw\u00ear, ji aliy\u00ea DAI\u015e\u00ea ve hatine revandin \u00fb yek ji wan ku\u015ftine \u00fb ew\u00ea din j\u00ee hatiye rizgarkirin.<\/h3>\n<h3 style=\"text-align: justify\">Heman j\u00eader destn\u00ee\u015fan kir, ew du kes pi\u015ft\u00ee ku venegeriyane mal\u00ea \u00fb telefona wan j\u00ee girt\u00ee b\u00fbye, ji aliy\u00ea malbata wan ve dezgeh\u00ean ewlehiy\u00ea hatine agahdarkirin ku ew \u00e7\u00fbne w\u00ea dever\u00ea \u00fb venegeriyane, pi\u015ftre diyar b\u00fbye ku ji aliy\u00ea DAI\u015e\u00ea ve hatine revandin.<\/h3>\n<h3 style=\"text-align: justify\">Herwiha e\u015fkere kir, ew kes\u00ea ku ji aliy\u00ea DAI\u015e\u00ea ve hatiye ku\u015ftin, serbaz\u00ea art\u00ea\u015fa Iraq\u00ea b\u00fbye, ew\u00ea din j\u00ee welatiyek\u00ee asay\u00ee b\u00fbye.<\/h3>\n","protected":false},"excerpt":{"rendered":"<p>\u00c7ekdar\u00ean DAI\u015e\u00ea li nav\u00e7eya Giw\u00ear\u00ea du welatiy\u00ean Kurd revandin, yek ji wan ku\u015ftine \u00fb ew\u00ea din j\u00ee bi bir\u00eendar\u00ee hat rizgarkirin. J\u00eaderek\u00ee aghdar ji Kurdistan24\u00ea re ragihand, duh 28\u00ea N\u00eesana 2023an, du welatiy\u00ean Kurd bi mebesta n\u00ea\u00e7\u00eera masiyan \u00e7\u00fbne ser Z\u00eaya Giw\u00ear, ji aliy\u00ea DAI\u015e\u00ea ve hatine revandin \u00fb yek ji wan ku\u015ftine \u00fb ew\u00ea [&hellip;]<\/p>\n","protected":false},"author":2,"featured_media":1036260,"comment_status":"closed","ping_status":"closed","sticky":false,"template":"","format":"standard","meta":{"footnotes":""},"categories":[29],"tags":[37],"class_list":["post-1036259","post","type-post","status-publish","format-standard","has-post-thumbnail","hentry","category-kurdistan","tag-sereke"],"blocksy_meta":[],"seo_head":"<!-- This site is optimized with the Yoast SEO plugin v27.5 - https:\/\/yoast.com\/product\/yoast-seo-wordpress\/ -->\n<title>Kurdek li Giw\u00ear ji aliy\u00ea DAI\u015e\u00ea ve hat ku\u015ftin - Darka Maz\u00ee<\/title>\n<meta name=\"robots\" content=\"index, follow, max-snippet:-1, max-image-preview:large, max-video-preview:-1\" \/>\n<link rel=\"canonical\" href=\"https:\/\/darkamazi.info\/archives\/1036259\" \/>\n<meta property=\"og:locale\" content=\"en_US\" \/>\n<meta property=\"og:type\" content=\"article\" \/>\n<meta property=\"og:title\" content=\"Kurdek li Giw\u00ear ji aliy\u00ea DAI\u015e\u00ea ve hat ku\u015ftin - Darka Maz\u00ee\" \/>\n<meta property=\"og:description\" content=\"\u00c7ekdar\u00ean DAI\u015e\u00ea li nav\u00e7eya Giw\u00ear\u00ea du welatiy\u00ean Kurd revandin, yek ji wan ku\u015ftine \u00fb ew\u00ea din j\u00ee bi bir\u00eendar\u00ee hat rizgarkirin. J\u00eaderek\u00ee aghdar ji Kurdistan24\u00ea re ragihand, duh 28\u00ea N\u00eesana 2023an, du welatiy\u00ean Kurd bi mebesta n\u00ea\u00e7\u00eera masiyan \u00e7\u00fbne ser Z\u00eaya Giw\u00ear, ji aliy\u00ea DAI\u015e\u00ea ve hatine revandin \u00fb yek ji wan ku\u015ftine \u00fb ew\u00ea [&hellip;]\" \/>\n<meta property=\"og:url\" content=\"https:\/\/darkamazi.info\/archives\/1036259\" \/>\n<meta property=\"og:site_name\" content=\"Darka Maz\u00ee\" \/>\n<meta property=\"article:publisher\" content=\"https:\/\/www.facebook.com\/DarMaziKurmanci\" \/>\n<meta property=\"article:published_time\" content=\"2023-04-29T07:58:17+00:00\" \/>\n<meta property=\"og:image\" content=\"https:\/\/darkamazi.info\/file\/2023\/04\/giwer.jpg\" \/>\n\t<meta property=\"og:image:width\" content=\"900\" \/>\n\t<meta property=\"og:image:height\" content=\"497\" \/>\n\t<meta property=\"og:image:type\" content=\"image\/jpeg\" \/>\n<meta name=\"author\" content=\"darka mazi\" \/>\n<meta name=\"twitter:card\" content=\"summary_large_image\" \/>\n<meta name=\"twitter:creator\" content=\"@DarkaMaziLatini\" \/>\n<meta name=\"twitter:site\" content=\"@DarkaMaziLatini\" \/>\n<meta name=\"twitter:label1\" content=\"Written by\" \/>\n\t<meta name=\"twitter:data1\" content=\"darka mazi\" \/>\n\t<meta name=\"twitter:label2\" content=\"Est. reading time\" \/>\n\t<meta name=\"twitter:data2\" content=\"1 minute\" \/>\n<script type=\"application\/ld+json\" class=\"seo-schema-graph\">{\"@context\":\"https:\\\/\\\/schema.org\",\"@graph\":[{\"@type\":\"Article\",\"@id\":\"https:\\\/\\\/darkamazi.info\\\/archives\\\/1036259#article\",\"isPartOf\":{\"@id\":\"https:\\\/\\\/darkamazi.info\\\/archives\\\/1036259\"},\"author\":{\"name\":\"darka mazi\",\"@id\":\"https:\\\/\\\/darkamazi.info\\\/#\\\/schema\\\/person\\\/5ad3e24553a0567993fa8ed4bd0a776c\"},\"headline\":\"Kurdek li Giw\u00ear ji aliy\u00ea DAI\u015e\u00ea ve hat ku\u015ftin\",\"datePublished\":\"2023-04-29T07:58:17+00:00\",\"mainEntityOfPage\":{\"@id\":\"https:\\\/\\\/darkamazi.info\\\/archives\\\/1036259\"},\"wordCount\":154,\"publisher\":{\"@id\":\"https:\\\/\\\/darkamazi.info\\\/#organization\"},\"image\":{\"@id\":\"https:\\\/\\\/darkamazi.info\\\/archives\\\/1036259#primaryimage\"},\"thumbnailUrl\":\"https:\\\/\\\/darkamazi.info\\\/darka-content\\\/uploads\\\/2023\\\/04\\\/giwer.jpg\",\"keywords\":[\"sereke\"],\"articleSection\":[\"Kurdistan\"],\"inLanguage\":\"en-US\"},{\"@type\":\"WebPage\",\"@id\":\"https:\\\/\\\/darkamazi.info\\\/archives\\\/1036259\",\"url\":\"https:\\\/\\\/darkamazi.info\\\/archives\\\/1036259\",\"name\":\"Kurdek li Giw\u00ear ji aliy\u00ea DAI\u015e\u00ea ve hat ku\u015ftin - Darka Maz\u00ee\",\"isPartOf\":{\"@id\":\"https:\\\/\\\/darkamazi.info\\\/#website\"},\"primaryImageOfPage\":{\"@id\":\"https:\\\/\\\/darkamazi.info\\\/archives\\\/1036259#primaryimage\"},\"image\":{\"@id\":\"https:\\\/\\\/darkamazi.info\\\/archives\\\/1036259#primaryimage\"},\"thumbnailUrl\":\"https:\\\/\\\/darkamazi.info\\\/darka-content\\\/uploads\\\/2023\\\/04\\\/giwer.jpg\",\"datePublished\":\"2023-04-29T07:58:17+00:00\",\"breadcrumb\":{\"@id\":\"https:\\\/\\\/darkamazi.info\\\/archives\\\/1036259#breadcrumb\"},\"inLanguage\":\"en-US\",\"potentialAction\":[{\"@type\":\"ReadAction\",\"target\":[\"https:\\\/\\\/darkamazi.info\\\/archives\\\/1036259\"]}]},{\"@type\":\"ImageObject\",\"inLanguage\":\"en-US\",\"@id\":\"https:\\\/\\\/darkamazi.info\\\/archives\\\/1036259#primaryimage\",\"url\":\"https:\\\/\\\/darkamazi.info\\\/darka-content\\\/uploads\\\/2023\\\/04\\\/giwer.jpg\",\"contentUrl\":\"https:\\\/\\\/darkamazi.info\\\/darka-content\\\/uploads\\\/2023\\\/04\\\/giwer.jpg\",\"width\":900,\"height\":497,\"caption\":\"Kurdek li Giw\u00ear ji aliy\u00ea DAI\u015e\u00ea ve hat ku\u015ftin\"},{\"@type\":\"BreadcrumbList\",\"@id\":\"https:\\\/\\\/darkamazi.info\\\/archives\\\/1036259#breadcrumb\",\"itemListElement\":[{\"@type\":\"ListItem\",\"position\":1,\"name\":\"Home\",\"item\":\"https:\\\/\\\/darkamazi.info\\\/\"},{\"@type\":\"ListItem\",\"position\":2,\"name\":\"Kurdek li Giw\u00ear ji aliy\u00ea DAI\u015e\u00ea ve hat ku\u015ftin\"}]},{\"@type\":\"WebSite\",\"@id\":\"https:\\\/\\\/darkamazi.info\\\/#website\",\"url\":\"https:\\\/\\\/darkamazi.info\\\/\",\"name\":\"Darka Maz\u00ee\",\"description\":\"P\u00eageha Zanyariy\u00ean Nebih\u00eest\u00ee\",\"publisher\":{\"@id\":\"https:\\\/\\\/darkamazi.info\\\/#organization\"},\"potentialAction\":[{\"@type\":\"SearchAction\",\"target\":{\"@type\":\"EntryPoint\",\"urlTemplate\":\"https:\\\/\\\/darkamazi.info\\\/?s={search_term_string}\"},\"query-input\":{\"@type\":\"PropertyValueSpecification\",\"valueRequired\":true,\"valueName\":\"search_term_string\"}}],\"inLanguage\":\"en-US\"},{\"@type\":\"Organization\",\"@id\":\"https:\\\/\\\/darkamazi.info\\\/#organization\",\"name\":\"Darka Maz\u00ee\",\"url\":\"https:\\\/\\\/darkamazi.info\\\/\",\"logo\":{\"@type\":\"ImageObject\",\"inLanguage\":\"en-US\",\"@id\":\"https:\\\/\\\/darkamazi.info\\\/#\\\/schema\\\/logo\\\/image\\\/\",\"url\":\"https:\\\/\\\/darkamazi.info\\\/darka-content\\\/uploads\\\/2017\\\/12\\\/darka-mazi-logo.png\",\"contentUrl\":\"https:\\\/\\\/darkamazi.info\\\/darka-content\\\/uploads\\\/2017\\\/12\\\/darka-mazi-logo.png\",\"width\":151,\"height\":75,\"caption\":\"Darka Maz\u00ee\"},\"image\":{\"@id\":\"https:\\\/\\\/darkamazi.info\\\/#\\\/schema\\\/logo\\\/image\\\/\"},\"sameAs\":[\"https:\\\/\\\/www.facebook.com\\\/DarMaziKurmanci\",\"https:\\\/\\\/x.com\\\/DarkaMaziLatini\",\"https:\\\/\\\/www.instagram.com\\\/darkamazi.kurmanci\\\/\",\"https:\\\/\\\/www.youtube.com\\\/channel\\\/UCa5HkTdmI8U1qCUFuTw8B2g\"]},{\"@type\":\"Person\",\"@id\":\"https:\\\/\\\/darkamazi.info\\\/#\\\/schema\\\/person\\\/5ad3e24553a0567993fa8ed4bd0a776c\",\"name\":\"darka mazi\",\"sameAs\":[\"https:\\\/\\\/darkamazi.info\\\/\"],\"url\":\"https:\\\/\\\/darkamazi.info\\\/archives\\\/author\\\/kurdi\"}]}<\/script>\n<!-- \/ Yoast SEO plugin. -->","seo_head_json":{"title":"Kurdek li Giw\u00ear ji aliy\u00ea DAI\u015e\u00ea ve hat ku\u015ftin - Darka Maz\u00ee","robots":{"index":"index","follow":"follow","max-snippet":"max-snippet:-1","max-image-preview":"max-image-preview:large","max-video-preview":"max-video-preview:-1"},"canonical":"https:\/\/darkamazi.info\/archives\/1036259","og_locale":"en_US","og_type":"article","og_title":"Kurdek li Giw\u00ear ji aliy\u00ea DAI\u015e\u00ea ve hat ku\u015ftin - Darka Maz\u00ee","og_description":"\u00c7ekdar\u00ean DAI\u015e\u00ea li nav\u00e7eya Giw\u00ear\u00ea du welatiy\u00ean Kurd revandin, yek ji wan ku\u015ftine \u00fb ew\u00ea din j\u00ee bi bir\u00eendar\u00ee hat rizgarkirin. J\u00eaderek\u00ee aghdar ji Kurdistan24\u00ea re ragihand, duh 28\u00ea N\u00eesana 2023an, du welatiy\u00ean Kurd bi mebesta n\u00ea\u00e7\u00eera masiyan \u00e7\u00fbne ser Z\u00eaya Giw\u00ear, ji aliy\u00ea DAI\u015e\u00ea ve hatine revandin \u00fb yek ji wan ku\u015ftine \u00fb ew\u00ea [&hellip;]","og_url":"https:\/\/darkamazi.info\/archives\/1036259","og_site_name":"Darka Maz\u00ee","article_publisher":"https:\/\/www.facebook.com\/DarMaziKurmanci","article_published_time":"2023-04-29T07:58:17+00:00","og_image":[{"width":900,"height":497,"url":"https:\/\/darkamazi.info\/file\/2023\/04\/giwer.jpg","type":"image\/jpeg"}],"author":"darka mazi","twitter_card":"summary_large_image","twitter_creator":"@DarkaMaziLatini","twitter_site":"@DarkaMaziLatini","twitter_misc":{"Written by":"darka mazi","Est. reading time":"1 minute"},"schema":{"@context":"https:\/\/schema.org","@graph":[{"@type":"Article","@id":"https:\/\/darkamazi.info\/archives\/1036259#article","isPartOf":{"@id":"https:\/\/darkamazi.info\/archives\/1036259"},"author":{"name":"darka mazi","@id":"https:\/\/darkamazi.info\/#\/schema\/person\/5ad3e24553a0567993fa8ed4bd0a776c"},"headline":"Kurdek li Giw\u00ear ji aliy\u00ea DAI\u015e\u00ea ve hat ku\u015ftin","datePublished":"2023-04-29T07:58:17+00:00","mainEntityOfPage":{"@id":"https:\/\/darkamazi.info\/archives\/1036259"},"wordCount":154,"publisher":{"@id":"https:\/\/darkamazi.info\/#organization"},"image":{"@id":"https:\/\/darkamazi.info\/archives\/1036259#primaryimage"},"thumbnailUrl":"https:\/\/darkamazi.info\/file\/2023\/04\/giwer.jpg","keywords":["sereke"],"articleSection":["Kurdistan"],"inLanguage":"en-US"},{"@type":"WebPage","@id":"https:\/\/darkamazi.info\/archives\/1036259","url":"https:\/\/darkamazi.info\/archives\/1036259","name":"Kurdek li Giw\u00ear ji aliy\u00ea DAI\u015e\u00ea ve hat ku\u015ftin - Darka Maz\u00ee","isPartOf":{"@id":"https:\/\/darkamazi.info\/#website"},"primaryImageOfPage":{"@id":"https:\/\/darkamazi.info\/archives\/1036259#primaryimage"},"image":{"@id":"https:\/\/darkamazi.info\/archives\/1036259#primaryimage"},"thumbnailUrl":"https:\/\/darkamazi.info\/file\/2023\/04\/giwer.jpg","datePublished":"2023-04-29T07:58:17+00:00","breadcrumb":{"@id":"https:\/\/darkamazi.info\/archives\/1036259#breadcrumb"},"inLanguage":"en-US","potentialAction":[{"@type":"ReadAction","target":["https:\/\/darkamazi.info\/archives\/1036259"]}]},{"@type":"ImageObject","inLanguage":"en-US","@id":"https:\/\/darkamazi.info\/archives\/1036259#primaryimage","url":"https:\/\/darkamazi.info\/file\/2023\/04\/giwer.jpg","contentUrl":"https:\/\/darkamazi.info\/file\/2023\/04\/giwer.jpg","width":900,"height":497,"caption":"Kurdek li Giw\u00ear ji aliy\u00ea DAI\u015e\u00ea ve hat ku\u015ftin"},{"@type":"BreadcrumbList","@id":"https:\/\/darkamazi.info\/archives\/1036259#breadcrumb","itemListElement":[{"@type":"ListItem","position":1,"name":"Home","item":"https:\/\/darkamazi.info\/"},{"@type":"ListItem","position":2,"name":"Kurdek li Giw\u00ear ji aliy\u00ea DAI\u015e\u00ea ve hat ku\u015ftin"}]},{"@type":"WebSite","@id":"https:\/\/darkamazi.info\/#website","url":"https:\/\/darkamazi.info\/","name":"Darka Maz\u00ee","description":"P\u00eageha Zanyariy\u00ean Nebih\u00eest\u00ee","publisher":{"@id":"https:\/\/darkamazi.info\/#organization"},"potentialAction":[{"@type":"SearchAction","target":{"@type":"EntryPoint","urlTemplate":"https:\/\/darkamazi.info\/?s={search_term_string}"},"query-input":{"@type":"PropertyValueSpecification","valueRequired":true,"valueName":"search_term_string"}}],"inLanguage":"en-US"},{"@type":"Organization","@id":"https:\/\/darkamazi.info\/#organization","name":"Darka Maz\u00ee","url":"https:\/\/darkamazi.info\/","logo":{"@type":"ImageObject","inLanguage":"en-US","@id":"https:\/\/darkamazi.info\/#\/schema\/logo\/image\/","url":"https:\/\/darkamazi.info\/file\/2017\/12\/darka-mazi-logo.png","contentUrl":"https:\/\/darkamazi.info\/file\/2017\/12\/darka-mazi-logo.png","width":151,"height":75,"caption":"Darka Maz\u00ee"},"image":{"@id":"https:\/\/darkamazi.info\/#\/schema\/logo\/image\/"},"sameAs":["https:\/\/www.facebook.com\/DarMaziKurmanci","https:\/\/x.com\/DarkaMaziLatini","https:\/\/www.instagram.com\/darkamazi.kurmanci\/","https:\/\/www.youtube.com\/channel\/UCa5HkTdmI8U1qCUFuTw8B2g"]},{"@type":"Person","@id":"https:\/\/darkamazi.info\/#\/schema\/person\/5ad3e24553a0567993fa8ed4bd0a776c","name":"darka mazi","sameAs":["https:\/\/darkamazi.info\/"],"url":"https:\/\/darkamazi.info\/archives\/author\/kurdi"}]}},"_links":{"self":[{"href":"https:\/\/darkamazi.info\/funavuv\/wp\/v2\/posts\/1036259","targetHints":{"allow":["GET"]}}],"collection":[{"href":"https:\/\/darkamazi.info\/funavuv\/wp\/v2\/posts"}],"about":[{"href":"https:\/\/darkamazi.info\/funavuv\/wp\/v2\/types\/post"}],"author":[{"embeddable":true,"href":"https:\/\/darkamazi.info\/funavuv\/wp\/v2\/users\/2"}],"replies":[{"embeddable":true,"href":"https:\/\/darkamazi.info\/funavuv\/wp\/v2\/comments?post=1036259"}],"version-history":[{"count":0,"href":"https:\/\/darkamazi.info\/funavuv\/wp\/v2\/posts\/1036259\/revisions"}],"wp:featuredmedia":[{"embeddable":true,"href":"https:\/\/darkamazi.info\/funavuv\/wp\/v2\/media\/1036260"}],"wp:attachment":[{"href":"https:\/\/darkamazi.info\/funavuv\/wp\/v2\/media?parent=1036259"}],"wp:term":[{"taxonomy":"category","embeddable":true,"href":"https:\/\/darkamazi.info\/funavuv\/wp\/v2\/categories?post=1036259"},{"taxonomy":"post_tag","embeddable":true,"href":"https:\/\/darkamazi.info\/funavuv\/wp\/v2\/tags?post=1036259"}],"curies":[{"name":"wp","href":"https:\/\/api.w.org\/{rel}","templated":true}]}}