{"id":1036466,"date":"2023-05-13T17:36:41","date_gmt":"2023-05-13T14:36:41","guid":{"rendered":"https:\/\/darkamazi.info\/?p=1036466"},"modified":"2023-05-13T17:36:41","modified_gmt":"2023-05-13T14:36:41","slug":"ger-ez-bakur-bum-ez-e-denge-xwe-bidim-hak-par","status":"publish","type":"post","link":"https:\/\/darkamazi.info\/archives\/1036466","title":{"rendered":"Ger ez bakur b\u00fbm, ez \u00ea deng\u00ea xwe bidim HAK-PAR"},"content":{"rendered":"<h3 style=\"text-align: justify\"><span style=\"font-family: 'arial black', sans-serif;color: #0000ff\">Nasrat Hac\u00ee<\/span><\/h3>\n<h3 style=\"text-align: justify\"><span style=\"font-family: 'arial black', sans-serif\">Ger ez bakur\u00ee b\u00fbm \u00fb maf\u00ea min \u00ea dengdan\u00ea heb\u00fbya, \u00e7ima ez\u00ea deng\u00ea xwe bidim HAK-PAR\u00ea?<\/span><\/h3>\n<h3 style=\"text-align: justify\">\u201cEm gelek caran HAK-PAR\u00ea rexne dikin \u00fb dixwazin ew behtir li ser xetek netew\u00ee siyaset\u00ea bikin. Rexney\u00ean me ne ji bo e\u015fandina HAK-PAR\u00ea ye, ji bo p\u00ea\u015fketina wan e. Rast\u00ee dema li Diyarbekir\u00ea ez Otub\u00fbsa HAK-PAR\u00ea dib\u00eenim \u00fb stran\u00ean ni\u015ftiman\u00ee bi deng\u00ea bilind seh dikim ev yek di aliy\u00ea his\u00ee de bandor\u00ea li min dike. Ji bo w\u00ea j\u00ee vekir\u00ee ez\u00ea deng\u00ea xwe bidim Ala Kurdistan\u00ea \u00fb van stran\u00ean ni\u015ftiman\u00ee ku dih\u00eale h\u00eastir ji \u00e7av\u00ean min bibarin..\u201d Ev gotin\u00ean welatiyek\u00ee Kurd \u00ea ji Bakur\u00ea Kurdistan\u00ea ne.<\/h3>\n<h3 style=\"text-align: justify\">HAK-PAR d\u00ea wek partiyeke Kurdistan\u00ee be\u015fdar\u00ee hilbijartinan bibe. Yekem partiya Kurd\u00ee ye ku di propagandaya hilbijartinan de e\u015fkere \u00fb zelal behsa maf\u00ean gel\u00ea Kurd dike. Li Bakur\u00ea Kurdistan\u00ea maf\u00ean netew\u00ee y\u00ean gel\u00ea Kurd dipar\u00eaze. Hak-Par di kampanya xwe ya hilbijartin\u00ean Bakur\u00ea Kurdistan\u00ea de daxwaz dike ku p\u00eakhateyeke siyas\u00ee ya federal \u00fb Tirkiye bibe komara federal.<\/h3>\n<h3 style=\"text-align: justify\">HAK-PAR dixwaze ziman\u00ea kurd\u00ee li Bakur\u00ea Kurdistan\u00ea bibe ziman\u00ea perwerdey\u00ea \u00fb bibe ziman\u00ea ferm\u00ee. Bi kurt\u00ee mirov dikare bib\u00eaje ku projeya v\u00ea partiy\u00ea ji bo \u00e7areseriya pirsgir\u00eaka kurd li Tirkiy\u00ea heye \u00fb maf\u00ean gel\u00ea kurd li Bakur\u00ea Kurdistan\u00ea di projeya xwe ya hilbijartin\u00ea ya v\u00ea qonax\u00ea de cih girtiye.<\/h3>\n<h3 style=\"text-align: justify\">Mixabin li ser v\u00ea partiya kurd\u00ee \u00fb bername \u00fb projeya w\u00ea ya netew\u00ee pir k\u00eam hat gotin. Sedema sereke j\u00ee ew e ku PKK\/HDP\u00ea kurd as\u00eem\u00eele kiriye \u00fb ne ten\u00ea hesta netew\u00ee ya kurd qels kiriye, bi gi\u015ft\u00ee li Bakur\u00ea Kurdistan\u00ea hesta netewey\u00ee j\u00ee dikuje. Di van sal\u00ean daw\u00een de ev gotin li Bakur\u00ea Kurdistan\u00ea wek Kurdistan, Bakur hatin qedexekirin. V\u00ea yek\u00ea dikin ji ber ku ew siyasetek \u00e7ep \u00fb Kemalist r\u00eavedibin.<\/h3>\n<h3 style=\"text-align: justify\">Li Tirkiy\u00ea miletek\u00ee kurd heye, li Tirkiy\u00ea be\u015feke Kurdistan\u00ea heye. Li Tirkiyey\u00ea li ser nav\u00ea gel\u00ea Kurd gelek pirsgir\u00eak hene \u00fb gel\u00ea Kurd ji hem\u00fb maf\u00ean xwe y\u00ean bingeh\u00een b\u00eapar e. Kes\u00ea ku wisa h\u00ees dike \u00fb xwe xwediy\u00ea doza Kurdistan\u00ea dib\u00eene, div\u00ea deng\u00ea xwe bide HAK-PAR\u00ea. Div\u00ea hezkiriy\u00ean kurd, partiy\u00ean kurd \u00fb Kurdistan\u00ea \u00fb hem\u00fb kurd deng\u00ea xwe bidin HAK-PAR. Bi v\u00ee away\u00ee li Bakur\u00ea Kurdistan\u00ea hesta netew\u00ee \u00fb tevgera netew\u00ee p\u00ea\u015f dikeve, ev j\u00ee ji bo pa\u015feroja pirsgir\u00eaka Kurd li Tirkiyey\u00ea gelek\u00ee gir\u00eeng e.<\/h3>\n","protected":false},"excerpt":{"rendered":"<p>Nasrat Hac\u00ee Ger ez bakur\u00ee b\u00fbm \u00fb maf\u00ea min \u00ea dengdan\u00ea heb\u00fbya, \u00e7ima ez\u00ea deng\u00ea xwe bidim HAK-PAR\u00ea? \u201cEm gelek caran HAK-PAR\u00ea rexne dikin \u00fb dixwazin ew behtir li ser xetek netew\u00ee siyaset\u00ea bikin. Rexney\u00ean me ne ji bo e\u015fandina HAK-PAR\u00ea ye, ji bo p\u00ea\u015fketina wan e. Rast\u00ee dema li Diyarbekir\u00ea ez Otub\u00fbsa HAK-PAR\u00ea dib\u00eenim [&hellip;]<\/p>\n","protected":false},"author":2,"featured_media":1036467,"comment_status":"closed","ping_status":"closed","sticky":false,"template":"","format":"standard","meta":{"footnotes":""},"categories":[28],"tags":[37],"class_list":["post-1036466","post","type-post","status-publish","format-standard","has-post-thumbnail","hentry","category-nerin","tag-sereke"],"blocksy_meta":[],"seo_head":"<!-- This site is optimized with the Yoast SEO plugin v27.5 - https:\/\/yoast.com\/product\/yoast-seo-wordpress\/ -->\n<title>Ger ez bakur b\u00fbm, ez \u00ea deng\u00ea xwe bidim HAK-PAR - Darka Maz\u00ee<\/title>\n<meta name=\"robots\" content=\"index, follow, max-snippet:-1, max-image-preview:large, max-video-preview:-1\" \/>\n<link rel=\"canonical\" href=\"https:\/\/darkamazi.info\/archives\/1036466\" \/>\n<meta property=\"og:locale\" content=\"en_US\" \/>\n<meta property=\"og:type\" content=\"article\" \/>\n<meta property=\"og:title\" content=\"Ger ez bakur b\u00fbm, ez \u00ea deng\u00ea xwe bidim HAK-PAR - Darka Maz\u00ee\" \/>\n<meta property=\"og:description\" content=\"Nasrat Hac\u00ee Ger ez bakur\u00ee b\u00fbm \u00fb maf\u00ea min \u00ea dengdan\u00ea heb\u00fbya, \u00e7ima ez\u00ea deng\u00ea xwe bidim HAK-PAR\u00ea? \u201cEm gelek caran HAK-PAR\u00ea rexne dikin \u00fb dixwazin ew behtir li ser xetek netew\u00ee siyaset\u00ea bikin. Rexney\u00ean me ne ji bo e\u015fandina HAK-PAR\u00ea ye, ji bo p\u00ea\u015fketina wan e. Rast\u00ee dema li Diyarbekir\u00ea ez Otub\u00fbsa HAK-PAR\u00ea dib\u00eenim [&hellip;]\" \/>\n<meta property=\"og:url\" content=\"https:\/\/darkamazi.info\/archives\/1036466\" \/>\n<meta property=\"og:site_name\" content=\"Darka Maz\u00ee\" \/>\n<meta property=\"article:publisher\" content=\"https:\/\/www.facebook.com\/DarMaziKurmanci\" \/>\n<meta property=\"article:published_time\" content=\"2023-05-13T14:36:41+00:00\" \/>\n<meta property=\"og:image\" content=\"https:\/\/darkamazi.info\/file\/2023\/05\/HAK-PAR.jpg\" \/>\n\t<meta property=\"og:image:width\" content=\"900\" \/>\n\t<meta property=\"og:image:height\" content=\"497\" \/>\n\t<meta property=\"og:image:type\" content=\"image\/jpeg\" \/>\n<meta name=\"author\" content=\"darka mazi\" \/>\n<meta name=\"twitter:card\" content=\"summary_large_image\" \/>\n<meta name=\"twitter:creator\" content=\"@DarkaMaziLatini\" \/>\n<meta name=\"twitter:site\" content=\"@DarkaMaziLatini\" \/>\n<meta name=\"twitter:label1\" content=\"Written by\" \/>\n\t<meta name=\"twitter:data1\" content=\"darka mazi\" \/>\n\t<meta name=\"twitter:label2\" content=\"Est. reading time\" \/>\n\t<meta name=\"twitter:data2\" content=\"2 minutes\" \/>\n<script type=\"application\/ld+json\" class=\"seo-schema-graph\">{\"@context\":\"https:\\\/\\\/schema.org\",\"@graph\":[{\"@type\":\"Article\",\"@id\":\"https:\\\/\\\/darkamazi.info\\\/archives\\\/1036466#article\",\"isPartOf\":{\"@id\":\"https:\\\/\\\/darkamazi.info\\\/archives\\\/1036466\"},\"author\":{\"name\":\"darka mazi\",\"@id\":\"https:\\\/\\\/darkamazi.info\\\/#\\\/schema\\\/person\\\/5ad3e24553a0567993fa8ed4bd0a776c\"},\"headline\":\"Ger ez bakur b\u00fbm, ez \u00ea deng\u00ea xwe bidim HAK-PAR\",\"datePublished\":\"2023-05-13T14:36:41+00:00\",\"mainEntityOfPage\":{\"@id\":\"https:\\\/\\\/darkamazi.info\\\/archives\\\/1036466\"},\"wordCount\":404,\"publisher\":{\"@id\":\"https:\\\/\\\/darkamazi.info\\\/#organization\"},\"image\":{\"@id\":\"https:\\\/\\\/darkamazi.info\\\/archives\\\/1036466#primaryimage\"},\"thumbnailUrl\":\"https:\\\/\\\/darkamazi.info\\\/darka-content\\\/uploads\\\/2023\\\/05\\\/HAK-PAR.jpg\",\"keywords\":[\"sereke\"],\"articleSection\":[\"Ner\u00een\"],\"inLanguage\":\"en-US\"},{\"@type\":\"WebPage\",\"@id\":\"https:\\\/\\\/darkamazi.info\\\/archives\\\/1036466\",\"url\":\"https:\\\/\\\/darkamazi.info\\\/archives\\\/1036466\",\"name\":\"Ger ez bakur b\u00fbm, ez \u00ea deng\u00ea xwe bidim HAK-PAR - Darka Maz\u00ee\",\"isPartOf\":{\"@id\":\"https:\\\/\\\/darkamazi.info\\\/#website\"},\"primaryImageOfPage\":{\"@id\":\"https:\\\/\\\/darkamazi.info\\\/archives\\\/1036466#primaryimage\"},\"image\":{\"@id\":\"https:\\\/\\\/darkamazi.info\\\/archives\\\/1036466#primaryimage\"},\"thumbnailUrl\":\"https:\\\/\\\/darkamazi.info\\\/darka-content\\\/uploads\\\/2023\\\/05\\\/HAK-PAR.jpg\",\"datePublished\":\"2023-05-13T14:36:41+00:00\",\"breadcrumb\":{\"@id\":\"https:\\\/\\\/darkamazi.info\\\/archives\\\/1036466#breadcrumb\"},\"inLanguage\":\"en-US\",\"potentialAction\":[{\"@type\":\"ReadAction\",\"target\":[\"https:\\\/\\\/darkamazi.info\\\/archives\\\/1036466\"]}]},{\"@type\":\"ImageObject\",\"inLanguage\":\"en-US\",\"@id\":\"https:\\\/\\\/darkamazi.info\\\/archives\\\/1036466#primaryimage\",\"url\":\"https:\\\/\\\/darkamazi.info\\\/darka-content\\\/uploads\\\/2023\\\/05\\\/HAK-PAR.jpg\",\"contentUrl\":\"https:\\\/\\\/darkamazi.info\\\/darka-content\\\/uploads\\\/2023\\\/05\\\/HAK-PAR.jpg\",\"width\":900,\"height\":497,\"caption\":\"Ger ez bakur b\u00fbm, ez \u00ea deng\u00ea xwe bidim HAK-PAR\"},{\"@type\":\"BreadcrumbList\",\"@id\":\"https:\\\/\\\/darkamazi.info\\\/archives\\\/1036466#breadcrumb\",\"itemListElement\":[{\"@type\":\"ListItem\",\"position\":1,\"name\":\"Home\",\"item\":\"https:\\\/\\\/darkamazi.info\\\/\"},{\"@type\":\"ListItem\",\"position\":2,\"name\":\"Ger ez bakur b\u00fbm, ez \u00ea deng\u00ea xwe bidim HAK-PAR\"}]},{\"@type\":\"WebSite\",\"@id\":\"https:\\\/\\\/darkamazi.info\\\/#website\",\"url\":\"https:\\\/\\\/darkamazi.info\\\/\",\"name\":\"Darka Maz\u00ee\",\"description\":\"P\u00eageha Zanyariy\u00ean Nebih\u00eest\u00ee\",\"publisher\":{\"@id\":\"https:\\\/\\\/darkamazi.info\\\/#organization\"},\"potentialAction\":[{\"@type\":\"SearchAction\",\"target\":{\"@type\":\"EntryPoint\",\"urlTemplate\":\"https:\\\/\\\/darkamazi.info\\\/?s={search_term_string}\"},\"query-input\":{\"@type\":\"PropertyValueSpecification\",\"valueRequired\":true,\"valueName\":\"search_term_string\"}}],\"inLanguage\":\"en-US\"},{\"@type\":\"Organization\",\"@id\":\"https:\\\/\\\/darkamazi.info\\\/#organization\",\"name\":\"Darka Maz\u00ee\",\"url\":\"https:\\\/\\\/darkamazi.info\\\/\",\"logo\":{\"@type\":\"ImageObject\",\"inLanguage\":\"en-US\",\"@id\":\"https:\\\/\\\/darkamazi.info\\\/#\\\/schema\\\/logo\\\/image\\\/\",\"url\":\"https:\\\/\\\/darkamazi.info\\\/darka-content\\\/uploads\\\/2017\\\/12\\\/darka-mazi-logo.png\",\"contentUrl\":\"https:\\\/\\\/darkamazi.info\\\/darka-content\\\/uploads\\\/2017\\\/12\\\/darka-mazi-logo.png\",\"width\":151,\"height\":75,\"caption\":\"Darka Maz\u00ee\"},\"image\":{\"@id\":\"https:\\\/\\\/darkamazi.info\\\/#\\\/schema\\\/logo\\\/image\\\/\"},\"sameAs\":[\"https:\\\/\\\/www.facebook.com\\\/DarMaziKurmanci\",\"https:\\\/\\\/x.com\\\/DarkaMaziLatini\",\"https:\\\/\\\/www.instagram.com\\\/darkamazi.kurmanci\\\/\",\"https:\\\/\\\/www.youtube.com\\\/channel\\\/UCa5HkTdmI8U1qCUFuTw8B2g\"]},{\"@type\":\"Person\",\"@id\":\"https:\\\/\\\/darkamazi.info\\\/#\\\/schema\\\/person\\\/5ad3e24553a0567993fa8ed4bd0a776c\",\"name\":\"darka mazi\",\"sameAs\":[\"https:\\\/\\\/darkamazi.info\\\/\"],\"url\":\"https:\\\/\\\/darkamazi.info\\\/archives\\\/author\\\/kurdi\"}]}<\/script>\n<!-- \/ Yoast SEO plugin. -->","seo_head_json":{"title":"Ger ez bakur b\u00fbm, ez \u00ea deng\u00ea xwe bidim HAK-PAR - Darka Maz\u00ee","robots":{"index":"index","follow":"follow","max-snippet":"max-snippet:-1","max-image-preview":"max-image-preview:large","max-video-preview":"max-video-preview:-1"},"canonical":"https:\/\/darkamazi.info\/archives\/1036466","og_locale":"en_US","og_type":"article","og_title":"Ger ez bakur b\u00fbm, ez \u00ea deng\u00ea xwe bidim HAK-PAR - Darka Maz\u00ee","og_description":"Nasrat Hac\u00ee Ger ez bakur\u00ee b\u00fbm \u00fb maf\u00ea min \u00ea dengdan\u00ea heb\u00fbya, \u00e7ima ez\u00ea deng\u00ea xwe bidim HAK-PAR\u00ea? \u201cEm gelek caran HAK-PAR\u00ea rexne dikin \u00fb dixwazin ew behtir li ser xetek netew\u00ee siyaset\u00ea bikin. Rexney\u00ean me ne ji bo e\u015fandina HAK-PAR\u00ea ye, ji bo p\u00ea\u015fketina wan e. Rast\u00ee dema li Diyarbekir\u00ea ez Otub\u00fbsa HAK-PAR\u00ea dib\u00eenim [&hellip;]","og_url":"https:\/\/darkamazi.info\/archives\/1036466","og_site_name":"Darka Maz\u00ee","article_publisher":"https:\/\/www.facebook.com\/DarMaziKurmanci","article_published_time":"2023-05-13T14:36:41+00:00","og_image":[{"width":900,"height":497,"url":"https:\/\/darkamazi.info\/file\/2023\/05\/HAK-PAR.jpg","type":"image\/jpeg"}],"author":"darka mazi","twitter_card":"summary_large_image","twitter_creator":"@DarkaMaziLatini","twitter_site":"@DarkaMaziLatini","twitter_misc":{"Written by":"darka mazi","Est. reading time":"2 minutes"},"schema":{"@context":"https:\/\/schema.org","@graph":[{"@type":"Article","@id":"https:\/\/darkamazi.info\/archives\/1036466#article","isPartOf":{"@id":"https:\/\/darkamazi.info\/archives\/1036466"},"author":{"name":"darka mazi","@id":"https:\/\/darkamazi.info\/#\/schema\/person\/5ad3e24553a0567993fa8ed4bd0a776c"},"headline":"Ger ez bakur b\u00fbm, ez \u00ea deng\u00ea xwe bidim HAK-PAR","datePublished":"2023-05-13T14:36:41+00:00","mainEntityOfPage":{"@id":"https:\/\/darkamazi.info\/archives\/1036466"},"wordCount":404,"publisher":{"@id":"https:\/\/darkamazi.info\/#organization"},"image":{"@id":"https:\/\/darkamazi.info\/archives\/1036466#primaryimage"},"thumbnailUrl":"https:\/\/darkamazi.info\/file\/2023\/05\/HAK-PAR.jpg","keywords":["sereke"],"articleSection":["Ner\u00een"],"inLanguage":"en-US"},{"@type":"WebPage","@id":"https:\/\/darkamazi.info\/archives\/1036466","url":"https:\/\/darkamazi.info\/archives\/1036466","name":"Ger ez bakur b\u00fbm, ez \u00ea deng\u00ea xwe bidim HAK-PAR - Darka Maz\u00ee","isPartOf":{"@id":"https:\/\/darkamazi.info\/#website"},"primaryImageOfPage":{"@id":"https:\/\/darkamazi.info\/archives\/1036466#primaryimage"},"image":{"@id":"https:\/\/darkamazi.info\/archives\/1036466#primaryimage"},"thumbnailUrl":"https:\/\/darkamazi.info\/file\/2023\/05\/HAK-PAR.jpg","datePublished":"2023-05-13T14:36:41+00:00","breadcrumb":{"@id":"https:\/\/darkamazi.info\/archives\/1036466#breadcrumb"},"inLanguage":"en-US","potentialAction":[{"@type":"ReadAction","target":["https:\/\/darkamazi.info\/archives\/1036466"]}]},{"@type":"ImageObject","inLanguage":"en-US","@id":"https:\/\/darkamazi.info\/archives\/1036466#primaryimage","url":"https:\/\/darkamazi.info\/file\/2023\/05\/HAK-PAR.jpg","contentUrl":"https:\/\/darkamazi.info\/file\/2023\/05\/HAK-PAR.jpg","width":900,"height":497,"caption":"Ger ez bakur b\u00fbm, ez \u00ea deng\u00ea xwe bidim HAK-PAR"},{"@type":"BreadcrumbList","@id":"https:\/\/darkamazi.info\/archives\/1036466#breadcrumb","itemListElement":[{"@type":"ListItem","position":1,"name":"Home","item":"https:\/\/darkamazi.info\/"},{"@type":"ListItem","position":2,"name":"Ger ez bakur b\u00fbm, ez \u00ea deng\u00ea xwe bidim HAK-PAR"}]},{"@type":"WebSite","@id":"https:\/\/darkamazi.info\/#website","url":"https:\/\/darkamazi.info\/","name":"Darka Maz\u00ee","description":"P\u00eageha Zanyariy\u00ean Nebih\u00eest\u00ee","publisher":{"@id":"https:\/\/darkamazi.info\/#organization"},"potentialAction":[{"@type":"SearchAction","target":{"@type":"EntryPoint","urlTemplate":"https:\/\/darkamazi.info\/?s={search_term_string}"},"query-input":{"@type":"PropertyValueSpecification","valueRequired":true,"valueName":"search_term_string"}}],"inLanguage":"en-US"},{"@type":"Organization","@id":"https:\/\/darkamazi.info\/#organization","name":"Darka Maz\u00ee","url":"https:\/\/darkamazi.info\/","logo":{"@type":"ImageObject","inLanguage":"en-US","@id":"https:\/\/darkamazi.info\/#\/schema\/logo\/image\/","url":"https:\/\/darkamazi.info\/file\/2017\/12\/darka-mazi-logo.png","contentUrl":"https:\/\/darkamazi.info\/file\/2017\/12\/darka-mazi-logo.png","width":151,"height":75,"caption":"Darka Maz\u00ee"},"image":{"@id":"https:\/\/darkamazi.info\/#\/schema\/logo\/image\/"},"sameAs":["https:\/\/www.facebook.com\/DarMaziKurmanci","https:\/\/x.com\/DarkaMaziLatini","https:\/\/www.instagram.com\/darkamazi.kurmanci\/","https:\/\/www.youtube.com\/channel\/UCa5HkTdmI8U1qCUFuTw8B2g"]},{"@type":"Person","@id":"https:\/\/darkamazi.info\/#\/schema\/person\/5ad3e24553a0567993fa8ed4bd0a776c","name":"darka mazi","sameAs":["https:\/\/darkamazi.info\/"],"url":"https:\/\/darkamazi.info\/archives\/author\/kurdi"}]}},"_links":{"self":[{"href":"https:\/\/darkamazi.info\/funavuv\/wp\/v2\/posts\/1036466","targetHints":{"allow":["GET"]}}],"collection":[{"href":"https:\/\/darkamazi.info\/funavuv\/wp\/v2\/posts"}],"about":[{"href":"https:\/\/darkamazi.info\/funavuv\/wp\/v2\/types\/post"}],"author":[{"embeddable":true,"href":"https:\/\/darkamazi.info\/funavuv\/wp\/v2\/users\/2"}],"replies":[{"embeddable":true,"href":"https:\/\/darkamazi.info\/funavuv\/wp\/v2\/comments?post=1036466"}],"version-history":[{"count":0,"href":"https:\/\/darkamazi.info\/funavuv\/wp\/v2\/posts\/1036466\/revisions"}],"wp:featuredmedia":[{"embeddable":true,"href":"https:\/\/darkamazi.info\/funavuv\/wp\/v2\/media\/1036467"}],"wp:attachment":[{"href":"https:\/\/darkamazi.info\/funavuv\/wp\/v2\/media?parent=1036466"}],"wp:term":[{"taxonomy":"category","embeddable":true,"href":"https:\/\/darkamazi.info\/funavuv\/wp\/v2\/categories?post=1036466"},{"taxonomy":"post_tag","embeddable":true,"href":"https:\/\/darkamazi.info\/funavuv\/wp\/v2\/tags?post=1036466"}],"curies":[{"name":"wp","href":"https:\/\/api.w.org\/{rel}","templated":true}]}}