{"id":1036701,"date":"2023-05-31T18:38:03","date_gmt":"2023-05-31T15:38:03","guid":{"rendered":"https:\/\/darkamazi.info\/?p=1036701"},"modified":"2023-05-31T18:38:03","modified_gmt":"2023-05-31T15:38:03","slug":"demirtas-ez-di-ve-qonaxe-de-dest-ji-siyaseta-aktif-berdidim","status":"publish","type":"post","link":"https:\/\/darkamazi.info\/archives\/1036701","title":{"rendered":"Demirta\u015f: Ez di v\u00ea qonax\u00ea de dest ji siyaseta akt\u00eef berdidim"},"content":{"rendered":"<h3 style=\"text-align: justify\"><span style=\"font-family: 'arial black', sans-serif\">Hevserok\u00ea ber\u00ea y\u00ea HDP\u00ea Selahattin Demirta\u015f y\u00ea \u015fe\u015f sal \u00fb n\u00eev e z\u00eendankir\u00ee ye, bi peyamek\u00ea ragihand ku w\u00ee siyaseta akt\u00eef berdaye \u00fb bi awayek\u00ee \u00e7alak siyaset\u00ea nake.<\/span><\/h3>\n<h3 style=\"text-align: justify\">Hevserok\u00ea ber\u00ea y\u00ea HDP\u00ea Selahattin Demirta\u015f \u00eero be\u015fek ji hevpeyv\u00eena bi \u201cArti Ger\u00e7ek\u201d re li Twittera xwe belav kir \u00fb niv\u00ees\u00ee: \u201cEz bi xwe ji dil l\u00eabor\u00eena xwe dixwazim ku nekarim siyasetek layiq\u00ee gel\u00ea me bikim. Ez soz didim ku bi xebat\u00ean xwe y\u00ean prat\u00eek\u00ee van k\u00eamasiyan sererast bikim.\u201d<\/h3>\n<h3 style=\"text-align: justify\">Di be\u015feke din a peyama xwe de got: \u201cSpas ji bo rexney\u00ean \u00e7\u00eaker li min. Ez \u00ea hewl bidim ku ji rexneyan s\u00fbd werbigirim. Ez weke hem\u00fb heval\u00ean xwe y\u00ean ji girt\u00eegeh\u00ea t\u00eako\u015f\u00een\u00ea bi berxwedan\u00ea dime\u015f\u00eenim, di v\u00ea qonax\u00ea de j\u00ee dest ji siyaseta akt\u00eef berdidim.\u201d<\/h3>\n<h3 style=\"text-align: justify\">Li dawiy\u00ea j\u00ee niv\u00ees\u00ee: \u201cEz silav\u00ean xwe y\u00ean r\u00eahevaltiy\u00ea ji we hem\u00fbyan re di\u015f\u00eenim. We hem\u00fbyan bi hesret hemb\u00eaz dikim. Bi h\u00eaviya d\u00eetina we di roj\u00ean azad de.\u201d<\/h3>\n<h3 style=\"text-align: justify\">Hevserok\u00ea HDP y\u00ea ber\u00ea Selahaht\u00een Dem\u00eerta\u015f di mijdara 2016an de li gel 10 parlementer\u00ea HDP\u00ea hate girtin \u00fb ev n\u00eaz\u00ee 6 sal \u00fb n\u00eev in li bajar\u00ea Ed\u00eerney\u00ea di girt\u00eegeh\u00ea de ye.<\/h3>\n","protected":false},"excerpt":{"rendered":"<p>Hevserok\u00ea ber\u00ea y\u00ea HDP\u00ea Selahattin Demirta\u015f y\u00ea \u015fe\u015f sal \u00fb n\u00eev e z\u00eendankir\u00ee ye, bi peyamek\u00ea ragihand ku w\u00ee siyaseta akt\u00eef berdaye \u00fb bi awayek\u00ee \u00e7alak siyaset\u00ea nake. Hevserok\u00ea ber\u00ea y\u00ea HDP\u00ea Selahattin Demirta\u015f \u00eero be\u015fek ji hevpeyv\u00eena bi \u201cArti Ger\u00e7ek\u201d re li Twittera xwe belav kir \u00fb niv\u00ees\u00ee: \u201cEz bi xwe ji dil l\u00eabor\u00eena [&hellip;]<\/p>\n","protected":false},"author":2,"featured_media":1036702,"comment_status":"closed","ping_status":"closed","sticky":false,"template":"","format":"standard","meta":{"footnotes":""},"categories":[29],"tags":[37],"class_list":["post-1036701","post","type-post","status-publish","format-standard","has-post-thumbnail","hentry","category-kurdistan","tag-sereke"],"blocksy_meta":[],"seo_head":"<!-- This site is optimized with the Yoast SEO plugin v27.5 - https:\/\/yoast.com\/product\/yoast-seo-wordpress\/ -->\n<title>Demirta\u015f: Ez di v\u00ea qonax\u00ea de dest ji siyaseta akt\u00eef berdidim - Darka Maz\u00ee<\/title>\n<meta name=\"robots\" content=\"index, follow, max-snippet:-1, max-image-preview:large, max-video-preview:-1\" \/>\n<link rel=\"canonical\" href=\"https:\/\/darkamazi.info\/archives\/1036701\" \/>\n<meta property=\"og:locale\" content=\"en_US\" \/>\n<meta property=\"og:type\" content=\"article\" \/>\n<meta property=\"og:title\" content=\"Demirta\u015f: Ez di v\u00ea qonax\u00ea de dest ji siyaseta akt\u00eef berdidim - Darka Maz\u00ee\" \/>\n<meta property=\"og:description\" content=\"Hevserok\u00ea ber\u00ea y\u00ea HDP\u00ea Selahattin Demirta\u015f y\u00ea \u015fe\u015f sal \u00fb n\u00eev e z\u00eendankir\u00ee ye, bi peyamek\u00ea ragihand ku w\u00ee siyaseta akt\u00eef berdaye \u00fb bi awayek\u00ee \u00e7alak siyaset\u00ea nake. Hevserok\u00ea ber\u00ea y\u00ea HDP\u00ea Selahattin Demirta\u015f \u00eero be\u015fek ji hevpeyv\u00eena bi \u201cArti Ger\u00e7ek\u201d re li Twittera xwe belav kir \u00fb niv\u00ees\u00ee: \u201cEz bi xwe ji dil l\u00eabor\u00eena [&hellip;]\" \/>\n<meta property=\"og:url\" content=\"https:\/\/darkamazi.info\/archives\/1036701\" \/>\n<meta property=\"og:site_name\" content=\"Darka Maz\u00ee\" \/>\n<meta property=\"article:publisher\" content=\"https:\/\/www.facebook.com\/DarMaziKurmanci\" \/>\n<meta property=\"article:published_time\" content=\"2023-05-31T15:38:03+00:00\" \/>\n<meta property=\"og:image\" content=\"https:\/\/darkamazi.info\/file\/2023\/05\/Selahattin-Demirtas-1.jpg\" \/>\n\t<meta property=\"og:image:width\" content=\"900\" \/>\n\t<meta property=\"og:image:height\" content=\"497\" \/>\n\t<meta property=\"og:image:type\" content=\"image\/jpeg\" \/>\n<meta name=\"author\" content=\"darka mazi\" \/>\n<meta name=\"twitter:card\" content=\"summary_large_image\" \/>\n<meta name=\"twitter:creator\" content=\"@DarkaMaziLatini\" \/>\n<meta name=\"twitter:site\" content=\"@DarkaMaziLatini\" \/>\n<meta name=\"twitter:label1\" content=\"Written by\" \/>\n\t<meta name=\"twitter:data1\" content=\"darka mazi\" \/>\n\t<meta name=\"twitter:label2\" content=\"Est. reading time\" \/>\n\t<meta name=\"twitter:data2\" content=\"1 minute\" \/>\n<script type=\"application\/ld+json\" class=\"seo-schema-graph\">{\"@context\":\"https:\\\/\\\/schema.org\",\"@graph\":[{\"@type\":\"Article\",\"@id\":\"https:\\\/\\\/darkamazi.info\\\/archives\\\/1036701#article\",\"isPartOf\":{\"@id\":\"https:\\\/\\\/darkamazi.info\\\/archives\\\/1036701\"},\"author\":{\"name\":\"darka mazi\",\"@id\":\"https:\\\/\\\/darkamazi.info\\\/#\\\/schema\\\/person\\\/5ad3e24553a0567993fa8ed4bd0a776c\"},\"headline\":\"Demirta\u015f: Ez di v\u00ea qonax\u00ea de dest ji siyaseta akt\u00eef berdidim\",\"datePublished\":\"2023-05-31T15:38:03+00:00\",\"mainEntityOfPage\":{\"@id\":\"https:\\\/\\\/darkamazi.info\\\/archives\\\/1036701\"},\"wordCount\":227,\"publisher\":{\"@id\":\"https:\\\/\\\/darkamazi.info\\\/#organization\"},\"image\":{\"@id\":\"https:\\\/\\\/darkamazi.info\\\/archives\\\/1036701#primaryimage\"},\"thumbnailUrl\":\"https:\\\/\\\/darkamazi.info\\\/darka-content\\\/uploads\\\/2023\\\/05\\\/Selahattin-Demirtas-1.jpg\",\"keywords\":[\"sereke\"],\"articleSection\":[\"Kurdistan\"],\"inLanguage\":\"en-US\"},{\"@type\":\"WebPage\",\"@id\":\"https:\\\/\\\/darkamazi.info\\\/archives\\\/1036701\",\"url\":\"https:\\\/\\\/darkamazi.info\\\/archives\\\/1036701\",\"name\":\"Demirta\u015f: Ez di v\u00ea qonax\u00ea de dest ji siyaseta akt\u00eef berdidim - Darka Maz\u00ee\",\"isPartOf\":{\"@id\":\"https:\\\/\\\/darkamazi.info\\\/#website\"},\"primaryImageOfPage\":{\"@id\":\"https:\\\/\\\/darkamazi.info\\\/archives\\\/1036701#primaryimage\"},\"image\":{\"@id\":\"https:\\\/\\\/darkamazi.info\\\/archives\\\/1036701#primaryimage\"},\"thumbnailUrl\":\"https:\\\/\\\/darkamazi.info\\\/darka-content\\\/uploads\\\/2023\\\/05\\\/Selahattin-Demirtas-1.jpg\",\"datePublished\":\"2023-05-31T15:38:03+00:00\",\"breadcrumb\":{\"@id\":\"https:\\\/\\\/darkamazi.info\\\/archives\\\/1036701#breadcrumb\"},\"inLanguage\":\"en-US\",\"potentialAction\":[{\"@type\":\"ReadAction\",\"target\":[\"https:\\\/\\\/darkamazi.info\\\/archives\\\/1036701\"]}]},{\"@type\":\"ImageObject\",\"inLanguage\":\"en-US\",\"@id\":\"https:\\\/\\\/darkamazi.info\\\/archives\\\/1036701#primaryimage\",\"url\":\"https:\\\/\\\/darkamazi.info\\\/darka-content\\\/uploads\\\/2023\\\/05\\\/Selahattin-Demirtas-1.jpg\",\"contentUrl\":\"https:\\\/\\\/darkamazi.info\\\/darka-content\\\/uploads\\\/2023\\\/05\\\/Selahattin-Demirtas-1.jpg\",\"width\":900,\"height\":497,\"caption\":\"Demirta\u015f: Ez di v\u00ea qonax\u00ea de dest ji siyaseta akt\u00eef berdidim\"},{\"@type\":\"BreadcrumbList\",\"@id\":\"https:\\\/\\\/darkamazi.info\\\/archives\\\/1036701#breadcrumb\",\"itemListElement\":[{\"@type\":\"ListItem\",\"position\":1,\"name\":\"Home\",\"item\":\"https:\\\/\\\/darkamazi.info\\\/\"},{\"@type\":\"ListItem\",\"position\":2,\"name\":\"Demirta\u015f: Ez di v\u00ea qonax\u00ea de dest ji siyaseta akt\u00eef berdidim\"}]},{\"@type\":\"WebSite\",\"@id\":\"https:\\\/\\\/darkamazi.info\\\/#website\",\"url\":\"https:\\\/\\\/darkamazi.info\\\/\",\"name\":\"Darka Maz\u00ee\",\"description\":\"P\u00eageha Zanyariy\u00ean Nebih\u00eest\u00ee\",\"publisher\":{\"@id\":\"https:\\\/\\\/darkamazi.info\\\/#organization\"},\"potentialAction\":[{\"@type\":\"SearchAction\",\"target\":{\"@type\":\"EntryPoint\",\"urlTemplate\":\"https:\\\/\\\/darkamazi.info\\\/?s={search_term_string}\"},\"query-input\":{\"@type\":\"PropertyValueSpecification\",\"valueRequired\":true,\"valueName\":\"search_term_string\"}}],\"inLanguage\":\"en-US\"},{\"@type\":\"Organization\",\"@id\":\"https:\\\/\\\/darkamazi.info\\\/#organization\",\"name\":\"Darka Maz\u00ee\",\"url\":\"https:\\\/\\\/darkamazi.info\\\/\",\"logo\":{\"@type\":\"ImageObject\",\"inLanguage\":\"en-US\",\"@id\":\"https:\\\/\\\/darkamazi.info\\\/#\\\/schema\\\/logo\\\/image\\\/\",\"url\":\"https:\\\/\\\/darkamazi.info\\\/darka-content\\\/uploads\\\/2017\\\/12\\\/darka-mazi-logo.png\",\"contentUrl\":\"https:\\\/\\\/darkamazi.info\\\/darka-content\\\/uploads\\\/2017\\\/12\\\/darka-mazi-logo.png\",\"width\":151,\"height\":75,\"caption\":\"Darka Maz\u00ee\"},\"image\":{\"@id\":\"https:\\\/\\\/darkamazi.info\\\/#\\\/schema\\\/logo\\\/image\\\/\"},\"sameAs\":[\"https:\\\/\\\/www.facebook.com\\\/DarMaziKurmanci\",\"https:\\\/\\\/x.com\\\/DarkaMaziLatini\",\"https:\\\/\\\/www.instagram.com\\\/darkamazi.kurmanci\\\/\",\"https:\\\/\\\/www.youtube.com\\\/channel\\\/UCa5HkTdmI8U1qCUFuTw8B2g\"]},{\"@type\":\"Person\",\"@id\":\"https:\\\/\\\/darkamazi.info\\\/#\\\/schema\\\/person\\\/5ad3e24553a0567993fa8ed4bd0a776c\",\"name\":\"darka mazi\",\"sameAs\":[\"https:\\\/\\\/darkamazi.info\\\/\"],\"url\":\"https:\\\/\\\/darkamazi.info\\\/archives\\\/author\\\/kurdi\"}]}<\/script>\n<!-- \/ Yoast SEO plugin. -->","seo_head_json":{"title":"Demirta\u015f: Ez di v\u00ea qonax\u00ea de dest ji siyaseta akt\u00eef berdidim - Darka Maz\u00ee","robots":{"index":"index","follow":"follow","max-snippet":"max-snippet:-1","max-image-preview":"max-image-preview:large","max-video-preview":"max-video-preview:-1"},"canonical":"https:\/\/darkamazi.info\/archives\/1036701","og_locale":"en_US","og_type":"article","og_title":"Demirta\u015f: Ez di v\u00ea qonax\u00ea de dest ji siyaseta akt\u00eef berdidim - Darka Maz\u00ee","og_description":"Hevserok\u00ea ber\u00ea y\u00ea HDP\u00ea Selahattin Demirta\u015f y\u00ea \u015fe\u015f sal \u00fb n\u00eev e z\u00eendankir\u00ee ye, bi peyamek\u00ea ragihand ku w\u00ee siyaseta akt\u00eef berdaye \u00fb bi awayek\u00ee \u00e7alak siyaset\u00ea nake. Hevserok\u00ea ber\u00ea y\u00ea HDP\u00ea Selahattin Demirta\u015f \u00eero be\u015fek ji hevpeyv\u00eena bi \u201cArti Ger\u00e7ek\u201d re li Twittera xwe belav kir \u00fb niv\u00ees\u00ee: \u201cEz bi xwe ji dil l\u00eabor\u00eena [&hellip;]","og_url":"https:\/\/darkamazi.info\/archives\/1036701","og_site_name":"Darka Maz\u00ee","article_publisher":"https:\/\/www.facebook.com\/DarMaziKurmanci","article_published_time":"2023-05-31T15:38:03+00:00","og_image":[{"width":900,"height":497,"url":"https:\/\/darkamazi.info\/file\/2023\/05\/Selahattin-Demirtas-1.jpg","type":"image\/jpeg"}],"author":"darka mazi","twitter_card":"summary_large_image","twitter_creator":"@DarkaMaziLatini","twitter_site":"@DarkaMaziLatini","twitter_misc":{"Written by":"darka mazi","Est. reading time":"1 minute"},"schema":{"@context":"https:\/\/schema.org","@graph":[{"@type":"Article","@id":"https:\/\/darkamazi.info\/archives\/1036701#article","isPartOf":{"@id":"https:\/\/darkamazi.info\/archives\/1036701"},"author":{"name":"darka mazi","@id":"https:\/\/darkamazi.info\/#\/schema\/person\/5ad3e24553a0567993fa8ed4bd0a776c"},"headline":"Demirta\u015f: Ez di v\u00ea qonax\u00ea de dest ji siyaseta akt\u00eef berdidim","datePublished":"2023-05-31T15:38:03+00:00","mainEntityOfPage":{"@id":"https:\/\/darkamazi.info\/archives\/1036701"},"wordCount":227,"publisher":{"@id":"https:\/\/darkamazi.info\/#organization"},"image":{"@id":"https:\/\/darkamazi.info\/archives\/1036701#primaryimage"},"thumbnailUrl":"https:\/\/darkamazi.info\/file\/2023\/05\/Selahattin-Demirtas-1.jpg","keywords":["sereke"],"articleSection":["Kurdistan"],"inLanguage":"en-US"},{"@type":"WebPage","@id":"https:\/\/darkamazi.info\/archives\/1036701","url":"https:\/\/darkamazi.info\/archives\/1036701","name":"Demirta\u015f: Ez di v\u00ea qonax\u00ea de dest ji siyaseta akt\u00eef berdidim - Darka Maz\u00ee","isPartOf":{"@id":"https:\/\/darkamazi.info\/#website"},"primaryImageOfPage":{"@id":"https:\/\/darkamazi.info\/archives\/1036701#primaryimage"},"image":{"@id":"https:\/\/darkamazi.info\/archives\/1036701#primaryimage"},"thumbnailUrl":"https:\/\/darkamazi.info\/file\/2023\/05\/Selahattin-Demirtas-1.jpg","datePublished":"2023-05-31T15:38:03+00:00","breadcrumb":{"@id":"https:\/\/darkamazi.info\/archives\/1036701#breadcrumb"},"inLanguage":"en-US","potentialAction":[{"@type":"ReadAction","target":["https:\/\/darkamazi.info\/archives\/1036701"]}]},{"@type":"ImageObject","inLanguage":"en-US","@id":"https:\/\/darkamazi.info\/archives\/1036701#primaryimage","url":"https:\/\/darkamazi.info\/file\/2023\/05\/Selahattin-Demirtas-1.jpg","contentUrl":"https:\/\/darkamazi.info\/file\/2023\/05\/Selahattin-Demirtas-1.jpg","width":900,"height":497,"caption":"Demirta\u015f: Ez di v\u00ea qonax\u00ea de dest ji siyaseta akt\u00eef berdidim"},{"@type":"BreadcrumbList","@id":"https:\/\/darkamazi.info\/archives\/1036701#breadcrumb","itemListElement":[{"@type":"ListItem","position":1,"name":"Home","item":"https:\/\/darkamazi.info\/"},{"@type":"ListItem","position":2,"name":"Demirta\u015f: Ez di v\u00ea qonax\u00ea de dest ji siyaseta akt\u00eef berdidim"}]},{"@type":"WebSite","@id":"https:\/\/darkamazi.info\/#website","url":"https:\/\/darkamazi.info\/","name":"Darka Maz\u00ee","description":"P\u00eageha Zanyariy\u00ean Nebih\u00eest\u00ee","publisher":{"@id":"https:\/\/darkamazi.info\/#organization"},"potentialAction":[{"@type":"SearchAction","target":{"@type":"EntryPoint","urlTemplate":"https:\/\/darkamazi.info\/?s={search_term_string}"},"query-input":{"@type":"PropertyValueSpecification","valueRequired":true,"valueName":"search_term_string"}}],"inLanguage":"en-US"},{"@type":"Organization","@id":"https:\/\/darkamazi.info\/#organization","name":"Darka Maz\u00ee","url":"https:\/\/darkamazi.info\/","logo":{"@type":"ImageObject","inLanguage":"en-US","@id":"https:\/\/darkamazi.info\/#\/schema\/logo\/image\/","url":"https:\/\/darkamazi.info\/file\/2017\/12\/darka-mazi-logo.png","contentUrl":"https:\/\/darkamazi.info\/file\/2017\/12\/darka-mazi-logo.png","width":151,"height":75,"caption":"Darka Maz\u00ee"},"image":{"@id":"https:\/\/darkamazi.info\/#\/schema\/logo\/image\/"},"sameAs":["https:\/\/www.facebook.com\/DarMaziKurmanci","https:\/\/x.com\/DarkaMaziLatini","https:\/\/www.instagram.com\/darkamazi.kurmanci\/","https:\/\/www.youtube.com\/channel\/UCa5HkTdmI8U1qCUFuTw8B2g"]},{"@type":"Person","@id":"https:\/\/darkamazi.info\/#\/schema\/person\/5ad3e24553a0567993fa8ed4bd0a776c","name":"darka mazi","sameAs":["https:\/\/darkamazi.info\/"],"url":"https:\/\/darkamazi.info\/archives\/author\/kurdi"}]}},"_links":{"self":[{"href":"https:\/\/darkamazi.info\/funavuv\/wp\/v2\/posts\/1036701","targetHints":{"allow":["GET"]}}],"collection":[{"href":"https:\/\/darkamazi.info\/funavuv\/wp\/v2\/posts"}],"about":[{"href":"https:\/\/darkamazi.info\/funavuv\/wp\/v2\/types\/post"}],"author":[{"embeddable":true,"href":"https:\/\/darkamazi.info\/funavuv\/wp\/v2\/users\/2"}],"replies":[{"embeddable":true,"href":"https:\/\/darkamazi.info\/funavuv\/wp\/v2\/comments?post=1036701"}],"version-history":[{"count":0,"href":"https:\/\/darkamazi.info\/funavuv\/wp\/v2\/posts\/1036701\/revisions"}],"wp:featuredmedia":[{"embeddable":true,"href":"https:\/\/darkamazi.info\/funavuv\/wp\/v2\/media\/1036702"}],"wp:attachment":[{"href":"https:\/\/darkamazi.info\/funavuv\/wp\/v2\/media?parent=1036701"}],"wp:term":[{"taxonomy":"category","embeddable":true,"href":"https:\/\/darkamazi.info\/funavuv\/wp\/v2\/categories?post=1036701"},{"taxonomy":"post_tag","embeddable":true,"href":"https:\/\/darkamazi.info\/funavuv\/wp\/v2\/tags?post=1036701"}],"curies":[{"name":"wp","href":"https:\/\/api.w.org\/{rel}","templated":true}]}}