{"id":1036738,"date":"2023-06-03T17:32:45","date_gmt":"2023-06-03T14:32:45","guid":{"rendered":"https:\/\/darkamazi.info\/?p=1036738"},"modified":"2023-06-03T17:32:45","modified_gmt":"2023-06-03T14:32:45","slug":"erdogan-sonda-yasayi-xwar","status":"publish","type":"post","link":"https:\/\/darkamazi.info\/archives\/1036738","title":{"rendered":"Erdogan sonda yasay\u00ee xwar"},"content":{"rendered":"<h3 style=\"text-align: justify\"><span style=\"font-family: 'arial black', sans-serif\">Serokomar\u00ea Tirkiy\u00ea Recep Tayyip Erdogan \u00eero di demjim\u00ear 15:00an de sonda yasay\u00ee xwar. Di meras\u00eema sondxwarin\u00ea de 21 serok\u00ean dewletan \u00fb 13 serokwez\u00eer \u00fb gelek serok\u00ean parlamento, n\u00fbner \u00fb wez\u00eer\u00ean welatan \u00fb berpirs\u00ean saziy\u00ean navdewlet\u00ee be\u015fdar b\u00fbn.<\/span><\/h3>\n<h3 style=\"text-align: justify\">Recep Tay\u00eep Erdogan ku bi deng\u00ean 27 milyon \u00fb 834 hezar \u00fb 589 welatiy\u00ean Tirkiy\u00ea cardin b\u00fb Serokomar\u00ea Tirkiy\u00ea, \u00eero roja \u015eemiy\u00ea 3\u00ea Hez\u00eerana 2023an pi\u015ft\u00ee sonda yasay\u00ee bi awayek\u00ee ferm\u00ee bo cara s\u00eayem dest bi kar dike.<\/h3>\n<h3 style=\"text-align: justify\">Erdogan di demjim\u00ear 14:00an de destp\u00eak\u00ea li Parlamentoya Tirkiy\u00ea sonda yasay\u00ee xwar \u00fb mazbataya xwe ji serok\u00ea demk\u00ee y\u00ea Parlamentoya Tirkiy\u00ea Devlet Bah\u00e7el\u00ee wergirt.<\/h3>\n<h3 style=\"text-align: justify\">Pi\u015ftre di demjim\u00ear 15:00an de serdana gora Mistefa Kemal Ataturk kir \u00fb di demjim\u00ear 17:00an de j\u00ee be\u015fdar\u00ee meras\u00eema destbikarkirin\u00ea ya li Ko\u015fka Serokomariy\u00ea dibe.<\/h3>\n<h3 style=\"text-align: justify\">21 serok\u00ean dewletan, 13 serokwez\u00eer \u00fb wez\u00eer \u00fb n\u00fbner\u00ean 78 welatan be\u015fdar\u00ee meras\u00eema destbikarkirina Serokkomar\u00ea Tirkiy\u00ea dibin.<\/h3>\n","protected":false},"excerpt":{"rendered":"<p>Serokomar\u00ea Tirkiy\u00ea Recep Tayyip Erdogan \u00eero di demjim\u00ear 15:00an de sonda yasay\u00ee xwar. Di meras\u00eema sondxwarin\u00ea de 21 serok\u00ean dewletan \u00fb 13 serokwez\u00eer \u00fb gelek serok\u00ean parlamento, n\u00fbner \u00fb wez\u00eer\u00ean welatan \u00fb berpirs\u00ean saziy\u00ean navdewlet\u00ee be\u015fdar b\u00fbn. Recep Tay\u00eep Erdogan ku bi deng\u00ean 27 milyon \u00fb 834 hezar \u00fb 589 welatiy\u00ean Tirkiy\u00ea cardin b\u00fb Serokomar\u00ea [&hellip;]<\/p>\n","protected":false},"author":2,"featured_media":1036739,"comment_status":"closed","ping_status":"closed","sticky":false,"template":"","format":"standard","meta":{"footnotes":""},"categories":[31],"tags":[37],"class_list":["post-1036738","post","type-post","status-publish","format-standard","has-post-thumbnail","hentry","category-rojhelata-navin","tag-sereke"],"blocksy_meta":[],"seo_head":"<!-- This site is optimized with the Yoast SEO plugin v27.5 - https:\/\/yoast.com\/product\/yoast-seo-wordpress\/ -->\n<title>Erdogan sonda yasay\u00ee xwar - Darka Maz\u00ee<\/title>\n<meta name=\"robots\" content=\"index, follow, max-snippet:-1, max-image-preview:large, max-video-preview:-1\" \/>\n<link rel=\"canonical\" href=\"https:\/\/darkamazi.info\/archives\/1036738\" \/>\n<meta property=\"og:locale\" content=\"en_US\" \/>\n<meta property=\"og:type\" content=\"article\" \/>\n<meta property=\"og:title\" content=\"Erdogan sonda yasay\u00ee xwar - Darka Maz\u00ee\" \/>\n<meta property=\"og:description\" content=\"Serokomar\u00ea Tirkiy\u00ea Recep Tayyip Erdogan \u00eero di demjim\u00ear 15:00an de sonda yasay\u00ee xwar. Di meras\u00eema sondxwarin\u00ea de 21 serok\u00ean dewletan \u00fb 13 serokwez\u00eer \u00fb gelek serok\u00ean parlamento, n\u00fbner \u00fb wez\u00eer\u00ean welatan \u00fb berpirs\u00ean saziy\u00ean navdewlet\u00ee be\u015fdar b\u00fbn. Recep Tay\u00eep Erdogan ku bi deng\u00ean 27 milyon \u00fb 834 hezar \u00fb 589 welatiy\u00ean Tirkiy\u00ea cardin b\u00fb Serokomar\u00ea [&hellip;]\" \/>\n<meta property=\"og:url\" content=\"https:\/\/darkamazi.info\/archives\/1036738\" \/>\n<meta property=\"og:site_name\" content=\"Darka Maz\u00ee\" \/>\n<meta property=\"article:publisher\" content=\"https:\/\/www.facebook.com\/DarMaziKurmanci\" \/>\n<meta property=\"article:published_time\" content=\"2023-06-03T14:32:45+00:00\" \/>\n<meta property=\"og:image\" content=\"https:\/\/darkamazi.info\/file\/2023\/06\/tayip-ardogan.jpg\" \/>\n\t<meta property=\"og:image:width\" content=\"900\" \/>\n\t<meta property=\"og:image:height\" content=\"497\" \/>\n\t<meta property=\"og:image:type\" content=\"image\/jpeg\" \/>\n<meta name=\"author\" content=\"darka mazi\" \/>\n<meta name=\"twitter:card\" content=\"summary_large_image\" \/>\n<meta name=\"twitter:creator\" content=\"@DarkaMaziLatini\" \/>\n<meta name=\"twitter:site\" content=\"@DarkaMaziLatini\" \/>\n<meta name=\"twitter:label1\" content=\"Written by\" \/>\n\t<meta name=\"twitter:data1\" content=\"darka mazi\" \/>\n\t<meta name=\"twitter:label2\" content=\"Est. reading time\" \/>\n\t<meta name=\"twitter:data2\" content=\"1 minute\" \/>\n<script type=\"application\/ld+json\" class=\"seo-schema-graph\">{\"@context\":\"https:\\\/\\\/schema.org\",\"@graph\":[{\"@type\":\"Article\",\"@id\":\"https:\\\/\\\/darkamazi.info\\\/archives\\\/1036738#article\",\"isPartOf\":{\"@id\":\"https:\\\/\\\/darkamazi.info\\\/archives\\\/1036738\"},\"author\":{\"name\":\"darka mazi\",\"@id\":\"https:\\\/\\\/darkamazi.info\\\/#\\\/schema\\\/person\\\/5ad3e24553a0567993fa8ed4bd0a776c\"},\"headline\":\"Erdogan sonda yasay\u00ee xwar\",\"datePublished\":\"2023-06-03T14:32:45+00:00\",\"mainEntityOfPage\":{\"@id\":\"https:\\\/\\\/darkamazi.info\\\/archives\\\/1036738\"},\"wordCount\":160,\"publisher\":{\"@id\":\"https:\\\/\\\/darkamazi.info\\\/#organization\"},\"image\":{\"@id\":\"https:\\\/\\\/darkamazi.info\\\/archives\\\/1036738#primaryimage\"},\"thumbnailUrl\":\"https:\\\/\\\/darkamazi.info\\\/darka-content\\\/uploads\\\/2023\\\/06\\\/tayip-ardogan.jpg\",\"keywords\":[\"sereke\"],\"articleSection\":[\"Rojhelata nav\u00een\"],\"inLanguage\":\"en-US\"},{\"@type\":\"WebPage\",\"@id\":\"https:\\\/\\\/darkamazi.info\\\/archives\\\/1036738\",\"url\":\"https:\\\/\\\/darkamazi.info\\\/archives\\\/1036738\",\"name\":\"Erdogan sonda yasay\u00ee xwar - Darka Maz\u00ee\",\"isPartOf\":{\"@id\":\"https:\\\/\\\/darkamazi.info\\\/#website\"},\"primaryImageOfPage\":{\"@id\":\"https:\\\/\\\/darkamazi.info\\\/archives\\\/1036738#primaryimage\"},\"image\":{\"@id\":\"https:\\\/\\\/darkamazi.info\\\/archives\\\/1036738#primaryimage\"},\"thumbnailUrl\":\"https:\\\/\\\/darkamazi.info\\\/darka-content\\\/uploads\\\/2023\\\/06\\\/tayip-ardogan.jpg\",\"datePublished\":\"2023-06-03T14:32:45+00:00\",\"breadcrumb\":{\"@id\":\"https:\\\/\\\/darkamazi.info\\\/archives\\\/1036738#breadcrumb\"},\"inLanguage\":\"en-US\",\"potentialAction\":[{\"@type\":\"ReadAction\",\"target\":[\"https:\\\/\\\/darkamazi.info\\\/archives\\\/1036738\"]}]},{\"@type\":\"ImageObject\",\"inLanguage\":\"en-US\",\"@id\":\"https:\\\/\\\/darkamazi.info\\\/archives\\\/1036738#primaryimage\",\"url\":\"https:\\\/\\\/darkamazi.info\\\/darka-content\\\/uploads\\\/2023\\\/06\\\/tayip-ardogan.jpg\",\"contentUrl\":\"https:\\\/\\\/darkamazi.info\\\/darka-content\\\/uploads\\\/2023\\\/06\\\/tayip-ardogan.jpg\",\"width\":900,\"height\":497,\"caption\":\"Erdogan sonda yasay\u00ee xwar\"},{\"@type\":\"BreadcrumbList\",\"@id\":\"https:\\\/\\\/darkamazi.info\\\/archives\\\/1036738#breadcrumb\",\"itemListElement\":[{\"@type\":\"ListItem\",\"position\":1,\"name\":\"Home\",\"item\":\"https:\\\/\\\/darkamazi.info\\\/\"},{\"@type\":\"ListItem\",\"position\":2,\"name\":\"Erdogan sonda yasay\u00ee xwar\"}]},{\"@type\":\"WebSite\",\"@id\":\"https:\\\/\\\/darkamazi.info\\\/#website\",\"url\":\"https:\\\/\\\/darkamazi.info\\\/\",\"name\":\"Darka Maz\u00ee\",\"description\":\"P\u00eageha Zanyariy\u00ean Nebih\u00eest\u00ee\",\"publisher\":{\"@id\":\"https:\\\/\\\/darkamazi.info\\\/#organization\"},\"potentialAction\":[{\"@type\":\"SearchAction\",\"target\":{\"@type\":\"EntryPoint\",\"urlTemplate\":\"https:\\\/\\\/darkamazi.info\\\/?s={search_term_string}\"},\"query-input\":{\"@type\":\"PropertyValueSpecification\",\"valueRequired\":true,\"valueName\":\"search_term_string\"}}],\"inLanguage\":\"en-US\"},{\"@type\":\"Organization\",\"@id\":\"https:\\\/\\\/darkamazi.info\\\/#organization\",\"name\":\"Darka Maz\u00ee\",\"url\":\"https:\\\/\\\/darkamazi.info\\\/\",\"logo\":{\"@type\":\"ImageObject\",\"inLanguage\":\"en-US\",\"@id\":\"https:\\\/\\\/darkamazi.info\\\/#\\\/schema\\\/logo\\\/image\\\/\",\"url\":\"https:\\\/\\\/darkamazi.info\\\/darka-content\\\/uploads\\\/2017\\\/12\\\/darka-mazi-logo.png\",\"contentUrl\":\"https:\\\/\\\/darkamazi.info\\\/darka-content\\\/uploads\\\/2017\\\/12\\\/darka-mazi-logo.png\",\"width\":151,\"height\":75,\"caption\":\"Darka Maz\u00ee\"},\"image\":{\"@id\":\"https:\\\/\\\/darkamazi.info\\\/#\\\/schema\\\/logo\\\/image\\\/\"},\"sameAs\":[\"https:\\\/\\\/www.facebook.com\\\/DarMaziKurmanci\",\"https:\\\/\\\/x.com\\\/DarkaMaziLatini\",\"https:\\\/\\\/www.instagram.com\\\/darkamazi.kurmanci\\\/\",\"https:\\\/\\\/www.youtube.com\\\/channel\\\/UCa5HkTdmI8U1qCUFuTw8B2g\"]},{\"@type\":\"Person\",\"@id\":\"https:\\\/\\\/darkamazi.info\\\/#\\\/schema\\\/person\\\/5ad3e24553a0567993fa8ed4bd0a776c\",\"name\":\"darka mazi\",\"sameAs\":[\"https:\\\/\\\/darkamazi.info\\\/\"],\"url\":\"https:\\\/\\\/darkamazi.info\\\/archives\\\/author\\\/kurdi\"}]}<\/script>\n<!-- \/ Yoast SEO plugin. -->","seo_head_json":{"title":"Erdogan sonda yasay\u00ee xwar - Darka Maz\u00ee","robots":{"index":"index","follow":"follow","max-snippet":"max-snippet:-1","max-image-preview":"max-image-preview:large","max-video-preview":"max-video-preview:-1"},"canonical":"https:\/\/darkamazi.info\/archives\/1036738","og_locale":"en_US","og_type":"article","og_title":"Erdogan sonda yasay\u00ee xwar - Darka Maz\u00ee","og_description":"Serokomar\u00ea Tirkiy\u00ea Recep Tayyip Erdogan \u00eero di demjim\u00ear 15:00an de sonda yasay\u00ee xwar. Di meras\u00eema sondxwarin\u00ea de 21 serok\u00ean dewletan \u00fb 13 serokwez\u00eer \u00fb gelek serok\u00ean parlamento, n\u00fbner \u00fb wez\u00eer\u00ean welatan \u00fb berpirs\u00ean saziy\u00ean navdewlet\u00ee be\u015fdar b\u00fbn. Recep Tay\u00eep Erdogan ku bi deng\u00ean 27 milyon \u00fb 834 hezar \u00fb 589 welatiy\u00ean Tirkiy\u00ea cardin b\u00fb Serokomar\u00ea [&hellip;]","og_url":"https:\/\/darkamazi.info\/archives\/1036738","og_site_name":"Darka Maz\u00ee","article_publisher":"https:\/\/www.facebook.com\/DarMaziKurmanci","article_published_time":"2023-06-03T14:32:45+00:00","og_image":[{"width":900,"height":497,"url":"https:\/\/darkamazi.info\/file\/2023\/06\/tayip-ardogan.jpg","type":"image\/jpeg"}],"author":"darka mazi","twitter_card":"summary_large_image","twitter_creator":"@DarkaMaziLatini","twitter_site":"@DarkaMaziLatini","twitter_misc":{"Written by":"darka mazi","Est. reading time":"1 minute"},"schema":{"@context":"https:\/\/schema.org","@graph":[{"@type":"Article","@id":"https:\/\/darkamazi.info\/archives\/1036738#article","isPartOf":{"@id":"https:\/\/darkamazi.info\/archives\/1036738"},"author":{"name":"darka mazi","@id":"https:\/\/darkamazi.info\/#\/schema\/person\/5ad3e24553a0567993fa8ed4bd0a776c"},"headline":"Erdogan sonda yasay\u00ee xwar","datePublished":"2023-06-03T14:32:45+00:00","mainEntityOfPage":{"@id":"https:\/\/darkamazi.info\/archives\/1036738"},"wordCount":160,"publisher":{"@id":"https:\/\/darkamazi.info\/#organization"},"image":{"@id":"https:\/\/darkamazi.info\/archives\/1036738#primaryimage"},"thumbnailUrl":"https:\/\/darkamazi.info\/file\/2023\/06\/tayip-ardogan.jpg","keywords":["sereke"],"articleSection":["Rojhelata nav\u00een"],"inLanguage":"en-US"},{"@type":"WebPage","@id":"https:\/\/darkamazi.info\/archives\/1036738","url":"https:\/\/darkamazi.info\/archives\/1036738","name":"Erdogan sonda yasay\u00ee xwar - Darka Maz\u00ee","isPartOf":{"@id":"https:\/\/darkamazi.info\/#website"},"primaryImageOfPage":{"@id":"https:\/\/darkamazi.info\/archives\/1036738#primaryimage"},"image":{"@id":"https:\/\/darkamazi.info\/archives\/1036738#primaryimage"},"thumbnailUrl":"https:\/\/darkamazi.info\/file\/2023\/06\/tayip-ardogan.jpg","datePublished":"2023-06-03T14:32:45+00:00","breadcrumb":{"@id":"https:\/\/darkamazi.info\/archives\/1036738#breadcrumb"},"inLanguage":"en-US","potentialAction":[{"@type":"ReadAction","target":["https:\/\/darkamazi.info\/archives\/1036738"]}]},{"@type":"ImageObject","inLanguage":"en-US","@id":"https:\/\/darkamazi.info\/archives\/1036738#primaryimage","url":"https:\/\/darkamazi.info\/file\/2023\/06\/tayip-ardogan.jpg","contentUrl":"https:\/\/darkamazi.info\/file\/2023\/06\/tayip-ardogan.jpg","width":900,"height":497,"caption":"Erdogan sonda yasay\u00ee xwar"},{"@type":"BreadcrumbList","@id":"https:\/\/darkamazi.info\/archives\/1036738#breadcrumb","itemListElement":[{"@type":"ListItem","position":1,"name":"Home","item":"https:\/\/darkamazi.info\/"},{"@type":"ListItem","position":2,"name":"Erdogan sonda yasay\u00ee xwar"}]},{"@type":"WebSite","@id":"https:\/\/darkamazi.info\/#website","url":"https:\/\/darkamazi.info\/","name":"Darka Maz\u00ee","description":"P\u00eageha Zanyariy\u00ean Nebih\u00eest\u00ee","publisher":{"@id":"https:\/\/darkamazi.info\/#organization"},"potentialAction":[{"@type":"SearchAction","target":{"@type":"EntryPoint","urlTemplate":"https:\/\/darkamazi.info\/?s={search_term_string}"},"query-input":{"@type":"PropertyValueSpecification","valueRequired":true,"valueName":"search_term_string"}}],"inLanguage":"en-US"},{"@type":"Organization","@id":"https:\/\/darkamazi.info\/#organization","name":"Darka Maz\u00ee","url":"https:\/\/darkamazi.info\/","logo":{"@type":"ImageObject","inLanguage":"en-US","@id":"https:\/\/darkamazi.info\/#\/schema\/logo\/image\/","url":"https:\/\/darkamazi.info\/file\/2017\/12\/darka-mazi-logo.png","contentUrl":"https:\/\/darkamazi.info\/file\/2017\/12\/darka-mazi-logo.png","width":151,"height":75,"caption":"Darka Maz\u00ee"},"image":{"@id":"https:\/\/darkamazi.info\/#\/schema\/logo\/image\/"},"sameAs":["https:\/\/www.facebook.com\/DarMaziKurmanci","https:\/\/x.com\/DarkaMaziLatini","https:\/\/www.instagram.com\/darkamazi.kurmanci\/","https:\/\/www.youtube.com\/channel\/UCa5HkTdmI8U1qCUFuTw8B2g"]},{"@type":"Person","@id":"https:\/\/darkamazi.info\/#\/schema\/person\/5ad3e24553a0567993fa8ed4bd0a776c","name":"darka mazi","sameAs":["https:\/\/darkamazi.info\/"],"url":"https:\/\/darkamazi.info\/archives\/author\/kurdi"}]}},"_links":{"self":[{"href":"https:\/\/darkamazi.info\/funavuv\/wp\/v2\/posts\/1036738","targetHints":{"allow":["GET"]}}],"collection":[{"href":"https:\/\/darkamazi.info\/funavuv\/wp\/v2\/posts"}],"about":[{"href":"https:\/\/darkamazi.info\/funavuv\/wp\/v2\/types\/post"}],"author":[{"embeddable":true,"href":"https:\/\/darkamazi.info\/funavuv\/wp\/v2\/users\/2"}],"replies":[{"embeddable":true,"href":"https:\/\/darkamazi.info\/funavuv\/wp\/v2\/comments?post=1036738"}],"version-history":[{"count":0,"href":"https:\/\/darkamazi.info\/funavuv\/wp\/v2\/posts\/1036738\/revisions"}],"wp:featuredmedia":[{"embeddable":true,"href":"https:\/\/darkamazi.info\/funavuv\/wp\/v2\/media\/1036739"}],"wp:attachment":[{"href":"https:\/\/darkamazi.info\/funavuv\/wp\/v2\/media?parent=1036738"}],"wp:term":[{"taxonomy":"category","embeddable":true,"href":"https:\/\/darkamazi.info\/funavuv\/wp\/v2\/categories?post=1036738"},{"taxonomy":"post_tag","embeddable":true,"href":"https:\/\/darkamazi.info\/funavuv\/wp\/v2\/tags?post=1036738"}],"curies":[{"name":"wp","href":"https:\/\/api.w.org\/{rel}","templated":true}]}}