{"id":1036756,"date":"2023-06-05T15:08:31","date_gmt":"2023-06-05T12:08:31","guid":{"rendered":"https:\/\/darkamazi.info\/?p=1036756"},"modified":"2023-06-05T15:08:31","modified_gmt":"2023-06-05T12:08:31","slug":"sewket-berbuhari-deriye-sinori-ye-pesabure-vekiri-ye","status":"publish","type":"post","link":"https:\/\/darkamazi.info\/archives\/1036756","title":{"rendered":"\u015eewket Berbuhar\u00ee: Deriy\u00ea s\u00eenor\u00ee y\u00ea P\u00ea\u015fab\u00fbr\u00ea vekir\u00ee ye"},"content":{"rendered":"<h3 style=\"text-align: justify\"><span style=\"font-family: 'arial black', sans-serif\">Deriy\u00ea s\u00eenor\u00ee y\u00ea P\u00ea\u015fab\u00fbr y\u00ea di navbera Ba\u015f\u00fbr \u00fb Rojavay\u00ea Kurdistan\u00ea de \u00eero dan\u00ea sib\u00ea dejim\u00ear 09:00, bi awayek\u00ee ferm\u00ee dubare hat vekirin.<\/span><\/h3>\n<h3 style=\"text-align: justify\">R\u00eaveber\u00ea Deriy\u00ea P\u00ea\u015fab\u00fbr\u00ea \u015eewket Berbuhar\u00ee ji K24\u00ea re ragihand, der\u00ee \u00eero bi awayek\u00ee ferm\u00ee di navbera her du aliyan de li p\u00ea\u015f r\u00eawiyan, xelk\u00ea Ba\u015f\u00fbr \u00fb Rojavay\u00ea Kurdistan\u00ea, xwediy\u00ean \u00eeqamey\u00ean biyan\u00ee \u00fb karsazan hatiye vekirin.<\/h3>\n<h3 style=\"text-align: justify\">Diyar kir j\u00ee, der\u00ee li gor\u00ee pergala ber\u00ea, her kes\u00ea ku bixwaze di v\u00ee deriy\u00ee re derbas bibe, dikare serl\u00eadana serh\u00eal (online) bike \u00fb pi\u015ft\u00ee pejirandin\u00ea, bi rengek normal derbas bibe.<\/h3>\n<h3 style=\"text-align: justify\">Berbuhar\u00ee destn\u00ee\u015fan kir j\u00ee, der\u00ee li tevgera bazirganiy\u00ea j\u00ee hatiye vekirin.<\/h3>\n<h3 style=\"text-align: justify\">Deriy\u00ea s\u00eenor\u00ee y\u00ea P\u00ea\u015fab\u00fbr\u00ea\/S\u00eamalka di navbera Ba\u015f\u00fbr \u00fb Rojavay\u00ea Kurdistan\u00ea de ye \u00fb ji destp\u00eaka sala 2013na ve, bi fermana Serok Mes\u00fbd Barzan\u00ee ji bo al\u00eekariya gel\u00ea Kurdistan\u00ea y\u00ea li S\u00fbriy\u00ea hatiye vekirin. Roja 11\u00ea Gulana bor\u00ee j\u00ee hatib\u00fb girtin \u00fb pi\u015ft\u00ee 25 rojan \u00eero d\u00eesa hat vekirin.<\/h3>\n","protected":false},"excerpt":{"rendered":"<p>Deriy\u00ea s\u00eenor\u00ee y\u00ea P\u00ea\u015fab\u00fbr y\u00ea di navbera Ba\u015f\u00fbr \u00fb Rojavay\u00ea Kurdistan\u00ea de \u00eero dan\u00ea sib\u00ea dejim\u00ear 09:00, bi awayek\u00ee ferm\u00ee dubare hat vekirin. R\u00eaveber\u00ea Deriy\u00ea P\u00ea\u015fab\u00fbr\u00ea \u015eewket Berbuhar\u00ee ji K24\u00ea re ragihand, der\u00ee \u00eero bi awayek\u00ee ferm\u00ee di navbera her du aliyan de li p\u00ea\u015f r\u00eawiyan, xelk\u00ea Ba\u015f\u00fbr \u00fb Rojavay\u00ea Kurdistan\u00ea, xwediy\u00ean \u00eeqamey\u00ean biyan\u00ee \u00fb [&hellip;]<\/p>\n","protected":false},"author":2,"featured_media":1036757,"comment_status":"closed","ping_status":"closed","sticky":false,"template":"","format":"standard","meta":{"footnotes":""},"categories":[29],"tags":[37],"class_list":["post-1036756","post","type-post","status-publish","format-standard","has-post-thumbnail","hentry","category-kurdistan","tag-sereke"],"blocksy_meta":[],"seo_head":"<!-- This site is optimized with the Yoast SEO plugin v27.5 - https:\/\/yoast.com\/product\/yoast-seo-wordpress\/ -->\n<title>\u015eewket Berbuhar\u00ee: Deriy\u00ea s\u00eenor\u00ee y\u00ea P\u00ea\u015fab\u00fbr\u00ea vekir\u00ee ye - Darka Maz\u00ee<\/title>\n<meta name=\"robots\" content=\"index, follow, max-snippet:-1, max-image-preview:large, max-video-preview:-1\" \/>\n<link rel=\"canonical\" href=\"https:\/\/darkamazi.info\/archives\/1036756\" \/>\n<meta property=\"og:locale\" content=\"en_US\" \/>\n<meta property=\"og:type\" content=\"article\" \/>\n<meta property=\"og:title\" content=\"\u015eewket Berbuhar\u00ee: Deriy\u00ea s\u00eenor\u00ee y\u00ea P\u00ea\u015fab\u00fbr\u00ea vekir\u00ee ye - Darka Maz\u00ee\" \/>\n<meta property=\"og:description\" content=\"Deriy\u00ea s\u00eenor\u00ee y\u00ea P\u00ea\u015fab\u00fbr y\u00ea di navbera Ba\u015f\u00fbr \u00fb Rojavay\u00ea Kurdistan\u00ea de \u00eero dan\u00ea sib\u00ea dejim\u00ear 09:00, bi awayek\u00ee ferm\u00ee dubare hat vekirin. R\u00eaveber\u00ea Deriy\u00ea P\u00ea\u015fab\u00fbr\u00ea \u015eewket Berbuhar\u00ee ji K24\u00ea re ragihand, der\u00ee \u00eero bi awayek\u00ee ferm\u00ee di navbera her du aliyan de li p\u00ea\u015f r\u00eawiyan, xelk\u00ea Ba\u015f\u00fbr \u00fb Rojavay\u00ea Kurdistan\u00ea, xwediy\u00ean \u00eeqamey\u00ean biyan\u00ee \u00fb [&hellip;]\" \/>\n<meta property=\"og:url\" content=\"https:\/\/darkamazi.info\/archives\/1036756\" \/>\n<meta property=\"og:site_name\" content=\"Darka Maz\u00ee\" \/>\n<meta property=\"article:publisher\" content=\"https:\/\/www.facebook.com\/DarMaziKurmanci\" \/>\n<meta property=\"article:published_time\" content=\"2023-06-05T12:08:31+00:00\" \/>\n<meta property=\"og:image\" content=\"https:\/\/darkamazi.info\/file\/2023\/06\/Deriye-Semalka-Cejna-girtin.jpg\" \/>\n\t<meta property=\"og:image:width\" content=\"900\" \/>\n\t<meta property=\"og:image:height\" content=\"497\" \/>\n\t<meta property=\"og:image:type\" content=\"image\/jpeg\" \/>\n<meta name=\"author\" content=\"darka mazi\" \/>\n<meta name=\"twitter:card\" content=\"summary_large_image\" \/>\n<meta name=\"twitter:creator\" content=\"@DarkaMaziLatini\" \/>\n<meta name=\"twitter:site\" content=\"@DarkaMaziLatini\" \/>\n<meta name=\"twitter:label1\" content=\"Written by\" \/>\n\t<meta name=\"twitter:data1\" content=\"darka mazi\" \/>\n\t<meta name=\"twitter:label2\" content=\"Est. reading time\" \/>\n\t<meta name=\"twitter:data2\" content=\"1 minute\" \/>\n<script type=\"application\/ld+json\" class=\"seo-schema-graph\">{\"@context\":\"https:\\\/\\\/schema.org\",\"@graph\":[{\"@type\":\"Article\",\"@id\":\"https:\\\/\\\/darkamazi.info\\\/archives\\\/1036756#article\",\"isPartOf\":{\"@id\":\"https:\\\/\\\/darkamazi.info\\\/archives\\\/1036756\"},\"author\":{\"name\":\"darka mazi\",\"@id\":\"https:\\\/\\\/darkamazi.info\\\/#\\\/schema\\\/person\\\/5ad3e24553a0567993fa8ed4bd0a776c\"},\"headline\":\"\u015eewket Berbuhar\u00ee: Deriy\u00ea s\u00eenor\u00ee y\u00ea P\u00ea\u015fab\u00fbr\u00ea vekir\u00ee ye\",\"datePublished\":\"2023-06-05T12:08:31+00:00\",\"mainEntityOfPage\":{\"@id\":\"https:\\\/\\\/darkamazi.info\\\/archives\\\/1036756\"},\"wordCount\":177,\"publisher\":{\"@id\":\"https:\\\/\\\/darkamazi.info\\\/#organization\"},\"image\":{\"@id\":\"https:\\\/\\\/darkamazi.info\\\/archives\\\/1036756#primaryimage\"},\"thumbnailUrl\":\"https:\\\/\\\/darkamazi.info\\\/darka-content\\\/uploads\\\/2023\\\/06\\\/Deriye-Semalka-Cejna-girtin.jpg\",\"keywords\":[\"sereke\"],\"articleSection\":[\"Kurdistan\"],\"inLanguage\":\"en-US\"},{\"@type\":\"WebPage\",\"@id\":\"https:\\\/\\\/darkamazi.info\\\/archives\\\/1036756\",\"url\":\"https:\\\/\\\/darkamazi.info\\\/archives\\\/1036756\",\"name\":\"\u015eewket Berbuhar\u00ee: Deriy\u00ea s\u00eenor\u00ee y\u00ea P\u00ea\u015fab\u00fbr\u00ea vekir\u00ee ye - Darka Maz\u00ee\",\"isPartOf\":{\"@id\":\"https:\\\/\\\/darkamazi.info\\\/#website\"},\"primaryImageOfPage\":{\"@id\":\"https:\\\/\\\/darkamazi.info\\\/archives\\\/1036756#primaryimage\"},\"image\":{\"@id\":\"https:\\\/\\\/darkamazi.info\\\/archives\\\/1036756#primaryimage\"},\"thumbnailUrl\":\"https:\\\/\\\/darkamazi.info\\\/darka-content\\\/uploads\\\/2023\\\/06\\\/Deriye-Semalka-Cejna-girtin.jpg\",\"datePublished\":\"2023-06-05T12:08:31+00:00\",\"breadcrumb\":{\"@id\":\"https:\\\/\\\/darkamazi.info\\\/archives\\\/1036756#breadcrumb\"},\"inLanguage\":\"en-US\",\"potentialAction\":[{\"@type\":\"ReadAction\",\"target\":[\"https:\\\/\\\/darkamazi.info\\\/archives\\\/1036756\"]}]},{\"@type\":\"ImageObject\",\"inLanguage\":\"en-US\",\"@id\":\"https:\\\/\\\/darkamazi.info\\\/archives\\\/1036756#primaryimage\",\"url\":\"https:\\\/\\\/darkamazi.info\\\/darka-content\\\/uploads\\\/2023\\\/06\\\/Deriye-Semalka-Cejna-girtin.jpg\",\"contentUrl\":\"https:\\\/\\\/darkamazi.info\\\/darka-content\\\/uploads\\\/2023\\\/06\\\/Deriye-Semalka-Cejna-girtin.jpg\",\"width\":900,\"height\":497,\"caption\":\"\u015eewket Berbuhar\u00ee: Deriy\u00ea s\u00eenor\u00ee y\u00ea P\u00ea\u015fab\u00fbr\u00ea vekir\u00ee ye\"},{\"@type\":\"BreadcrumbList\",\"@id\":\"https:\\\/\\\/darkamazi.info\\\/archives\\\/1036756#breadcrumb\",\"itemListElement\":[{\"@type\":\"ListItem\",\"position\":1,\"name\":\"Home\",\"item\":\"https:\\\/\\\/darkamazi.info\\\/\"},{\"@type\":\"ListItem\",\"position\":2,\"name\":\"\u015eewket Berbuhar\u00ee: Deriy\u00ea s\u00eenor\u00ee y\u00ea P\u00ea\u015fab\u00fbr\u00ea vekir\u00ee ye\"}]},{\"@type\":\"WebSite\",\"@id\":\"https:\\\/\\\/darkamazi.info\\\/#website\",\"url\":\"https:\\\/\\\/darkamazi.info\\\/\",\"name\":\"Darka Maz\u00ee\",\"description\":\"P\u00eageha Zanyariy\u00ean Nebih\u00eest\u00ee\",\"publisher\":{\"@id\":\"https:\\\/\\\/darkamazi.info\\\/#organization\"},\"potentialAction\":[{\"@type\":\"SearchAction\",\"target\":{\"@type\":\"EntryPoint\",\"urlTemplate\":\"https:\\\/\\\/darkamazi.info\\\/?s={search_term_string}\"},\"query-input\":{\"@type\":\"PropertyValueSpecification\",\"valueRequired\":true,\"valueName\":\"search_term_string\"}}],\"inLanguage\":\"en-US\"},{\"@type\":\"Organization\",\"@id\":\"https:\\\/\\\/darkamazi.info\\\/#organization\",\"name\":\"Darka Maz\u00ee\",\"url\":\"https:\\\/\\\/darkamazi.info\\\/\",\"logo\":{\"@type\":\"ImageObject\",\"inLanguage\":\"en-US\",\"@id\":\"https:\\\/\\\/darkamazi.info\\\/#\\\/schema\\\/logo\\\/image\\\/\",\"url\":\"https:\\\/\\\/darkamazi.info\\\/darka-content\\\/uploads\\\/2017\\\/12\\\/darka-mazi-logo.png\",\"contentUrl\":\"https:\\\/\\\/darkamazi.info\\\/darka-content\\\/uploads\\\/2017\\\/12\\\/darka-mazi-logo.png\",\"width\":151,\"height\":75,\"caption\":\"Darka Maz\u00ee\"},\"image\":{\"@id\":\"https:\\\/\\\/darkamazi.info\\\/#\\\/schema\\\/logo\\\/image\\\/\"},\"sameAs\":[\"https:\\\/\\\/www.facebook.com\\\/DarMaziKurmanci\",\"https:\\\/\\\/x.com\\\/DarkaMaziLatini\",\"https:\\\/\\\/www.instagram.com\\\/darkamazi.kurmanci\\\/\",\"https:\\\/\\\/www.youtube.com\\\/channel\\\/UCa5HkTdmI8U1qCUFuTw8B2g\"]},{\"@type\":\"Person\",\"@id\":\"https:\\\/\\\/darkamazi.info\\\/#\\\/schema\\\/person\\\/5ad3e24553a0567993fa8ed4bd0a776c\",\"name\":\"darka mazi\",\"sameAs\":[\"https:\\\/\\\/darkamazi.info\\\/\"],\"url\":\"https:\\\/\\\/darkamazi.info\\\/archives\\\/author\\\/kurdi\"}]}<\/script>\n<!-- \/ Yoast SEO plugin. -->","seo_head_json":{"title":"\u015eewket Berbuhar\u00ee: Deriy\u00ea s\u00eenor\u00ee y\u00ea P\u00ea\u015fab\u00fbr\u00ea vekir\u00ee ye - Darka Maz\u00ee","robots":{"index":"index","follow":"follow","max-snippet":"max-snippet:-1","max-image-preview":"max-image-preview:large","max-video-preview":"max-video-preview:-1"},"canonical":"https:\/\/darkamazi.info\/archives\/1036756","og_locale":"en_US","og_type":"article","og_title":"\u015eewket Berbuhar\u00ee: Deriy\u00ea s\u00eenor\u00ee y\u00ea P\u00ea\u015fab\u00fbr\u00ea vekir\u00ee ye - Darka Maz\u00ee","og_description":"Deriy\u00ea s\u00eenor\u00ee y\u00ea P\u00ea\u015fab\u00fbr y\u00ea di navbera Ba\u015f\u00fbr \u00fb Rojavay\u00ea Kurdistan\u00ea de \u00eero dan\u00ea sib\u00ea dejim\u00ear 09:00, bi awayek\u00ee ferm\u00ee dubare hat vekirin. R\u00eaveber\u00ea Deriy\u00ea P\u00ea\u015fab\u00fbr\u00ea \u015eewket Berbuhar\u00ee ji K24\u00ea re ragihand, der\u00ee \u00eero bi awayek\u00ee ferm\u00ee di navbera her du aliyan de li p\u00ea\u015f r\u00eawiyan, xelk\u00ea Ba\u015f\u00fbr \u00fb Rojavay\u00ea Kurdistan\u00ea, xwediy\u00ean \u00eeqamey\u00ean biyan\u00ee \u00fb [&hellip;]","og_url":"https:\/\/darkamazi.info\/archives\/1036756","og_site_name":"Darka Maz\u00ee","article_publisher":"https:\/\/www.facebook.com\/DarMaziKurmanci","article_published_time":"2023-06-05T12:08:31+00:00","og_image":[{"width":900,"height":497,"url":"https:\/\/darkamazi.info\/file\/2023\/06\/Deriye-Semalka-Cejna-girtin.jpg","type":"image\/jpeg"}],"author":"darka mazi","twitter_card":"summary_large_image","twitter_creator":"@DarkaMaziLatini","twitter_site":"@DarkaMaziLatini","twitter_misc":{"Written by":"darka mazi","Est. reading time":"1 minute"},"schema":{"@context":"https:\/\/schema.org","@graph":[{"@type":"Article","@id":"https:\/\/darkamazi.info\/archives\/1036756#article","isPartOf":{"@id":"https:\/\/darkamazi.info\/archives\/1036756"},"author":{"name":"darka mazi","@id":"https:\/\/darkamazi.info\/#\/schema\/person\/5ad3e24553a0567993fa8ed4bd0a776c"},"headline":"\u015eewket Berbuhar\u00ee: Deriy\u00ea s\u00eenor\u00ee y\u00ea P\u00ea\u015fab\u00fbr\u00ea vekir\u00ee ye","datePublished":"2023-06-05T12:08:31+00:00","mainEntityOfPage":{"@id":"https:\/\/darkamazi.info\/archives\/1036756"},"wordCount":177,"publisher":{"@id":"https:\/\/darkamazi.info\/#organization"},"image":{"@id":"https:\/\/darkamazi.info\/archives\/1036756#primaryimage"},"thumbnailUrl":"https:\/\/darkamazi.info\/file\/2023\/06\/Deriye-Semalka-Cejna-girtin.jpg","keywords":["sereke"],"articleSection":["Kurdistan"],"inLanguage":"en-US"},{"@type":"WebPage","@id":"https:\/\/darkamazi.info\/archives\/1036756","url":"https:\/\/darkamazi.info\/archives\/1036756","name":"\u015eewket Berbuhar\u00ee: Deriy\u00ea s\u00eenor\u00ee y\u00ea P\u00ea\u015fab\u00fbr\u00ea vekir\u00ee ye - Darka Maz\u00ee","isPartOf":{"@id":"https:\/\/darkamazi.info\/#website"},"primaryImageOfPage":{"@id":"https:\/\/darkamazi.info\/archives\/1036756#primaryimage"},"image":{"@id":"https:\/\/darkamazi.info\/archives\/1036756#primaryimage"},"thumbnailUrl":"https:\/\/darkamazi.info\/file\/2023\/06\/Deriye-Semalka-Cejna-girtin.jpg","datePublished":"2023-06-05T12:08:31+00:00","breadcrumb":{"@id":"https:\/\/darkamazi.info\/archives\/1036756#breadcrumb"},"inLanguage":"en-US","potentialAction":[{"@type":"ReadAction","target":["https:\/\/darkamazi.info\/archives\/1036756"]}]},{"@type":"ImageObject","inLanguage":"en-US","@id":"https:\/\/darkamazi.info\/archives\/1036756#primaryimage","url":"https:\/\/darkamazi.info\/file\/2023\/06\/Deriye-Semalka-Cejna-girtin.jpg","contentUrl":"https:\/\/darkamazi.info\/file\/2023\/06\/Deriye-Semalka-Cejna-girtin.jpg","width":900,"height":497,"caption":"\u015eewket Berbuhar\u00ee: Deriy\u00ea s\u00eenor\u00ee y\u00ea P\u00ea\u015fab\u00fbr\u00ea vekir\u00ee ye"},{"@type":"BreadcrumbList","@id":"https:\/\/darkamazi.info\/archives\/1036756#breadcrumb","itemListElement":[{"@type":"ListItem","position":1,"name":"Home","item":"https:\/\/darkamazi.info\/"},{"@type":"ListItem","position":2,"name":"\u015eewket Berbuhar\u00ee: Deriy\u00ea s\u00eenor\u00ee y\u00ea P\u00ea\u015fab\u00fbr\u00ea vekir\u00ee ye"}]},{"@type":"WebSite","@id":"https:\/\/darkamazi.info\/#website","url":"https:\/\/darkamazi.info\/","name":"Darka Maz\u00ee","description":"P\u00eageha Zanyariy\u00ean Nebih\u00eest\u00ee","publisher":{"@id":"https:\/\/darkamazi.info\/#organization"},"potentialAction":[{"@type":"SearchAction","target":{"@type":"EntryPoint","urlTemplate":"https:\/\/darkamazi.info\/?s={search_term_string}"},"query-input":{"@type":"PropertyValueSpecification","valueRequired":true,"valueName":"search_term_string"}}],"inLanguage":"en-US"},{"@type":"Organization","@id":"https:\/\/darkamazi.info\/#organization","name":"Darka Maz\u00ee","url":"https:\/\/darkamazi.info\/","logo":{"@type":"ImageObject","inLanguage":"en-US","@id":"https:\/\/darkamazi.info\/#\/schema\/logo\/image\/","url":"https:\/\/darkamazi.info\/file\/2017\/12\/darka-mazi-logo.png","contentUrl":"https:\/\/darkamazi.info\/file\/2017\/12\/darka-mazi-logo.png","width":151,"height":75,"caption":"Darka Maz\u00ee"},"image":{"@id":"https:\/\/darkamazi.info\/#\/schema\/logo\/image\/"},"sameAs":["https:\/\/www.facebook.com\/DarMaziKurmanci","https:\/\/x.com\/DarkaMaziLatini","https:\/\/www.instagram.com\/darkamazi.kurmanci\/","https:\/\/www.youtube.com\/channel\/UCa5HkTdmI8U1qCUFuTw8B2g"]},{"@type":"Person","@id":"https:\/\/darkamazi.info\/#\/schema\/person\/5ad3e24553a0567993fa8ed4bd0a776c","name":"darka mazi","sameAs":["https:\/\/darkamazi.info\/"],"url":"https:\/\/darkamazi.info\/archives\/author\/kurdi"}]}},"_links":{"self":[{"href":"https:\/\/darkamazi.info\/funavuv\/wp\/v2\/posts\/1036756","targetHints":{"allow":["GET"]}}],"collection":[{"href":"https:\/\/darkamazi.info\/funavuv\/wp\/v2\/posts"}],"about":[{"href":"https:\/\/darkamazi.info\/funavuv\/wp\/v2\/types\/post"}],"author":[{"embeddable":true,"href":"https:\/\/darkamazi.info\/funavuv\/wp\/v2\/users\/2"}],"replies":[{"embeddable":true,"href":"https:\/\/darkamazi.info\/funavuv\/wp\/v2\/comments?post=1036756"}],"version-history":[{"count":0,"href":"https:\/\/darkamazi.info\/funavuv\/wp\/v2\/posts\/1036756\/revisions"}],"wp:featuredmedia":[{"embeddable":true,"href":"https:\/\/darkamazi.info\/funavuv\/wp\/v2\/media\/1036757"}],"wp:attachment":[{"href":"https:\/\/darkamazi.info\/funavuv\/wp\/v2\/media?parent=1036756"}],"wp:term":[{"taxonomy":"category","embeddable":true,"href":"https:\/\/darkamazi.info\/funavuv\/wp\/v2\/categories?post=1036756"},{"taxonomy":"post_tag","embeddable":true,"href":"https:\/\/darkamazi.info\/funavuv\/wp\/v2\/tags?post=1036756"}],"curies":[{"name":"wp","href":"https:\/\/api.w.org\/{rel}","templated":true}]}}