{"id":1037029,"date":"2023-06-24T19:23:10","date_gmt":"2023-06-24T16:23:10","guid":{"rendered":"https:\/\/darkamazi.info\/?p=1037029"},"modified":"2023-06-24T19:23:10","modified_gmt":"2023-06-24T16:23:10","slug":"tirkiye-sindoqa-res-ya-pkke-kust","status":"publish","type":"post","link":"https:\/\/darkamazi.info\/archives\/1037029","title":{"rendered":"Tirkiy\u00ea sindoqa re\u015f ya PKK\u00ea ku\u015ft"},"content":{"rendered":"<h3 style=\"text-align: justify\"><span style=\"font-family: 'arial black', sans-serif\">Endam\u00ea konseya KCK\u00ea Abdurrahman \u00c7adirc\u00ee di \u00ear\u00ee\u015feka Tirkiy\u00ea de li Rojava Kurdistan\u00ea hat ku\u015ftin, ev kadroy\u00ea h\u00eala j\u00fbr bi sindoqa re\u015f ya PKK\u00ea t\u00ea nas kirin.<\/span><\/h3>\n<h3 style=\"text-align: justify\"><span style=\"font-family: arial, helvetica, sans-serif\">Ajansa ferm\u00ee ya Tirkiy\u00ea (AA) y\u00ea duh roja \u00een\u00ee 23\/6\/2023an ragihand ku endam\u00ea konseya KCK\u00ea, y\u00ea bi nav\u00ea Abdurrahman \u00c7adirc\u00ee bi nav\u00ea kod Esad Fera\u015f\u00een di \u00ear\u00ee\u015fek\u00ee s\u00eehay\u00ea de li bajar\u00ea Qami\u015flo hat\u00eeye ku\u015ftin.<\/span><\/h3>\n<h3 style=\"text-align: justify\"><span style=\"font-family: arial, helvetica, sans-serif\">Li gor\u00ee agahiy\u00ean Darka Maz\u00ee c\u00eeh\u00ea ku Abdurrahman l\u00ea hat\u00eeye armanc girtin nehat\u00eeye diyarkirin, l\u00ea goman heye li navbera Til Temr\u00ea \u00fb Qam\u015floy\u00ea de be \u00fb li 20 hiz\u00eeran\u00ea de b\u00fbye hedef.<\/span><\/h3>\n<h3 style=\"text-align: justify\"><span style=\"font-family: 'arial black', sans-serif;color: #8c0808\">Abdurrahman \u00c7adirc\u00ee k\u00ee ye?<\/span><\/h3>\n<ul>\n<li>\n<h3><span style=\"font-family: arial, helvetica, sans-serif;color: #808080\">Abdurrahman \u00c7adirc\u00ee bi nav\u00ea kod Esad Fera\u015f\u00een, kadroy\u00ea PKK\u00ea \u00fb endam\u00ea konseya KCK\u00ea ye li sala 1956 li bajar\u00ea Urfay\u00ea ji dayikb\u00fbye.<\/span><\/h3>\n<\/li>\n<li>\n<h3><span style=\"font-family: arial, helvetica, sans-serif;color: #808080\">Li sala 1976an tevl\u00ee ref\u00ean PKK\u00ea b\u00fbye.<\/span><\/h3>\n<\/li>\n<li>\n<h3><span style=\"font-family: arial, helvetica, sans-serif;color: #808080\">\u00c7adirc\u00ee li sal\u00ean 80 yan de ket\u00eeye z\u00eendan\u00ea li Amed\u00ea, pi\u015ft\u00ee ji z\u00eendan\u00ea derket\u00ee li dola Beqay\u00ea li gel Ocelan perwerde d\u00eetiye.<\/span><\/h3>\n<\/li>\n<li>\n<h3><span style=\"font-family: arial, helvetica, sans-serif;color: #808080\">Pi\u015ftre derbas\u00ee Botan\u00ea \u00fb Bakur\u00ea Kurdistan\u00ea b\u00fbye.<\/span><\/h3>\n<\/li>\n<li>\n<h3><span style=\"font-family: arial, helvetica, sans-serif;color: #808080\">Li sala 1997an derbas\u00ee Ewropa b\u00fbye \u00fb li w\u00ea der\u00ea b\u00fb berpirs\u00ea kovara Serxweb\u00fbn ya PKK\u00ea \u00fb li heman dem\u00ea li kord\u00eenasyon\u00ean PKK\u00ea y\u00ean Ewropay\u00ea c\u00eeh girt.<\/span><\/h3>\n<\/li>\n<li>\n<h3><span style=\"font-family: arial, helvetica, sans-serif;color: #808080\">\u00c7adirc\u00ee li sala 2003 vedgere Qend\u00eel\u00ea, ji ber ku ew li Ewropa j\u00ee ketb\u00fb l\u00eesta teror\u00ea.<\/span><\/h3>\n<\/li>\n<li>\n<h3><span style=\"font-family: arial, helvetica, sans-serif;color: #808080\">Li Qend\u00eel\u00ea di kom\u00eeteya d\u00eeplomas\u00ee de c\u00eeh digre.<\/span><\/h3>\n<\/li>\n<li>\n<h3><span style=\"font-family: arial, helvetica, sans-serif;color: #808080\">Li sal\u00ean 2008 \u00fb 2010an di r\u00eaveber\u00eeya PKK\u00ea ya R\u00fbsyay\u00ea de c\u00eeh digre.<\/span><\/h3>\n<\/li>\n<li>\n<h3><span style=\"font-family: arial, helvetica, sans-serif;color: #808080\">Li 2017an derbas\u00ee Rojava Kurdistan\u00ea dibe.<\/span><\/h3>\n<\/li>\n<li>\n<h3><span style=\"font-family: arial, helvetica, sans-serif;color: #808080\">Li 2018an li konseya KCK\u00ea t\u00ea hilbijartin.<\/span><\/h3>\n<\/li>\n<li>\n<h3><span style=\"font-family: arial, helvetica, sans-serif;color: #808080\">\u00c7adirc\u00ee wek sindoqa re\u015f ya PKK\u00ea t\u00ea naskirin.<\/span><\/h3>\n<\/li>\n<\/ul>\n<div style=\"width: 720px;\" class=\"darka-video\"><video class=\"darka-video-shortcode\" id=\"video-1037029-1\" width=\"720\" height=\"720\" preload=\"metadata\" controls=\"controls\"><source type=\"video\/mp4\" src=\"https:\/\/darkamazi.info\/file\/2023\/06\/Abdurrahman-Cadirci-net.mp4?_=1\" \/><a href=\"https:\/\/darkamazi.info\/file\/2023\/06\/Abdurrahman-Cadirci-net.mp4\">https:\/\/darkamazi.info\/file\/2023\/06\/Abdurrahman-Cadirci-net.mp4<\/a><\/video><\/div>\n<h3 style=\"text-align: justify\"><span style=\"font-family: arial, helvetica, sans-serif\">Kadroy\u00ean PKK\u00ea y\u00ean li Rojavay\u00ea Kurdistan\u00ea ji bo ku nebin hedefa balafir\u00ean ke\u015ff\u00ea, li gel kes\u00ean siv\u00eel \u00fb bi otomob\u00eel\u00ean siv\u00eel hereket\u00ea dikin, ango r\u00eaveber\u00ean PKK\u00ea kes \u00fb r\u00eaveber\u00ean siv\u00eel weke mertal bikart\u00eenin, l\u00ea d\u00eesa dibin hedef.<\/span><\/h3>\n<h3 style=\"text-align: justify\"><span style=\"font-family: arial, helvetica, sans-serif\">Ajansa AA y\u00ea d\u00eemen\u00ean ku \u00c7adirc\u00ee t\u00ea de hat\u00eeye armanc girtin we\u015fandin, PKK\u00ea j\u00ee li ser v\u00ea mijar\u00ea heta niha \u00e7i daxuyan\u00ee neda ne.<\/span><\/h3>\n<h3 style=\"text-align: justify\"><span style=\"font-family: arial, helvetica, sans-serif\">PKKe li Ba\u015f\u00fbr\u00ea Kurdistan\u00ea PDK\u00ea bi ku\u015ftina kadroy\u00ean xwe bepirsyar dib\u00eene, l\u00ea li ser r\u00eaveber\u00ean wan y\u00ean li Rojava t\u00ean ku\u015ftin \u00e7i daxuyan\u00eeyan nade.<\/span><\/h3>\n","protected":false},"excerpt":{"rendered":"<p>Endam\u00ea konseya KCK\u00ea Abdurrahman \u00c7adirc\u00ee di \u00ear\u00ee\u015feka Tirkiy\u00ea de li Rojava Kurdistan\u00ea hat ku\u015ftin, ev kadroy\u00ea h\u00eala j\u00fbr bi sindoqa re\u015f ya PKK\u00ea t\u00ea nas kirin. Ajansa ferm\u00ee ya Tirkiy\u00ea (AA) y\u00ea duh roja \u00een\u00ee 23\/6\/2023an ragihand ku endam\u00ea konseya KCK\u00ea, y\u00ea bi nav\u00ea Abdurrahman \u00c7adirc\u00ee bi nav\u00ea kod Esad Fera\u015f\u00een di \u00ear\u00ee\u015fek\u00ee s\u00eehay\u00ea de [&hellip;]<\/p>\n","protected":false},"author":2,"featured_media":1037030,"comment_status":"closed","ping_status":"closed","sticky":false,"template":"","format":"standard","meta":{"footnotes":""},"categories":[29],"tags":[37],"class_list":["post-1037029","post","type-post","status-publish","format-standard","has-post-thumbnail","hentry","category-kurdistan","tag-sereke"],"blocksy_meta":[],"seo_head":"<!-- This site is optimized with the Yoast SEO plugin v27.5 - https:\/\/yoast.com\/product\/yoast-seo-wordpress\/ -->\n<title>Tirkiy\u00ea sindoqa re\u015f ya PKK\u00ea ku\u015ft - Darka Maz\u00ee<\/title>\n<meta name=\"robots\" content=\"index, follow, max-snippet:-1, max-image-preview:large, max-video-preview:-1\" \/>\n<link rel=\"canonical\" href=\"https:\/\/darkamazi.info\/archives\/1037029\" \/>\n<meta property=\"og:locale\" content=\"en_US\" \/>\n<meta property=\"og:type\" content=\"article\" \/>\n<meta property=\"og:title\" content=\"Tirkiy\u00ea sindoqa re\u015f ya PKK\u00ea ku\u015ft - Darka Maz\u00ee\" \/>\n<meta property=\"og:description\" content=\"Endam\u00ea konseya KCK\u00ea Abdurrahman \u00c7adirc\u00ee di \u00ear\u00ee\u015feka Tirkiy\u00ea de li Rojava Kurdistan\u00ea hat ku\u015ftin, ev kadroy\u00ea h\u00eala j\u00fbr bi sindoqa re\u015f ya PKK\u00ea t\u00ea nas kirin. Ajansa ferm\u00ee ya Tirkiy\u00ea (AA) y\u00ea duh roja \u00een\u00ee 23\/6\/2023an ragihand ku endam\u00ea konseya KCK\u00ea, y\u00ea bi nav\u00ea Abdurrahman \u00c7adirc\u00ee bi nav\u00ea kod Esad Fera\u015f\u00een di \u00ear\u00ee\u015fek\u00ee s\u00eehay\u00ea de [&hellip;]\" \/>\n<meta property=\"og:url\" content=\"https:\/\/darkamazi.info\/archives\/1037029\" \/>\n<meta property=\"og:site_name\" content=\"Darka Maz\u00ee\" \/>\n<meta property=\"article:publisher\" content=\"https:\/\/www.facebook.com\/DarMaziKurmanci\" \/>\n<meta property=\"article:published_time\" content=\"2023-06-24T16:23:10+00:00\" \/>\n<meta property=\"og:image\" content=\"https:\/\/darkamazi.info\/file\/2023\/06\/Abdurrahman-Cadirci-info.jpg\" \/>\n\t<meta property=\"og:image:width\" content=\"900\" \/>\n\t<meta property=\"og:image:height\" content=\"497\" \/>\n\t<meta property=\"og:image:type\" content=\"image\/jpeg\" \/>\n<meta name=\"author\" content=\"darka mazi\" \/>\n<meta name=\"twitter:card\" content=\"summary_large_image\" \/>\n<meta name=\"twitter:creator\" content=\"@DarkaMaziLatini\" \/>\n<meta name=\"twitter:site\" content=\"@DarkaMaziLatini\" \/>\n<meta name=\"twitter:label1\" content=\"Written by\" \/>\n\t<meta name=\"twitter:data1\" content=\"darka mazi\" \/>\n\t<meta name=\"twitter:label2\" content=\"Est. reading time\" \/>\n\t<meta name=\"twitter:data2\" content=\"2 minutes\" \/>\n<script type=\"application\/ld+json\" class=\"seo-schema-graph\">{\"@context\":\"https:\\\/\\\/schema.org\",\"@graph\":[{\"@type\":\"Article\",\"@id\":\"https:\\\/\\\/darkamazi.info\\\/archives\\\/1037029#article\",\"isPartOf\":{\"@id\":\"https:\\\/\\\/darkamazi.info\\\/archives\\\/1037029\"},\"author\":{\"name\":\"darka mazi\",\"@id\":\"https:\\\/\\\/darkamazi.info\\\/#\\\/schema\\\/person\\\/5ad3e24553a0567993fa8ed4bd0a776c\"},\"headline\":\"Tirkiy\u00ea sindoqa re\u015f ya PKK\u00ea ku\u015ft\",\"datePublished\":\"2023-06-24T16:23:10+00:00\",\"mainEntityOfPage\":{\"@id\":\"https:\\\/\\\/darkamazi.info\\\/archives\\\/1037029\"},\"wordCount\":405,\"publisher\":{\"@id\":\"https:\\\/\\\/darkamazi.info\\\/#organization\"},\"image\":{\"@id\":\"https:\\\/\\\/darkamazi.info\\\/archives\\\/1037029#primaryimage\"},\"thumbnailUrl\":\"https:\\\/\\\/darkamazi.info\\\/darka-content\\\/uploads\\\/2023\\\/06\\\/Abdurrahman-Cadirci-info.jpg\",\"keywords\":[\"sereke\"],\"articleSection\":[\"Kurdistan\"],\"inLanguage\":\"en-US\"},{\"@type\":\"WebPage\",\"@id\":\"https:\\\/\\\/darkamazi.info\\\/archives\\\/1037029\",\"url\":\"https:\\\/\\\/darkamazi.info\\\/archives\\\/1037029\",\"name\":\"Tirkiy\u00ea sindoqa re\u015f ya PKK\u00ea ku\u015ft - Darka Maz\u00ee\",\"isPartOf\":{\"@id\":\"https:\\\/\\\/darkamazi.info\\\/#website\"},\"primaryImageOfPage\":{\"@id\":\"https:\\\/\\\/darkamazi.info\\\/archives\\\/1037029#primaryimage\"},\"image\":{\"@id\":\"https:\\\/\\\/darkamazi.info\\\/archives\\\/1037029#primaryimage\"},\"thumbnailUrl\":\"https:\\\/\\\/darkamazi.info\\\/darka-content\\\/uploads\\\/2023\\\/06\\\/Abdurrahman-Cadirci-info.jpg\",\"datePublished\":\"2023-06-24T16:23:10+00:00\",\"breadcrumb\":{\"@id\":\"https:\\\/\\\/darkamazi.info\\\/archives\\\/1037029#breadcrumb\"},\"inLanguage\":\"en-US\",\"potentialAction\":[{\"@type\":\"ReadAction\",\"target\":[\"https:\\\/\\\/darkamazi.info\\\/archives\\\/1037029\"]}]},{\"@type\":\"ImageObject\",\"inLanguage\":\"en-US\",\"@id\":\"https:\\\/\\\/darkamazi.info\\\/archives\\\/1037029#primaryimage\",\"url\":\"https:\\\/\\\/darkamazi.info\\\/darka-content\\\/uploads\\\/2023\\\/06\\\/Abdurrahman-Cadirci-info.jpg\",\"contentUrl\":\"https:\\\/\\\/darkamazi.info\\\/darka-content\\\/uploads\\\/2023\\\/06\\\/Abdurrahman-Cadirci-info.jpg\",\"width\":900,\"height\":497,\"caption\":\"Abdurrahman-\u00c7adirc\u00ee-info\"},{\"@type\":\"BreadcrumbList\",\"@id\":\"https:\\\/\\\/darkamazi.info\\\/archives\\\/1037029#breadcrumb\",\"itemListElement\":[{\"@type\":\"ListItem\",\"position\":1,\"name\":\"Home\",\"item\":\"https:\\\/\\\/darkamazi.info\\\/\"},{\"@type\":\"ListItem\",\"position\":2,\"name\":\"Tirkiy\u00ea sindoqa re\u015f ya PKK\u00ea ku\u015ft\"}]},{\"@type\":\"WebSite\",\"@id\":\"https:\\\/\\\/darkamazi.info\\\/#website\",\"url\":\"https:\\\/\\\/darkamazi.info\\\/\",\"name\":\"Darka Maz\u00ee\",\"description\":\"P\u00eageha Zanyariy\u00ean Nebih\u00eest\u00ee\",\"publisher\":{\"@id\":\"https:\\\/\\\/darkamazi.info\\\/#organization\"},\"potentialAction\":[{\"@type\":\"SearchAction\",\"target\":{\"@type\":\"EntryPoint\",\"urlTemplate\":\"https:\\\/\\\/darkamazi.info\\\/?s={search_term_string}\"},\"query-input\":{\"@type\":\"PropertyValueSpecification\",\"valueRequired\":true,\"valueName\":\"search_term_string\"}}],\"inLanguage\":\"en-US\"},{\"@type\":\"Organization\",\"@id\":\"https:\\\/\\\/darkamazi.info\\\/#organization\",\"name\":\"Darka Maz\u00ee\",\"url\":\"https:\\\/\\\/darkamazi.info\\\/\",\"logo\":{\"@type\":\"ImageObject\",\"inLanguage\":\"en-US\",\"@id\":\"https:\\\/\\\/darkamazi.info\\\/#\\\/schema\\\/logo\\\/image\\\/\",\"url\":\"https:\\\/\\\/darkamazi.info\\\/darka-content\\\/uploads\\\/2017\\\/12\\\/darka-mazi-logo.png\",\"contentUrl\":\"https:\\\/\\\/darkamazi.info\\\/darka-content\\\/uploads\\\/2017\\\/12\\\/darka-mazi-logo.png\",\"width\":151,\"height\":75,\"caption\":\"Darka Maz\u00ee\"},\"image\":{\"@id\":\"https:\\\/\\\/darkamazi.info\\\/#\\\/schema\\\/logo\\\/image\\\/\"},\"sameAs\":[\"https:\\\/\\\/www.facebook.com\\\/DarMaziKurmanci\",\"https:\\\/\\\/x.com\\\/DarkaMaziLatini\",\"https:\\\/\\\/www.instagram.com\\\/darkamazi.kurmanci\\\/\",\"https:\\\/\\\/www.youtube.com\\\/channel\\\/UCa5HkTdmI8U1qCUFuTw8B2g\"]},{\"@type\":\"Person\",\"@id\":\"https:\\\/\\\/darkamazi.info\\\/#\\\/schema\\\/person\\\/5ad3e24553a0567993fa8ed4bd0a776c\",\"name\":\"darka mazi\",\"sameAs\":[\"https:\\\/\\\/darkamazi.info\\\/\"],\"url\":\"https:\\\/\\\/darkamazi.info\\\/archives\\\/author\\\/kurdi\"}]}<\/script>\n<!-- \/ Yoast SEO plugin. -->","seo_head_json":{"title":"Tirkiy\u00ea sindoqa re\u015f ya PKK\u00ea ku\u015ft - Darka Maz\u00ee","robots":{"index":"index","follow":"follow","max-snippet":"max-snippet:-1","max-image-preview":"max-image-preview:large","max-video-preview":"max-video-preview:-1"},"canonical":"https:\/\/darkamazi.info\/archives\/1037029","og_locale":"en_US","og_type":"article","og_title":"Tirkiy\u00ea sindoqa re\u015f ya PKK\u00ea ku\u015ft - Darka Maz\u00ee","og_description":"Endam\u00ea konseya KCK\u00ea Abdurrahman \u00c7adirc\u00ee di \u00ear\u00ee\u015feka Tirkiy\u00ea de li Rojava Kurdistan\u00ea hat ku\u015ftin, ev kadroy\u00ea h\u00eala j\u00fbr bi sindoqa re\u015f ya PKK\u00ea t\u00ea nas kirin. Ajansa ferm\u00ee ya Tirkiy\u00ea (AA) y\u00ea duh roja \u00een\u00ee 23\/6\/2023an ragihand ku endam\u00ea konseya KCK\u00ea, y\u00ea bi nav\u00ea Abdurrahman \u00c7adirc\u00ee bi nav\u00ea kod Esad Fera\u015f\u00een di \u00ear\u00ee\u015fek\u00ee s\u00eehay\u00ea de [&hellip;]","og_url":"https:\/\/darkamazi.info\/archives\/1037029","og_site_name":"Darka Maz\u00ee","article_publisher":"https:\/\/www.facebook.com\/DarMaziKurmanci","article_published_time":"2023-06-24T16:23:10+00:00","og_image":[{"width":900,"height":497,"url":"https:\/\/darkamazi.info\/file\/2023\/06\/Abdurrahman-Cadirci-info.jpg","type":"image\/jpeg"}],"author":"darka mazi","twitter_card":"summary_large_image","twitter_creator":"@DarkaMaziLatini","twitter_site":"@DarkaMaziLatini","twitter_misc":{"Written by":"darka mazi","Est. reading time":"2 minutes"},"schema":{"@context":"https:\/\/schema.org","@graph":[{"@type":"Article","@id":"https:\/\/darkamazi.info\/archives\/1037029#article","isPartOf":{"@id":"https:\/\/darkamazi.info\/archives\/1037029"},"author":{"name":"darka mazi","@id":"https:\/\/darkamazi.info\/#\/schema\/person\/5ad3e24553a0567993fa8ed4bd0a776c"},"headline":"Tirkiy\u00ea sindoqa re\u015f ya PKK\u00ea ku\u015ft","datePublished":"2023-06-24T16:23:10+00:00","mainEntityOfPage":{"@id":"https:\/\/darkamazi.info\/archives\/1037029"},"wordCount":405,"publisher":{"@id":"https:\/\/darkamazi.info\/#organization"},"image":{"@id":"https:\/\/darkamazi.info\/archives\/1037029#primaryimage"},"thumbnailUrl":"https:\/\/darkamazi.info\/file\/2023\/06\/Abdurrahman-Cadirci-info.jpg","keywords":["sereke"],"articleSection":["Kurdistan"],"inLanguage":"en-US"},{"@type":"WebPage","@id":"https:\/\/darkamazi.info\/archives\/1037029","url":"https:\/\/darkamazi.info\/archives\/1037029","name":"Tirkiy\u00ea sindoqa re\u015f ya PKK\u00ea ku\u015ft - Darka Maz\u00ee","isPartOf":{"@id":"https:\/\/darkamazi.info\/#website"},"primaryImageOfPage":{"@id":"https:\/\/darkamazi.info\/archives\/1037029#primaryimage"},"image":{"@id":"https:\/\/darkamazi.info\/archives\/1037029#primaryimage"},"thumbnailUrl":"https:\/\/darkamazi.info\/file\/2023\/06\/Abdurrahman-Cadirci-info.jpg","datePublished":"2023-06-24T16:23:10+00:00","breadcrumb":{"@id":"https:\/\/darkamazi.info\/archives\/1037029#breadcrumb"},"inLanguage":"en-US","potentialAction":[{"@type":"ReadAction","target":["https:\/\/darkamazi.info\/archives\/1037029"]}]},{"@type":"ImageObject","inLanguage":"en-US","@id":"https:\/\/darkamazi.info\/archives\/1037029#primaryimage","url":"https:\/\/darkamazi.info\/file\/2023\/06\/Abdurrahman-Cadirci-info.jpg","contentUrl":"https:\/\/darkamazi.info\/file\/2023\/06\/Abdurrahman-Cadirci-info.jpg","width":900,"height":497,"caption":"Abdurrahman-\u00c7adirc\u00ee-info"},{"@type":"BreadcrumbList","@id":"https:\/\/darkamazi.info\/archives\/1037029#breadcrumb","itemListElement":[{"@type":"ListItem","position":1,"name":"Home","item":"https:\/\/darkamazi.info\/"},{"@type":"ListItem","position":2,"name":"Tirkiy\u00ea sindoqa re\u015f ya PKK\u00ea ku\u015ft"}]},{"@type":"WebSite","@id":"https:\/\/darkamazi.info\/#website","url":"https:\/\/darkamazi.info\/","name":"Darka Maz\u00ee","description":"P\u00eageha Zanyariy\u00ean Nebih\u00eest\u00ee","publisher":{"@id":"https:\/\/darkamazi.info\/#organization"},"potentialAction":[{"@type":"SearchAction","target":{"@type":"EntryPoint","urlTemplate":"https:\/\/darkamazi.info\/?s={search_term_string}"},"query-input":{"@type":"PropertyValueSpecification","valueRequired":true,"valueName":"search_term_string"}}],"inLanguage":"en-US"},{"@type":"Organization","@id":"https:\/\/darkamazi.info\/#organization","name":"Darka Maz\u00ee","url":"https:\/\/darkamazi.info\/","logo":{"@type":"ImageObject","inLanguage":"en-US","@id":"https:\/\/darkamazi.info\/#\/schema\/logo\/image\/","url":"https:\/\/darkamazi.info\/file\/2017\/12\/darka-mazi-logo.png","contentUrl":"https:\/\/darkamazi.info\/file\/2017\/12\/darka-mazi-logo.png","width":151,"height":75,"caption":"Darka Maz\u00ee"},"image":{"@id":"https:\/\/darkamazi.info\/#\/schema\/logo\/image\/"},"sameAs":["https:\/\/www.facebook.com\/DarMaziKurmanci","https:\/\/x.com\/DarkaMaziLatini","https:\/\/www.instagram.com\/darkamazi.kurmanci\/","https:\/\/www.youtube.com\/channel\/UCa5HkTdmI8U1qCUFuTw8B2g"]},{"@type":"Person","@id":"https:\/\/darkamazi.info\/#\/schema\/person\/5ad3e24553a0567993fa8ed4bd0a776c","name":"darka mazi","sameAs":["https:\/\/darkamazi.info\/"],"url":"https:\/\/darkamazi.info\/archives\/author\/kurdi"}]}},"_links":{"self":[{"href":"https:\/\/darkamazi.info\/funavuv\/wp\/v2\/posts\/1037029","targetHints":{"allow":["GET"]}}],"collection":[{"href":"https:\/\/darkamazi.info\/funavuv\/wp\/v2\/posts"}],"about":[{"href":"https:\/\/darkamazi.info\/funavuv\/wp\/v2\/types\/post"}],"author":[{"embeddable":true,"href":"https:\/\/darkamazi.info\/funavuv\/wp\/v2\/users\/2"}],"replies":[{"embeddable":true,"href":"https:\/\/darkamazi.info\/funavuv\/wp\/v2\/comments?post=1037029"}],"version-history":[{"count":0,"href":"https:\/\/darkamazi.info\/funavuv\/wp\/v2\/posts\/1037029\/revisions"}],"wp:featuredmedia":[{"embeddable":true,"href":"https:\/\/darkamazi.info\/funavuv\/wp\/v2\/media\/1037030"}],"wp:attachment":[{"href":"https:\/\/darkamazi.info\/funavuv\/wp\/v2\/media?parent=1037029"}],"wp:term":[{"taxonomy":"category","embeddable":true,"href":"https:\/\/darkamazi.info\/funavuv\/wp\/v2\/categories?post=1037029"},{"taxonomy":"post_tag","embeddable":true,"href":"https:\/\/darkamazi.info\/funavuv\/wp\/v2\/tags?post=1037029"}],"curies":[{"name":"wp","href":"https:\/\/api.w.org\/{rel}","templated":true}]}}