{"id":1037080,"date":"2023-07-02T17:41:37","date_gmt":"2023-07-02T14:41:37","guid":{"rendered":"https:\/\/darkamazi.info\/?p=1037080"},"modified":"2023-07-02T17:41:37","modified_gmt":"2023-07-02T14:41:37","slug":"du-sal-li-ser-sehidbuna-emin-isa-eleli-bi-deste-hsde-re-derbas-dibin","status":"publish","type":"post","link":"https:\/\/darkamazi.info\/archives\/1037080","title":{"rendered":"Du sal li ser \u015feh\u00eedb\u00fbna Em\u00een \u00cesa Elel\u00ee bi dest\u00ea HSD\u00ea re derbas dibin"},"content":{"rendered":"<h3 style=\"text-align: justify\"><span style=\"font-family: 'arial black', sans-serif\">Pi\u015ft\u00ee z\u00eadetir\u00ee 3 hefteyan ji girtin \u00fb revandin\u00ea, di rojeke weke \u00eero de di 28\u00ea Hiz\u00earana 2021\u00ea de , h\u00eaz\u00ean S\u00fbriya Demokrat ciwan\u00ea kurd Em\u00een \u00cesa Em\u00een li bajar\u00ea Hesek\u00ea y\u00ea Rojavay\u00ea Kurdistan\u00ea di bin.<\/span><\/h3>\n<h3 style=\"text-align: justify\">Ciwan\u00ea kurd Em\u00een \u00cesa beriya ku were \u015feh\u00eedkirin, bi 27 rojan bi dest\u00ea H\u00eaz\u00ean S\u00fbriya Demoqrat\u00eek HSD\u00ea hatib\u00fb revandin, ku bi xwe endam\u00ea enc\u00fbmena \u015fax\u00ee ya Partiya Demokrata Kurdistan &#8211; S\u00fbriya PDK-S\u00ea ye.<\/h3>\n<h3 style=\"text-align: justify\">Di v\u00ea derbar\u00ea de raportek ji piz\u00ee\u015fk\u00ee dadwer\u00ee derket t\u00ea de diyar b\u00fb ku bi \u015f\u00eaweyek\u00ee hovane hatiye l\u00eadan \u00fb e\u015fkencedan. Raporta piz\u00ee\u015fkiya dadwer\u00ee di 10 xalan de asta \u00ee\u015fkence \u00fb sedema can ji dest dana Em\u00een \u00cesa bi v\u00ee awa e\u015fkere dike:<\/h3>\n<h3 style=\"text-align: justify\">1- \u015eekandin di dev de.<\/h3>\n<h3 style=\"text-align: justify\">2- \u015eikandin di diranan de.<\/h3>\n<h3 style=\"text-align: justify\">3- L\u00eadan di \u00e7ok \u00fb kabokan de.<\/h3>\n<h3 style=\"text-align: justify\">4- L\u00eadan bi alav\u00ean t\u00fbj di st\u00fb \u00fb pa\u015f ser\u00ee de.<\/h3>\n<h3 style=\"text-align: justify\">5- \u015eewitandin di ser\u00ee ta dawiya pi\u015ft\u00ea de heye.<\/h3>\n<h3 style=\"text-align: justify\">6- \u015e\u00fbna l\u00eadana tund li ser mej\u00ee heye.<\/h3>\n<h3 style=\"text-align: justify\">7- \u015e\u00fbna l\u00eadana bi \u015fefery\u00ea li ser r\u00fby\u00ea w\u00ee y\u00ea \u00e7ep\u00ea heye.<\/h3>\n<h3 style=\"text-align: justify\">8- \u015eewitandina destan ta bin \u00e7engan de.<\/h3>\n<h3 style=\"text-align: justify\">9- L\u00eadana di zik de.<\/h3>\n<h3 style=\"text-align: justify\">10- Bikaran\u00eena elektir\u00eek\u00ea li ser pi\u015ft\u00ea \u00fb endam\u00ean m\u00earantiy\u00ea de.<\/h3>\n<h3 style=\"text-align: justify\">Beriya du salan her yek ji Enc\u00fbmena Ni\u015ft\u00eeman\u00ee ya Kurd\u00ee li S\u00fbriy\u00ea \u00fb Partiya Demoqrata Kurdistan -S\u00fbriya daxuyniy\u00ean \u015fermezariy\u00ea belav kirin.<\/h3>\n<h3 style=\"text-align: justify\">Enc\u00fbmena Ni\u015ft\u00eeman\u00ee ya Kurd\u00ee li S\u00fbriy\u00ea \u00fb Partiya Demoqrata Kurdistan -S\u00fbriya banga dadgehkirina tawanbaran kir, l\u00ea tev\u00ee derbasb\u00eena du sal tu l\u00eakol\u00een nehatine destp\u00eakirin,<\/h3>\n<h3 style=\"text-align: justify\">Ciwan\u00ea kurd ji \u015f\u00eaniy\u00ea gund\u00ea B\u00eerik\u00ea y\u00ea ser bi bajar\u00ea Dir\u00eab\u00easiy\u00ea ye, jiday\u00eekb\u00fby\u00ee sala 1986an e, x\u00eazandar b\u00fb \u00fb bav\u00ea 2 zarokan e. Ev tawan ne ya yek\u00ea di d\u00eeroka PYD\u00ea de ye, ku ji dema ku deshelatdar\u00ee ji r\u00eaj\u00eem\u00ea wergirtiye bi sedan tawan di dermaf\u00ea siyasetmedar, welatpar\u00eaz, \u00fb endam \u00fb al\u00eegir\u00ean ENKS\u00ea de encam dane, \u00fb h\u00een j\u00ee di kiryar\u00ean xe de berdewam e.<\/h3>\n","protected":false},"excerpt":{"rendered":"<p>Pi\u015ft\u00ee z\u00eadetir\u00ee 3 hefteyan ji girtin \u00fb revandin\u00ea, di rojeke weke \u00eero de di 28\u00ea Hiz\u00earana 2021\u00ea de , h\u00eaz\u00ean S\u00fbriya Demokrat ciwan\u00ea kurd Em\u00een \u00cesa Em\u00een li bajar\u00ea Hesek\u00ea y\u00ea Rojavay\u00ea Kurdistan\u00ea di bin. Ciwan\u00ea kurd Em\u00een \u00cesa beriya ku were \u015feh\u00eedkirin, bi 27 rojan bi dest\u00ea H\u00eaz\u00ean S\u00fbriya Demoqrat\u00eek HSD\u00ea hatib\u00fb revandin, ku [&hellip;]<\/p>\n","protected":false},"author":2,"featured_media":1037081,"comment_status":"closed","ping_status":"closed","sticky":false,"template":"","format":"standard","meta":{"footnotes":""},"categories":[29],"tags":[37],"class_list":["post-1037080","post","type-post","status-publish","format-standard","has-post-thumbnail","hentry","category-kurdistan","tag-sereke"],"blocksy_meta":[],"seo_head":"<!-- This site is optimized with the Yoast SEO plugin v27.5 - https:\/\/yoast.com\/product\/yoast-seo-wordpress\/ -->\n<title>Du sal li ser \u015feh\u00eedb\u00fbna Em\u00een \u00cesa Elel\u00ee bi dest\u00ea HSD\u00ea re derbas dibin - Darka Maz\u00ee<\/title>\n<meta name=\"robots\" content=\"index, follow, max-snippet:-1, max-image-preview:large, max-video-preview:-1\" \/>\n<link rel=\"canonical\" href=\"https:\/\/darkamazi.info\/archives\/1037080\" \/>\n<meta property=\"og:locale\" content=\"en_US\" \/>\n<meta property=\"og:type\" content=\"article\" \/>\n<meta property=\"og:title\" content=\"Du sal li ser \u015feh\u00eedb\u00fbna Em\u00een \u00cesa Elel\u00ee bi dest\u00ea HSD\u00ea re derbas dibin - Darka Maz\u00ee\" \/>\n<meta property=\"og:description\" content=\"Pi\u015ft\u00ee z\u00eadetir\u00ee 3 hefteyan ji girtin \u00fb revandin\u00ea, di rojeke weke \u00eero de di 28\u00ea Hiz\u00earana 2021\u00ea de , h\u00eaz\u00ean S\u00fbriya Demokrat ciwan\u00ea kurd Em\u00een \u00cesa Em\u00een li bajar\u00ea Hesek\u00ea y\u00ea Rojavay\u00ea Kurdistan\u00ea di bin. Ciwan\u00ea kurd Em\u00een \u00cesa beriya ku were \u015feh\u00eedkirin, bi 27 rojan bi dest\u00ea H\u00eaz\u00ean S\u00fbriya Demoqrat\u00eek HSD\u00ea hatib\u00fb revandin, ku [&hellip;]\" \/>\n<meta property=\"og:url\" content=\"https:\/\/darkamazi.info\/archives\/1037080\" \/>\n<meta property=\"og:site_name\" content=\"Darka Maz\u00ee\" \/>\n<meta property=\"article:publisher\" content=\"https:\/\/www.facebook.com\/DarMaziKurmanci\" \/>\n<meta property=\"article:published_time\" content=\"2023-07-02T14:41:37+00:00\" \/>\n<meta property=\"og:image\" content=\"https:\/\/darkamazi.info\/file\/2023\/07\/emin-isa.jpg\" \/>\n\t<meta property=\"og:image:width\" content=\"900\" \/>\n\t<meta property=\"og:image:height\" content=\"497\" \/>\n\t<meta property=\"og:image:type\" content=\"image\/jpeg\" \/>\n<meta name=\"author\" content=\"darka mazi\" \/>\n<meta name=\"twitter:card\" content=\"summary_large_image\" \/>\n<meta name=\"twitter:creator\" content=\"@DarkaMaziLatini\" \/>\n<meta name=\"twitter:site\" content=\"@DarkaMaziLatini\" \/>\n<meta name=\"twitter:label1\" content=\"Written by\" \/>\n\t<meta name=\"twitter:data1\" content=\"darka mazi\" \/>\n\t<meta name=\"twitter:label2\" content=\"Est. reading time\" \/>\n\t<meta name=\"twitter:data2\" content=\"2 minutes\" \/>\n<script type=\"application\/ld+json\" class=\"seo-schema-graph\">{\"@context\":\"https:\\\/\\\/schema.org\",\"@graph\":[{\"@type\":\"Article\",\"@id\":\"https:\\\/\\\/darkamazi.info\\\/archives\\\/1037080#article\",\"isPartOf\":{\"@id\":\"https:\\\/\\\/darkamazi.info\\\/archives\\\/1037080\"},\"author\":{\"name\":\"darka mazi\",\"@id\":\"https:\\\/\\\/darkamazi.info\\\/#\\\/schema\\\/person\\\/5ad3e24553a0567993fa8ed4bd0a776c\"},\"headline\":\"Du sal li ser \u015feh\u00eedb\u00fbna Em\u00een \u00cesa Elel\u00ee bi dest\u00ea HSD\u00ea re derbas dibin\",\"datePublished\":\"2023-07-02T14:41:37+00:00\",\"mainEntityOfPage\":{\"@id\":\"https:\\\/\\\/darkamazi.info\\\/archives\\\/1037080\"},\"wordCount\":363,\"publisher\":{\"@id\":\"https:\\\/\\\/darkamazi.info\\\/#organization\"},\"image\":{\"@id\":\"https:\\\/\\\/darkamazi.info\\\/archives\\\/1037080#primaryimage\"},\"thumbnailUrl\":\"https:\\\/\\\/darkamazi.info\\\/darka-content\\\/uploads\\\/2023\\\/07\\\/emin-isa.jpg\",\"keywords\":[\"sereke\"],\"articleSection\":[\"Kurdistan\"],\"inLanguage\":\"en-US\"},{\"@type\":\"WebPage\",\"@id\":\"https:\\\/\\\/darkamazi.info\\\/archives\\\/1037080\",\"url\":\"https:\\\/\\\/darkamazi.info\\\/archives\\\/1037080\",\"name\":\"Du sal li ser \u015feh\u00eedb\u00fbna Em\u00een \u00cesa Elel\u00ee bi dest\u00ea HSD\u00ea re derbas dibin - Darka Maz\u00ee\",\"isPartOf\":{\"@id\":\"https:\\\/\\\/darkamazi.info\\\/#website\"},\"primaryImageOfPage\":{\"@id\":\"https:\\\/\\\/darkamazi.info\\\/archives\\\/1037080#primaryimage\"},\"image\":{\"@id\":\"https:\\\/\\\/darkamazi.info\\\/archives\\\/1037080#primaryimage\"},\"thumbnailUrl\":\"https:\\\/\\\/darkamazi.info\\\/darka-content\\\/uploads\\\/2023\\\/07\\\/emin-isa.jpg\",\"datePublished\":\"2023-07-02T14:41:37+00:00\",\"breadcrumb\":{\"@id\":\"https:\\\/\\\/darkamazi.info\\\/archives\\\/1037080#breadcrumb\"},\"inLanguage\":\"en-US\",\"potentialAction\":[{\"@type\":\"ReadAction\",\"target\":[\"https:\\\/\\\/darkamazi.info\\\/archives\\\/1037080\"]}]},{\"@type\":\"ImageObject\",\"inLanguage\":\"en-US\",\"@id\":\"https:\\\/\\\/darkamazi.info\\\/archives\\\/1037080#primaryimage\",\"url\":\"https:\\\/\\\/darkamazi.info\\\/darka-content\\\/uploads\\\/2023\\\/07\\\/emin-isa.jpg\",\"contentUrl\":\"https:\\\/\\\/darkamazi.info\\\/darka-content\\\/uploads\\\/2023\\\/07\\\/emin-isa.jpg\",\"width\":900,\"height\":497,\"caption\":\"Du sal li ser \u015feh\u00eedb\u00fbna Em\u00een \u00cesa Elel\u00ee bi dest\u00ea HSD\u00ea re derbas dibin\"},{\"@type\":\"BreadcrumbList\",\"@id\":\"https:\\\/\\\/darkamazi.info\\\/archives\\\/1037080#breadcrumb\",\"itemListElement\":[{\"@type\":\"ListItem\",\"position\":1,\"name\":\"Home\",\"item\":\"https:\\\/\\\/darkamazi.info\\\/\"},{\"@type\":\"ListItem\",\"position\":2,\"name\":\"Du sal li ser \u015feh\u00eedb\u00fbna Em\u00een \u00cesa Elel\u00ee bi dest\u00ea HSD\u00ea re derbas dibin\"}]},{\"@type\":\"WebSite\",\"@id\":\"https:\\\/\\\/darkamazi.info\\\/#website\",\"url\":\"https:\\\/\\\/darkamazi.info\\\/\",\"name\":\"Darka Maz\u00ee\",\"description\":\"P\u00eageha Zanyariy\u00ean Nebih\u00eest\u00ee\",\"publisher\":{\"@id\":\"https:\\\/\\\/darkamazi.info\\\/#organization\"},\"potentialAction\":[{\"@type\":\"SearchAction\",\"target\":{\"@type\":\"EntryPoint\",\"urlTemplate\":\"https:\\\/\\\/darkamazi.info\\\/?s={search_term_string}\"},\"query-input\":{\"@type\":\"PropertyValueSpecification\",\"valueRequired\":true,\"valueName\":\"search_term_string\"}}],\"inLanguage\":\"en-US\"},{\"@type\":\"Organization\",\"@id\":\"https:\\\/\\\/darkamazi.info\\\/#organization\",\"name\":\"Darka Maz\u00ee\",\"url\":\"https:\\\/\\\/darkamazi.info\\\/\",\"logo\":{\"@type\":\"ImageObject\",\"inLanguage\":\"en-US\",\"@id\":\"https:\\\/\\\/darkamazi.info\\\/#\\\/schema\\\/logo\\\/image\\\/\",\"url\":\"https:\\\/\\\/darkamazi.info\\\/darka-content\\\/uploads\\\/2017\\\/12\\\/darka-mazi-logo.png\",\"contentUrl\":\"https:\\\/\\\/darkamazi.info\\\/darka-content\\\/uploads\\\/2017\\\/12\\\/darka-mazi-logo.png\",\"width\":151,\"height\":75,\"caption\":\"Darka Maz\u00ee\"},\"image\":{\"@id\":\"https:\\\/\\\/darkamazi.info\\\/#\\\/schema\\\/logo\\\/image\\\/\"},\"sameAs\":[\"https:\\\/\\\/www.facebook.com\\\/DarMaziKurmanci\",\"https:\\\/\\\/x.com\\\/DarkaMaziLatini\",\"https:\\\/\\\/www.instagram.com\\\/darkamazi.kurmanci\\\/\",\"https:\\\/\\\/www.youtube.com\\\/channel\\\/UCa5HkTdmI8U1qCUFuTw8B2g\"]},{\"@type\":\"Person\",\"@id\":\"https:\\\/\\\/darkamazi.info\\\/#\\\/schema\\\/person\\\/5ad3e24553a0567993fa8ed4bd0a776c\",\"name\":\"darka mazi\",\"sameAs\":[\"https:\\\/\\\/darkamazi.info\\\/\"],\"url\":\"https:\\\/\\\/darkamazi.info\\\/archives\\\/author\\\/kurdi\"}]}<\/script>\n<!-- \/ Yoast SEO plugin. -->","seo_head_json":{"title":"Du sal li ser \u015feh\u00eedb\u00fbna Em\u00een \u00cesa Elel\u00ee bi dest\u00ea HSD\u00ea re derbas dibin - Darka Maz\u00ee","robots":{"index":"index","follow":"follow","max-snippet":"max-snippet:-1","max-image-preview":"max-image-preview:large","max-video-preview":"max-video-preview:-1"},"canonical":"https:\/\/darkamazi.info\/archives\/1037080","og_locale":"en_US","og_type":"article","og_title":"Du sal li ser \u015feh\u00eedb\u00fbna Em\u00een \u00cesa Elel\u00ee bi dest\u00ea HSD\u00ea re derbas dibin - Darka Maz\u00ee","og_description":"Pi\u015ft\u00ee z\u00eadetir\u00ee 3 hefteyan ji girtin \u00fb revandin\u00ea, di rojeke weke \u00eero de di 28\u00ea Hiz\u00earana 2021\u00ea de , h\u00eaz\u00ean S\u00fbriya Demokrat ciwan\u00ea kurd Em\u00een \u00cesa Em\u00een li bajar\u00ea Hesek\u00ea y\u00ea Rojavay\u00ea Kurdistan\u00ea di bin. Ciwan\u00ea kurd Em\u00een \u00cesa beriya ku were \u015feh\u00eedkirin, bi 27 rojan bi dest\u00ea H\u00eaz\u00ean S\u00fbriya Demoqrat\u00eek HSD\u00ea hatib\u00fb revandin, ku [&hellip;]","og_url":"https:\/\/darkamazi.info\/archives\/1037080","og_site_name":"Darka Maz\u00ee","article_publisher":"https:\/\/www.facebook.com\/DarMaziKurmanci","article_published_time":"2023-07-02T14:41:37+00:00","og_image":[{"width":900,"height":497,"url":"https:\/\/darkamazi.info\/file\/2023\/07\/emin-isa.jpg","type":"image\/jpeg"}],"author":"darka mazi","twitter_card":"summary_large_image","twitter_creator":"@DarkaMaziLatini","twitter_site":"@DarkaMaziLatini","twitter_misc":{"Written by":"darka mazi","Est. reading time":"2 minutes"},"schema":{"@context":"https:\/\/schema.org","@graph":[{"@type":"Article","@id":"https:\/\/darkamazi.info\/archives\/1037080#article","isPartOf":{"@id":"https:\/\/darkamazi.info\/archives\/1037080"},"author":{"name":"darka mazi","@id":"https:\/\/darkamazi.info\/#\/schema\/person\/5ad3e24553a0567993fa8ed4bd0a776c"},"headline":"Du sal li ser \u015feh\u00eedb\u00fbna Em\u00een \u00cesa Elel\u00ee bi dest\u00ea HSD\u00ea re derbas dibin","datePublished":"2023-07-02T14:41:37+00:00","mainEntityOfPage":{"@id":"https:\/\/darkamazi.info\/archives\/1037080"},"wordCount":363,"publisher":{"@id":"https:\/\/darkamazi.info\/#organization"},"image":{"@id":"https:\/\/darkamazi.info\/archives\/1037080#primaryimage"},"thumbnailUrl":"https:\/\/darkamazi.info\/file\/2023\/07\/emin-isa.jpg","keywords":["sereke"],"articleSection":["Kurdistan"],"inLanguage":"en-US"},{"@type":"WebPage","@id":"https:\/\/darkamazi.info\/archives\/1037080","url":"https:\/\/darkamazi.info\/archives\/1037080","name":"Du sal li ser \u015feh\u00eedb\u00fbna Em\u00een \u00cesa Elel\u00ee bi dest\u00ea HSD\u00ea re derbas dibin - Darka Maz\u00ee","isPartOf":{"@id":"https:\/\/darkamazi.info\/#website"},"primaryImageOfPage":{"@id":"https:\/\/darkamazi.info\/archives\/1037080#primaryimage"},"image":{"@id":"https:\/\/darkamazi.info\/archives\/1037080#primaryimage"},"thumbnailUrl":"https:\/\/darkamazi.info\/file\/2023\/07\/emin-isa.jpg","datePublished":"2023-07-02T14:41:37+00:00","breadcrumb":{"@id":"https:\/\/darkamazi.info\/archives\/1037080#breadcrumb"},"inLanguage":"en-US","potentialAction":[{"@type":"ReadAction","target":["https:\/\/darkamazi.info\/archives\/1037080"]}]},{"@type":"ImageObject","inLanguage":"en-US","@id":"https:\/\/darkamazi.info\/archives\/1037080#primaryimage","url":"https:\/\/darkamazi.info\/file\/2023\/07\/emin-isa.jpg","contentUrl":"https:\/\/darkamazi.info\/file\/2023\/07\/emin-isa.jpg","width":900,"height":497,"caption":"Du sal li ser \u015feh\u00eedb\u00fbna Em\u00een \u00cesa Elel\u00ee bi dest\u00ea HSD\u00ea re derbas dibin"},{"@type":"BreadcrumbList","@id":"https:\/\/darkamazi.info\/archives\/1037080#breadcrumb","itemListElement":[{"@type":"ListItem","position":1,"name":"Home","item":"https:\/\/darkamazi.info\/"},{"@type":"ListItem","position":2,"name":"Du sal li ser \u015feh\u00eedb\u00fbna Em\u00een \u00cesa Elel\u00ee bi dest\u00ea HSD\u00ea re derbas dibin"}]},{"@type":"WebSite","@id":"https:\/\/darkamazi.info\/#website","url":"https:\/\/darkamazi.info\/","name":"Darka Maz\u00ee","description":"P\u00eageha Zanyariy\u00ean Nebih\u00eest\u00ee","publisher":{"@id":"https:\/\/darkamazi.info\/#organization"},"potentialAction":[{"@type":"SearchAction","target":{"@type":"EntryPoint","urlTemplate":"https:\/\/darkamazi.info\/?s={search_term_string}"},"query-input":{"@type":"PropertyValueSpecification","valueRequired":true,"valueName":"search_term_string"}}],"inLanguage":"en-US"},{"@type":"Organization","@id":"https:\/\/darkamazi.info\/#organization","name":"Darka Maz\u00ee","url":"https:\/\/darkamazi.info\/","logo":{"@type":"ImageObject","inLanguage":"en-US","@id":"https:\/\/darkamazi.info\/#\/schema\/logo\/image\/","url":"https:\/\/darkamazi.info\/file\/2017\/12\/darka-mazi-logo.png","contentUrl":"https:\/\/darkamazi.info\/file\/2017\/12\/darka-mazi-logo.png","width":151,"height":75,"caption":"Darka Maz\u00ee"},"image":{"@id":"https:\/\/darkamazi.info\/#\/schema\/logo\/image\/"},"sameAs":["https:\/\/www.facebook.com\/DarMaziKurmanci","https:\/\/x.com\/DarkaMaziLatini","https:\/\/www.instagram.com\/darkamazi.kurmanci\/","https:\/\/www.youtube.com\/channel\/UCa5HkTdmI8U1qCUFuTw8B2g"]},{"@type":"Person","@id":"https:\/\/darkamazi.info\/#\/schema\/person\/5ad3e24553a0567993fa8ed4bd0a776c","name":"darka mazi","sameAs":["https:\/\/darkamazi.info\/"],"url":"https:\/\/darkamazi.info\/archives\/author\/kurdi"}]}},"_links":{"self":[{"href":"https:\/\/darkamazi.info\/funavuv\/wp\/v2\/posts\/1037080","targetHints":{"allow":["GET"]}}],"collection":[{"href":"https:\/\/darkamazi.info\/funavuv\/wp\/v2\/posts"}],"about":[{"href":"https:\/\/darkamazi.info\/funavuv\/wp\/v2\/types\/post"}],"author":[{"embeddable":true,"href":"https:\/\/darkamazi.info\/funavuv\/wp\/v2\/users\/2"}],"replies":[{"embeddable":true,"href":"https:\/\/darkamazi.info\/funavuv\/wp\/v2\/comments?post=1037080"}],"version-history":[{"count":0,"href":"https:\/\/darkamazi.info\/funavuv\/wp\/v2\/posts\/1037080\/revisions"}],"wp:featuredmedia":[{"embeddable":true,"href":"https:\/\/darkamazi.info\/funavuv\/wp\/v2\/media\/1037081"}],"wp:attachment":[{"href":"https:\/\/darkamazi.info\/funavuv\/wp\/v2\/media?parent=1037080"}],"wp:term":[{"taxonomy":"category","embeddable":true,"href":"https:\/\/darkamazi.info\/funavuv\/wp\/v2\/categories?post=1037080"},{"taxonomy":"post_tag","embeddable":true,"href":"https:\/\/darkamazi.info\/funavuv\/wp\/v2\/tags?post=1037080"}],"curies":[{"name":"wp","href":"https:\/\/api.w.org\/{rel}","templated":true}]}}