{"id":1037090,"date":"2023-07-03T11:03:32","date_gmt":"2023-07-03T08:03:32","guid":{"rendered":"https:\/\/darkamazi.info\/?p=1037090"},"modified":"2023-07-03T11:03:32","modified_gmt":"2023-07-03T08:03:32","slug":"saredare-meksiki-bi-timseh-re-zewici","status":"publish","type":"post","link":"https:\/\/darkamazi.info\/archives\/1037090","title":{"rendered":"\u015earedar\u00ea Meks\u00eek\u00ee bi t\u00eemseh re zewic\u00ee"},"content":{"rendered":"<h3 style=\"text-align: justify\"><span style=\"font-family: 'arial black', sans-serif\">\u015earedar\u00ea Meks\u00eeka y\u00ea San Pedro Huamelula, Victor Hugo Sosa Garcia, ji bo ku \u015fans \u00fb s\u00fbd\u00ea ji gel re b\u00eene, bi t\u00eemsehek\u00ea re zewic\u00ee. Di \u015fah\u00eeya zewac\u00ea de xeml \u00fb x\u00eaza b\u00fbk\u00ea li timseh kirin, bi t\u00eemseh re govend girtin \u00fb her\u00ee daw\u00ee ji bo dawet\u00ea an\u00een avah\u00eeya \u015faredar\u00eey\u00ea.<\/span><\/h3>\n<h3 style=\"text-align: justify\">Victor Hugo Sosa Garcia, \u015earedar\u00ea San Pedro Huamelula, ku li eyaleta Oaxaca ya Meks\u00eekay\u00ea ye, ji bo ku ji gel\u00ea xwe re bextewar\u00ee, bereket \u00fb z\u00eadeb\u00fbn\u00ea b\u00eene, bi t\u00eemseh Alicia Adriana re zewic\u00ee. Xelk\u00ea baj\u00ear eleqeyek mezin n\u00ee\u015fan\u00ee daweta ku bi muz\u00eek \u00fb d\u00eelan\u00ea hat lidarxistin, da. Ber\u00ee dawet\u00ea, cil\u00ea b\u00fbk\u00ea li t\u00eemseh Alicia Adriana, kirin \u00fb pi\u015ft\u00ee ku ji bo ewleh\u00eey\u00ea dev l\u00ea hat gir\u00eadan, ew li kolan\u00ean San Pedro Huamelula gerandin.<\/h3>\n<h3 style=\"text-align: justify\">Timsaha ku bi \u015f\u00eaniy\u00ean baj\u00ear re hat govend girt, her\u00ee daw\u00ee ji bo dawet\u00ea an\u00een avah\u00eeya \u015faredariy\u00ea. Li wir mehra di navbera t\u00eemseh \u00fb \u015earedar Garcia de ji h\u00eala r\u00eaber\u00ea ol\u00ee y\u00ea baj\u00ear ve hat bir\u00een. \u201cEm ji hev hez dikin\u201d Li ser pirsa gelo ew raz\u00ee ye ku di dawet\u00ea de bi b\u00fbka t\u00eemseh re bizewice yan na, \u015earedar Garcia wiha bersivand: \u201cEz berpirsiyar\u00eey\u00ea qeb\u00fbl dikim ji ber ku em ji hev hez dikin, ya gir\u00eeng ev e. B\u00ea hezkirin zewac \u00e7\u00eanabe. Em ji hev hez dikin \u00fb ez dixwazim bi prensesa xwe re bizewicim\u201d.<\/h3>\n<h3 style=\"text-align: justify\"><span style=\"font-family: 'arial black', sans-serif\">Kevne\u015fop xwe disp\u00eare sala 1789an<\/span><\/h3>\n<h3 style=\"text-align: justify\">Kevne\u015fop\u00eeya ku ji sala 1789an \u00fb vir ve li bajar\u00ea San Pedro Huamelula berdewam dike, lihevhatina du civak\u00ean ku w\u00ea dem\u00ea dijmin b\u00fbn, sembol\u00eeze dike. H\u00eav\u00ee dikin ku ev zewaca n\u00fbner\u00ee ya ku her sal t\u00ea lidarxistin, ji bo xelk\u00ea baj\u00ear bibe sedema bextewar\u00ee, aram\u00ee \u00fb p\u00eakvejiyan\u00ea.<\/h3>\n","protected":false},"excerpt":{"rendered":"<p>\u015earedar\u00ea Meks\u00eeka y\u00ea San Pedro Huamelula, Victor Hugo Sosa Garcia, ji bo ku \u015fans \u00fb s\u00fbd\u00ea ji gel re b\u00eene, bi t\u00eemsehek\u00ea re zewic\u00ee. Di \u015fah\u00eeya zewac\u00ea de xeml \u00fb x\u00eaza b\u00fbk\u00ea li timseh kirin, bi t\u00eemseh re govend girtin \u00fb her\u00ee daw\u00ee ji bo dawet\u00ea an\u00een avah\u00eeya \u015faredar\u00eey\u00ea. Victor Hugo Sosa Garcia, \u015earedar\u00ea San [&hellip;]<\/p>\n","protected":false},"author":2,"featured_media":1037091,"comment_status":"closed","ping_status":"closed","sticky":false,"template":"","format":"standard","meta":{"footnotes":""},"categories":[4],"tags":[37],"class_list":["post-1037090","post","type-post","status-publish","format-standard","has-post-thumbnail","hentry","category-hemereng","tag-sereke"],"blocksy_meta":[],"seo_head":"<!-- This site is optimized with the Yoast SEO plugin v27.5 - https:\/\/yoast.com\/product\/yoast-seo-wordpress\/ -->\n<title>\u015earedar\u00ea Meks\u00eek\u00ee bi t\u00eemseh re zewic\u00ee - Darka Maz\u00ee<\/title>\n<meta name=\"robots\" content=\"index, follow, max-snippet:-1, max-image-preview:large, max-video-preview:-1\" \/>\n<link rel=\"canonical\" href=\"https:\/\/darkamazi.info\/archives\/1037090\" \/>\n<meta property=\"og:locale\" content=\"en_US\" \/>\n<meta property=\"og:type\" content=\"article\" \/>\n<meta property=\"og:title\" content=\"\u015earedar\u00ea Meks\u00eek\u00ee bi t\u00eemseh re zewic\u00ee - Darka Maz\u00ee\" \/>\n<meta property=\"og:description\" content=\"\u015earedar\u00ea Meks\u00eeka y\u00ea San Pedro Huamelula, Victor Hugo Sosa Garcia, ji bo ku \u015fans \u00fb s\u00fbd\u00ea ji gel re b\u00eene, bi t\u00eemsehek\u00ea re zewic\u00ee. Di \u015fah\u00eeya zewac\u00ea de xeml \u00fb x\u00eaza b\u00fbk\u00ea li timseh kirin, bi t\u00eemseh re govend girtin \u00fb her\u00ee daw\u00ee ji bo dawet\u00ea an\u00een avah\u00eeya \u015faredar\u00eey\u00ea. Victor Hugo Sosa Garcia, \u015earedar\u00ea San [&hellip;]\" \/>\n<meta property=\"og:url\" content=\"https:\/\/darkamazi.info\/archives\/1037090\" \/>\n<meta property=\"og:site_name\" content=\"Darka Maz\u00ee\" \/>\n<meta property=\"article:publisher\" content=\"https:\/\/www.facebook.com\/DarMaziKurmanci\" \/>\n<meta property=\"article:published_time\" content=\"2023-07-03T08:03:32+00:00\" \/>\n<meta property=\"og:image\" content=\"https:\/\/darkamazi.info\/file\/2023\/07\/timsah.png\" \/>\n\t<meta property=\"og:image:width\" content=\"740\" \/>\n\t<meta property=\"og:image:height\" content=\"450\" \/>\n\t<meta property=\"og:image:type\" content=\"image\/png\" \/>\n<meta name=\"author\" content=\"darka mazi\" \/>\n<meta name=\"twitter:card\" content=\"summary_large_image\" \/>\n<meta name=\"twitter:creator\" content=\"@DarkaMaziLatini\" \/>\n<meta name=\"twitter:site\" content=\"@DarkaMaziLatini\" \/>\n<meta name=\"twitter:label1\" content=\"Written by\" \/>\n\t<meta name=\"twitter:data1\" content=\"darka mazi\" \/>\n\t<meta name=\"twitter:label2\" content=\"Est. reading time\" \/>\n\t<meta name=\"twitter:data2\" content=\"2 minutes\" \/>\n<script type=\"application\/ld+json\" class=\"seo-schema-graph\">{\"@context\":\"https:\\\/\\\/schema.org\",\"@graph\":[{\"@type\":\"Article\",\"@id\":\"https:\\\/\\\/darkamazi.info\\\/archives\\\/1037090#article\",\"isPartOf\":{\"@id\":\"https:\\\/\\\/darkamazi.info\\\/archives\\\/1037090\"},\"author\":{\"name\":\"darka mazi\",\"@id\":\"https:\\\/\\\/darkamazi.info\\\/#\\\/schema\\\/person\\\/5ad3e24553a0567993fa8ed4bd0a776c\"},\"headline\":\"\u015earedar\u00ea Meks\u00eek\u00ee bi t\u00eemseh re zewic\u00ee\",\"datePublished\":\"2023-07-03T08:03:32+00:00\",\"mainEntityOfPage\":{\"@id\":\"https:\\\/\\\/darkamazi.info\\\/archives\\\/1037090\"},\"wordCount\":319,\"publisher\":{\"@id\":\"https:\\\/\\\/darkamazi.info\\\/#organization\"},\"image\":{\"@id\":\"https:\\\/\\\/darkamazi.info\\\/archives\\\/1037090#primaryimage\"},\"thumbnailUrl\":\"https:\\\/\\\/darkamazi.info\\\/darka-content\\\/uploads\\\/2023\\\/07\\\/timsah.png\",\"keywords\":[\"sereke\"],\"articleSection\":[\"Hemereng\"],\"inLanguage\":\"en-US\"},{\"@type\":\"WebPage\",\"@id\":\"https:\\\/\\\/darkamazi.info\\\/archives\\\/1037090\",\"url\":\"https:\\\/\\\/darkamazi.info\\\/archives\\\/1037090\",\"name\":\"\u015earedar\u00ea Meks\u00eek\u00ee bi t\u00eemseh re zewic\u00ee - Darka Maz\u00ee\",\"isPartOf\":{\"@id\":\"https:\\\/\\\/darkamazi.info\\\/#website\"},\"primaryImageOfPage\":{\"@id\":\"https:\\\/\\\/darkamazi.info\\\/archives\\\/1037090#primaryimage\"},\"image\":{\"@id\":\"https:\\\/\\\/darkamazi.info\\\/archives\\\/1037090#primaryimage\"},\"thumbnailUrl\":\"https:\\\/\\\/darkamazi.info\\\/darka-content\\\/uploads\\\/2023\\\/07\\\/timsah.png\",\"datePublished\":\"2023-07-03T08:03:32+00:00\",\"breadcrumb\":{\"@id\":\"https:\\\/\\\/darkamazi.info\\\/archives\\\/1037090#breadcrumb\"},\"inLanguage\":\"en-US\",\"potentialAction\":[{\"@type\":\"ReadAction\",\"target\":[\"https:\\\/\\\/darkamazi.info\\\/archives\\\/1037090\"]}]},{\"@type\":\"ImageObject\",\"inLanguage\":\"en-US\",\"@id\":\"https:\\\/\\\/darkamazi.info\\\/archives\\\/1037090#primaryimage\",\"url\":\"https:\\\/\\\/darkamazi.info\\\/darka-content\\\/uploads\\\/2023\\\/07\\\/timsah.png\",\"contentUrl\":\"https:\\\/\\\/darkamazi.info\\\/darka-content\\\/uploads\\\/2023\\\/07\\\/timsah.png\",\"width\":740,\"height\":450,\"caption\":\"\u015earedar\u00ea Meks\u00eek\u00ee bi t\u00eemseh re zewic\u00ee\"},{\"@type\":\"BreadcrumbList\",\"@id\":\"https:\\\/\\\/darkamazi.info\\\/archives\\\/1037090#breadcrumb\",\"itemListElement\":[{\"@type\":\"ListItem\",\"position\":1,\"name\":\"Home\",\"item\":\"https:\\\/\\\/darkamazi.info\\\/\"},{\"@type\":\"ListItem\",\"position\":2,\"name\":\"\u015earedar\u00ea Meks\u00eek\u00ee bi t\u00eemseh re zewic\u00ee\"}]},{\"@type\":\"WebSite\",\"@id\":\"https:\\\/\\\/darkamazi.info\\\/#website\",\"url\":\"https:\\\/\\\/darkamazi.info\\\/\",\"name\":\"Darka Maz\u00ee\",\"description\":\"P\u00eageha Zanyariy\u00ean Nebih\u00eest\u00ee\",\"publisher\":{\"@id\":\"https:\\\/\\\/darkamazi.info\\\/#organization\"},\"potentialAction\":[{\"@type\":\"SearchAction\",\"target\":{\"@type\":\"EntryPoint\",\"urlTemplate\":\"https:\\\/\\\/darkamazi.info\\\/?s={search_term_string}\"},\"query-input\":{\"@type\":\"PropertyValueSpecification\",\"valueRequired\":true,\"valueName\":\"search_term_string\"}}],\"inLanguage\":\"en-US\"},{\"@type\":\"Organization\",\"@id\":\"https:\\\/\\\/darkamazi.info\\\/#organization\",\"name\":\"Darka Maz\u00ee\",\"url\":\"https:\\\/\\\/darkamazi.info\\\/\",\"logo\":{\"@type\":\"ImageObject\",\"inLanguage\":\"en-US\",\"@id\":\"https:\\\/\\\/darkamazi.info\\\/#\\\/schema\\\/logo\\\/image\\\/\",\"url\":\"https:\\\/\\\/darkamazi.info\\\/darka-content\\\/uploads\\\/2017\\\/12\\\/darka-mazi-logo.png\",\"contentUrl\":\"https:\\\/\\\/darkamazi.info\\\/darka-content\\\/uploads\\\/2017\\\/12\\\/darka-mazi-logo.png\",\"width\":151,\"height\":75,\"caption\":\"Darka Maz\u00ee\"},\"image\":{\"@id\":\"https:\\\/\\\/darkamazi.info\\\/#\\\/schema\\\/logo\\\/image\\\/\"},\"sameAs\":[\"https:\\\/\\\/www.facebook.com\\\/DarMaziKurmanci\",\"https:\\\/\\\/x.com\\\/DarkaMaziLatini\",\"https:\\\/\\\/www.instagram.com\\\/darkamazi.kurmanci\\\/\",\"https:\\\/\\\/www.youtube.com\\\/channel\\\/UCa5HkTdmI8U1qCUFuTw8B2g\"]},{\"@type\":\"Person\",\"@id\":\"https:\\\/\\\/darkamazi.info\\\/#\\\/schema\\\/person\\\/5ad3e24553a0567993fa8ed4bd0a776c\",\"name\":\"darka mazi\",\"sameAs\":[\"https:\\\/\\\/darkamazi.info\\\/\"],\"url\":\"https:\\\/\\\/darkamazi.info\\\/archives\\\/author\\\/kurdi\"}]}<\/script>\n<!-- \/ Yoast SEO plugin. -->","seo_head_json":{"title":"\u015earedar\u00ea Meks\u00eek\u00ee bi t\u00eemseh re zewic\u00ee - Darka Maz\u00ee","robots":{"index":"index","follow":"follow","max-snippet":"max-snippet:-1","max-image-preview":"max-image-preview:large","max-video-preview":"max-video-preview:-1"},"canonical":"https:\/\/darkamazi.info\/archives\/1037090","og_locale":"en_US","og_type":"article","og_title":"\u015earedar\u00ea Meks\u00eek\u00ee bi t\u00eemseh re zewic\u00ee - Darka Maz\u00ee","og_description":"\u015earedar\u00ea Meks\u00eeka y\u00ea San Pedro Huamelula, Victor Hugo Sosa Garcia, ji bo ku \u015fans \u00fb s\u00fbd\u00ea ji gel re b\u00eene, bi t\u00eemsehek\u00ea re zewic\u00ee. Di \u015fah\u00eeya zewac\u00ea de xeml \u00fb x\u00eaza b\u00fbk\u00ea li timseh kirin, bi t\u00eemseh re govend girtin \u00fb her\u00ee daw\u00ee ji bo dawet\u00ea an\u00een avah\u00eeya \u015faredar\u00eey\u00ea. Victor Hugo Sosa Garcia, \u015earedar\u00ea San [&hellip;]","og_url":"https:\/\/darkamazi.info\/archives\/1037090","og_site_name":"Darka Maz\u00ee","article_publisher":"https:\/\/www.facebook.com\/DarMaziKurmanci","article_published_time":"2023-07-03T08:03:32+00:00","og_image":[{"width":740,"height":450,"url":"https:\/\/darkamazi.info\/file\/2023\/07\/timsah.png","type":"image\/png"}],"author":"darka mazi","twitter_card":"summary_large_image","twitter_creator":"@DarkaMaziLatini","twitter_site":"@DarkaMaziLatini","twitter_misc":{"Written by":"darka mazi","Est. reading time":"2 minutes"},"schema":{"@context":"https:\/\/schema.org","@graph":[{"@type":"Article","@id":"https:\/\/darkamazi.info\/archives\/1037090#article","isPartOf":{"@id":"https:\/\/darkamazi.info\/archives\/1037090"},"author":{"name":"darka mazi","@id":"https:\/\/darkamazi.info\/#\/schema\/person\/5ad3e24553a0567993fa8ed4bd0a776c"},"headline":"\u015earedar\u00ea Meks\u00eek\u00ee bi t\u00eemseh re zewic\u00ee","datePublished":"2023-07-03T08:03:32+00:00","mainEntityOfPage":{"@id":"https:\/\/darkamazi.info\/archives\/1037090"},"wordCount":319,"publisher":{"@id":"https:\/\/darkamazi.info\/#organization"},"image":{"@id":"https:\/\/darkamazi.info\/archives\/1037090#primaryimage"},"thumbnailUrl":"https:\/\/darkamazi.info\/file\/2023\/07\/timsah.png","keywords":["sereke"],"articleSection":["Hemereng"],"inLanguage":"en-US"},{"@type":"WebPage","@id":"https:\/\/darkamazi.info\/archives\/1037090","url":"https:\/\/darkamazi.info\/archives\/1037090","name":"\u015earedar\u00ea Meks\u00eek\u00ee bi t\u00eemseh re zewic\u00ee - Darka Maz\u00ee","isPartOf":{"@id":"https:\/\/darkamazi.info\/#website"},"primaryImageOfPage":{"@id":"https:\/\/darkamazi.info\/archives\/1037090#primaryimage"},"image":{"@id":"https:\/\/darkamazi.info\/archives\/1037090#primaryimage"},"thumbnailUrl":"https:\/\/darkamazi.info\/file\/2023\/07\/timsah.png","datePublished":"2023-07-03T08:03:32+00:00","breadcrumb":{"@id":"https:\/\/darkamazi.info\/archives\/1037090#breadcrumb"},"inLanguage":"en-US","potentialAction":[{"@type":"ReadAction","target":["https:\/\/darkamazi.info\/archives\/1037090"]}]},{"@type":"ImageObject","inLanguage":"en-US","@id":"https:\/\/darkamazi.info\/archives\/1037090#primaryimage","url":"https:\/\/darkamazi.info\/file\/2023\/07\/timsah.png","contentUrl":"https:\/\/darkamazi.info\/file\/2023\/07\/timsah.png","width":740,"height":450,"caption":"\u015earedar\u00ea Meks\u00eek\u00ee bi t\u00eemseh re zewic\u00ee"},{"@type":"BreadcrumbList","@id":"https:\/\/darkamazi.info\/archives\/1037090#breadcrumb","itemListElement":[{"@type":"ListItem","position":1,"name":"Home","item":"https:\/\/darkamazi.info\/"},{"@type":"ListItem","position":2,"name":"\u015earedar\u00ea Meks\u00eek\u00ee bi t\u00eemseh re zewic\u00ee"}]},{"@type":"WebSite","@id":"https:\/\/darkamazi.info\/#website","url":"https:\/\/darkamazi.info\/","name":"Darka Maz\u00ee","description":"P\u00eageha Zanyariy\u00ean Nebih\u00eest\u00ee","publisher":{"@id":"https:\/\/darkamazi.info\/#organization"},"potentialAction":[{"@type":"SearchAction","target":{"@type":"EntryPoint","urlTemplate":"https:\/\/darkamazi.info\/?s={search_term_string}"},"query-input":{"@type":"PropertyValueSpecification","valueRequired":true,"valueName":"search_term_string"}}],"inLanguage":"en-US"},{"@type":"Organization","@id":"https:\/\/darkamazi.info\/#organization","name":"Darka Maz\u00ee","url":"https:\/\/darkamazi.info\/","logo":{"@type":"ImageObject","inLanguage":"en-US","@id":"https:\/\/darkamazi.info\/#\/schema\/logo\/image\/","url":"https:\/\/darkamazi.info\/file\/2017\/12\/darka-mazi-logo.png","contentUrl":"https:\/\/darkamazi.info\/file\/2017\/12\/darka-mazi-logo.png","width":151,"height":75,"caption":"Darka Maz\u00ee"},"image":{"@id":"https:\/\/darkamazi.info\/#\/schema\/logo\/image\/"},"sameAs":["https:\/\/www.facebook.com\/DarMaziKurmanci","https:\/\/x.com\/DarkaMaziLatini","https:\/\/www.instagram.com\/darkamazi.kurmanci\/","https:\/\/www.youtube.com\/channel\/UCa5HkTdmI8U1qCUFuTw8B2g"]},{"@type":"Person","@id":"https:\/\/darkamazi.info\/#\/schema\/person\/5ad3e24553a0567993fa8ed4bd0a776c","name":"darka mazi","sameAs":["https:\/\/darkamazi.info\/"],"url":"https:\/\/darkamazi.info\/archives\/author\/kurdi"}]}},"_links":{"self":[{"href":"https:\/\/darkamazi.info\/funavuv\/wp\/v2\/posts\/1037090","targetHints":{"allow":["GET"]}}],"collection":[{"href":"https:\/\/darkamazi.info\/funavuv\/wp\/v2\/posts"}],"about":[{"href":"https:\/\/darkamazi.info\/funavuv\/wp\/v2\/types\/post"}],"author":[{"embeddable":true,"href":"https:\/\/darkamazi.info\/funavuv\/wp\/v2\/users\/2"}],"replies":[{"embeddable":true,"href":"https:\/\/darkamazi.info\/funavuv\/wp\/v2\/comments?post=1037090"}],"version-history":[{"count":0,"href":"https:\/\/darkamazi.info\/funavuv\/wp\/v2\/posts\/1037090\/revisions"}],"wp:featuredmedia":[{"embeddable":true,"href":"https:\/\/darkamazi.info\/funavuv\/wp\/v2\/media\/1037091"}],"wp:attachment":[{"href":"https:\/\/darkamazi.info\/funavuv\/wp\/v2\/media?parent=1037090"}],"wp:term":[{"taxonomy":"category","embeddable":true,"href":"https:\/\/darkamazi.info\/funavuv\/wp\/v2\/categories?post=1037090"},{"taxonomy":"post_tag","embeddable":true,"href":"https:\/\/darkamazi.info\/funavuv\/wp\/v2\/tags?post=1037090"}],"curies":[{"name":"wp","href":"https:\/\/api.w.org\/{rel}","templated":true}]}}