{"id":1037329,"date":"2023-07-22T13:07:48","date_gmt":"2023-07-22T10:07:48","guid":{"rendered":"https:\/\/darkamazi.info\/?p=1037329"},"modified":"2023-07-22T15:28:59","modified_gmt":"2023-07-22T12:28:59","slug":"tirkiye-kustina-berpirseki-pkke-li-ciyaye-gare","status":"publish","type":"post","link":"https:\/\/darkamazi.info\/archives\/1037329","title":{"rendered":"Tirkiy\u00ea ku\u015ftina berpirsek\u00ee PKK\u2019\u00ea li \u00e7iyay\u00ea Gare"},"content":{"rendered":"<h3 style=\"text-align: justify\"><span style=\"font-family: 'arial black', sans-serif\">Dewleta Tirkiy\u00ea ragihand yek ji berpirs\u00ean payebilind \u00ean PKK\u2019\u00ea li \u00e7iyay\u00ea Gare y\u00ea Ba\u015f\u00fbr\u00ea Kurdistan\u00ea ku\u015ftiye ku berpirs b\u00fbye ji derkirina tel\u00eemat\u00ean \u015fewitandina daristan\u00ean Tirkiy\u00ea li sala 2021an.<\/span><\/h3>\n<h3 style=\"text-align: justify\">Li gor\u00ee n\u00fb\u00e7eyeke ajansa ferm\u00ee ya dewleta Tirkiy\u00ea Anadolu, berpirsek\u00ee PKK\u2019\u00ea y\u00ea bi nav\u00ea \u00d6zg\u00fcr Alparslan\u00ea bi kodnav\u00ea &#8220;\u00d6zg\u00fcr \u015eore\u015f&#8221; ku berpirsyar\u00ea Tirkiy\u00ea y\u00ea PKK\u2019\u00ea\/KCK\u2019\u00ea-YPS\u2019\u00ea ye ber\u00ee demek\u00ea li \u00e7iyay\u00ea Gare ji aliy\u00ea M\u00ceT\u2019\u00ea ve hatiye ku\u015ftin.<\/h3>\n<h3 style=\"text-align: justify\">Li gor agahiy\u00ean ajansa Anadolu, Ozgur Alparslan tel\u00eemata \u015fewitandina daristanan daye ku di sala 2021an de li Manavgata nav\u00e7eya Antalyay\u00ea \u00fb li Mugla, M\u00ears\u00een \u00fb Hatay\u00ea ji 150 hezar hektar\u00ee z\u00eadetir daristan \u015fewit\u00een.<\/h3>\n<h3 style=\"text-align: justify\">Her weha hat ragihandin Ozgur Alparislan avaker\u00ea p\u00eakhateya &#8220;Zarok\u00ean Agir&#8221;y\u00ea r\u00eaxistin\u00eaye \u00fb \u00e7alakiy\u00ean \u015fewitandina daristanan \u015fopandiye.<\/h3>\n<h3 style=\"text-align: justify\">Li gor agahiy\u00ean heman \u00e7avkaniy\u00ea nav\u00ea Ozgur Alparislan di &#8220;Kategorya Kesk&#8221; ya dewleta Tirkiy\u00ea de c\u00ee digirt.<\/h3>\n","protected":false},"excerpt":{"rendered":"<p>Dewleta Tirkiy\u00ea ragihand yek ji berpirs\u00ean payebilind \u00ean PKK\u2019\u00ea li \u00e7iyay\u00ea Gare y\u00ea Ba\u015f\u00fbr\u00ea Kurdistan\u00ea ku\u015ftiye ku berpirs b\u00fbye ji derkirina tel\u00eemat\u00ean \u015fewitandina daristan\u00ean Tirkiy\u00ea li sala 2021an. Li gor\u00ee n\u00fb\u00e7eyeke ajansa ferm\u00ee ya dewleta Tirkiy\u00ea Anadolu, berpirsek\u00ee PKK\u2019\u00ea y\u00ea bi nav\u00ea \u00d6zg\u00fcr Alparslan\u00ea bi kodnav\u00ea &#8220;\u00d6zg\u00fcr \u015eore\u015f&#8221; ku berpirsyar\u00ea Tirkiy\u00ea y\u00ea PKK\u2019\u00ea\/KCK\u2019\u00ea-YPS\u2019\u00ea ye ber\u00ee [&hellip;]<\/p>\n","protected":false},"author":2,"featured_media":1037337,"comment_status":"closed","ping_status":"closed","sticky":false,"template":"","format":"standard","meta":{"footnotes":""},"categories":[29],"tags":[37],"class_list":["post-1037329","post","type-post","status-publish","format-standard","has-post-thumbnail","hentry","category-kurdistan","tag-sereke"],"blocksy_meta":[],"seo_head":"<!-- This site is optimized with the Yoast SEO plugin v27.5 - https:\/\/yoast.com\/product\/yoast-seo-wordpress\/ -->\n<title>Tirkiy\u00ea ku\u015ftina berpirsek\u00ee PKK\u2019\u00ea li \u00e7iyay\u00ea Gare - Darka Maz\u00ee<\/title>\n<meta name=\"robots\" content=\"index, follow, max-snippet:-1, max-image-preview:large, max-video-preview:-1\" \/>\n<link rel=\"canonical\" href=\"https:\/\/darkamazi.info\/archives\/1037329\" \/>\n<meta property=\"og:locale\" content=\"en_US\" \/>\n<meta property=\"og:type\" content=\"article\" \/>\n<meta property=\"og:title\" content=\"Tirkiy\u00ea ku\u015ftina berpirsek\u00ee PKK\u2019\u00ea li \u00e7iyay\u00ea Gare - Darka Maz\u00ee\" \/>\n<meta property=\"og:description\" content=\"Dewleta Tirkiy\u00ea ragihand yek ji berpirs\u00ean payebilind \u00ean PKK\u2019\u00ea li \u00e7iyay\u00ea Gare y\u00ea Ba\u015f\u00fbr\u00ea Kurdistan\u00ea ku\u015ftiye ku berpirs b\u00fbye ji derkirina tel\u00eemat\u00ean \u015fewitandina daristan\u00ean Tirkiy\u00ea li sala 2021an. Li gor\u00ee n\u00fb\u00e7eyeke ajansa ferm\u00ee ya dewleta Tirkiy\u00ea Anadolu, berpirsek\u00ee PKK\u2019\u00ea y\u00ea bi nav\u00ea \u00d6zg\u00fcr Alparslan\u00ea bi kodnav\u00ea &#8220;\u00d6zg\u00fcr \u015eore\u015f&#8221; ku berpirsyar\u00ea Tirkiy\u00ea y\u00ea PKK\u2019\u00ea\/KCK\u2019\u00ea-YPS\u2019\u00ea ye ber\u00ee [&hellip;]\" \/>\n<meta property=\"og:url\" content=\"https:\/\/darkamazi.info\/archives\/1037329\" \/>\n<meta property=\"og:site_name\" content=\"Darka Maz\u00ee\" \/>\n<meta property=\"article:publisher\" content=\"https:\/\/www.facebook.com\/DarMaziKurmanci\" \/>\n<meta property=\"article:published_time\" content=\"2023-07-22T10:07:48+00:00\" \/>\n<meta property=\"article:modified_time\" content=\"2023-07-22T12:28:59+00:00\" \/>\n<meta property=\"og:image\" content=\"https:\/\/darkamazi.info\/file\/2023\/07\/info.jpg\" \/>\n\t<meta property=\"og:image:width\" content=\"900\" \/>\n\t<meta property=\"og:image:height\" content=\"497\" \/>\n\t<meta property=\"og:image:type\" content=\"image\/jpeg\" \/>\n<meta name=\"author\" content=\"darka mazi\" \/>\n<meta name=\"twitter:card\" content=\"summary_large_image\" \/>\n<meta name=\"twitter:creator\" content=\"@DarkaMaziLatini\" \/>\n<meta name=\"twitter:site\" content=\"@DarkaMaziLatini\" \/>\n<meta name=\"twitter:label1\" content=\"Written by\" \/>\n\t<meta name=\"twitter:data1\" content=\"darka mazi\" \/>\n\t<meta name=\"twitter:label2\" content=\"Est. reading time\" \/>\n\t<meta name=\"twitter:data2\" content=\"1 minute\" \/>\n<script type=\"application\/ld+json\" class=\"seo-schema-graph\">{\"@context\":\"https:\\\/\\\/schema.org\",\"@graph\":[{\"@type\":\"Article\",\"@id\":\"https:\\\/\\\/darkamazi.info\\\/archives\\\/1037329#article\",\"isPartOf\":{\"@id\":\"https:\\\/\\\/darkamazi.info\\\/archives\\\/1037329\"},\"author\":{\"name\":\"darka mazi\",\"@id\":\"https:\\\/\\\/darkamazi.info\\\/#\\\/schema\\\/person\\\/5ad3e24553a0567993fa8ed4bd0a776c\"},\"headline\":\"Tirkiy\u00ea ku\u015ftina berpirsek\u00ee PKK\u2019\u00ea li \u00e7iyay\u00ea Gare\",\"datePublished\":\"2023-07-22T10:07:48+00:00\",\"dateModified\":\"2023-07-22T12:28:59+00:00\",\"mainEntityOfPage\":{\"@id\":\"https:\\\/\\\/darkamazi.info\\\/archives\\\/1037329\"},\"wordCount\":163,\"publisher\":{\"@id\":\"https:\\\/\\\/darkamazi.info\\\/#organization\"},\"image\":{\"@id\":\"https:\\\/\\\/darkamazi.info\\\/archives\\\/1037329#primaryimage\"},\"thumbnailUrl\":\"https:\\\/\\\/darkamazi.info\\\/darka-content\\\/uploads\\\/2023\\\/07\\\/info.jpg\",\"keywords\":[\"sereke\"],\"articleSection\":[\"Kurdistan\"],\"inLanguage\":\"en-US\"},{\"@type\":\"WebPage\",\"@id\":\"https:\\\/\\\/darkamazi.info\\\/archives\\\/1037329\",\"url\":\"https:\\\/\\\/darkamazi.info\\\/archives\\\/1037329\",\"name\":\"Tirkiy\u00ea ku\u015ftina berpirsek\u00ee PKK\u2019\u00ea li \u00e7iyay\u00ea Gare - Darka Maz\u00ee\",\"isPartOf\":{\"@id\":\"https:\\\/\\\/darkamazi.info\\\/#website\"},\"primaryImageOfPage\":{\"@id\":\"https:\\\/\\\/darkamazi.info\\\/archives\\\/1037329#primaryimage\"},\"image\":{\"@id\":\"https:\\\/\\\/darkamazi.info\\\/archives\\\/1037329#primaryimage\"},\"thumbnailUrl\":\"https:\\\/\\\/darkamazi.info\\\/darka-content\\\/uploads\\\/2023\\\/07\\\/info.jpg\",\"datePublished\":\"2023-07-22T10:07:48+00:00\",\"dateModified\":\"2023-07-22T12:28:59+00:00\",\"breadcrumb\":{\"@id\":\"https:\\\/\\\/darkamazi.info\\\/archives\\\/1037329#breadcrumb\"},\"inLanguage\":\"en-US\",\"potentialAction\":[{\"@type\":\"ReadAction\",\"target\":[\"https:\\\/\\\/darkamazi.info\\\/archives\\\/1037329\"]}]},{\"@type\":\"ImageObject\",\"inLanguage\":\"en-US\",\"@id\":\"https:\\\/\\\/darkamazi.info\\\/archives\\\/1037329#primaryimage\",\"url\":\"https:\\\/\\\/darkamazi.info\\\/darka-content\\\/uploads\\\/2023\\\/07\\\/info.jpg\",\"contentUrl\":\"https:\\\/\\\/darkamazi.info\\\/darka-content\\\/uploads\\\/2023\\\/07\\\/info.jpg\",\"width\":900,\"height\":497,\"caption\":\"Tirkiy\u00ea ku\u015ftina berpirsek\u00ee PKK\u2019\u00ea li \u00e7iyay\u00ea Gare\"},{\"@type\":\"BreadcrumbList\",\"@id\":\"https:\\\/\\\/darkamazi.info\\\/archives\\\/1037329#breadcrumb\",\"itemListElement\":[{\"@type\":\"ListItem\",\"position\":1,\"name\":\"Home\",\"item\":\"https:\\\/\\\/darkamazi.info\\\/\"},{\"@type\":\"ListItem\",\"position\":2,\"name\":\"Tirkiy\u00ea ku\u015ftina berpirsek\u00ee PKK\u2019\u00ea li \u00e7iyay\u00ea Gare\"}]},{\"@type\":\"WebSite\",\"@id\":\"https:\\\/\\\/darkamazi.info\\\/#website\",\"url\":\"https:\\\/\\\/darkamazi.info\\\/\",\"name\":\"Darka Maz\u00ee\",\"description\":\"P\u00eageha Zanyariy\u00ean Nebih\u00eest\u00ee\",\"publisher\":{\"@id\":\"https:\\\/\\\/darkamazi.info\\\/#organization\"},\"potentialAction\":[{\"@type\":\"SearchAction\",\"target\":{\"@type\":\"EntryPoint\",\"urlTemplate\":\"https:\\\/\\\/darkamazi.info\\\/?s={search_term_string}\"},\"query-input\":{\"@type\":\"PropertyValueSpecification\",\"valueRequired\":true,\"valueName\":\"search_term_string\"}}],\"inLanguage\":\"en-US\"},{\"@type\":\"Organization\",\"@id\":\"https:\\\/\\\/darkamazi.info\\\/#organization\",\"name\":\"Darka Maz\u00ee\",\"url\":\"https:\\\/\\\/darkamazi.info\\\/\",\"logo\":{\"@type\":\"ImageObject\",\"inLanguage\":\"en-US\",\"@id\":\"https:\\\/\\\/darkamazi.info\\\/#\\\/schema\\\/logo\\\/image\\\/\",\"url\":\"https:\\\/\\\/darkamazi.info\\\/darka-content\\\/uploads\\\/2017\\\/12\\\/darka-mazi-logo.png\",\"contentUrl\":\"https:\\\/\\\/darkamazi.info\\\/darka-content\\\/uploads\\\/2017\\\/12\\\/darka-mazi-logo.png\",\"width\":151,\"height\":75,\"caption\":\"Darka Maz\u00ee\"},\"image\":{\"@id\":\"https:\\\/\\\/darkamazi.info\\\/#\\\/schema\\\/logo\\\/image\\\/\"},\"sameAs\":[\"https:\\\/\\\/www.facebook.com\\\/DarMaziKurmanci\",\"https:\\\/\\\/x.com\\\/DarkaMaziLatini\",\"https:\\\/\\\/www.instagram.com\\\/darkamazi.kurmanci\\\/\",\"https:\\\/\\\/www.youtube.com\\\/channel\\\/UCa5HkTdmI8U1qCUFuTw8B2g\"]},{\"@type\":\"Person\",\"@id\":\"https:\\\/\\\/darkamazi.info\\\/#\\\/schema\\\/person\\\/5ad3e24553a0567993fa8ed4bd0a776c\",\"name\":\"darka mazi\",\"sameAs\":[\"https:\\\/\\\/darkamazi.info\\\/\"],\"url\":\"https:\\\/\\\/darkamazi.info\\\/archives\\\/author\\\/kurdi\"}]}<\/script>\n<!-- \/ Yoast SEO plugin. -->","seo_head_json":{"title":"Tirkiy\u00ea ku\u015ftina berpirsek\u00ee PKK\u2019\u00ea li \u00e7iyay\u00ea Gare - Darka Maz\u00ee","robots":{"index":"index","follow":"follow","max-snippet":"max-snippet:-1","max-image-preview":"max-image-preview:large","max-video-preview":"max-video-preview:-1"},"canonical":"https:\/\/darkamazi.info\/archives\/1037329","og_locale":"en_US","og_type":"article","og_title":"Tirkiy\u00ea ku\u015ftina berpirsek\u00ee PKK\u2019\u00ea li \u00e7iyay\u00ea Gare - Darka Maz\u00ee","og_description":"Dewleta Tirkiy\u00ea ragihand yek ji berpirs\u00ean payebilind \u00ean PKK\u2019\u00ea li \u00e7iyay\u00ea Gare y\u00ea Ba\u015f\u00fbr\u00ea Kurdistan\u00ea ku\u015ftiye ku berpirs b\u00fbye ji derkirina tel\u00eemat\u00ean \u015fewitandina daristan\u00ean Tirkiy\u00ea li sala 2021an. Li gor\u00ee n\u00fb\u00e7eyeke ajansa ferm\u00ee ya dewleta Tirkiy\u00ea Anadolu, berpirsek\u00ee PKK\u2019\u00ea y\u00ea bi nav\u00ea \u00d6zg\u00fcr Alparslan\u00ea bi kodnav\u00ea &#8220;\u00d6zg\u00fcr \u015eore\u015f&#8221; ku berpirsyar\u00ea Tirkiy\u00ea y\u00ea PKK\u2019\u00ea\/KCK\u2019\u00ea-YPS\u2019\u00ea ye ber\u00ee [&hellip;]","og_url":"https:\/\/darkamazi.info\/archives\/1037329","og_site_name":"Darka Maz\u00ee","article_publisher":"https:\/\/www.facebook.com\/DarMaziKurmanci","article_published_time":"2023-07-22T10:07:48+00:00","article_modified_time":"2023-07-22T12:28:59+00:00","og_image":[{"width":900,"height":497,"url":"https:\/\/darkamazi.info\/file\/2023\/07\/info.jpg","type":"image\/jpeg"}],"author":"darka mazi","twitter_card":"summary_large_image","twitter_creator":"@DarkaMaziLatini","twitter_site":"@DarkaMaziLatini","twitter_misc":{"Written by":"darka mazi","Est. reading time":"1 minute"},"schema":{"@context":"https:\/\/schema.org","@graph":[{"@type":"Article","@id":"https:\/\/darkamazi.info\/archives\/1037329#article","isPartOf":{"@id":"https:\/\/darkamazi.info\/archives\/1037329"},"author":{"name":"darka mazi","@id":"https:\/\/darkamazi.info\/#\/schema\/person\/5ad3e24553a0567993fa8ed4bd0a776c"},"headline":"Tirkiy\u00ea ku\u015ftina berpirsek\u00ee PKK\u2019\u00ea li \u00e7iyay\u00ea Gare","datePublished":"2023-07-22T10:07:48+00:00","dateModified":"2023-07-22T12:28:59+00:00","mainEntityOfPage":{"@id":"https:\/\/darkamazi.info\/archives\/1037329"},"wordCount":163,"publisher":{"@id":"https:\/\/darkamazi.info\/#organization"},"image":{"@id":"https:\/\/darkamazi.info\/archives\/1037329#primaryimage"},"thumbnailUrl":"https:\/\/darkamazi.info\/file\/2023\/07\/info.jpg","keywords":["sereke"],"articleSection":["Kurdistan"],"inLanguage":"en-US"},{"@type":"WebPage","@id":"https:\/\/darkamazi.info\/archives\/1037329","url":"https:\/\/darkamazi.info\/archives\/1037329","name":"Tirkiy\u00ea ku\u015ftina berpirsek\u00ee PKK\u2019\u00ea li \u00e7iyay\u00ea Gare - Darka Maz\u00ee","isPartOf":{"@id":"https:\/\/darkamazi.info\/#website"},"primaryImageOfPage":{"@id":"https:\/\/darkamazi.info\/archives\/1037329#primaryimage"},"image":{"@id":"https:\/\/darkamazi.info\/archives\/1037329#primaryimage"},"thumbnailUrl":"https:\/\/darkamazi.info\/file\/2023\/07\/info.jpg","datePublished":"2023-07-22T10:07:48+00:00","dateModified":"2023-07-22T12:28:59+00:00","breadcrumb":{"@id":"https:\/\/darkamazi.info\/archives\/1037329#breadcrumb"},"inLanguage":"en-US","potentialAction":[{"@type":"ReadAction","target":["https:\/\/darkamazi.info\/archives\/1037329"]}]},{"@type":"ImageObject","inLanguage":"en-US","@id":"https:\/\/darkamazi.info\/archives\/1037329#primaryimage","url":"https:\/\/darkamazi.info\/file\/2023\/07\/info.jpg","contentUrl":"https:\/\/darkamazi.info\/file\/2023\/07\/info.jpg","width":900,"height":497,"caption":"Tirkiy\u00ea ku\u015ftina berpirsek\u00ee PKK\u2019\u00ea li \u00e7iyay\u00ea Gare"},{"@type":"BreadcrumbList","@id":"https:\/\/darkamazi.info\/archives\/1037329#breadcrumb","itemListElement":[{"@type":"ListItem","position":1,"name":"Home","item":"https:\/\/darkamazi.info\/"},{"@type":"ListItem","position":2,"name":"Tirkiy\u00ea ku\u015ftina berpirsek\u00ee PKK\u2019\u00ea li \u00e7iyay\u00ea Gare"}]},{"@type":"WebSite","@id":"https:\/\/darkamazi.info\/#website","url":"https:\/\/darkamazi.info\/","name":"Darka Maz\u00ee","description":"P\u00eageha Zanyariy\u00ean Nebih\u00eest\u00ee","publisher":{"@id":"https:\/\/darkamazi.info\/#organization"},"potentialAction":[{"@type":"SearchAction","target":{"@type":"EntryPoint","urlTemplate":"https:\/\/darkamazi.info\/?s={search_term_string}"},"query-input":{"@type":"PropertyValueSpecification","valueRequired":true,"valueName":"search_term_string"}}],"inLanguage":"en-US"},{"@type":"Organization","@id":"https:\/\/darkamazi.info\/#organization","name":"Darka Maz\u00ee","url":"https:\/\/darkamazi.info\/","logo":{"@type":"ImageObject","inLanguage":"en-US","@id":"https:\/\/darkamazi.info\/#\/schema\/logo\/image\/","url":"https:\/\/darkamazi.info\/file\/2017\/12\/darka-mazi-logo.png","contentUrl":"https:\/\/darkamazi.info\/file\/2017\/12\/darka-mazi-logo.png","width":151,"height":75,"caption":"Darka Maz\u00ee"},"image":{"@id":"https:\/\/darkamazi.info\/#\/schema\/logo\/image\/"},"sameAs":["https:\/\/www.facebook.com\/DarMaziKurmanci","https:\/\/x.com\/DarkaMaziLatini","https:\/\/www.instagram.com\/darkamazi.kurmanci\/","https:\/\/www.youtube.com\/channel\/UCa5HkTdmI8U1qCUFuTw8B2g"]},{"@type":"Person","@id":"https:\/\/darkamazi.info\/#\/schema\/person\/5ad3e24553a0567993fa8ed4bd0a776c","name":"darka mazi","sameAs":["https:\/\/darkamazi.info\/"],"url":"https:\/\/darkamazi.info\/archives\/author\/kurdi"}]}},"_links":{"self":[{"href":"https:\/\/darkamazi.info\/funavuv\/wp\/v2\/posts\/1037329","targetHints":{"allow":["GET"]}}],"collection":[{"href":"https:\/\/darkamazi.info\/funavuv\/wp\/v2\/posts"}],"about":[{"href":"https:\/\/darkamazi.info\/funavuv\/wp\/v2\/types\/post"}],"author":[{"embeddable":true,"href":"https:\/\/darkamazi.info\/funavuv\/wp\/v2\/users\/2"}],"replies":[{"embeddable":true,"href":"https:\/\/darkamazi.info\/funavuv\/wp\/v2\/comments?post=1037329"}],"version-history":[{"count":0,"href":"https:\/\/darkamazi.info\/funavuv\/wp\/v2\/posts\/1037329\/revisions"}],"wp:featuredmedia":[{"embeddable":true,"href":"https:\/\/darkamazi.info\/funavuv\/wp\/v2\/media\/1037337"}],"wp:attachment":[{"href":"https:\/\/darkamazi.info\/funavuv\/wp\/v2\/media?parent=1037329"}],"wp:term":[{"taxonomy":"category","embeddable":true,"href":"https:\/\/darkamazi.info\/funavuv\/wp\/v2\/categories?post=1037329"},{"taxonomy":"post_tag","embeddable":true,"href":"https:\/\/darkamazi.info\/funavuv\/wp\/v2\/tags?post=1037329"}],"curies":[{"name":"wp","href":"https:\/\/api.w.org\/{rel}","templated":true}]}}