{"id":1037533,"date":"2023-08-05T17:39:51","date_gmt":"2023-08-05T14:39:51","guid":{"rendered":"https:\/\/darkamazi.info\/?p=1037533"},"modified":"2026-02-18T16:45:17","modified_gmt":"2026-02-18T13:45:17","slug":"jin-di-nav-pkke-de-3","status":"publish","type":"post","link":"https:\/\/darkamazi.info\/archives\/1037533","title":{"rendered":"Jin di nav PKK\u2019\u00ea de \u2013&#8221;3&#8243;"},"content":{"rendered":"<div class=\"wpb-content-wrapper\"><p>[darkamazi_row][darkamazi_column][darkamazi_column_text]<\/p>\n<h3 style=\"text-align: justify;\"><span style=\"font-family: 'arial black', sans-serif;\">Partiya Karkeran ji destp\u00eaka avab\u00fbna xwe li j\u00ear derew\u00ean weke azadiya jin\u00ea, r\u00fbmeta jin\u00ea, xet \u00fb serdest kirina jin\u00ea \u00fb gelek derew\u00ean din y\u00ean hemawa ke\u00e7 \u00fb jin\u00ean kurd xapandine, ev r\u00eaxistin jina kurd bo xwe kir\u00eeye metiryalek \u00fb ten\u00ea ji boy berjewendiy\u00ean xwe wan bi kar t\u00eene \u00fb propaganday\u00ea bi wan dike.<\/span><\/h3>\n<h3 style=\"text-align: justify;\">&#8220;Jin di nava PKK\u2019\u00ea de&#8221; nav \u00fb n\u00ee\u015fana pirt\u00fbkek\u00ea ye ku Nejdet Boldan bi ziman\u00ea Tirk\u00ee niv\u00eesandiye \u00fb ji h\u00eala Ho\u015feng ve hatiye wergerandin, &#8220;jin di nava PKK\u2019\u00ea de&#8221; ji we\u015fan\u00ean 2022\u00ea ye.<\/h3>\n<h3 style=\"text-align: justify;\">Di v\u00ea pirt\u00fbk\u00ea de, serhat\u00eeya rast ya 10 jin\u00ean ku ji PKK\u2019\u00ea qut b\u00fbne hatye e\u015fkere kirin, em\u00ea di zinc\u00eereyeke niv\u00eesan de bi kurtas\u00ee ji boy xwendevan\u00ean bi r\u00fbmet y\u00ean &#8220;Darka Maz\u00ee&#8221; veg\u00earin.<\/h3>\n<h3 style=\"text-align: justify;\">Em \u00e7\u00eeroka Newal berdewam dikin<\/h3>\n<h3 style=\"text-align: justify;\">Newal ke\u00e7eka ji wan\u00ea a Bakur\u00ea Kurdistan\u00ea ye, weke bi hezaran ke\u00e7\u00ean din ji boy e\u015fqa welat\u00ea \u015f\u00ear\u00een tevl\u00ee PKK\u2019\u00ea dibe, l\u00ea roja ewil rast\u00ee \u015f\u00fbkeke mezin t\u00ea wexta rastiya v\u00ea partiy\u00ea dizane, partiya ku li ser nav\u00ea Kurdistan\u00ea berxwedan\u00ea li dij\u00ee Kurdistan\u00ee bi xwe dike.<\/h3>\n<h3 style=\"text-align: justify;\">Di be\u015fa duyem\u00een de Newal behsa dewrey\u00ean perwerdey\u00ea kir \u00fb kan\u00ea bi ti away\u00ee r\u00eaveberiya PKK\u2019\u00ea her ti\u015ft li gor\u00ee berjewend\u00eeya xwe bi wan dida qeb\u00fbl kirin, Newal dib\u00eaje tev\u00ee ku di dewr\u00ea de ji me re di gotin ku p\u00ea\u015fmerge dijmine \u00fb PDK\u2019e tems\u00eela \u00eempiryal\u00eezm\u00ea dike, d\u00eeroka Kurdistan\u00ea j\u00ee tam berevaj\u00ee ji wan re dihat gotin.<\/h3>\n<h3 style=\"text-align: justify;\">PKK\u2019e \u00e7awa d\u00eeroka Kurdistan\u00ea ji bo kadroy\u00ean xwe dib\u00eaje<\/h3>\n<h3 style=\"text-align: justify;\">Newal derbar\u00ea dewreya yekem\u00een ya perwerdehiy\u00ea dib\u00eaje: &#8220;ber\u00ee tevl\u00eeb\u00fbn\u00ea min sebaret d\u00eeroka Kurdistan\u00ea gelek ti\u015ft dizan\u00ee, di wan sal\u00ean ez di nava PKK\u2019\u00ea de b\u00fbm, bi rast\u00ee j\u00ee derbar\u00ea d\u00eeroka Kurdistan\u00ea ne waneyek min xwend \u00fb nej\u00ee kes\u00ea ti\u015ftek niv\u00eesand, ji ber ku ti pirt\u00fbk derbar\u00ea d\u00eeroka Kurdistan\u00ea di nava r\u00eaxistin\u00ea de tune b\u00fb&#8221;.<\/h3>\n<h3 style=\"text-align: justify;\">Newal di dewama axaftina xwe de got: &#8220;ez ne\u015f\u00eam ti ti\u015ftek\u00ee derbar\u00ea d\u00eeroka Kurdistan\u00ea bib\u00eajim, di dewr\u00ean perwerdehiy\u00ea de hinek waney\u00ean b\u00ea wate ji me re dihatin gotin, wexta r\u00eaveber\u00ean partiy\u00ea di dewr\u00ea de wane di gotin xewa me dihat, ji ber ku bi rast\u00ee j\u00ee ti\u015ftek\u00ee wusa gir\u00eeng nedihat gotin \u00fb ten\u00ea ti\u015fta ku r\u00eaxistin\u00ea dixwest em bizanin ji me re dihat gotin&#8221;.<\/h3>\n<h3 style=\"text-align: justify;\">D\u00eeroka Kurdistan\u00ea weke bi her ti\u015ft\u00ea gir\u00eaday\u00ee Kurdistan\u00ea ji h\u00eala Partiya Karkeran t\u00ea berevaj\u00ee kirin, li cem PKK\u2019\u00ea d\u00eeroka kurdistan\u00ea ji dema avab\u00fbna partiya w\u00ea dest p\u00ea dike \u00fb ew her \u015fore\u015f \u00fb berxwedaneka din y\u00ean sed sala ber\u00ea \u00fb h\u00eajan qed\u00eem tir red dike, Partiya Karkeran tevah\u00ee r\u00eaber\u00ean kurdan bi dir\u00eajah\u00eeya d\u00eerok\u00ea bi ajan\u00ean \u00eengil\u00eezan nas kirine \u00fb heya roja me ya \u00eero d\u00eerokeke derew \u00fb li gor\u00ee xwe di dewr\u00ean perwerdehiya ger\u00eelayan de dide wan.<\/h3>\n<h3 style=\"text-align: justify;\">Di be\u015feke din de, em\u00ea behsa 21 roj\u00ean \u015fer\u00ea PKK\u2019\u00ea \u00fb PDK\u2019\u00ea bikin, Newal d\u00ea agahiy\u00ean meydana \u015fer \u00fb weke w\u00ea bi \u00e7av\u00ea xwe d\u00eet\u00ee behis bike.<\/h3>\n<p>[\/darkamazi_column_text][\/darkamazi_column][\/darkamazi_row]<\/p>\n<\/div>","protected":false},"excerpt":{"rendered":"<p>[darkamazi_row][darkamazi_column][darkamazi_column_text] Partiya Karkeran ji destp\u00eaka avab\u00fbna xwe li j\u00ear derew\u00ean weke azadiya jin\u00ea, r\u00fbmeta jin\u00ea, xet \u00fb serdest kirina jin\u00ea \u00fb gelek derew\u00ean din y\u00ean hemawa ke\u00e7 \u00fb jin\u00ean kurd xapandine, ev r\u00eaxistin jina kurd bo xwe kir\u00eeye metiryalek \u00fb ten\u00ea ji boy berjewendiy\u00ean xwe wan bi kar t\u00eene \u00fb propaganday\u00ea bi wan dike. &#8220;Jin [&hellip;]<\/p>\n","protected":false},"author":2,"featured_media":1037535,"comment_status":"closed","ping_status":"closed","sticky":false,"template":"","format":"standard","meta":{"footnotes":""},"categories":[67],"tags":[37],"class_list":["post-1037533","post","type-post","status-publish","format-standard","has-post-thumbnail","hentry","category-namilke","tag-sereke"],"blocksy_meta":[],"seo_head":"<!-- This site is optimized with the Yoast SEO plugin v27.5 - https:\/\/yoast.com\/product\/yoast-seo-wordpress\/ -->\n<title>Jin di nav PKK\u2019\u00ea de \u2013&quot;3&quot; - Darka Maz\u00ee<\/title>\n<meta name=\"robots\" content=\"index, follow, max-snippet:-1, max-image-preview:large, max-video-preview:-1\" \/>\n<link rel=\"canonical\" href=\"https:\/\/darkamazi.info\/archives\/1037533\" \/>\n<meta property=\"og:locale\" content=\"en_US\" \/>\n<meta property=\"og:type\" content=\"article\" \/>\n<meta property=\"og:title\" content=\"Jin di nav PKK\u2019\u00ea de \u2013&quot;3&quot; - Darka Maz\u00ee\" \/>\n<meta property=\"og:description\" content=\"[darkamazi_row][darkamazi_column][darkamazi_column_text] Partiya Karkeran ji destp\u00eaka avab\u00fbna xwe li j\u00ear derew\u00ean weke azadiya jin\u00ea, r\u00fbmeta jin\u00ea, xet \u00fb serdest kirina jin\u00ea \u00fb gelek derew\u00ean din y\u00ean hemawa ke\u00e7 \u00fb jin\u00ean kurd xapandine, ev r\u00eaxistin jina kurd bo xwe kir\u00eeye metiryalek \u00fb ten\u00ea ji boy berjewendiy\u00ean xwe wan bi kar t\u00eene \u00fb propaganday\u00ea bi wan dike. &#8220;Jin [&hellip;]\" \/>\n<meta property=\"og:url\" content=\"https:\/\/darkamazi.info\/archives\/1037533\" \/>\n<meta property=\"og:site_name\" content=\"Darka Maz\u00ee\" \/>\n<meta property=\"article:publisher\" content=\"https:\/\/www.facebook.com\/DarMaziKurmanci\" \/>\n<meta property=\"article:published_time\" content=\"2023-08-05T14:39:51+00:00\" \/>\n<meta property=\"article:modified_time\" content=\"2026-02-18T13:45:17+00:00\" \/>\n<meta property=\"og:image\" content=\"https:\/\/darkamazi.info\/file\/2023\/08\/pkk-jina-3-info.jpg\" \/>\n\t<meta property=\"og:image:width\" content=\"900\" \/>\n\t<meta property=\"og:image:height\" content=\"497\" \/>\n\t<meta property=\"og:image:type\" content=\"image\/jpeg\" \/>\n<meta name=\"author\" content=\"darka mazi\" \/>\n<meta name=\"twitter:card\" content=\"summary_large_image\" \/>\n<meta name=\"twitter:creator\" content=\"@DarkaMaziLatini\" \/>\n<meta name=\"twitter:site\" content=\"@DarkaMaziLatini\" \/>\n<meta name=\"twitter:label1\" content=\"Written by\" \/>\n\t<meta name=\"twitter:data1\" content=\"darka mazi\" \/>\n\t<meta name=\"twitter:label2\" content=\"Est. reading time\" \/>\n\t<meta name=\"twitter:data2\" content=\"3 minutes\" \/>\n<script type=\"application\/ld+json\" class=\"seo-schema-graph\">{\"@context\":\"https:\\\/\\\/schema.org\",\"@graph\":[{\"@type\":\"Article\",\"@id\":\"https:\\\/\\\/darkamazi.info\\\/archives\\\/1037533#article\",\"isPartOf\":{\"@id\":\"https:\\\/\\\/darkamazi.info\\\/archives\\\/1037533\"},\"author\":{\"name\":\"darka mazi\",\"@id\":\"https:\\\/\\\/darkamazi.info\\\/#\\\/schema\\\/person\\\/5ad3e24553a0567993fa8ed4bd0a776c\"},\"headline\":\"Jin di nav PKK\u2019\u00ea de \u2013&#8221;3&#8243;\",\"datePublished\":\"2023-08-05T14:39:51+00:00\",\"dateModified\":\"2026-02-18T13:45:17+00:00\",\"mainEntityOfPage\":{\"@id\":\"https:\\\/\\\/darkamazi.info\\\/archives\\\/1037533\"},\"wordCount\":556,\"publisher\":{\"@id\":\"https:\\\/\\\/darkamazi.info\\\/#organization\"},\"image\":{\"@id\":\"https:\\\/\\\/darkamazi.info\\\/archives\\\/1037533#primaryimage\"},\"thumbnailUrl\":\"https:\\\/\\\/darkamazi.info\\\/darka-content\\\/uploads\\\/2023\\\/08\\\/pkk-jina-3-info.jpg\",\"keywords\":[\"sereke\"],\"articleSection\":[\"Nam\u00eelke\"],\"inLanguage\":\"en-US\"},{\"@type\":\"WebPage\",\"@id\":\"https:\\\/\\\/darkamazi.info\\\/archives\\\/1037533\",\"url\":\"https:\\\/\\\/darkamazi.info\\\/archives\\\/1037533\",\"name\":\"Jin di nav PKK\u2019\u00ea de \u2013\\\"3\\\" - Darka Maz\u00ee\",\"isPartOf\":{\"@id\":\"https:\\\/\\\/darkamazi.info\\\/#website\"},\"primaryImageOfPage\":{\"@id\":\"https:\\\/\\\/darkamazi.info\\\/archives\\\/1037533#primaryimage\"},\"image\":{\"@id\":\"https:\\\/\\\/darkamazi.info\\\/archives\\\/1037533#primaryimage\"},\"thumbnailUrl\":\"https:\\\/\\\/darkamazi.info\\\/darka-content\\\/uploads\\\/2023\\\/08\\\/pkk-jina-3-info.jpg\",\"datePublished\":\"2023-08-05T14:39:51+00:00\",\"dateModified\":\"2026-02-18T13:45:17+00:00\",\"breadcrumb\":{\"@id\":\"https:\\\/\\\/darkamazi.info\\\/archives\\\/1037533#breadcrumb\"},\"inLanguage\":\"en-US\",\"potentialAction\":[{\"@type\":\"ReadAction\",\"target\":[\"https:\\\/\\\/darkamazi.info\\\/archives\\\/1037533\"]}]},{\"@type\":\"ImageObject\",\"inLanguage\":\"en-US\",\"@id\":\"https:\\\/\\\/darkamazi.info\\\/archives\\\/1037533#primaryimage\",\"url\":\"https:\\\/\\\/darkamazi.info\\\/darka-content\\\/uploads\\\/2023\\\/08\\\/pkk-jina-3-info.jpg\",\"contentUrl\":\"https:\\\/\\\/darkamazi.info\\\/darka-content\\\/uploads\\\/2023\\\/08\\\/pkk-jina-3-info.jpg\",\"width\":900,\"height\":497,\"caption\":\"Jin di nav PKK\u2019\u00ea de \u2013\\\"3\\\"\"},{\"@type\":\"BreadcrumbList\",\"@id\":\"https:\\\/\\\/darkamazi.info\\\/archives\\\/1037533#breadcrumb\",\"itemListElement\":[{\"@type\":\"ListItem\",\"position\":1,\"name\":\"Home\",\"item\":\"https:\\\/\\\/darkamazi.info\\\/\"},{\"@type\":\"ListItem\",\"position\":2,\"name\":\"Jin di nav PKK\u2019\u00ea de \u2013&#8221;3&#8243;\"}]},{\"@type\":\"WebSite\",\"@id\":\"https:\\\/\\\/darkamazi.info\\\/#website\",\"url\":\"https:\\\/\\\/darkamazi.info\\\/\",\"name\":\"Darka Maz\u00ee\",\"description\":\"P\u00eageha Zanyariy\u00ean Nebih\u00eest\u00ee\",\"publisher\":{\"@id\":\"https:\\\/\\\/darkamazi.info\\\/#organization\"},\"potentialAction\":[{\"@type\":\"SearchAction\",\"target\":{\"@type\":\"EntryPoint\",\"urlTemplate\":\"https:\\\/\\\/darkamazi.info\\\/?s={search_term_string}\"},\"query-input\":{\"@type\":\"PropertyValueSpecification\",\"valueRequired\":true,\"valueName\":\"search_term_string\"}}],\"inLanguage\":\"en-US\"},{\"@type\":\"Organization\",\"@id\":\"https:\\\/\\\/darkamazi.info\\\/#organization\",\"name\":\"Darka Maz\u00ee\",\"url\":\"https:\\\/\\\/darkamazi.info\\\/\",\"logo\":{\"@type\":\"ImageObject\",\"inLanguage\":\"en-US\",\"@id\":\"https:\\\/\\\/darkamazi.info\\\/#\\\/schema\\\/logo\\\/image\\\/\",\"url\":\"https:\\\/\\\/darkamazi.info\\\/darka-content\\\/uploads\\\/2017\\\/12\\\/darka-mazi-logo.png\",\"contentUrl\":\"https:\\\/\\\/darkamazi.info\\\/darka-content\\\/uploads\\\/2017\\\/12\\\/darka-mazi-logo.png\",\"width\":151,\"height\":75,\"caption\":\"Darka Maz\u00ee\"},\"image\":{\"@id\":\"https:\\\/\\\/darkamazi.info\\\/#\\\/schema\\\/logo\\\/image\\\/\"},\"sameAs\":[\"https:\\\/\\\/www.facebook.com\\\/DarMaziKurmanci\",\"https:\\\/\\\/x.com\\\/DarkaMaziLatini\",\"https:\\\/\\\/www.instagram.com\\\/darkamazi.kurmanci\\\/\",\"https:\\\/\\\/www.youtube.com\\\/channel\\\/UCa5HkTdmI8U1qCUFuTw8B2g\"]},{\"@type\":\"Person\",\"@id\":\"https:\\\/\\\/darkamazi.info\\\/#\\\/schema\\\/person\\\/5ad3e24553a0567993fa8ed4bd0a776c\",\"name\":\"darka mazi\",\"sameAs\":[\"https:\\\/\\\/darkamazi.info\\\/\"],\"url\":\"https:\\\/\\\/darkamazi.info\\\/archives\\\/author\\\/kurdi\"}]}<\/script>\n<!-- \/ Yoast SEO plugin. -->","seo_head_json":{"title":"Jin di nav PKK\u2019\u00ea de \u2013\"3\" - Darka Maz\u00ee","robots":{"index":"index","follow":"follow","max-snippet":"max-snippet:-1","max-image-preview":"max-image-preview:large","max-video-preview":"max-video-preview:-1"},"canonical":"https:\/\/darkamazi.info\/archives\/1037533","og_locale":"en_US","og_type":"article","og_title":"Jin di nav PKK\u2019\u00ea de \u2013\"3\" - Darka Maz\u00ee","og_description":"[darkamazi_row][darkamazi_column][darkamazi_column_text] Partiya Karkeran ji destp\u00eaka avab\u00fbna xwe li j\u00ear derew\u00ean weke azadiya jin\u00ea, r\u00fbmeta jin\u00ea, xet \u00fb serdest kirina jin\u00ea \u00fb gelek derew\u00ean din y\u00ean hemawa ke\u00e7 \u00fb jin\u00ean kurd xapandine, ev r\u00eaxistin jina kurd bo xwe kir\u00eeye metiryalek \u00fb ten\u00ea ji boy berjewendiy\u00ean xwe wan bi kar t\u00eene \u00fb propaganday\u00ea bi wan dike. &#8220;Jin [&hellip;]","og_url":"https:\/\/darkamazi.info\/archives\/1037533","og_site_name":"Darka Maz\u00ee","article_publisher":"https:\/\/www.facebook.com\/DarMaziKurmanci","article_published_time":"2023-08-05T14:39:51+00:00","article_modified_time":"2026-02-18T13:45:17+00:00","og_image":[{"width":900,"height":497,"url":"https:\/\/darkamazi.info\/file\/2023\/08\/pkk-jina-3-info.jpg","type":"image\/jpeg"}],"author":"darka mazi","twitter_card":"summary_large_image","twitter_creator":"@DarkaMaziLatini","twitter_site":"@DarkaMaziLatini","twitter_misc":{"Written by":"darka mazi","Est. reading time":"3 minutes"},"schema":{"@context":"https:\/\/schema.org","@graph":[{"@type":"Article","@id":"https:\/\/darkamazi.info\/archives\/1037533#article","isPartOf":{"@id":"https:\/\/darkamazi.info\/archives\/1037533"},"author":{"name":"darka mazi","@id":"https:\/\/darkamazi.info\/#\/schema\/person\/5ad3e24553a0567993fa8ed4bd0a776c"},"headline":"Jin di nav PKK\u2019\u00ea de \u2013&#8221;3&#8243;","datePublished":"2023-08-05T14:39:51+00:00","dateModified":"2026-02-18T13:45:17+00:00","mainEntityOfPage":{"@id":"https:\/\/darkamazi.info\/archives\/1037533"},"wordCount":556,"publisher":{"@id":"https:\/\/darkamazi.info\/#organization"},"image":{"@id":"https:\/\/darkamazi.info\/archives\/1037533#primaryimage"},"thumbnailUrl":"https:\/\/darkamazi.info\/file\/2023\/08\/pkk-jina-3-info.jpg","keywords":["sereke"],"articleSection":["Nam\u00eelke"],"inLanguage":"en-US"},{"@type":"WebPage","@id":"https:\/\/darkamazi.info\/archives\/1037533","url":"https:\/\/darkamazi.info\/archives\/1037533","name":"Jin di nav PKK\u2019\u00ea de \u2013\"3\" - Darka Maz\u00ee","isPartOf":{"@id":"https:\/\/darkamazi.info\/#website"},"primaryImageOfPage":{"@id":"https:\/\/darkamazi.info\/archives\/1037533#primaryimage"},"image":{"@id":"https:\/\/darkamazi.info\/archives\/1037533#primaryimage"},"thumbnailUrl":"https:\/\/darkamazi.info\/file\/2023\/08\/pkk-jina-3-info.jpg","datePublished":"2023-08-05T14:39:51+00:00","dateModified":"2026-02-18T13:45:17+00:00","breadcrumb":{"@id":"https:\/\/darkamazi.info\/archives\/1037533#breadcrumb"},"inLanguage":"en-US","potentialAction":[{"@type":"ReadAction","target":["https:\/\/darkamazi.info\/archives\/1037533"]}]},{"@type":"ImageObject","inLanguage":"en-US","@id":"https:\/\/darkamazi.info\/archives\/1037533#primaryimage","url":"https:\/\/darkamazi.info\/file\/2023\/08\/pkk-jina-3-info.jpg","contentUrl":"https:\/\/darkamazi.info\/file\/2023\/08\/pkk-jina-3-info.jpg","width":900,"height":497,"caption":"Jin di nav PKK\u2019\u00ea de \u2013\"3\""},{"@type":"BreadcrumbList","@id":"https:\/\/darkamazi.info\/archives\/1037533#breadcrumb","itemListElement":[{"@type":"ListItem","position":1,"name":"Home","item":"https:\/\/darkamazi.info\/"},{"@type":"ListItem","position":2,"name":"Jin di nav PKK\u2019\u00ea de \u2013&#8221;3&#8243;"}]},{"@type":"WebSite","@id":"https:\/\/darkamazi.info\/#website","url":"https:\/\/darkamazi.info\/","name":"Darka Maz\u00ee","description":"P\u00eageha Zanyariy\u00ean Nebih\u00eest\u00ee","publisher":{"@id":"https:\/\/darkamazi.info\/#organization"},"potentialAction":[{"@type":"SearchAction","target":{"@type":"EntryPoint","urlTemplate":"https:\/\/darkamazi.info\/?s={search_term_string}"},"query-input":{"@type":"PropertyValueSpecification","valueRequired":true,"valueName":"search_term_string"}}],"inLanguage":"en-US"},{"@type":"Organization","@id":"https:\/\/darkamazi.info\/#organization","name":"Darka Maz\u00ee","url":"https:\/\/darkamazi.info\/","logo":{"@type":"ImageObject","inLanguage":"en-US","@id":"https:\/\/darkamazi.info\/#\/schema\/logo\/image\/","url":"https:\/\/darkamazi.info\/file\/2017\/12\/darka-mazi-logo.png","contentUrl":"https:\/\/darkamazi.info\/file\/2017\/12\/darka-mazi-logo.png","width":151,"height":75,"caption":"Darka Maz\u00ee"},"image":{"@id":"https:\/\/darkamazi.info\/#\/schema\/logo\/image\/"},"sameAs":["https:\/\/www.facebook.com\/DarMaziKurmanci","https:\/\/x.com\/DarkaMaziLatini","https:\/\/www.instagram.com\/darkamazi.kurmanci\/","https:\/\/www.youtube.com\/channel\/UCa5HkTdmI8U1qCUFuTw8B2g"]},{"@type":"Person","@id":"https:\/\/darkamazi.info\/#\/schema\/person\/5ad3e24553a0567993fa8ed4bd0a776c","name":"darka mazi","sameAs":["https:\/\/darkamazi.info\/"],"url":"https:\/\/darkamazi.info\/archives\/author\/kurdi"}]}},"_links":{"self":[{"href":"https:\/\/darkamazi.info\/funavuv\/wp\/v2\/posts\/1037533","targetHints":{"allow":["GET"]}}],"collection":[{"href":"https:\/\/darkamazi.info\/funavuv\/wp\/v2\/posts"}],"about":[{"href":"https:\/\/darkamazi.info\/funavuv\/wp\/v2\/types\/post"}],"author":[{"embeddable":true,"href":"https:\/\/darkamazi.info\/funavuv\/wp\/v2\/users\/2"}],"replies":[{"embeddable":true,"href":"https:\/\/darkamazi.info\/funavuv\/wp\/v2\/comments?post=1037533"}],"version-history":[{"count":0,"href":"https:\/\/darkamazi.info\/funavuv\/wp\/v2\/posts\/1037533\/revisions"}],"wp:featuredmedia":[{"embeddable":true,"href":"https:\/\/darkamazi.info\/funavuv\/wp\/v2\/media\/1037535"}],"wp:attachment":[{"href":"https:\/\/darkamazi.info\/funavuv\/wp\/v2\/media?parent=1037533"}],"wp:term":[{"taxonomy":"category","embeddable":true,"href":"https:\/\/darkamazi.info\/funavuv\/wp\/v2\/categories?post=1037533"},{"taxonomy":"post_tag","embeddable":true,"href":"https:\/\/darkamazi.info\/funavuv\/wp\/v2\/tags?post=1037533"}],"curies":[{"name":"wp","href":"https:\/\/api.w.org\/{rel}","templated":true}]}}