{"id":1037582,"date":"2023-08-08T20:26:37","date_gmt":"2023-08-08T17:26:37","guid":{"rendered":"https:\/\/darkamazi.info\/?p=1037582"},"modified":"2023-08-08T20:26:37","modified_gmt":"2023-08-08T17:26:37","slug":"xizmetkare-muzika-kurdi-aram-tigran","status":"publish","type":"post","link":"https:\/\/darkamazi.info\/archives\/1037582","title":{"rendered":"Xizmetkar\u00ea muz\u00eeka Kurd\u00ee, Aram T\u00eegran"},"content":{"rendered":"<h3 style=\"text-align: justify\"><span style=\"font-family: 'arial black', sans-serif\">Di ser wefata bilbil\u00ea muz\u00eeka Kurd\u00ee Aram T\u00eegran re 14 sal derbas b\u00fbn. Aram\u00ea T\u00eegran jiyana xwe bex\u015f\u00ee ziman \u00fb muz\u00eeka Kurd\u00ee kir \u00fb di p\u00ea\u015fketin \u00fb paraztina \u00e7and \u00fb muz\u00eeka Kurd\u00ee de xizmetek mezin kir.<\/span><\/h3>\n<h3 style=\"text-align: justify\">Aram\u00ea T\u00eegran, ku bi koka xwe Ermen\u00ee ye, di axavtinek xwe de digot, \u201cHeger ez carek din b\u00eam dinyay\u00ea, ez\u00ea hem\u00fb tank, tifing \u00fb \u00e7ek\u00ean xwe bihel\u00eenim \u00fb ji wan saz, qam\u00ee\u015f \u00fb klarnet\u00ea \u00e7\u00eakim\u201d. T\u00eegran \u00ea ku li ko\u00e7ber\u00eey\u00ea ji dayik b\u00fb \u00fb li ko\u00e7ber\u00eey\u00ea jiyana xwe ji dest da, di nav r\u00fbpel\u00ean d\u00eeroka \u00e7and \u00fb muz\u00eeka Kurd\u00ee de nav\u00ea xwe bi t\u00eep\u00ean z\u00ear\u00een niv\u00eesand \u00fb bi xizmeta xwe b\u00fb par\u00e7eyek ji \u00ea\u015f \u00fb azar, ji berxwedan \u00fb teko\u015f\u00eena azad\u00eeya millet\u00ea Kurd.<\/h3>\n<h3 style=\"text-align: justify\">Malbata Aram\u00ea T\u00eegran di dema Komkuj\u00eeya Ermen\u00eeyan de ji gund\u00ea Bianda y\u00ea nav\u00e7eya Sason\u00ea ya \u00calih\u00ea ko\u00e7\u00ee binxet\u00ea (Rojava)bajar\u00ea Qami\u015flo kirin. T\u00eegran di sala 1934an de li wir ji dayik b\u00fb. T\u00eegran li ser gotin \u00fb \u015f\u00eereta bav\u00ea xwe di 9 sal\u00eeya xwe de bi perwerdeya \u00fbd\u00ea ya 6 mehan dest bi kar\u00ea muz\u00eek \u00fb hunermend\u00eey\u00ea kir. Pi\u015ftre dest bi am\u00fbra cumbu\u015f\u00ea kir. Ji ber ku malbata T\u00eegran bi al\u00eekar\u00eeya mezin \u00fb axay\u00ean Kurdan ji Komkuj\u00eeya Ermen\u00eeyan filit\u00eeb\u00fbn, bav\u00ea w\u00ee qewit\u00ee l\u00ea kirib\u00fb ku bi Kurd\u00ee bistir\u00ea \u00fb ji Kurdan re xizmet \u00fb wefadar\u00eey\u00ea bike. Aram\u00ea T\u00eegran qew\u00eet\u00eeya bav\u00ea xwe an\u00ee c\u00eeh \u00fb heta daw\u00eeya jiyana xwe xizmeta ziman \u00fb muz\u00eeka Kurd\u00ee kir.<\/h3>\n<h3 style=\"text-align: justify\">T\u00eegran di sala 1966an de li paytexta Ermen\u00eestan\u00ea Y\u00ear\u00eavan\u00ea bi c\u00eeh b\u00fb \u00fb 18 salan di Radyoya \u00car\u00eevan\u00ea de xebit\u00ee. Pi\u015ft\u00ee sala 1995an T\u00eegran \u00e7\u00fb Yewnan\u00eestan\u00ea \u00fb li At\u00eenay\u00ea bi c\u00eeh b\u00fb.<\/h3>\n<h3 style=\"text-align: justify\">T\u00eegran di hem\u00fb jiyana xwe de carna bi ziman\u00ea Suryan\u00ee, Ereb\u00ee, Tirk\u00ee \u00fb Y\u00fbnan\u00ee, carna bi zaravay\u00ea Kurd\u00ee Dimilk\u00ee l\u00ea bi piran\u00ee bi Kurmanc\u00ee stran gotine. T\u00eegran \u00ea ku di dil\u00ea Kurdan de c\u00eeh girtiye, 230 stran bi Kurmanc\u00ee, 150 bi Ereb\u00ee, 10 bi Suryan\u00ee \u00fb 8 j\u00ee bi Y\u00fbnan\u00ee gotine.<\/h3>\n<h3 style=\"text-align: justify\">T\u00eegran di 8\u00ea Tebaxa 2009an de li nexwe\u015fxaneya ku l\u00ea dihat dermankirin jiyana xwe ji dest da. T\u00eegran li goristana Ermen\u00eeyan a Bruksel\u00ea hat definkirin.<\/h3>\n<h3 style=\"text-align: justify\">Bela ruh\u00ea w\u00ee \u015fad \u00fb gora w\u00ee bihu\u015ft be.<\/h3>\n","protected":false},"excerpt":{"rendered":"<p>Di ser wefata bilbil\u00ea muz\u00eeka Kurd\u00ee Aram T\u00eegran re 14 sal derbas b\u00fbn. Aram\u00ea T\u00eegran jiyana xwe bex\u015f\u00ee ziman \u00fb muz\u00eeka Kurd\u00ee kir \u00fb di p\u00ea\u015fketin \u00fb paraztina \u00e7and \u00fb muz\u00eeka Kurd\u00ee de xizmetek mezin kir. Aram\u00ea T\u00eegran, ku bi koka xwe Ermen\u00ee ye, di axavtinek xwe de digot, \u201cHeger ez carek din b\u00eam dinyay\u00ea, [&hellip;]<\/p>\n","protected":false},"author":2,"featured_media":1037583,"comment_status":"closed","ping_status":"closed","sticky":false,"template":"","format":"standard","meta":{"footnotes":""},"categories":[34,4],"tags":[37],"class_list":["post-1037582","post","type-post","status-publish","format-standard","has-post-thumbnail","hentry","category-cand-u-huner","category-hemereng","tag-sereke"],"blocksy_meta":[],"seo_head":"<!-- This site is optimized with the Yoast SEO plugin v27.5 - https:\/\/yoast.com\/product\/yoast-seo-wordpress\/ -->\n<title>Xizmetkar\u00ea muz\u00eeka Kurd\u00ee, Aram T\u00eegran - Darka Maz\u00ee<\/title>\n<meta name=\"robots\" content=\"index, follow, max-snippet:-1, max-image-preview:large, max-video-preview:-1\" \/>\n<link rel=\"canonical\" href=\"https:\/\/darkamazi.info\/archives\/1037582\" \/>\n<meta property=\"og:locale\" content=\"en_US\" \/>\n<meta property=\"og:type\" content=\"article\" \/>\n<meta property=\"og:title\" content=\"Xizmetkar\u00ea muz\u00eeka Kurd\u00ee, Aram T\u00eegran - Darka Maz\u00ee\" \/>\n<meta property=\"og:description\" content=\"Di ser wefata bilbil\u00ea muz\u00eeka Kurd\u00ee Aram T\u00eegran re 14 sal derbas b\u00fbn. Aram\u00ea T\u00eegran jiyana xwe bex\u015f\u00ee ziman \u00fb muz\u00eeka Kurd\u00ee kir \u00fb di p\u00ea\u015fketin \u00fb paraztina \u00e7and \u00fb muz\u00eeka Kurd\u00ee de xizmetek mezin kir. Aram\u00ea T\u00eegran, ku bi koka xwe Ermen\u00ee ye, di axavtinek xwe de digot, \u201cHeger ez carek din b\u00eam dinyay\u00ea, [&hellip;]\" \/>\n<meta property=\"og:url\" content=\"https:\/\/darkamazi.info\/archives\/1037582\" \/>\n<meta property=\"og:site_name\" content=\"Darka Maz\u00ee\" \/>\n<meta property=\"article:publisher\" content=\"https:\/\/www.facebook.com\/DarMaziKurmanci\" \/>\n<meta property=\"article:published_time\" content=\"2023-08-08T17:26:37+00:00\" \/>\n<meta property=\"og:image\" content=\"https:\/\/darkamazi.info\/file\/2023\/08\/aram-tigran.jpg\" \/>\n\t<meta property=\"og:image:width\" content=\"900\" \/>\n\t<meta property=\"og:image:height\" content=\"497\" \/>\n\t<meta property=\"og:image:type\" content=\"image\/jpeg\" \/>\n<meta name=\"author\" content=\"darka mazi\" \/>\n<meta name=\"twitter:card\" content=\"summary_large_image\" \/>\n<meta name=\"twitter:creator\" content=\"@DarkaMaziLatini\" \/>\n<meta name=\"twitter:site\" content=\"@DarkaMaziLatini\" \/>\n<meta name=\"twitter:label1\" content=\"Written by\" \/>\n\t<meta name=\"twitter:data1\" content=\"darka mazi\" \/>\n\t<meta name=\"twitter:label2\" content=\"Est. reading time\" \/>\n\t<meta name=\"twitter:data2\" content=\"2 minutes\" \/>\n<script type=\"application\/ld+json\" class=\"seo-schema-graph\">{\"@context\":\"https:\\\/\\\/schema.org\",\"@graph\":[{\"@type\":\"Article\",\"@id\":\"https:\\\/\\\/darkamazi.info\\\/archives\\\/1037582#article\",\"isPartOf\":{\"@id\":\"https:\\\/\\\/darkamazi.info\\\/archives\\\/1037582\"},\"author\":{\"name\":\"darka mazi\",\"@id\":\"https:\\\/\\\/darkamazi.info\\\/#\\\/schema\\\/person\\\/5ad3e24553a0567993fa8ed4bd0a776c\"},\"headline\":\"Xizmetkar\u00ea muz\u00eeka Kurd\u00ee, Aram T\u00eegran\",\"datePublished\":\"2023-08-08T17:26:37+00:00\",\"mainEntityOfPage\":{\"@id\":\"https:\\\/\\\/darkamazi.info\\\/archives\\\/1037582\"},\"wordCount\":396,\"publisher\":{\"@id\":\"https:\\\/\\\/darkamazi.info\\\/#organization\"},\"image\":{\"@id\":\"https:\\\/\\\/darkamazi.info\\\/archives\\\/1037582#primaryimage\"},\"thumbnailUrl\":\"https:\\\/\\\/darkamazi.info\\\/darka-content\\\/uploads\\\/2023\\\/08\\\/aram-tigran.jpg\",\"keywords\":[\"sereke\"],\"articleSection\":[\"\u00c7and \u00db Huner\",\"Hemereng\"],\"inLanguage\":\"en-US\"},{\"@type\":\"WebPage\",\"@id\":\"https:\\\/\\\/darkamazi.info\\\/archives\\\/1037582\",\"url\":\"https:\\\/\\\/darkamazi.info\\\/archives\\\/1037582\",\"name\":\"Xizmetkar\u00ea muz\u00eeka Kurd\u00ee, Aram T\u00eegran - Darka Maz\u00ee\",\"isPartOf\":{\"@id\":\"https:\\\/\\\/darkamazi.info\\\/#website\"},\"primaryImageOfPage\":{\"@id\":\"https:\\\/\\\/darkamazi.info\\\/archives\\\/1037582#primaryimage\"},\"image\":{\"@id\":\"https:\\\/\\\/darkamazi.info\\\/archives\\\/1037582#primaryimage\"},\"thumbnailUrl\":\"https:\\\/\\\/darkamazi.info\\\/darka-content\\\/uploads\\\/2023\\\/08\\\/aram-tigran.jpg\",\"datePublished\":\"2023-08-08T17:26:37+00:00\",\"breadcrumb\":{\"@id\":\"https:\\\/\\\/darkamazi.info\\\/archives\\\/1037582#breadcrumb\"},\"inLanguage\":\"en-US\",\"potentialAction\":[{\"@type\":\"ReadAction\",\"target\":[\"https:\\\/\\\/darkamazi.info\\\/archives\\\/1037582\"]}]},{\"@type\":\"ImageObject\",\"inLanguage\":\"en-US\",\"@id\":\"https:\\\/\\\/darkamazi.info\\\/archives\\\/1037582#primaryimage\",\"url\":\"https:\\\/\\\/darkamazi.info\\\/darka-content\\\/uploads\\\/2023\\\/08\\\/aram-tigran.jpg\",\"contentUrl\":\"https:\\\/\\\/darkamazi.info\\\/darka-content\\\/uploads\\\/2023\\\/08\\\/aram-tigran.jpg\",\"width\":900,\"height\":497,\"caption\":\"Xizmetkar\u00ea muz\u00eeka Kurd\u00ee, Aram T\u00eegran\"},{\"@type\":\"BreadcrumbList\",\"@id\":\"https:\\\/\\\/darkamazi.info\\\/archives\\\/1037582#breadcrumb\",\"itemListElement\":[{\"@type\":\"ListItem\",\"position\":1,\"name\":\"Home\",\"item\":\"https:\\\/\\\/darkamazi.info\\\/\"},{\"@type\":\"ListItem\",\"position\":2,\"name\":\"Xizmetkar\u00ea muz\u00eeka Kurd\u00ee, Aram T\u00eegran\"}]},{\"@type\":\"WebSite\",\"@id\":\"https:\\\/\\\/darkamazi.info\\\/#website\",\"url\":\"https:\\\/\\\/darkamazi.info\\\/\",\"name\":\"Darka Maz\u00ee\",\"description\":\"P\u00eageha Zanyariy\u00ean Nebih\u00eest\u00ee\",\"publisher\":{\"@id\":\"https:\\\/\\\/darkamazi.info\\\/#organization\"},\"potentialAction\":[{\"@type\":\"SearchAction\",\"target\":{\"@type\":\"EntryPoint\",\"urlTemplate\":\"https:\\\/\\\/darkamazi.info\\\/?s={search_term_string}\"},\"query-input\":{\"@type\":\"PropertyValueSpecification\",\"valueRequired\":true,\"valueName\":\"search_term_string\"}}],\"inLanguage\":\"en-US\"},{\"@type\":\"Organization\",\"@id\":\"https:\\\/\\\/darkamazi.info\\\/#organization\",\"name\":\"Darka Maz\u00ee\",\"url\":\"https:\\\/\\\/darkamazi.info\\\/\",\"logo\":{\"@type\":\"ImageObject\",\"inLanguage\":\"en-US\",\"@id\":\"https:\\\/\\\/darkamazi.info\\\/#\\\/schema\\\/logo\\\/image\\\/\",\"url\":\"https:\\\/\\\/darkamazi.info\\\/darka-content\\\/uploads\\\/2017\\\/12\\\/darka-mazi-logo.png\",\"contentUrl\":\"https:\\\/\\\/darkamazi.info\\\/darka-content\\\/uploads\\\/2017\\\/12\\\/darka-mazi-logo.png\",\"width\":151,\"height\":75,\"caption\":\"Darka Maz\u00ee\"},\"image\":{\"@id\":\"https:\\\/\\\/darkamazi.info\\\/#\\\/schema\\\/logo\\\/image\\\/\"},\"sameAs\":[\"https:\\\/\\\/www.facebook.com\\\/DarMaziKurmanci\",\"https:\\\/\\\/x.com\\\/DarkaMaziLatini\",\"https:\\\/\\\/www.instagram.com\\\/darkamazi.kurmanci\\\/\",\"https:\\\/\\\/www.youtube.com\\\/channel\\\/UCa5HkTdmI8U1qCUFuTw8B2g\"]},{\"@type\":\"Person\",\"@id\":\"https:\\\/\\\/darkamazi.info\\\/#\\\/schema\\\/person\\\/5ad3e24553a0567993fa8ed4bd0a776c\",\"name\":\"darka mazi\",\"sameAs\":[\"https:\\\/\\\/darkamazi.info\\\/\"],\"url\":\"https:\\\/\\\/darkamazi.info\\\/archives\\\/author\\\/kurdi\"}]}<\/script>\n<!-- \/ Yoast SEO plugin. -->","seo_head_json":{"title":"Xizmetkar\u00ea muz\u00eeka Kurd\u00ee, Aram T\u00eegran - Darka Maz\u00ee","robots":{"index":"index","follow":"follow","max-snippet":"max-snippet:-1","max-image-preview":"max-image-preview:large","max-video-preview":"max-video-preview:-1"},"canonical":"https:\/\/darkamazi.info\/archives\/1037582","og_locale":"en_US","og_type":"article","og_title":"Xizmetkar\u00ea muz\u00eeka Kurd\u00ee, Aram T\u00eegran - Darka Maz\u00ee","og_description":"Di ser wefata bilbil\u00ea muz\u00eeka Kurd\u00ee Aram T\u00eegran re 14 sal derbas b\u00fbn. Aram\u00ea T\u00eegran jiyana xwe bex\u015f\u00ee ziman \u00fb muz\u00eeka Kurd\u00ee kir \u00fb di p\u00ea\u015fketin \u00fb paraztina \u00e7and \u00fb muz\u00eeka Kurd\u00ee de xizmetek mezin kir. Aram\u00ea T\u00eegran, ku bi koka xwe Ermen\u00ee ye, di axavtinek xwe de digot, \u201cHeger ez carek din b\u00eam dinyay\u00ea, [&hellip;]","og_url":"https:\/\/darkamazi.info\/archives\/1037582","og_site_name":"Darka Maz\u00ee","article_publisher":"https:\/\/www.facebook.com\/DarMaziKurmanci","article_published_time":"2023-08-08T17:26:37+00:00","og_image":[{"width":900,"height":497,"url":"https:\/\/darkamazi.info\/file\/2023\/08\/aram-tigran.jpg","type":"image\/jpeg"}],"author":"darka mazi","twitter_card":"summary_large_image","twitter_creator":"@DarkaMaziLatini","twitter_site":"@DarkaMaziLatini","twitter_misc":{"Written by":"darka mazi","Est. reading time":"2 minutes"},"schema":{"@context":"https:\/\/schema.org","@graph":[{"@type":"Article","@id":"https:\/\/darkamazi.info\/archives\/1037582#article","isPartOf":{"@id":"https:\/\/darkamazi.info\/archives\/1037582"},"author":{"name":"darka mazi","@id":"https:\/\/darkamazi.info\/#\/schema\/person\/5ad3e24553a0567993fa8ed4bd0a776c"},"headline":"Xizmetkar\u00ea muz\u00eeka Kurd\u00ee, Aram T\u00eegran","datePublished":"2023-08-08T17:26:37+00:00","mainEntityOfPage":{"@id":"https:\/\/darkamazi.info\/archives\/1037582"},"wordCount":396,"publisher":{"@id":"https:\/\/darkamazi.info\/#organization"},"image":{"@id":"https:\/\/darkamazi.info\/archives\/1037582#primaryimage"},"thumbnailUrl":"https:\/\/darkamazi.info\/file\/2023\/08\/aram-tigran.jpg","keywords":["sereke"],"articleSection":["\u00c7and \u00db Huner","Hemereng"],"inLanguage":"en-US"},{"@type":"WebPage","@id":"https:\/\/darkamazi.info\/archives\/1037582","url":"https:\/\/darkamazi.info\/archives\/1037582","name":"Xizmetkar\u00ea muz\u00eeka Kurd\u00ee, Aram T\u00eegran - Darka Maz\u00ee","isPartOf":{"@id":"https:\/\/darkamazi.info\/#website"},"primaryImageOfPage":{"@id":"https:\/\/darkamazi.info\/archives\/1037582#primaryimage"},"image":{"@id":"https:\/\/darkamazi.info\/archives\/1037582#primaryimage"},"thumbnailUrl":"https:\/\/darkamazi.info\/file\/2023\/08\/aram-tigran.jpg","datePublished":"2023-08-08T17:26:37+00:00","breadcrumb":{"@id":"https:\/\/darkamazi.info\/archives\/1037582#breadcrumb"},"inLanguage":"en-US","potentialAction":[{"@type":"ReadAction","target":["https:\/\/darkamazi.info\/archives\/1037582"]}]},{"@type":"ImageObject","inLanguage":"en-US","@id":"https:\/\/darkamazi.info\/archives\/1037582#primaryimage","url":"https:\/\/darkamazi.info\/file\/2023\/08\/aram-tigran.jpg","contentUrl":"https:\/\/darkamazi.info\/file\/2023\/08\/aram-tigran.jpg","width":900,"height":497,"caption":"Xizmetkar\u00ea muz\u00eeka Kurd\u00ee, Aram T\u00eegran"},{"@type":"BreadcrumbList","@id":"https:\/\/darkamazi.info\/archives\/1037582#breadcrumb","itemListElement":[{"@type":"ListItem","position":1,"name":"Home","item":"https:\/\/darkamazi.info\/"},{"@type":"ListItem","position":2,"name":"Xizmetkar\u00ea muz\u00eeka Kurd\u00ee, Aram T\u00eegran"}]},{"@type":"WebSite","@id":"https:\/\/darkamazi.info\/#website","url":"https:\/\/darkamazi.info\/","name":"Darka Maz\u00ee","description":"P\u00eageha Zanyariy\u00ean Nebih\u00eest\u00ee","publisher":{"@id":"https:\/\/darkamazi.info\/#organization"},"potentialAction":[{"@type":"SearchAction","target":{"@type":"EntryPoint","urlTemplate":"https:\/\/darkamazi.info\/?s={search_term_string}"},"query-input":{"@type":"PropertyValueSpecification","valueRequired":true,"valueName":"search_term_string"}}],"inLanguage":"en-US"},{"@type":"Organization","@id":"https:\/\/darkamazi.info\/#organization","name":"Darka Maz\u00ee","url":"https:\/\/darkamazi.info\/","logo":{"@type":"ImageObject","inLanguage":"en-US","@id":"https:\/\/darkamazi.info\/#\/schema\/logo\/image\/","url":"https:\/\/darkamazi.info\/file\/2017\/12\/darka-mazi-logo.png","contentUrl":"https:\/\/darkamazi.info\/file\/2017\/12\/darka-mazi-logo.png","width":151,"height":75,"caption":"Darka Maz\u00ee"},"image":{"@id":"https:\/\/darkamazi.info\/#\/schema\/logo\/image\/"},"sameAs":["https:\/\/www.facebook.com\/DarMaziKurmanci","https:\/\/x.com\/DarkaMaziLatini","https:\/\/www.instagram.com\/darkamazi.kurmanci\/","https:\/\/www.youtube.com\/channel\/UCa5HkTdmI8U1qCUFuTw8B2g"]},{"@type":"Person","@id":"https:\/\/darkamazi.info\/#\/schema\/person\/5ad3e24553a0567993fa8ed4bd0a776c","name":"darka mazi","sameAs":["https:\/\/darkamazi.info\/"],"url":"https:\/\/darkamazi.info\/archives\/author\/kurdi"}]}},"_links":{"self":[{"href":"https:\/\/darkamazi.info\/funavuv\/wp\/v2\/posts\/1037582","targetHints":{"allow":["GET"]}}],"collection":[{"href":"https:\/\/darkamazi.info\/funavuv\/wp\/v2\/posts"}],"about":[{"href":"https:\/\/darkamazi.info\/funavuv\/wp\/v2\/types\/post"}],"author":[{"embeddable":true,"href":"https:\/\/darkamazi.info\/funavuv\/wp\/v2\/users\/2"}],"replies":[{"embeddable":true,"href":"https:\/\/darkamazi.info\/funavuv\/wp\/v2\/comments?post=1037582"}],"version-history":[{"count":0,"href":"https:\/\/darkamazi.info\/funavuv\/wp\/v2\/posts\/1037582\/revisions"}],"wp:featuredmedia":[{"embeddable":true,"href":"https:\/\/darkamazi.info\/funavuv\/wp\/v2\/media\/1037583"}],"wp:attachment":[{"href":"https:\/\/darkamazi.info\/funavuv\/wp\/v2\/media?parent=1037582"}],"wp:term":[{"taxonomy":"category","embeddable":true,"href":"https:\/\/darkamazi.info\/funavuv\/wp\/v2\/categories?post=1037582"},{"taxonomy":"post_tag","embeddable":true,"href":"https:\/\/darkamazi.info\/funavuv\/wp\/v2\/tags?post=1037582"}],"curies":[{"name":"wp","href":"https:\/\/api.w.org\/{rel}","templated":true}]}}