{"id":1037647,"date":"2023-08-13T12:07:59","date_gmt":"2023-08-13T09:07:59","guid":{"rendered":"https:\/\/darkamazi.info\/?p=1037647"},"modified":"2026-02-18T16:45:12","modified_gmt":"2026-02-18T13:45:12","slug":"jin-di-nav-pkke-de-4","status":"publish","type":"post","link":"https:\/\/darkamazi.info\/archives\/1037647","title":{"rendered":"Jin di nav PKK\u00ea de &#8211; \u201c4\u201d"},"content":{"rendered":"<div class=\"wpb-content-wrapper\"><p>[darkamazi_row][darkamazi_column][darkamazi_column_text]<\/p>\n<h3 style=\"text-align: justify;\"><span style=\"font-family: 'arial black', sans-serif;\">Di nava Partiya Karkeran de, jin\u00ean Kurd zirara her\u00ee mezin d\u00eetne, r\u00eaxistin wan li bin nav\u00ea berxwedan\u00ea \u00fb Kurdistana \u015f\u00ear\u00een dixap\u00eene bir\u00eaxistin dike \u00fb pi\u015ftre weke am\u00fbrek\u00ee bi kar t\u00eene, ev y\u00eak j\u00ee siyaseteke sereke a partiy\u00ea ye.<\/span><\/h3>\n<h3 style=\"text-align: justify;\"><span style=\"font-family: arial, helvetica, sans-serif;\">\u201cJin di nava PKK\u00ea de\u201d nav \u00fb n\u00ee\u015fana pirt\u00fbkek\u00ea ye ku Nejdet Boldan bi ziman\u00ea Tirk\u00ee niv\u00eesandiye \u00fb ji h\u00eala Ho\u015feng ve hatiye wergerandin, \u201cjin di nava PKK\u00ea de\u201d ji we\u015fan\u00ean 2022\u00ea ye.<\/span><\/h3>\n<h3 style=\"text-align: justify;\"><span style=\"font-family: arial, helvetica, sans-serif;\">Weke di be\u015f\u00ean ewl de amaje hatiye kirin, di v\u00ea pirt\u00fbk\u00ea de serhat\u00eeya rast ya 10 jin\u00ean ku ji PKK\u00ea qut b\u00fbne hatiye a\u015fkere kirin, \u201cDarka Maz\u00ee\u201d d\u00ea bi zinc\u00eereyeke niv\u00eesan bi kurtas\u00ee ji boy xwendevan\u00ean xwe y\u00ean bi rumet re veg\u00eare.<\/span><\/h3>\n<h3 style=\"text-align: justify;\"><span style=\"font-family: 'arial black', sans-serif; font-size: 18pt; color: #8c0707;\">\u015eer\u00ea 21 rojan y\u00ea li dij\u00ee PDK\u00ea \u00fb YNK\u00ea<\/span><\/h3>\n<h3 style=\"text-align: justify;\"><span style=\"font-family: arial, helvetica, sans-serif;\">Newal ke\u00e7eka ji Wan\u00ea ya Bakur\u00ea Kurdistan\u00ea ye, weke bi hezaran ke\u00e7\u00ean din ji boy e\u015fqa welat\u00ea \u015f\u00ear\u00een tevl\u00ee PKK\u00ea dibe, l\u00ea roja ewl rast\u00ee \u015f\u00fbkeke mezin t\u00ea wexta rastiya v\u00ea partiy\u00ea dizane, partiya ku li ser nav\u00ea Kurdistan\u00ea berxwedan\u00ea li dij\u00ee Kurdistan\u00ea bi xwe dike.<\/span><\/h3>\n<h3 style=\"text-align: justify;\"><span style=\"font-family: arial, helvetica, sans-serif;\">Di be\u015fa s\u00eayem\u00een de Newal\u00ea behsa d\u00eeroka Kurdistan\u00ea kir kan\u00ea \u00e7awa PKK\u00ea her ti\u015ft\u00ee di guher\u00eene \u00fb bi guh\u00ea kadroy\u00ean xwe de dib\u00eaje, \u00eero Newal w\u00ea \u00e7\u00eeroka 21 roj\u00ean w\u00ee \u015fer\u00ee bib\u00eaje y\u00ea ku Partiya Karkeran li sal\u00ean 90an li dij\u00ee Hik\u00fbmeta Ba\u015f\u00fbr\u00ea Kurdistan\u00ea encam day.<\/span><\/h3>\n<h3 style=\"text-align: justify;\"><span style=\"font-family: 'arial black', sans-serif; font-size: 18pt; color: #8c0707;\">Murat Karayilan nedixwest \u015fer bi daw\u00ee bibe<\/span><\/h3>\n<h3 style=\"text-align: justify;\"><span style=\"font-family: arial, helvetica, sans-serif;\">Newal dib\u00eaje: \u201c\u015eer\u00ea PKK\u00ea y\u00ea li dij\u00ee PDK\u00ea \u00fb YNK\u00ea 21 rojan dewam kir, pi\u015ftre peymanek \u00e7\u00eab\u00fb \u00fb ferman hat ku em senger\u00ean \u015fer \u00e7ol bikin, gelek ji fermandar\u00ean me li w\u00ea dem\u00ea li dij\u00ee ragirtina \u015fer b\u00fbn \u00fb di gotin me gelek qurban\u00ee da ne, li w\u00ea dem\u00ea bi r\u00eeya b\u00eatel\u00ea fermandara me rew\u015f bo Osman Ocalan zelal kir \u00fb Osman li w\u00ea dem\u00ea got ku hers\u00ea biryargeh\u00ean PKK\u00ea li Ba\u015f\u00fbr\u00ea Kurdistan\u00ea qeb\u00fbl kirine ku \u015fer were ragirtin \u00fb niha ten\u00ea heval Cemal asteng\u00eeyan ji boy me \u00e7\u00eadike\u201d.<\/span><\/h3>\n<h3 style=\"text-align: justify;\"><span style=\"font-family: arial, helvetica, sans-serif;\">Her wiha diyar kir ku li dawiy\u00ea hem\u00fb fermandar\u00ean wan ne\u00e7ar man rast\u00eeya hey\u00ee qeb\u00fbl bikin, w\u00ea dem\u00ea bi awayek\u00ee lezg\u00een dest bi r\u00eaxistina kadroy\u00ean PKK\u00ea hat kirin \u00fb be\u015fek\u00ee h\u00eaz\u00ean wan derbas\u00ee kampa \u201cZel\u00ea\u201d b\u00fbn.<\/span><\/h3>\n<h3 style=\"text-align: justify;\"><span style=\"font-family: arial, helvetica, sans-serif;\">Newal got: \u201cBe\u015fek\u00ee din derbas\u00ee her\u00eama Xwakurk\u00ea b\u00fbn \u00fb bi raz\u00eeb\u00fbna YNK\u00ea, piran\u00eeya h\u00eaz\u00ean me bi otomob\u00eelan bo kampa Zel\u00ea hatin veguhestin, li b\u00eera min t\u00ea li w\u00ea dem\u00ea em li hin her\u00eaman rawestiyan \u00fb gel\u00ea dever\u00ea bi awayek\u00ee seyr li me di ner\u00ee, raste \u015fer\u00ea Kurd \u00fb Kurdan b\u00fb, l\u00ea bel\u00ea em rast\u00ee \u015fikestineke mezin hatin, v\u00ea yek\u00ea j\u00ee bandoreke mezin li me kirb\u00fb, carek\u00ea em li gundek\u00ee rawestiyan \u00fb di mizgefta gund de mayn, ji \u015f\u00eany\u00ean gund hat xwestin ku al\u00eekar\u00eeya me b\u00ea kirin, pirisgr\u00eak\u00ean me y\u00ean mezin heb\u00fbn, a her\u00ee mezin j\u00ee nan b\u00fb, em di bir\u00e7\u00ee b\u00fbn nan j\u00ee neb\u00fb, li dawiy\u00ea em gih\u00ee\u015ftin kampa Zel\u00ea, rew\u015f pir xerab b\u00fb, li w\u00ea dem\u00ea Ocalan di got: Ti\u015fta ku qewm\u00ee \u015fa\u015f\u00eat\u00ee b\u00fb, heger jehir j\u00ee be \u00ead\u00ee \u00e7\u00fb \u00fb div\u00ea em ji boy pa\u015feroj\u00ea xwe amade bikin\u201d.<\/span><\/h3>\n<h3 style=\"text-align: justify;\"><span style=\"font-family: 'arial black', sans-serif; font-size: 18pt; color: #8c0707;\">Nakokiy\u00ean n\u00eavber 3 biryargeh\u00ean PKK\u00ea<\/span><\/h3>\n<h3 style=\"text-align: justify;\"><span style=\"font-family: arial, helvetica, sans-serif;\">Newal dib\u00eaje: \u201cLi kampa Zel\u00ea bi w\u00ee zik\u00ea bir\u00e7\u00ee \u00fb w\u00ea rew\u015fa xerab partiy\u00ea xuleka perwerd\u00ea vekir, ji r\u00fby\u00ea le\u015fker\u00ee ve rew\u015f pir xerab b\u00fb, nakok\u00ee li n\u00eavbera hers\u00ea biryargeh\u00ean PKK\u00ea y\u00ean li Ba\u015f\u00fbr\u00ea Kurdistan\u00ea derketb\u00fbn, her weha li wir nakokiy\u00ean n\u00eavbera kadroy\u00ean Bakur \u00fb Rojava y\u00ean partiy\u00ea derketin\u201d.<\/span><\/h3>\n<h3 style=\"text-align: justify;\"><span style=\"font-family: arial, helvetica, sans-serif;\">Di be\u015fa bih\u00eat de em\u00ea behsa y\u00eakem konferansa jin\u00ea di nav PKK\u00ea de bikin \u00fb \u00e7ima Ocalan ew konferans red kirb\u00fb.<\/span><\/h3>\n<p>[\/darkamazi_column_text][\/darkamazi_column][\/darkamazi_row]<\/p>\n<\/div>","protected":false},"excerpt":{"rendered":"<p>[darkamazi_row][darkamazi_column][darkamazi_column_text] Di nava Partiya Karkeran de, jin\u00ean Kurd zirara her\u00ee mezin d\u00eetne, r\u00eaxistin wan li bin nav\u00ea berxwedan\u00ea \u00fb Kurdistana \u015f\u00ear\u00een dixap\u00eene bir\u00eaxistin dike \u00fb pi\u015ftre weke am\u00fbrek\u00ee bi kar t\u00eene, ev y\u00eak j\u00ee siyaseteke sereke a partiy\u00ea ye. \u201cJin di nava PKK\u00ea de\u201d nav \u00fb n\u00ee\u015fana pirt\u00fbkek\u00ea ye ku Nejdet Boldan bi ziman\u00ea Tirk\u00ee [&hellip;]<\/p>\n","protected":false},"author":2,"featured_media":1037648,"comment_status":"closed","ping_status":"closed","sticky":false,"template":"","format":"standard","meta":{"footnotes":""},"categories":[67],"tags":[37],"class_list":["post-1037647","post","type-post","status-publish","format-standard","has-post-thumbnail","hentry","category-namilke","tag-sereke"],"blocksy_meta":[],"seo_head":"<!-- This site is optimized with the Yoast SEO plugin v27.5 - https:\/\/yoast.com\/product\/yoast-seo-wordpress\/ -->\n<title>Jin di nav PKK\u00ea de - \u201c4\u201d - Darka Maz\u00ee<\/title>\n<meta name=\"robots\" content=\"index, follow, max-snippet:-1, max-image-preview:large, max-video-preview:-1\" \/>\n<link rel=\"canonical\" href=\"https:\/\/darkamazi.info\/archives\/1037647\" \/>\n<meta property=\"og:locale\" content=\"en_US\" \/>\n<meta property=\"og:type\" content=\"article\" \/>\n<meta property=\"og:title\" content=\"Jin di nav PKK\u00ea de - \u201c4\u201d - Darka Maz\u00ee\" \/>\n<meta property=\"og:description\" content=\"[darkamazi_row][darkamazi_column][darkamazi_column_text] Di nava Partiya Karkeran de, jin\u00ean Kurd zirara her\u00ee mezin d\u00eetne, r\u00eaxistin wan li bin nav\u00ea berxwedan\u00ea \u00fb Kurdistana \u015f\u00ear\u00een dixap\u00eene bir\u00eaxistin dike \u00fb pi\u015ftre weke am\u00fbrek\u00ee bi kar t\u00eene, ev y\u00eak j\u00ee siyaseteke sereke a partiy\u00ea ye. \u201cJin di nava PKK\u00ea de\u201d nav \u00fb n\u00ee\u015fana pirt\u00fbkek\u00ea ye ku Nejdet Boldan bi ziman\u00ea Tirk\u00ee [&hellip;]\" \/>\n<meta property=\"og:url\" content=\"https:\/\/darkamazi.info\/archives\/1037647\" \/>\n<meta property=\"og:site_name\" content=\"Darka Maz\u00ee\" \/>\n<meta property=\"article:publisher\" content=\"https:\/\/www.facebook.com\/DarMaziKurmanci\" \/>\n<meta property=\"article:published_time\" content=\"2023-08-13T09:07:59+00:00\" \/>\n<meta property=\"article:modified_time\" content=\"2026-02-18T13:45:12+00:00\" \/>\n<meta property=\"og:image\" content=\"https:\/\/darkamazi.info\/file\/2023\/08\/pkk-jin-4-info.jpg\" \/>\n\t<meta property=\"og:image:width\" content=\"900\" \/>\n\t<meta property=\"og:image:height\" content=\"497\" \/>\n\t<meta property=\"og:image:type\" content=\"image\/jpeg\" \/>\n<meta name=\"author\" content=\"darka mazi\" \/>\n<meta name=\"twitter:card\" content=\"summary_large_image\" \/>\n<meta name=\"twitter:creator\" content=\"@DarkaMaziLatini\" \/>\n<meta name=\"twitter:site\" content=\"@DarkaMaziLatini\" \/>\n<meta name=\"twitter:label1\" content=\"Written by\" \/>\n\t<meta name=\"twitter:data1\" content=\"darka mazi\" \/>\n\t<meta name=\"twitter:label2\" content=\"Est. reading time\" \/>\n\t<meta name=\"twitter:data2\" content=\"4 minutes\" \/>\n<script type=\"application\/ld+json\" class=\"seo-schema-graph\">{\"@context\":\"https:\\\/\\\/schema.org\",\"@graph\":[{\"@type\":\"Article\",\"@id\":\"https:\\\/\\\/darkamazi.info\\\/archives\\\/1037647#article\",\"isPartOf\":{\"@id\":\"https:\\\/\\\/darkamazi.info\\\/archives\\\/1037647\"},\"author\":{\"name\":\"darka mazi\",\"@id\":\"https:\\\/\\\/darkamazi.info\\\/#\\\/schema\\\/person\\\/5ad3e24553a0567993fa8ed4bd0a776c\"},\"headline\":\"Jin di nav PKK\u00ea de &#8211; \u201c4\u201d\",\"datePublished\":\"2023-08-13T09:07:59+00:00\",\"dateModified\":\"2026-02-18T13:45:12+00:00\",\"mainEntityOfPage\":{\"@id\":\"https:\\\/\\\/darkamazi.info\\\/archives\\\/1037647\"},\"wordCount\":663,\"publisher\":{\"@id\":\"https:\\\/\\\/darkamazi.info\\\/#organization\"},\"image\":{\"@id\":\"https:\\\/\\\/darkamazi.info\\\/archives\\\/1037647#primaryimage\"},\"thumbnailUrl\":\"https:\\\/\\\/darkamazi.info\\\/darka-content\\\/uploads\\\/2023\\\/08\\\/pkk-jin-4-info.jpg\",\"keywords\":[\"sereke\"],\"articleSection\":[\"Nam\u00eelke\"],\"inLanguage\":\"en-US\"},{\"@type\":\"WebPage\",\"@id\":\"https:\\\/\\\/darkamazi.info\\\/archives\\\/1037647\",\"url\":\"https:\\\/\\\/darkamazi.info\\\/archives\\\/1037647\",\"name\":\"Jin di nav PKK\u00ea de - \u201c4\u201d - Darka Maz\u00ee\",\"isPartOf\":{\"@id\":\"https:\\\/\\\/darkamazi.info\\\/#website\"},\"primaryImageOfPage\":{\"@id\":\"https:\\\/\\\/darkamazi.info\\\/archives\\\/1037647#primaryimage\"},\"image\":{\"@id\":\"https:\\\/\\\/darkamazi.info\\\/archives\\\/1037647#primaryimage\"},\"thumbnailUrl\":\"https:\\\/\\\/darkamazi.info\\\/darka-content\\\/uploads\\\/2023\\\/08\\\/pkk-jin-4-info.jpg\",\"datePublished\":\"2023-08-13T09:07:59+00:00\",\"dateModified\":\"2026-02-18T13:45:12+00:00\",\"breadcrumb\":{\"@id\":\"https:\\\/\\\/darkamazi.info\\\/archives\\\/1037647#breadcrumb\"},\"inLanguage\":\"en-US\",\"potentialAction\":[{\"@type\":\"ReadAction\",\"target\":[\"https:\\\/\\\/darkamazi.info\\\/archives\\\/1037647\"]}]},{\"@type\":\"ImageObject\",\"inLanguage\":\"en-US\",\"@id\":\"https:\\\/\\\/darkamazi.info\\\/archives\\\/1037647#primaryimage\",\"url\":\"https:\\\/\\\/darkamazi.info\\\/darka-content\\\/uploads\\\/2023\\\/08\\\/pkk-jin-4-info.jpg\",\"contentUrl\":\"https:\\\/\\\/darkamazi.info\\\/darka-content\\\/uploads\\\/2023\\\/08\\\/pkk-jin-4-info.jpg\",\"width\":900,\"height\":497,\"caption\":\"pkk-jin-4-info\"},{\"@type\":\"BreadcrumbList\",\"@id\":\"https:\\\/\\\/darkamazi.info\\\/archives\\\/1037647#breadcrumb\",\"itemListElement\":[{\"@type\":\"ListItem\",\"position\":1,\"name\":\"Home\",\"item\":\"https:\\\/\\\/darkamazi.info\\\/\"},{\"@type\":\"ListItem\",\"position\":2,\"name\":\"Jin di nav PKK\u00ea de &#8211; \u201c4\u201d\"}]},{\"@type\":\"WebSite\",\"@id\":\"https:\\\/\\\/darkamazi.info\\\/#website\",\"url\":\"https:\\\/\\\/darkamazi.info\\\/\",\"name\":\"Darka Maz\u00ee\",\"description\":\"P\u00eageha Zanyariy\u00ean Nebih\u00eest\u00ee\",\"publisher\":{\"@id\":\"https:\\\/\\\/darkamazi.info\\\/#organization\"},\"potentialAction\":[{\"@type\":\"SearchAction\",\"target\":{\"@type\":\"EntryPoint\",\"urlTemplate\":\"https:\\\/\\\/darkamazi.info\\\/?s={search_term_string}\"},\"query-input\":{\"@type\":\"PropertyValueSpecification\",\"valueRequired\":true,\"valueName\":\"search_term_string\"}}],\"inLanguage\":\"en-US\"},{\"@type\":\"Organization\",\"@id\":\"https:\\\/\\\/darkamazi.info\\\/#organization\",\"name\":\"Darka Maz\u00ee\",\"url\":\"https:\\\/\\\/darkamazi.info\\\/\",\"logo\":{\"@type\":\"ImageObject\",\"inLanguage\":\"en-US\",\"@id\":\"https:\\\/\\\/darkamazi.info\\\/#\\\/schema\\\/logo\\\/image\\\/\",\"url\":\"https:\\\/\\\/darkamazi.info\\\/darka-content\\\/uploads\\\/2017\\\/12\\\/darka-mazi-logo.png\",\"contentUrl\":\"https:\\\/\\\/darkamazi.info\\\/darka-content\\\/uploads\\\/2017\\\/12\\\/darka-mazi-logo.png\",\"width\":151,\"height\":75,\"caption\":\"Darka Maz\u00ee\"},\"image\":{\"@id\":\"https:\\\/\\\/darkamazi.info\\\/#\\\/schema\\\/logo\\\/image\\\/\"},\"sameAs\":[\"https:\\\/\\\/www.facebook.com\\\/DarMaziKurmanci\",\"https:\\\/\\\/x.com\\\/DarkaMaziLatini\",\"https:\\\/\\\/www.instagram.com\\\/darkamazi.kurmanci\\\/\",\"https:\\\/\\\/www.youtube.com\\\/channel\\\/UCa5HkTdmI8U1qCUFuTw8B2g\"]},{\"@type\":\"Person\",\"@id\":\"https:\\\/\\\/darkamazi.info\\\/#\\\/schema\\\/person\\\/5ad3e24553a0567993fa8ed4bd0a776c\",\"name\":\"darka mazi\",\"sameAs\":[\"https:\\\/\\\/darkamazi.info\\\/\"],\"url\":\"https:\\\/\\\/darkamazi.info\\\/archives\\\/author\\\/kurdi\"}]}<\/script>\n<!-- \/ Yoast SEO plugin. -->","seo_head_json":{"title":"Jin di nav PKK\u00ea de - \u201c4\u201d - Darka Maz\u00ee","robots":{"index":"index","follow":"follow","max-snippet":"max-snippet:-1","max-image-preview":"max-image-preview:large","max-video-preview":"max-video-preview:-1"},"canonical":"https:\/\/darkamazi.info\/archives\/1037647","og_locale":"en_US","og_type":"article","og_title":"Jin di nav PKK\u00ea de - \u201c4\u201d - Darka Maz\u00ee","og_description":"[darkamazi_row][darkamazi_column][darkamazi_column_text] Di nava Partiya Karkeran de, jin\u00ean Kurd zirara her\u00ee mezin d\u00eetne, r\u00eaxistin wan li bin nav\u00ea berxwedan\u00ea \u00fb Kurdistana \u015f\u00ear\u00een dixap\u00eene bir\u00eaxistin dike \u00fb pi\u015ftre weke am\u00fbrek\u00ee bi kar t\u00eene, ev y\u00eak j\u00ee siyaseteke sereke a partiy\u00ea ye. \u201cJin di nava PKK\u00ea de\u201d nav \u00fb n\u00ee\u015fana pirt\u00fbkek\u00ea ye ku Nejdet Boldan bi ziman\u00ea Tirk\u00ee [&hellip;]","og_url":"https:\/\/darkamazi.info\/archives\/1037647","og_site_name":"Darka Maz\u00ee","article_publisher":"https:\/\/www.facebook.com\/DarMaziKurmanci","article_published_time":"2023-08-13T09:07:59+00:00","article_modified_time":"2026-02-18T13:45:12+00:00","og_image":[{"width":900,"height":497,"url":"https:\/\/darkamazi.info\/file\/2023\/08\/pkk-jin-4-info.jpg","type":"image\/jpeg"}],"author":"darka mazi","twitter_card":"summary_large_image","twitter_creator":"@DarkaMaziLatini","twitter_site":"@DarkaMaziLatini","twitter_misc":{"Written by":"darka mazi","Est. reading time":"4 minutes"},"schema":{"@context":"https:\/\/schema.org","@graph":[{"@type":"Article","@id":"https:\/\/darkamazi.info\/archives\/1037647#article","isPartOf":{"@id":"https:\/\/darkamazi.info\/archives\/1037647"},"author":{"name":"darka mazi","@id":"https:\/\/darkamazi.info\/#\/schema\/person\/5ad3e24553a0567993fa8ed4bd0a776c"},"headline":"Jin di nav PKK\u00ea de &#8211; \u201c4\u201d","datePublished":"2023-08-13T09:07:59+00:00","dateModified":"2026-02-18T13:45:12+00:00","mainEntityOfPage":{"@id":"https:\/\/darkamazi.info\/archives\/1037647"},"wordCount":663,"publisher":{"@id":"https:\/\/darkamazi.info\/#organization"},"image":{"@id":"https:\/\/darkamazi.info\/archives\/1037647#primaryimage"},"thumbnailUrl":"https:\/\/darkamazi.info\/file\/2023\/08\/pkk-jin-4-info.jpg","keywords":["sereke"],"articleSection":["Nam\u00eelke"],"inLanguage":"en-US"},{"@type":"WebPage","@id":"https:\/\/darkamazi.info\/archives\/1037647","url":"https:\/\/darkamazi.info\/archives\/1037647","name":"Jin di nav PKK\u00ea de - \u201c4\u201d - Darka Maz\u00ee","isPartOf":{"@id":"https:\/\/darkamazi.info\/#website"},"primaryImageOfPage":{"@id":"https:\/\/darkamazi.info\/archives\/1037647#primaryimage"},"image":{"@id":"https:\/\/darkamazi.info\/archives\/1037647#primaryimage"},"thumbnailUrl":"https:\/\/darkamazi.info\/file\/2023\/08\/pkk-jin-4-info.jpg","datePublished":"2023-08-13T09:07:59+00:00","dateModified":"2026-02-18T13:45:12+00:00","breadcrumb":{"@id":"https:\/\/darkamazi.info\/archives\/1037647#breadcrumb"},"inLanguage":"en-US","potentialAction":[{"@type":"ReadAction","target":["https:\/\/darkamazi.info\/archives\/1037647"]}]},{"@type":"ImageObject","inLanguage":"en-US","@id":"https:\/\/darkamazi.info\/archives\/1037647#primaryimage","url":"https:\/\/darkamazi.info\/file\/2023\/08\/pkk-jin-4-info.jpg","contentUrl":"https:\/\/darkamazi.info\/file\/2023\/08\/pkk-jin-4-info.jpg","width":900,"height":497,"caption":"pkk-jin-4-info"},{"@type":"BreadcrumbList","@id":"https:\/\/darkamazi.info\/archives\/1037647#breadcrumb","itemListElement":[{"@type":"ListItem","position":1,"name":"Home","item":"https:\/\/darkamazi.info\/"},{"@type":"ListItem","position":2,"name":"Jin di nav PKK\u00ea de &#8211; \u201c4\u201d"}]},{"@type":"WebSite","@id":"https:\/\/darkamazi.info\/#website","url":"https:\/\/darkamazi.info\/","name":"Darka Maz\u00ee","description":"P\u00eageha Zanyariy\u00ean Nebih\u00eest\u00ee","publisher":{"@id":"https:\/\/darkamazi.info\/#organization"},"potentialAction":[{"@type":"SearchAction","target":{"@type":"EntryPoint","urlTemplate":"https:\/\/darkamazi.info\/?s={search_term_string}"},"query-input":{"@type":"PropertyValueSpecification","valueRequired":true,"valueName":"search_term_string"}}],"inLanguage":"en-US"},{"@type":"Organization","@id":"https:\/\/darkamazi.info\/#organization","name":"Darka Maz\u00ee","url":"https:\/\/darkamazi.info\/","logo":{"@type":"ImageObject","inLanguage":"en-US","@id":"https:\/\/darkamazi.info\/#\/schema\/logo\/image\/","url":"https:\/\/darkamazi.info\/file\/2017\/12\/darka-mazi-logo.png","contentUrl":"https:\/\/darkamazi.info\/file\/2017\/12\/darka-mazi-logo.png","width":151,"height":75,"caption":"Darka Maz\u00ee"},"image":{"@id":"https:\/\/darkamazi.info\/#\/schema\/logo\/image\/"},"sameAs":["https:\/\/www.facebook.com\/DarMaziKurmanci","https:\/\/x.com\/DarkaMaziLatini","https:\/\/www.instagram.com\/darkamazi.kurmanci\/","https:\/\/www.youtube.com\/channel\/UCa5HkTdmI8U1qCUFuTw8B2g"]},{"@type":"Person","@id":"https:\/\/darkamazi.info\/#\/schema\/person\/5ad3e24553a0567993fa8ed4bd0a776c","name":"darka mazi","sameAs":["https:\/\/darkamazi.info\/"],"url":"https:\/\/darkamazi.info\/archives\/author\/kurdi"}]}},"_links":{"self":[{"href":"https:\/\/darkamazi.info\/funavuv\/wp\/v2\/posts\/1037647","targetHints":{"allow":["GET"]}}],"collection":[{"href":"https:\/\/darkamazi.info\/funavuv\/wp\/v2\/posts"}],"about":[{"href":"https:\/\/darkamazi.info\/funavuv\/wp\/v2\/types\/post"}],"author":[{"embeddable":true,"href":"https:\/\/darkamazi.info\/funavuv\/wp\/v2\/users\/2"}],"replies":[{"embeddable":true,"href":"https:\/\/darkamazi.info\/funavuv\/wp\/v2\/comments?post=1037647"}],"version-history":[{"count":0,"href":"https:\/\/darkamazi.info\/funavuv\/wp\/v2\/posts\/1037647\/revisions"}],"wp:featuredmedia":[{"embeddable":true,"href":"https:\/\/darkamazi.info\/funavuv\/wp\/v2\/media\/1037648"}],"wp:attachment":[{"href":"https:\/\/darkamazi.info\/funavuv\/wp\/v2\/media?parent=1037647"}],"wp:term":[{"taxonomy":"category","embeddable":true,"href":"https:\/\/darkamazi.info\/funavuv\/wp\/v2\/categories?post=1037647"},{"taxonomy":"post_tag","embeddable":true,"href":"https:\/\/darkamazi.info\/funavuv\/wp\/v2\/tags?post=1037647"}],"curies":[{"name":"wp","href":"https:\/\/api.w.org\/{rel}","templated":true}]}}