{"id":1037998,"date":"2023-09-03T13:53:30","date_gmt":"2023-09-03T10:53:30","guid":{"rendered":"https:\/\/darkamazi.info\/?p=1037998"},"modified":"2023-09-03T13:53:30","modified_gmt":"2023-09-03T10:53:30","slug":"li-kerkuke-7-endamen-hezen-ewlehiye-hatin-desteserkirin-gule-li-kurdan-resandibun","status":"publish","type":"post","link":"https:\/\/darkamazi.info\/archives\/1037998","title":{"rendered":"Li Kerk\u00fbk\u00ea 7 endam\u00ean h\u00eaz\u00ean ewlehiy\u00ea hatin desteserkirin: Gule li Kurdan re\u015fandib\u00fbn"},"content":{"rendered":"<h3 style=\"text-align: justify\"><span style=\"font-family: 'arial black', sans-serif\">Di xwep\u00ea\u015fandan\u00ean doh \u00ean li Kerk\u00fbk\u00ea de 7 endam\u00ean h\u00eaz\u00ean ewlehiy\u00ea y\u00ean ku gule li xwep\u00ea\u015fander\u00ean Kurd re\u015fandib\u00fbn \u00fb 4 ciwan\u00ean Kurd \u015feh\u00eed kirib\u00fbn, hatin desteserkirin.<\/span><\/h3>\n<h3 style=\"text-align: justify\"><span style=\"font-family: arial, helvetica, sans-serif\">Li par\u00eazgeha Kerk\u00fbk\u00ea ya Ba\u015f\u00fbr\u00ea Kurdistan\u00ea pi\u015ft\u00ee ku al\u00eegir\u00ean He\u015fd\u00ee \u015eeibiy\u00ea \u00fb Ereb \u00fb Tirkmen\u00ean ku ji dervey\u00ee baj\u00ear an\u00eeb\u00fbn li dij\u00ee biryara vegera PDKy\u00ea r\u00eaya Kerk\u00fbk-Hewl\u00ear\u00ea girtin.<\/span><\/h3>\n<h3 style=\"text-align: justify\"><span style=\"font-family: arial, helvetica, sans-serif\">Kurdan j\u00ee li dij\u00ee girtina r\u00eay\u00ean baj\u00ear xwep\u00ea\u015fandanek li dar xistin, di xwep\u00ea\u015fandanan de endam\u00ean h\u00eaz\u00ean ewlehiy\u00ea gule li xwep\u00ea\u015fander\u00ean Kurd re\u015fandin.<\/span><\/h3>\n<h3 style=\"text-align: justify\"><span style=\"font-family: arial, helvetica, sans-serif\">Di encama gulere\u015fandina h\u00eaz\u00ean ewlehiy\u00ea de 4 ciwan\u00ean Kurd \u015feh\u00eed ketin \u00fb 15 kes j\u00ee bir\u00eendar b\u00fbn.<\/span><\/h3>\n<h3 style=\"text-align: justify\"><span style=\"font-family: arial, helvetica, sans-serif\">Ji ber mudaxeleya tund \u00fb kujer a duh li baj\u00ear l\u00eapirs\u00een hat destp\u00eakirin \u00fb di encama l\u00eapirs\u00een\u00ea de 7 endam\u00ean h\u00eaz\u00ean ewlehiy\u00ea bi tohmeta \u015feh\u00eedkirina 4 ciwan\u00ean Kurd hatin desteserkirin \u00fb herwiha hat ragihand ku l\u00eapirs\u00een berdewam dike.<\/span><\/h3>\n","protected":false},"excerpt":{"rendered":"<p>Di xwep\u00ea\u015fandan\u00ean doh \u00ean li Kerk\u00fbk\u00ea de 7 endam\u00ean h\u00eaz\u00ean ewlehiy\u00ea y\u00ean ku gule li xwep\u00ea\u015fander\u00ean Kurd re\u015fandib\u00fbn \u00fb 4 ciwan\u00ean Kurd \u015feh\u00eed kirib\u00fbn, hatin desteserkirin. Li par\u00eazgeha Kerk\u00fbk\u00ea ya Ba\u015f\u00fbr\u00ea Kurdistan\u00ea pi\u015ft\u00ee ku al\u00eegir\u00ean He\u015fd\u00ee \u015eeibiy\u00ea \u00fb Ereb \u00fb Tirkmen\u00ean ku ji dervey\u00ee baj\u00ear an\u00eeb\u00fbn li dij\u00ee biryara vegera PDKy\u00ea r\u00eaya Kerk\u00fbk-Hewl\u00ear\u00ea girtin. Kurdan [&hellip;]<\/p>\n","protected":false},"author":2,"featured_media":1037999,"comment_status":"closed","ping_status":"closed","sticky":false,"template":"","format":"standard","meta":{"footnotes":""},"categories":[29],"tags":[37],"class_list":["post-1037998","post","type-post","status-publish","format-standard","has-post-thumbnail","hentry","category-kurdistan","tag-sereke"],"blocksy_meta":[],"seo_head":"<!-- This site is optimized with the Yoast SEO plugin v27.5 - https:\/\/yoast.com\/product\/yoast-seo-wordpress\/ -->\n<title>Li Kerk\u00fbk\u00ea 7 endam\u00ean h\u00eaz\u00ean ewlehiy\u00ea hatin desteserkirin: Gule li Kurdan re\u015fandib\u00fbn - Darka Maz\u00ee<\/title>\n<meta name=\"robots\" content=\"index, follow, max-snippet:-1, max-image-preview:large, max-video-preview:-1\" \/>\n<link rel=\"canonical\" href=\"https:\/\/darkamazi.info\/archives\/1037998\" \/>\n<meta property=\"og:locale\" content=\"en_US\" \/>\n<meta property=\"og:type\" content=\"article\" \/>\n<meta property=\"og:title\" content=\"Li Kerk\u00fbk\u00ea 7 endam\u00ean h\u00eaz\u00ean ewlehiy\u00ea hatin desteserkirin: Gule li Kurdan re\u015fandib\u00fbn - Darka Maz\u00ee\" \/>\n<meta property=\"og:description\" content=\"Di xwep\u00ea\u015fandan\u00ean doh \u00ean li Kerk\u00fbk\u00ea de 7 endam\u00ean h\u00eaz\u00ean ewlehiy\u00ea y\u00ean ku gule li xwep\u00ea\u015fander\u00ean Kurd re\u015fandib\u00fbn \u00fb 4 ciwan\u00ean Kurd \u015feh\u00eed kirib\u00fbn, hatin desteserkirin. Li par\u00eazgeha Kerk\u00fbk\u00ea ya Ba\u015f\u00fbr\u00ea Kurdistan\u00ea pi\u015ft\u00ee ku al\u00eegir\u00ean He\u015fd\u00ee \u015eeibiy\u00ea \u00fb Ereb \u00fb Tirkmen\u00ean ku ji dervey\u00ee baj\u00ear an\u00eeb\u00fbn li dij\u00ee biryara vegera PDKy\u00ea r\u00eaya Kerk\u00fbk-Hewl\u00ear\u00ea girtin. Kurdan [&hellip;]\" \/>\n<meta property=\"og:url\" content=\"https:\/\/darkamazi.info\/archives\/1037998\" \/>\n<meta property=\"og:site_name\" content=\"Darka Maz\u00ee\" \/>\n<meta property=\"article:publisher\" content=\"https:\/\/www.facebook.com\/DarMaziKurmanci\" \/>\n<meta property=\"article:published_time\" content=\"2023-09-03T10:53:30+00:00\" \/>\n<meta property=\"og:image\" content=\"https:\/\/darkamazi.info\/file\/2023\/09\/kerkuk-kurd.jpg\" \/>\n\t<meta property=\"og:image:width\" content=\"900\" \/>\n\t<meta property=\"og:image:height\" content=\"497\" \/>\n\t<meta property=\"og:image:type\" content=\"image\/jpeg\" \/>\n<meta name=\"author\" content=\"darka mazi\" \/>\n<meta name=\"twitter:card\" content=\"summary_large_image\" \/>\n<meta name=\"twitter:creator\" content=\"@DarkaMaziLatini\" \/>\n<meta name=\"twitter:site\" content=\"@DarkaMaziLatini\" \/>\n<meta name=\"twitter:label1\" content=\"Written by\" \/>\n\t<meta name=\"twitter:data1\" content=\"darka mazi\" \/>\n\t<meta name=\"twitter:label2\" content=\"Est. reading time\" \/>\n\t<meta name=\"twitter:data2\" content=\"1 minute\" \/>\n<script type=\"application\/ld+json\" class=\"seo-schema-graph\">{\"@context\":\"https:\\\/\\\/schema.org\",\"@graph\":[{\"@type\":\"Article\",\"@id\":\"https:\\\/\\\/darkamazi.info\\\/archives\\\/1037998#article\",\"isPartOf\":{\"@id\":\"https:\\\/\\\/darkamazi.info\\\/archives\\\/1037998\"},\"author\":{\"name\":\"darka mazi\",\"@id\":\"https:\\\/\\\/darkamazi.info\\\/#\\\/schema\\\/person\\\/5ad3e24553a0567993fa8ed4bd0a776c\"},\"headline\":\"Li Kerk\u00fbk\u00ea 7 endam\u00ean h\u00eaz\u00ean ewlehiy\u00ea hatin desteserkirin: Gule li Kurdan re\u015fandib\u00fbn\",\"datePublished\":\"2023-09-03T10:53:30+00:00\",\"mainEntityOfPage\":{\"@id\":\"https:\\\/\\\/darkamazi.info\\\/archives\\\/1037998\"},\"wordCount\":194,\"publisher\":{\"@id\":\"https:\\\/\\\/darkamazi.info\\\/#organization\"},\"image\":{\"@id\":\"https:\\\/\\\/darkamazi.info\\\/archives\\\/1037998#primaryimage\"},\"thumbnailUrl\":\"https:\\\/\\\/darkamazi.info\\\/darka-content\\\/uploads\\\/2023\\\/09\\\/kerkuk-kurd.jpg\",\"keywords\":[\"sereke\"],\"articleSection\":[\"Kurdistan\"],\"inLanguage\":\"en-US\"},{\"@type\":\"WebPage\",\"@id\":\"https:\\\/\\\/darkamazi.info\\\/archives\\\/1037998\",\"url\":\"https:\\\/\\\/darkamazi.info\\\/archives\\\/1037998\",\"name\":\"Li Kerk\u00fbk\u00ea 7 endam\u00ean h\u00eaz\u00ean ewlehiy\u00ea hatin desteserkirin: Gule li Kurdan re\u015fandib\u00fbn - Darka Maz\u00ee\",\"isPartOf\":{\"@id\":\"https:\\\/\\\/darkamazi.info\\\/#website\"},\"primaryImageOfPage\":{\"@id\":\"https:\\\/\\\/darkamazi.info\\\/archives\\\/1037998#primaryimage\"},\"image\":{\"@id\":\"https:\\\/\\\/darkamazi.info\\\/archives\\\/1037998#primaryimage\"},\"thumbnailUrl\":\"https:\\\/\\\/darkamazi.info\\\/darka-content\\\/uploads\\\/2023\\\/09\\\/kerkuk-kurd.jpg\",\"datePublished\":\"2023-09-03T10:53:30+00:00\",\"breadcrumb\":{\"@id\":\"https:\\\/\\\/darkamazi.info\\\/archives\\\/1037998#breadcrumb\"},\"inLanguage\":\"en-US\",\"potentialAction\":[{\"@type\":\"ReadAction\",\"target\":[\"https:\\\/\\\/darkamazi.info\\\/archives\\\/1037998\"]}]},{\"@type\":\"ImageObject\",\"inLanguage\":\"en-US\",\"@id\":\"https:\\\/\\\/darkamazi.info\\\/archives\\\/1037998#primaryimage\",\"url\":\"https:\\\/\\\/darkamazi.info\\\/darka-content\\\/uploads\\\/2023\\\/09\\\/kerkuk-kurd.jpg\",\"contentUrl\":\"https:\\\/\\\/darkamazi.info\\\/darka-content\\\/uploads\\\/2023\\\/09\\\/kerkuk-kurd.jpg\",\"width\":900,\"height\":497,\"caption\":\"kerkuk-kurd\"},{\"@type\":\"BreadcrumbList\",\"@id\":\"https:\\\/\\\/darkamazi.info\\\/archives\\\/1037998#breadcrumb\",\"itemListElement\":[{\"@type\":\"ListItem\",\"position\":1,\"name\":\"Home\",\"item\":\"https:\\\/\\\/darkamazi.info\\\/\"},{\"@type\":\"ListItem\",\"position\":2,\"name\":\"Li Kerk\u00fbk\u00ea 7 endam\u00ean h\u00eaz\u00ean ewlehiy\u00ea hatin desteserkirin: Gule li Kurdan re\u015fandib\u00fbn\"}]},{\"@type\":\"WebSite\",\"@id\":\"https:\\\/\\\/darkamazi.info\\\/#website\",\"url\":\"https:\\\/\\\/darkamazi.info\\\/\",\"name\":\"Darka Maz\u00ee\",\"description\":\"P\u00eageha Zanyariy\u00ean Nebih\u00eest\u00ee\",\"publisher\":{\"@id\":\"https:\\\/\\\/darkamazi.info\\\/#organization\"},\"potentialAction\":[{\"@type\":\"SearchAction\",\"target\":{\"@type\":\"EntryPoint\",\"urlTemplate\":\"https:\\\/\\\/darkamazi.info\\\/?s={search_term_string}\"},\"query-input\":{\"@type\":\"PropertyValueSpecification\",\"valueRequired\":true,\"valueName\":\"search_term_string\"}}],\"inLanguage\":\"en-US\"},{\"@type\":\"Organization\",\"@id\":\"https:\\\/\\\/darkamazi.info\\\/#organization\",\"name\":\"Darka Maz\u00ee\",\"url\":\"https:\\\/\\\/darkamazi.info\\\/\",\"logo\":{\"@type\":\"ImageObject\",\"inLanguage\":\"en-US\",\"@id\":\"https:\\\/\\\/darkamazi.info\\\/#\\\/schema\\\/logo\\\/image\\\/\",\"url\":\"https:\\\/\\\/darkamazi.info\\\/darka-content\\\/uploads\\\/2017\\\/12\\\/darka-mazi-logo.png\",\"contentUrl\":\"https:\\\/\\\/darkamazi.info\\\/darka-content\\\/uploads\\\/2017\\\/12\\\/darka-mazi-logo.png\",\"width\":151,\"height\":75,\"caption\":\"Darka Maz\u00ee\"},\"image\":{\"@id\":\"https:\\\/\\\/darkamazi.info\\\/#\\\/schema\\\/logo\\\/image\\\/\"},\"sameAs\":[\"https:\\\/\\\/www.facebook.com\\\/DarMaziKurmanci\",\"https:\\\/\\\/x.com\\\/DarkaMaziLatini\",\"https:\\\/\\\/www.instagram.com\\\/darkamazi.kurmanci\\\/\",\"https:\\\/\\\/www.youtube.com\\\/channel\\\/UCa5HkTdmI8U1qCUFuTw8B2g\"]},{\"@type\":\"Person\",\"@id\":\"https:\\\/\\\/darkamazi.info\\\/#\\\/schema\\\/person\\\/5ad3e24553a0567993fa8ed4bd0a776c\",\"name\":\"darka mazi\",\"sameAs\":[\"https:\\\/\\\/darkamazi.info\\\/\"],\"url\":\"https:\\\/\\\/darkamazi.info\\\/archives\\\/author\\\/kurdi\"}]}<\/script>\n<!-- \/ Yoast SEO plugin. -->","seo_head_json":{"title":"Li Kerk\u00fbk\u00ea 7 endam\u00ean h\u00eaz\u00ean ewlehiy\u00ea hatin desteserkirin: Gule li Kurdan re\u015fandib\u00fbn - Darka Maz\u00ee","robots":{"index":"index","follow":"follow","max-snippet":"max-snippet:-1","max-image-preview":"max-image-preview:large","max-video-preview":"max-video-preview:-1"},"canonical":"https:\/\/darkamazi.info\/archives\/1037998","og_locale":"en_US","og_type":"article","og_title":"Li Kerk\u00fbk\u00ea 7 endam\u00ean h\u00eaz\u00ean ewlehiy\u00ea hatin desteserkirin: Gule li Kurdan re\u015fandib\u00fbn - Darka Maz\u00ee","og_description":"Di xwep\u00ea\u015fandan\u00ean doh \u00ean li Kerk\u00fbk\u00ea de 7 endam\u00ean h\u00eaz\u00ean ewlehiy\u00ea y\u00ean ku gule li xwep\u00ea\u015fander\u00ean Kurd re\u015fandib\u00fbn \u00fb 4 ciwan\u00ean Kurd \u015feh\u00eed kirib\u00fbn, hatin desteserkirin. Li par\u00eazgeha Kerk\u00fbk\u00ea ya Ba\u015f\u00fbr\u00ea Kurdistan\u00ea pi\u015ft\u00ee ku al\u00eegir\u00ean He\u015fd\u00ee \u015eeibiy\u00ea \u00fb Ereb \u00fb Tirkmen\u00ean ku ji dervey\u00ee baj\u00ear an\u00eeb\u00fbn li dij\u00ee biryara vegera PDKy\u00ea r\u00eaya Kerk\u00fbk-Hewl\u00ear\u00ea girtin. Kurdan [&hellip;]","og_url":"https:\/\/darkamazi.info\/archives\/1037998","og_site_name":"Darka Maz\u00ee","article_publisher":"https:\/\/www.facebook.com\/DarMaziKurmanci","article_published_time":"2023-09-03T10:53:30+00:00","og_image":[{"width":900,"height":497,"url":"https:\/\/darkamazi.info\/file\/2023\/09\/kerkuk-kurd.jpg","type":"image\/jpeg"}],"author":"darka mazi","twitter_card":"summary_large_image","twitter_creator":"@DarkaMaziLatini","twitter_site":"@DarkaMaziLatini","twitter_misc":{"Written by":"darka mazi","Est. reading time":"1 minute"},"schema":{"@context":"https:\/\/schema.org","@graph":[{"@type":"Article","@id":"https:\/\/darkamazi.info\/archives\/1037998#article","isPartOf":{"@id":"https:\/\/darkamazi.info\/archives\/1037998"},"author":{"name":"darka mazi","@id":"https:\/\/darkamazi.info\/#\/schema\/person\/5ad3e24553a0567993fa8ed4bd0a776c"},"headline":"Li Kerk\u00fbk\u00ea 7 endam\u00ean h\u00eaz\u00ean ewlehiy\u00ea hatin desteserkirin: Gule li Kurdan re\u015fandib\u00fbn","datePublished":"2023-09-03T10:53:30+00:00","mainEntityOfPage":{"@id":"https:\/\/darkamazi.info\/archives\/1037998"},"wordCount":194,"publisher":{"@id":"https:\/\/darkamazi.info\/#organization"},"image":{"@id":"https:\/\/darkamazi.info\/archives\/1037998#primaryimage"},"thumbnailUrl":"https:\/\/darkamazi.info\/file\/2023\/09\/kerkuk-kurd.jpg","keywords":["sereke"],"articleSection":["Kurdistan"],"inLanguage":"en-US"},{"@type":"WebPage","@id":"https:\/\/darkamazi.info\/archives\/1037998","url":"https:\/\/darkamazi.info\/archives\/1037998","name":"Li Kerk\u00fbk\u00ea 7 endam\u00ean h\u00eaz\u00ean ewlehiy\u00ea hatin desteserkirin: Gule li Kurdan re\u015fandib\u00fbn - Darka Maz\u00ee","isPartOf":{"@id":"https:\/\/darkamazi.info\/#website"},"primaryImageOfPage":{"@id":"https:\/\/darkamazi.info\/archives\/1037998#primaryimage"},"image":{"@id":"https:\/\/darkamazi.info\/archives\/1037998#primaryimage"},"thumbnailUrl":"https:\/\/darkamazi.info\/file\/2023\/09\/kerkuk-kurd.jpg","datePublished":"2023-09-03T10:53:30+00:00","breadcrumb":{"@id":"https:\/\/darkamazi.info\/archives\/1037998#breadcrumb"},"inLanguage":"en-US","potentialAction":[{"@type":"ReadAction","target":["https:\/\/darkamazi.info\/archives\/1037998"]}]},{"@type":"ImageObject","inLanguage":"en-US","@id":"https:\/\/darkamazi.info\/archives\/1037998#primaryimage","url":"https:\/\/darkamazi.info\/file\/2023\/09\/kerkuk-kurd.jpg","contentUrl":"https:\/\/darkamazi.info\/file\/2023\/09\/kerkuk-kurd.jpg","width":900,"height":497,"caption":"kerkuk-kurd"},{"@type":"BreadcrumbList","@id":"https:\/\/darkamazi.info\/archives\/1037998#breadcrumb","itemListElement":[{"@type":"ListItem","position":1,"name":"Home","item":"https:\/\/darkamazi.info\/"},{"@type":"ListItem","position":2,"name":"Li Kerk\u00fbk\u00ea 7 endam\u00ean h\u00eaz\u00ean ewlehiy\u00ea hatin desteserkirin: Gule li Kurdan re\u015fandib\u00fbn"}]},{"@type":"WebSite","@id":"https:\/\/darkamazi.info\/#website","url":"https:\/\/darkamazi.info\/","name":"Darka Maz\u00ee","description":"P\u00eageha Zanyariy\u00ean Nebih\u00eest\u00ee","publisher":{"@id":"https:\/\/darkamazi.info\/#organization"},"potentialAction":[{"@type":"SearchAction","target":{"@type":"EntryPoint","urlTemplate":"https:\/\/darkamazi.info\/?s={search_term_string}"},"query-input":{"@type":"PropertyValueSpecification","valueRequired":true,"valueName":"search_term_string"}}],"inLanguage":"en-US"},{"@type":"Organization","@id":"https:\/\/darkamazi.info\/#organization","name":"Darka Maz\u00ee","url":"https:\/\/darkamazi.info\/","logo":{"@type":"ImageObject","inLanguage":"en-US","@id":"https:\/\/darkamazi.info\/#\/schema\/logo\/image\/","url":"https:\/\/darkamazi.info\/file\/2017\/12\/darka-mazi-logo.png","contentUrl":"https:\/\/darkamazi.info\/file\/2017\/12\/darka-mazi-logo.png","width":151,"height":75,"caption":"Darka Maz\u00ee"},"image":{"@id":"https:\/\/darkamazi.info\/#\/schema\/logo\/image\/"},"sameAs":["https:\/\/www.facebook.com\/DarMaziKurmanci","https:\/\/x.com\/DarkaMaziLatini","https:\/\/www.instagram.com\/darkamazi.kurmanci\/","https:\/\/www.youtube.com\/channel\/UCa5HkTdmI8U1qCUFuTw8B2g"]},{"@type":"Person","@id":"https:\/\/darkamazi.info\/#\/schema\/person\/5ad3e24553a0567993fa8ed4bd0a776c","name":"darka mazi","sameAs":["https:\/\/darkamazi.info\/"],"url":"https:\/\/darkamazi.info\/archives\/author\/kurdi"}]}},"_links":{"self":[{"href":"https:\/\/darkamazi.info\/funavuv\/wp\/v2\/posts\/1037998","targetHints":{"allow":["GET"]}}],"collection":[{"href":"https:\/\/darkamazi.info\/funavuv\/wp\/v2\/posts"}],"about":[{"href":"https:\/\/darkamazi.info\/funavuv\/wp\/v2\/types\/post"}],"author":[{"embeddable":true,"href":"https:\/\/darkamazi.info\/funavuv\/wp\/v2\/users\/2"}],"replies":[{"embeddable":true,"href":"https:\/\/darkamazi.info\/funavuv\/wp\/v2\/comments?post=1037998"}],"version-history":[{"count":0,"href":"https:\/\/darkamazi.info\/funavuv\/wp\/v2\/posts\/1037998\/revisions"}],"wp:featuredmedia":[{"embeddable":true,"href":"https:\/\/darkamazi.info\/funavuv\/wp\/v2\/media\/1037999"}],"wp:attachment":[{"href":"https:\/\/darkamazi.info\/funavuv\/wp\/v2\/media?parent=1037998"}],"wp:term":[{"taxonomy":"category","embeddable":true,"href":"https:\/\/darkamazi.info\/funavuv\/wp\/v2\/categories?post=1037998"},{"taxonomy":"post_tag","embeddable":true,"href":"https:\/\/darkamazi.info\/funavuv\/wp\/v2\/tags?post=1037998"}],"curies":[{"name":"wp","href":"https:\/\/api.w.org\/{rel}","templated":true}]}}