{"id":1038087,"date":"2023-09-09T13:23:18","date_gmt":"2023-09-09T10:23:18","guid":{"rendered":"https:\/\/darkamazi.info\/?p=1038087"},"modified":"2023-09-09T13:23:18","modified_gmt":"2023-09-09T10:23:18","slug":"pkke-berpirse-rexistineka-switzerlande-li-sengale-iskence-dike","status":"publish","type":"post","link":"https:\/\/darkamazi.info\/archives\/1038087","title":{"rendered":"P*K*K\u2019e berpirs\u00ea r\u00eaxistineka Switzerland\u00ea li \u015eengal\u00ea \u00ee\u015fkence dike"},"content":{"rendered":"<h3 style=\"text-align: justify\"><span style=\"font-family: 'arial black', sans-serif\">\u00c7ekdar\u00ean Part\u00eeya Karkeran \u00ean di He\u015fda \u015eab\u00ee de li \u015eengal\u00ea, berpirs\u00ea r\u00eaxistineke x\u00earxwaz\u00ee a Switzerland\u00ea ku li \u015eengal\u00ea dixebte \u00ee\u015fkence dikin.<\/span><\/h3>\n<h3 style=\"text-align: justify\"><span style=\"font-family: arial, helvetica, sans-serif\">\u00c7avkaniy\u00ean p\u00eageha Darka Maz\u00ee a\u015fkere kirin ku \u00e7ekdar\u00ean r\u00eaxistina PKK\u00ea y\u00ean di He\u015fda \u015eab\u00ee de li \u015eengal\u00ea li roja 2\u00ee tebaxa \u00eesal 2023\u00ea bi ser baregeha r\u00eaxistina bi nav\u00ea \u201cErd Elxeyr\u201d de girtine \u00fb berpirs\u00ea w\u00ea y\u00ea bi nav\u00ea Teha Eymen Ebdulhad\u00ee bi awayek\u00ee hovane \u00ee\u015fkence kirine.<\/span><\/h3>\n<h3 style=\"text-align: justify\"><span style=\"font-family: arial, helvetica, sans-serif\">\u201cErd Elxeyr\u201d r\u00eaxistineke welat\u00ea Switzerland\u00ea ya x\u00earxwaz\u00ee ye \u00fb li \u015eengal\u00ea kar\u00ean x\u00earxwaziy\u00ea dike, Teha Eymen Ebdulhad\u00ee ciwanek\u00ee bi regez Ereb e \u00fb berpirsyar\u00ea w\u00ea r\u00eaxistin\u00ea ye, baregeha r\u00eaxistin\u00ea dikeve taxa Yerm\u00fbk ya di navenda \u015eengal\u00ea de.<\/span><\/h3>\n<h3 style=\"text-align: justify\"><span style=\"font-family: arial, helvetica, sans-serif\">\u00c7avkaniy\u00ean Darka Maz\u00ee destn\u00ee\u015fan kirin, li roja 2\/8\/2023 \u00e7ekdar\u00ean PKK\u00ea \u00fb He\u015fda \u015eab\u00ee bi \u00e7ekan \u00e7\u00fbne ser baregeha r\u00eaxistina x\u00earxwaz\u00ee \u00fb bi tohmeta destdir\u00eaj\u00eeya li ser ke\u00e7\u00ean \u00cazd\u00ee berpirsyar\u00ea w\u00ea \u00ee\u015fkence da ne.<\/span><\/h3>\n<h3 style=\"text-align: justify\"><span style=\"font-family: arial, helvetica, sans-serif\">\u00c7avkaniy\u00ean me a\u015fkere kirin, pi\u015ft\u00ee ku derket hol\u00ea ev tohmeta PKK\u00ea rast\u00eeya w\u00ea tune \u00fb derewe, careke din 4 heya 5 \u00e7ekdar\u00ean PKK\u00ea \u00e7\u00fbne ser baregeha r\u00eaxistina \u201cErd Elxeyr\u201d \u00fb ji berpirsyar\u00ea w\u00ea re gotine ku ew gir\u00eaday\u00ee DAI\u015e\u00ea ye \u00fb pi\u015ftire dest \u00fb ling\u00ean w\u00ee gir\u00eadane \u00fb birine baregeha YB\u015e\u00ea \u00fb li wir j\u00ee bi awayek\u00ee hovane \u00ee\u015fkence da ye \u00fb pi\u015ftire radest\u00ee of\u00eesa \u00eestixbarata \u00ceraq\u00ea ya rojava D\u00eecle kir\u00ee ye.<\/span><\/h3>\n","protected":false},"excerpt":{"rendered":"<p>\u00c7ekdar\u00ean Part\u00eeya Karkeran \u00ean di He\u015fda \u015eab\u00ee de li \u015eengal\u00ea, berpirs\u00ea r\u00eaxistineke x\u00earxwaz\u00ee a Switzerland\u00ea ku li \u015eengal\u00ea dixebte \u00ee\u015fkence dikin. \u00c7avkaniy\u00ean p\u00eageha Darka Maz\u00ee a\u015fkere kirin ku \u00e7ekdar\u00ean r\u00eaxistina PKK\u00ea y\u00ean di He\u015fda \u015eab\u00ee de li \u015eengal\u00ea li roja 2\u00ee tebaxa \u00eesal 2023\u00ea bi ser baregeha r\u00eaxistina bi nav\u00ea \u201cErd Elxeyr\u201d de girtine \u00fb [&hellip;]<\/p>\n","protected":false},"author":2,"featured_media":1038088,"comment_status":"closed","ping_status":"closed","sticky":false,"template":"","format":"standard","meta":{"footnotes":""},"categories":[29],"tags":[37],"class_list":["post-1038087","post","type-post","status-publish","format-standard","has-post-thumbnail","hentry","category-kurdistan","tag-sereke"],"blocksy_meta":[],"seo_head":"<!-- This site is optimized with the Yoast SEO plugin v27.5 - https:\/\/yoast.com\/product\/yoast-seo-wordpress\/ -->\n<title>P*K*K\u2019e berpirs\u00ea r\u00eaxistineka Switzerland\u00ea li \u015eengal\u00ea \u00ee\u015fkence dike - Darka Maz\u00ee<\/title>\n<meta name=\"robots\" content=\"index, follow, max-snippet:-1, max-image-preview:large, max-video-preview:-1\" \/>\n<link rel=\"canonical\" href=\"https:\/\/darkamazi.info\/archives\/1038087\" \/>\n<meta property=\"og:locale\" content=\"en_US\" \/>\n<meta property=\"og:type\" content=\"article\" \/>\n<meta property=\"og:title\" content=\"P*K*K\u2019e berpirs\u00ea r\u00eaxistineka Switzerland\u00ea li \u015eengal\u00ea \u00ee\u015fkence dike - Darka Maz\u00ee\" \/>\n<meta property=\"og:description\" content=\"\u00c7ekdar\u00ean Part\u00eeya Karkeran \u00ean di He\u015fda \u015eab\u00ee de li \u015eengal\u00ea, berpirs\u00ea r\u00eaxistineke x\u00earxwaz\u00ee a Switzerland\u00ea ku li \u015eengal\u00ea dixebte \u00ee\u015fkence dikin. \u00c7avkaniy\u00ean p\u00eageha Darka Maz\u00ee a\u015fkere kirin ku \u00e7ekdar\u00ean r\u00eaxistina PKK\u00ea y\u00ean di He\u015fda \u015eab\u00ee de li \u015eengal\u00ea li roja 2\u00ee tebaxa \u00eesal 2023\u00ea bi ser baregeha r\u00eaxistina bi nav\u00ea \u201cErd Elxeyr\u201d de girtine \u00fb [&hellip;]\" \/>\n<meta property=\"og:url\" content=\"https:\/\/darkamazi.info\/archives\/1038087\" \/>\n<meta property=\"og:site_name\" content=\"Darka Maz\u00ee\" \/>\n<meta property=\"article:publisher\" content=\"https:\/\/www.facebook.com\/DarMaziKurmanci\" \/>\n<meta property=\"article:published_time\" content=\"2023-09-09T10:23:18+00:00\" \/>\n<meta property=\"og:image\" content=\"https:\/\/darkamazi.info\/file\/2023\/09\/sinjar-pkk-ybs-info.jpg\" \/>\n\t<meta property=\"og:image:width\" content=\"900\" \/>\n\t<meta property=\"og:image:height\" content=\"497\" \/>\n\t<meta property=\"og:image:type\" content=\"image\/jpeg\" \/>\n<meta name=\"author\" content=\"darka mazi\" \/>\n<meta name=\"twitter:card\" content=\"summary_large_image\" \/>\n<meta name=\"twitter:creator\" content=\"@DarkaMaziLatini\" \/>\n<meta name=\"twitter:site\" content=\"@DarkaMaziLatini\" \/>\n<meta name=\"twitter:label1\" content=\"Written by\" \/>\n\t<meta name=\"twitter:data1\" content=\"darka mazi\" \/>\n\t<meta name=\"twitter:label2\" content=\"Est. reading time\" \/>\n\t<meta name=\"twitter:data2\" content=\"1 minute\" \/>\n<script type=\"application\/ld+json\" class=\"seo-schema-graph\">{\"@context\":\"https:\\\/\\\/schema.org\",\"@graph\":[{\"@type\":\"Article\",\"@id\":\"https:\\\/\\\/darkamazi.info\\\/archives\\\/1038087#article\",\"isPartOf\":{\"@id\":\"https:\\\/\\\/darkamazi.info\\\/archives\\\/1038087\"},\"author\":{\"name\":\"darka mazi\",\"@id\":\"https:\\\/\\\/darkamazi.info\\\/#\\\/schema\\\/person\\\/5ad3e24553a0567993fa8ed4bd0a776c\"},\"headline\":\"P*K*K\u2019e berpirs\u00ea r\u00eaxistineka Switzerland\u00ea li \u015eengal\u00ea \u00ee\u015fkence dike\",\"datePublished\":\"2023-09-09T10:23:18+00:00\",\"mainEntityOfPage\":{\"@id\":\"https:\\\/\\\/darkamazi.info\\\/archives\\\/1038087\"},\"wordCount\":247,\"publisher\":{\"@id\":\"https:\\\/\\\/darkamazi.info\\\/#organization\"},\"image\":{\"@id\":\"https:\\\/\\\/darkamazi.info\\\/archives\\\/1038087#primaryimage\"},\"thumbnailUrl\":\"https:\\\/\\\/darkamazi.info\\\/darka-content\\\/uploads\\\/2023\\\/09\\\/sinjar-pkk-ybs-info.jpg\",\"keywords\":[\"sereke\"],\"articleSection\":[\"Kurdistan\"],\"inLanguage\":\"en-US\"},{\"@type\":\"WebPage\",\"@id\":\"https:\\\/\\\/darkamazi.info\\\/archives\\\/1038087\",\"url\":\"https:\\\/\\\/darkamazi.info\\\/archives\\\/1038087\",\"name\":\"P*K*K\u2019e berpirs\u00ea r\u00eaxistineka Switzerland\u00ea li \u015eengal\u00ea \u00ee\u015fkence dike - Darka Maz\u00ee\",\"isPartOf\":{\"@id\":\"https:\\\/\\\/darkamazi.info\\\/#website\"},\"primaryImageOfPage\":{\"@id\":\"https:\\\/\\\/darkamazi.info\\\/archives\\\/1038087#primaryimage\"},\"image\":{\"@id\":\"https:\\\/\\\/darkamazi.info\\\/archives\\\/1038087#primaryimage\"},\"thumbnailUrl\":\"https:\\\/\\\/darkamazi.info\\\/darka-content\\\/uploads\\\/2023\\\/09\\\/sinjar-pkk-ybs-info.jpg\",\"datePublished\":\"2023-09-09T10:23:18+00:00\",\"breadcrumb\":{\"@id\":\"https:\\\/\\\/darkamazi.info\\\/archives\\\/1038087#breadcrumb\"},\"inLanguage\":\"en-US\",\"potentialAction\":[{\"@type\":\"ReadAction\",\"target\":[\"https:\\\/\\\/darkamazi.info\\\/archives\\\/1038087\"]}]},{\"@type\":\"ImageObject\",\"inLanguage\":\"en-US\",\"@id\":\"https:\\\/\\\/darkamazi.info\\\/archives\\\/1038087#primaryimage\",\"url\":\"https:\\\/\\\/darkamazi.info\\\/darka-content\\\/uploads\\\/2023\\\/09\\\/sinjar-pkk-ybs-info.jpg\",\"contentUrl\":\"https:\\\/\\\/darkamazi.info\\\/darka-content\\\/uploads\\\/2023\\\/09\\\/sinjar-pkk-ybs-info.jpg\",\"width\":900,\"height\":497,\"caption\":\"sinjar-pkk-ybs-info\"},{\"@type\":\"BreadcrumbList\",\"@id\":\"https:\\\/\\\/darkamazi.info\\\/archives\\\/1038087#breadcrumb\",\"itemListElement\":[{\"@type\":\"ListItem\",\"position\":1,\"name\":\"Home\",\"item\":\"https:\\\/\\\/darkamazi.info\\\/\"},{\"@type\":\"ListItem\",\"position\":2,\"name\":\"P*K*K\u2019e berpirs\u00ea r\u00eaxistineka Switzerland\u00ea li \u015eengal\u00ea \u00ee\u015fkence dike\"}]},{\"@type\":\"WebSite\",\"@id\":\"https:\\\/\\\/darkamazi.info\\\/#website\",\"url\":\"https:\\\/\\\/darkamazi.info\\\/\",\"name\":\"Darka Maz\u00ee\",\"description\":\"P\u00eageha Zanyariy\u00ean Nebih\u00eest\u00ee\",\"publisher\":{\"@id\":\"https:\\\/\\\/darkamazi.info\\\/#organization\"},\"potentialAction\":[{\"@type\":\"SearchAction\",\"target\":{\"@type\":\"EntryPoint\",\"urlTemplate\":\"https:\\\/\\\/darkamazi.info\\\/?s={search_term_string}\"},\"query-input\":{\"@type\":\"PropertyValueSpecification\",\"valueRequired\":true,\"valueName\":\"search_term_string\"}}],\"inLanguage\":\"en-US\"},{\"@type\":\"Organization\",\"@id\":\"https:\\\/\\\/darkamazi.info\\\/#organization\",\"name\":\"Darka Maz\u00ee\",\"url\":\"https:\\\/\\\/darkamazi.info\\\/\",\"logo\":{\"@type\":\"ImageObject\",\"inLanguage\":\"en-US\",\"@id\":\"https:\\\/\\\/darkamazi.info\\\/#\\\/schema\\\/logo\\\/image\\\/\",\"url\":\"https:\\\/\\\/darkamazi.info\\\/darka-content\\\/uploads\\\/2017\\\/12\\\/darka-mazi-logo.png\",\"contentUrl\":\"https:\\\/\\\/darkamazi.info\\\/darka-content\\\/uploads\\\/2017\\\/12\\\/darka-mazi-logo.png\",\"width\":151,\"height\":75,\"caption\":\"Darka Maz\u00ee\"},\"image\":{\"@id\":\"https:\\\/\\\/darkamazi.info\\\/#\\\/schema\\\/logo\\\/image\\\/\"},\"sameAs\":[\"https:\\\/\\\/www.facebook.com\\\/DarMaziKurmanci\",\"https:\\\/\\\/x.com\\\/DarkaMaziLatini\",\"https:\\\/\\\/www.instagram.com\\\/darkamazi.kurmanci\\\/\",\"https:\\\/\\\/www.youtube.com\\\/channel\\\/UCa5HkTdmI8U1qCUFuTw8B2g\"]},{\"@type\":\"Person\",\"@id\":\"https:\\\/\\\/darkamazi.info\\\/#\\\/schema\\\/person\\\/5ad3e24553a0567993fa8ed4bd0a776c\",\"name\":\"darka mazi\",\"sameAs\":[\"https:\\\/\\\/darkamazi.info\\\/\"],\"url\":\"https:\\\/\\\/darkamazi.info\\\/archives\\\/author\\\/kurdi\"}]}<\/script>\n<!-- \/ Yoast SEO plugin. -->","seo_head_json":{"title":"P*K*K\u2019e berpirs\u00ea r\u00eaxistineka Switzerland\u00ea li \u015eengal\u00ea \u00ee\u015fkence dike - Darka Maz\u00ee","robots":{"index":"index","follow":"follow","max-snippet":"max-snippet:-1","max-image-preview":"max-image-preview:large","max-video-preview":"max-video-preview:-1"},"canonical":"https:\/\/darkamazi.info\/archives\/1038087","og_locale":"en_US","og_type":"article","og_title":"P*K*K\u2019e berpirs\u00ea r\u00eaxistineka Switzerland\u00ea li \u015eengal\u00ea \u00ee\u015fkence dike - Darka Maz\u00ee","og_description":"\u00c7ekdar\u00ean Part\u00eeya Karkeran \u00ean di He\u015fda \u015eab\u00ee de li \u015eengal\u00ea, berpirs\u00ea r\u00eaxistineke x\u00earxwaz\u00ee a Switzerland\u00ea ku li \u015eengal\u00ea dixebte \u00ee\u015fkence dikin. \u00c7avkaniy\u00ean p\u00eageha Darka Maz\u00ee a\u015fkere kirin ku \u00e7ekdar\u00ean r\u00eaxistina PKK\u00ea y\u00ean di He\u015fda \u015eab\u00ee de li \u015eengal\u00ea li roja 2\u00ee tebaxa \u00eesal 2023\u00ea bi ser baregeha r\u00eaxistina bi nav\u00ea \u201cErd Elxeyr\u201d de girtine \u00fb [&hellip;]","og_url":"https:\/\/darkamazi.info\/archives\/1038087","og_site_name":"Darka Maz\u00ee","article_publisher":"https:\/\/www.facebook.com\/DarMaziKurmanci","article_published_time":"2023-09-09T10:23:18+00:00","og_image":[{"width":900,"height":497,"url":"https:\/\/darkamazi.info\/file\/2023\/09\/sinjar-pkk-ybs-info.jpg","type":"image\/jpeg"}],"author":"darka mazi","twitter_card":"summary_large_image","twitter_creator":"@DarkaMaziLatini","twitter_site":"@DarkaMaziLatini","twitter_misc":{"Written by":"darka mazi","Est. reading time":"1 minute"},"schema":{"@context":"https:\/\/schema.org","@graph":[{"@type":"Article","@id":"https:\/\/darkamazi.info\/archives\/1038087#article","isPartOf":{"@id":"https:\/\/darkamazi.info\/archives\/1038087"},"author":{"name":"darka mazi","@id":"https:\/\/darkamazi.info\/#\/schema\/person\/5ad3e24553a0567993fa8ed4bd0a776c"},"headline":"P*K*K\u2019e berpirs\u00ea r\u00eaxistineka Switzerland\u00ea li \u015eengal\u00ea \u00ee\u015fkence dike","datePublished":"2023-09-09T10:23:18+00:00","mainEntityOfPage":{"@id":"https:\/\/darkamazi.info\/archives\/1038087"},"wordCount":247,"publisher":{"@id":"https:\/\/darkamazi.info\/#organization"},"image":{"@id":"https:\/\/darkamazi.info\/archives\/1038087#primaryimage"},"thumbnailUrl":"https:\/\/darkamazi.info\/file\/2023\/09\/sinjar-pkk-ybs-info.jpg","keywords":["sereke"],"articleSection":["Kurdistan"],"inLanguage":"en-US"},{"@type":"WebPage","@id":"https:\/\/darkamazi.info\/archives\/1038087","url":"https:\/\/darkamazi.info\/archives\/1038087","name":"P*K*K\u2019e berpirs\u00ea r\u00eaxistineka Switzerland\u00ea li \u015eengal\u00ea \u00ee\u015fkence dike - Darka Maz\u00ee","isPartOf":{"@id":"https:\/\/darkamazi.info\/#website"},"primaryImageOfPage":{"@id":"https:\/\/darkamazi.info\/archives\/1038087#primaryimage"},"image":{"@id":"https:\/\/darkamazi.info\/archives\/1038087#primaryimage"},"thumbnailUrl":"https:\/\/darkamazi.info\/file\/2023\/09\/sinjar-pkk-ybs-info.jpg","datePublished":"2023-09-09T10:23:18+00:00","breadcrumb":{"@id":"https:\/\/darkamazi.info\/archives\/1038087#breadcrumb"},"inLanguage":"en-US","potentialAction":[{"@type":"ReadAction","target":["https:\/\/darkamazi.info\/archives\/1038087"]}]},{"@type":"ImageObject","inLanguage":"en-US","@id":"https:\/\/darkamazi.info\/archives\/1038087#primaryimage","url":"https:\/\/darkamazi.info\/file\/2023\/09\/sinjar-pkk-ybs-info.jpg","contentUrl":"https:\/\/darkamazi.info\/file\/2023\/09\/sinjar-pkk-ybs-info.jpg","width":900,"height":497,"caption":"sinjar-pkk-ybs-info"},{"@type":"BreadcrumbList","@id":"https:\/\/darkamazi.info\/archives\/1038087#breadcrumb","itemListElement":[{"@type":"ListItem","position":1,"name":"Home","item":"https:\/\/darkamazi.info\/"},{"@type":"ListItem","position":2,"name":"P*K*K\u2019e berpirs\u00ea r\u00eaxistineka Switzerland\u00ea li \u015eengal\u00ea \u00ee\u015fkence dike"}]},{"@type":"WebSite","@id":"https:\/\/darkamazi.info\/#website","url":"https:\/\/darkamazi.info\/","name":"Darka Maz\u00ee","description":"P\u00eageha Zanyariy\u00ean Nebih\u00eest\u00ee","publisher":{"@id":"https:\/\/darkamazi.info\/#organization"},"potentialAction":[{"@type":"SearchAction","target":{"@type":"EntryPoint","urlTemplate":"https:\/\/darkamazi.info\/?s={search_term_string}"},"query-input":{"@type":"PropertyValueSpecification","valueRequired":true,"valueName":"search_term_string"}}],"inLanguage":"en-US"},{"@type":"Organization","@id":"https:\/\/darkamazi.info\/#organization","name":"Darka Maz\u00ee","url":"https:\/\/darkamazi.info\/","logo":{"@type":"ImageObject","inLanguage":"en-US","@id":"https:\/\/darkamazi.info\/#\/schema\/logo\/image\/","url":"https:\/\/darkamazi.info\/file\/2017\/12\/darka-mazi-logo.png","contentUrl":"https:\/\/darkamazi.info\/file\/2017\/12\/darka-mazi-logo.png","width":151,"height":75,"caption":"Darka Maz\u00ee"},"image":{"@id":"https:\/\/darkamazi.info\/#\/schema\/logo\/image\/"},"sameAs":["https:\/\/www.facebook.com\/DarMaziKurmanci","https:\/\/x.com\/DarkaMaziLatini","https:\/\/www.instagram.com\/darkamazi.kurmanci\/","https:\/\/www.youtube.com\/channel\/UCa5HkTdmI8U1qCUFuTw8B2g"]},{"@type":"Person","@id":"https:\/\/darkamazi.info\/#\/schema\/person\/5ad3e24553a0567993fa8ed4bd0a776c","name":"darka mazi","sameAs":["https:\/\/darkamazi.info\/"],"url":"https:\/\/darkamazi.info\/archives\/author\/kurdi"}]}},"_links":{"self":[{"href":"https:\/\/darkamazi.info\/funavuv\/wp\/v2\/posts\/1038087","targetHints":{"allow":["GET"]}}],"collection":[{"href":"https:\/\/darkamazi.info\/funavuv\/wp\/v2\/posts"}],"about":[{"href":"https:\/\/darkamazi.info\/funavuv\/wp\/v2\/types\/post"}],"author":[{"embeddable":true,"href":"https:\/\/darkamazi.info\/funavuv\/wp\/v2\/users\/2"}],"replies":[{"embeddable":true,"href":"https:\/\/darkamazi.info\/funavuv\/wp\/v2\/comments?post=1038087"}],"version-history":[{"count":0,"href":"https:\/\/darkamazi.info\/funavuv\/wp\/v2\/posts\/1038087\/revisions"}],"wp:featuredmedia":[{"embeddable":true,"href":"https:\/\/darkamazi.info\/funavuv\/wp\/v2\/media\/1038088"}],"wp:attachment":[{"href":"https:\/\/darkamazi.info\/funavuv\/wp\/v2\/media?parent=1038087"}],"wp:term":[{"taxonomy":"category","embeddable":true,"href":"https:\/\/darkamazi.info\/funavuv\/wp\/v2\/categories?post=1038087"},{"taxonomy":"post_tag","embeddable":true,"href":"https:\/\/darkamazi.info\/funavuv\/wp\/v2\/tags?post=1038087"}],"curies":[{"name":"wp","href":"https:\/\/api.w.org\/{rel}","templated":true}]}}