{"id":1038359,"date":"2023-09-23T12:07:55","date_gmt":"2023-09-23T09:07:55","guid":{"rendered":"https:\/\/darkamazi.info\/?p=1038359"},"modified":"2023-09-23T12:07:55","modified_gmt":"2023-09-23T09:07:55","slug":"pkke-di-20-rojan-de-116-leskeren-tirk-bi-derewan-kustine","status":"publish","type":"post","link":"https:\/\/darkamazi.info\/archives\/1038359","title":{"rendered":"P*K*K\u00ea di 20 rojan de 116 le\u015fker\u00ean Tirk bi derewan ku\u015ftine!"},"content":{"rendered":"<h3 style=\"text-align: justify\"><span style=\"font-family: 'arial black', sans-serif\">R\u00eaxistina P*K*K\u00ea di dema 20 roj\u00ean rab\u00fbr\u00ee de, ku\u015ftina 116 le\u015fker\u00ean Tirk li Ba\u015f\u00fbr\u00ea Kurdistan\u00ea ragihandiye, tev\u00ee derb dana p\u00eanc \u015fe\u015f hel\u00eekopteran, b\u00ea his\u00eab j\u00ee esker bir\u00eendar kirine!.<\/span><\/h3>\n<h3 style=\"text-align: justify\"><span style=\"font-family: arial, helvetica, sans-serif\">HPG\u00ea bask\u00ea le\u015fker\u00ee y\u00ea P*K*K\u00ea ji roja 2 \u00eelona \u00eesal 2023an ve, 13 n\u00fb\u00e7e li medyaya r\u00eaxistin\u00ea parvekirine di wan n\u00fb\u00e7eyan de gotiye ku wan 116 esker\u00ean Tirk ku\u015ftine, z\u00eadey\u00ee 5 hel\u00eekopteran derb dane, nay\u00ea hejmartin esker bir\u00eendar kirine \u00fb \u00e7eper \u00eemha kirine.<\/span><\/h3>\n<h3 style=\"text-align: justify\"><span style=\"font-family: arial, helvetica, sans-serif\">HPG\u00ea di tev wan 13 n\u00fb\u00e7ey\u00ean pir xw\u00eenaw\u00ee de, w\u00eaney\u00ean ger\u00eelay\u00ean ke\u00e7 y\u00ean h\u00eajan di temena zaroktiy\u00ea de parvekirine \u00fb w\u00eaneya tu \u00e7alakyek ji wan y\u00ean ku esker t\u00ea de hatine ku\u015ftin, parvenekirine.<\/span><\/h3>\n<h3 style=\"text-align: justify\"><span style=\"font-family: arial, helvetica, sans-serif\">HPG\u00ea di b\u00eelan\u00e7oya tebax\u00ea j\u00ee de got b\u00fb ku wan 134 esker\u00ean Tirk ku\u015ftine \u00fb s\u00ea car hind\u00ee wan bir\u00eendar kirine, hel\u00eekopter derb da ne, bi kurtas\u00ee ev du mehin li ser ser\u00ea esker\u00ea Tirk fermane \u00fb P*K*K\u00ea qira wan an\u00ee ye, l\u00ea ten\u00ea di medyay\u00ea de ne li qada \u015fer!.<\/span><\/h3>\n<h3 style=\"text-align: justify\"><span style=\"font-family: arial, helvetica, sans-serif\">Heger ev n\u00fb\u00e7ey\u00ean P*K*K\u00ea rast bin \u00fb ew qas esker\u00ean dag\u00eerker hatibin ku\u015ftin p\u00eaw\u00eeste k\u00eafa her Kurdek\u00ee b\u00ea, l\u00eabel\u00ea P*K*Ke ten\u00ea van n\u00fb\u00e7ey\u00ean derew ji boy xapandina gel parvedike \u00fb destveberdana xaka Kurdistan\u00ea bo Tirkiy\u00ea p\u00ea ved\u015f\u00eare.<\/span><\/h3>\n","protected":false},"excerpt":{"rendered":"<p>R\u00eaxistina P*K*K\u00ea di dema 20 roj\u00ean rab\u00fbr\u00ee de, ku\u015ftina 116 le\u015fker\u00ean Tirk li Ba\u015f\u00fbr\u00ea Kurdistan\u00ea ragihandiye, tev\u00ee derb dana p\u00eanc \u015fe\u015f hel\u00eekopteran, b\u00ea his\u00eab j\u00ee esker bir\u00eendar kirine!. HPG\u00ea bask\u00ea le\u015fker\u00ee y\u00ea P*K*K\u00ea ji roja 2 \u00eelona \u00eesal 2023an ve, 13 n\u00fb\u00e7e li medyaya r\u00eaxistin\u00ea parvekirine di wan n\u00fb\u00e7eyan de gotiye ku wan 116 esker\u00ean [&hellip;]<\/p>\n","protected":false},"author":2,"featured_media":1038360,"comment_status":"closed","ping_status":"closed","sticky":false,"template":"","format":"standard","meta":{"footnotes":""},"categories":[29],"tags":[37],"class_list":["post-1038359","post","type-post","status-publish","format-standard","has-post-thumbnail","hentry","category-kurdistan","tag-sereke"],"blocksy_meta":[],"seo_head":"<!-- This site is optimized with the Yoast SEO plugin v27.5 - https:\/\/yoast.com\/product\/yoast-seo-wordpress\/ -->\n<title>P*K*K\u00ea di 20 rojan de 116 le\u015fker\u00ean Tirk bi derewan ku\u015ftine! - Darka Maz\u00ee<\/title>\n<meta name=\"robots\" content=\"index, follow, max-snippet:-1, max-image-preview:large, max-video-preview:-1\" \/>\n<link rel=\"canonical\" href=\"https:\/\/darkamazi.info\/archives\/1038359\" \/>\n<meta property=\"og:locale\" content=\"en_US\" \/>\n<meta property=\"og:type\" content=\"article\" \/>\n<meta property=\"og:title\" content=\"P*K*K\u00ea di 20 rojan de 116 le\u015fker\u00ean Tirk bi derewan ku\u015ftine! - Darka Maz\u00ee\" \/>\n<meta property=\"og:description\" content=\"R\u00eaxistina P*K*K\u00ea di dema 20 roj\u00ean rab\u00fbr\u00ee de, ku\u015ftina 116 le\u015fker\u00ean Tirk li Ba\u015f\u00fbr\u00ea Kurdistan\u00ea ragihandiye, tev\u00ee derb dana p\u00eanc \u015fe\u015f hel\u00eekopteran, b\u00ea his\u00eab j\u00ee esker bir\u00eendar kirine!. HPG\u00ea bask\u00ea le\u015fker\u00ee y\u00ea P*K*K\u00ea ji roja 2 \u00eelona \u00eesal 2023an ve, 13 n\u00fb\u00e7e li medyaya r\u00eaxistin\u00ea parvekirine di wan n\u00fb\u00e7eyan de gotiye ku wan 116 esker\u00ean [&hellip;]\" \/>\n<meta property=\"og:url\" content=\"https:\/\/darkamazi.info\/archives\/1038359\" \/>\n<meta property=\"og:site_name\" content=\"Darka Maz\u00ee\" \/>\n<meta property=\"article:publisher\" content=\"https:\/\/www.facebook.com\/DarMaziKurmanci\" \/>\n<meta property=\"article:published_time\" content=\"2023-09-23T09:07:55+00:00\" \/>\n<meta property=\"og:image\" content=\"https:\/\/darkamazi.info\/file\/2023\/09\/turkey-helicopter-pkk-info.jpg\" \/>\n\t<meta property=\"og:image:width\" content=\"900\" \/>\n\t<meta property=\"og:image:height\" content=\"497\" \/>\n\t<meta property=\"og:image:type\" content=\"image\/jpeg\" \/>\n<meta name=\"author\" content=\"darka mazi\" \/>\n<meta name=\"twitter:card\" content=\"summary_large_image\" \/>\n<meta name=\"twitter:creator\" content=\"@DarkaMaziLatini\" \/>\n<meta name=\"twitter:site\" content=\"@DarkaMaziLatini\" \/>\n<meta name=\"twitter:label1\" content=\"Written by\" \/>\n\t<meta name=\"twitter:data1\" content=\"darka mazi\" \/>\n\t<meta name=\"twitter:label2\" content=\"Est. reading time\" \/>\n\t<meta name=\"twitter:data2\" content=\"1 minute\" \/>\n<script type=\"application\/ld+json\" class=\"seo-schema-graph\">{\"@context\":\"https:\\\/\\\/schema.org\",\"@graph\":[{\"@type\":\"Article\",\"@id\":\"https:\\\/\\\/darkamazi.info\\\/archives\\\/1038359#article\",\"isPartOf\":{\"@id\":\"https:\\\/\\\/darkamazi.info\\\/archives\\\/1038359\"},\"author\":{\"name\":\"darka mazi\",\"@id\":\"https:\\\/\\\/darkamazi.info\\\/#\\\/schema\\\/person\\\/5ad3e24553a0567993fa8ed4bd0a776c\"},\"headline\":\"P*K*K\u00ea di 20 rojan de 116 le\u015fker\u00ean Tirk bi derewan ku\u015ftine!\",\"datePublished\":\"2023-09-23T09:07:55+00:00\",\"mainEntityOfPage\":{\"@id\":\"https:\\\/\\\/darkamazi.info\\\/archives\\\/1038359\"},\"wordCount\":252,\"publisher\":{\"@id\":\"https:\\\/\\\/darkamazi.info\\\/#organization\"},\"image\":{\"@id\":\"https:\\\/\\\/darkamazi.info\\\/archives\\\/1038359#primaryimage\"},\"thumbnailUrl\":\"https:\\\/\\\/darkamazi.info\\\/darka-content\\\/uploads\\\/2023\\\/09\\\/turkey-helicopter-pkk-info.jpg\",\"keywords\":[\"sereke\"],\"articleSection\":[\"Kurdistan\"],\"inLanguage\":\"en-US\"},{\"@type\":\"WebPage\",\"@id\":\"https:\\\/\\\/darkamazi.info\\\/archives\\\/1038359\",\"url\":\"https:\\\/\\\/darkamazi.info\\\/archives\\\/1038359\",\"name\":\"P*K*K\u00ea di 20 rojan de 116 le\u015fker\u00ean Tirk bi derewan ku\u015ftine! - Darka Maz\u00ee\",\"isPartOf\":{\"@id\":\"https:\\\/\\\/darkamazi.info\\\/#website\"},\"primaryImageOfPage\":{\"@id\":\"https:\\\/\\\/darkamazi.info\\\/archives\\\/1038359#primaryimage\"},\"image\":{\"@id\":\"https:\\\/\\\/darkamazi.info\\\/archives\\\/1038359#primaryimage\"},\"thumbnailUrl\":\"https:\\\/\\\/darkamazi.info\\\/darka-content\\\/uploads\\\/2023\\\/09\\\/turkey-helicopter-pkk-info.jpg\",\"datePublished\":\"2023-09-23T09:07:55+00:00\",\"breadcrumb\":{\"@id\":\"https:\\\/\\\/darkamazi.info\\\/archives\\\/1038359#breadcrumb\"},\"inLanguage\":\"en-US\",\"potentialAction\":[{\"@type\":\"ReadAction\",\"target\":[\"https:\\\/\\\/darkamazi.info\\\/archives\\\/1038359\"]}]},{\"@type\":\"ImageObject\",\"inLanguage\":\"en-US\",\"@id\":\"https:\\\/\\\/darkamazi.info\\\/archives\\\/1038359#primaryimage\",\"url\":\"https:\\\/\\\/darkamazi.info\\\/darka-content\\\/uploads\\\/2023\\\/09\\\/turkey-helicopter-pkk-info.jpg\",\"contentUrl\":\"https:\\\/\\\/darkamazi.info\\\/darka-content\\\/uploads\\\/2023\\\/09\\\/turkey-helicopter-pkk-info.jpg\",\"width\":900,\"height\":497,\"caption\":\"turkey helicopter pkk-info\"},{\"@type\":\"BreadcrumbList\",\"@id\":\"https:\\\/\\\/darkamazi.info\\\/archives\\\/1038359#breadcrumb\",\"itemListElement\":[{\"@type\":\"ListItem\",\"position\":1,\"name\":\"Home\",\"item\":\"https:\\\/\\\/darkamazi.info\\\/\"},{\"@type\":\"ListItem\",\"position\":2,\"name\":\"P*K*K\u00ea di 20 rojan de 116 le\u015fker\u00ean Tirk bi derewan ku\u015ftine!\"}]},{\"@type\":\"WebSite\",\"@id\":\"https:\\\/\\\/darkamazi.info\\\/#website\",\"url\":\"https:\\\/\\\/darkamazi.info\\\/\",\"name\":\"Darka Maz\u00ee\",\"description\":\"P\u00eageha Zanyariy\u00ean Nebih\u00eest\u00ee\",\"publisher\":{\"@id\":\"https:\\\/\\\/darkamazi.info\\\/#organization\"},\"potentialAction\":[{\"@type\":\"SearchAction\",\"target\":{\"@type\":\"EntryPoint\",\"urlTemplate\":\"https:\\\/\\\/darkamazi.info\\\/?s={search_term_string}\"},\"query-input\":{\"@type\":\"PropertyValueSpecification\",\"valueRequired\":true,\"valueName\":\"search_term_string\"}}],\"inLanguage\":\"en-US\"},{\"@type\":\"Organization\",\"@id\":\"https:\\\/\\\/darkamazi.info\\\/#organization\",\"name\":\"Darka Maz\u00ee\",\"url\":\"https:\\\/\\\/darkamazi.info\\\/\",\"logo\":{\"@type\":\"ImageObject\",\"inLanguage\":\"en-US\",\"@id\":\"https:\\\/\\\/darkamazi.info\\\/#\\\/schema\\\/logo\\\/image\\\/\",\"url\":\"https:\\\/\\\/darkamazi.info\\\/darka-content\\\/uploads\\\/2017\\\/12\\\/darka-mazi-logo.png\",\"contentUrl\":\"https:\\\/\\\/darkamazi.info\\\/darka-content\\\/uploads\\\/2017\\\/12\\\/darka-mazi-logo.png\",\"width\":151,\"height\":75,\"caption\":\"Darka Maz\u00ee\"},\"image\":{\"@id\":\"https:\\\/\\\/darkamazi.info\\\/#\\\/schema\\\/logo\\\/image\\\/\"},\"sameAs\":[\"https:\\\/\\\/www.facebook.com\\\/DarMaziKurmanci\",\"https:\\\/\\\/x.com\\\/DarkaMaziLatini\",\"https:\\\/\\\/www.instagram.com\\\/darkamazi.kurmanci\\\/\",\"https:\\\/\\\/www.youtube.com\\\/channel\\\/UCa5HkTdmI8U1qCUFuTw8B2g\"]},{\"@type\":\"Person\",\"@id\":\"https:\\\/\\\/darkamazi.info\\\/#\\\/schema\\\/person\\\/5ad3e24553a0567993fa8ed4bd0a776c\",\"name\":\"darka mazi\",\"sameAs\":[\"https:\\\/\\\/darkamazi.info\\\/\"],\"url\":\"https:\\\/\\\/darkamazi.info\\\/archives\\\/author\\\/kurdi\"}]}<\/script>\n<!-- \/ Yoast SEO plugin. -->","seo_head_json":{"title":"P*K*K\u00ea di 20 rojan de 116 le\u015fker\u00ean Tirk bi derewan ku\u015ftine! - Darka Maz\u00ee","robots":{"index":"index","follow":"follow","max-snippet":"max-snippet:-1","max-image-preview":"max-image-preview:large","max-video-preview":"max-video-preview:-1"},"canonical":"https:\/\/darkamazi.info\/archives\/1038359","og_locale":"en_US","og_type":"article","og_title":"P*K*K\u00ea di 20 rojan de 116 le\u015fker\u00ean Tirk bi derewan ku\u015ftine! - Darka Maz\u00ee","og_description":"R\u00eaxistina P*K*K\u00ea di dema 20 roj\u00ean rab\u00fbr\u00ee de, ku\u015ftina 116 le\u015fker\u00ean Tirk li Ba\u015f\u00fbr\u00ea Kurdistan\u00ea ragihandiye, tev\u00ee derb dana p\u00eanc \u015fe\u015f hel\u00eekopteran, b\u00ea his\u00eab j\u00ee esker bir\u00eendar kirine!. HPG\u00ea bask\u00ea le\u015fker\u00ee y\u00ea P*K*K\u00ea ji roja 2 \u00eelona \u00eesal 2023an ve, 13 n\u00fb\u00e7e li medyaya r\u00eaxistin\u00ea parvekirine di wan n\u00fb\u00e7eyan de gotiye ku wan 116 esker\u00ean [&hellip;]","og_url":"https:\/\/darkamazi.info\/archives\/1038359","og_site_name":"Darka Maz\u00ee","article_publisher":"https:\/\/www.facebook.com\/DarMaziKurmanci","article_published_time":"2023-09-23T09:07:55+00:00","og_image":[{"width":900,"height":497,"url":"https:\/\/darkamazi.info\/file\/2023\/09\/turkey-helicopter-pkk-info.jpg","type":"image\/jpeg"}],"author":"darka mazi","twitter_card":"summary_large_image","twitter_creator":"@DarkaMaziLatini","twitter_site":"@DarkaMaziLatini","twitter_misc":{"Written by":"darka mazi","Est. reading time":"1 minute"},"schema":{"@context":"https:\/\/schema.org","@graph":[{"@type":"Article","@id":"https:\/\/darkamazi.info\/archives\/1038359#article","isPartOf":{"@id":"https:\/\/darkamazi.info\/archives\/1038359"},"author":{"name":"darka mazi","@id":"https:\/\/darkamazi.info\/#\/schema\/person\/5ad3e24553a0567993fa8ed4bd0a776c"},"headline":"P*K*K\u00ea di 20 rojan de 116 le\u015fker\u00ean Tirk bi derewan ku\u015ftine!","datePublished":"2023-09-23T09:07:55+00:00","mainEntityOfPage":{"@id":"https:\/\/darkamazi.info\/archives\/1038359"},"wordCount":252,"publisher":{"@id":"https:\/\/darkamazi.info\/#organization"},"image":{"@id":"https:\/\/darkamazi.info\/archives\/1038359#primaryimage"},"thumbnailUrl":"https:\/\/darkamazi.info\/file\/2023\/09\/turkey-helicopter-pkk-info.jpg","keywords":["sereke"],"articleSection":["Kurdistan"],"inLanguage":"en-US"},{"@type":"WebPage","@id":"https:\/\/darkamazi.info\/archives\/1038359","url":"https:\/\/darkamazi.info\/archives\/1038359","name":"P*K*K\u00ea di 20 rojan de 116 le\u015fker\u00ean Tirk bi derewan ku\u015ftine! - Darka Maz\u00ee","isPartOf":{"@id":"https:\/\/darkamazi.info\/#website"},"primaryImageOfPage":{"@id":"https:\/\/darkamazi.info\/archives\/1038359#primaryimage"},"image":{"@id":"https:\/\/darkamazi.info\/archives\/1038359#primaryimage"},"thumbnailUrl":"https:\/\/darkamazi.info\/file\/2023\/09\/turkey-helicopter-pkk-info.jpg","datePublished":"2023-09-23T09:07:55+00:00","breadcrumb":{"@id":"https:\/\/darkamazi.info\/archives\/1038359#breadcrumb"},"inLanguage":"en-US","potentialAction":[{"@type":"ReadAction","target":["https:\/\/darkamazi.info\/archives\/1038359"]}]},{"@type":"ImageObject","inLanguage":"en-US","@id":"https:\/\/darkamazi.info\/archives\/1038359#primaryimage","url":"https:\/\/darkamazi.info\/file\/2023\/09\/turkey-helicopter-pkk-info.jpg","contentUrl":"https:\/\/darkamazi.info\/file\/2023\/09\/turkey-helicopter-pkk-info.jpg","width":900,"height":497,"caption":"turkey helicopter pkk-info"},{"@type":"BreadcrumbList","@id":"https:\/\/darkamazi.info\/archives\/1038359#breadcrumb","itemListElement":[{"@type":"ListItem","position":1,"name":"Home","item":"https:\/\/darkamazi.info\/"},{"@type":"ListItem","position":2,"name":"P*K*K\u00ea di 20 rojan de 116 le\u015fker\u00ean Tirk bi derewan ku\u015ftine!"}]},{"@type":"WebSite","@id":"https:\/\/darkamazi.info\/#website","url":"https:\/\/darkamazi.info\/","name":"Darka Maz\u00ee","description":"P\u00eageha Zanyariy\u00ean Nebih\u00eest\u00ee","publisher":{"@id":"https:\/\/darkamazi.info\/#organization"},"potentialAction":[{"@type":"SearchAction","target":{"@type":"EntryPoint","urlTemplate":"https:\/\/darkamazi.info\/?s={search_term_string}"},"query-input":{"@type":"PropertyValueSpecification","valueRequired":true,"valueName":"search_term_string"}}],"inLanguage":"en-US"},{"@type":"Organization","@id":"https:\/\/darkamazi.info\/#organization","name":"Darka Maz\u00ee","url":"https:\/\/darkamazi.info\/","logo":{"@type":"ImageObject","inLanguage":"en-US","@id":"https:\/\/darkamazi.info\/#\/schema\/logo\/image\/","url":"https:\/\/darkamazi.info\/file\/2017\/12\/darka-mazi-logo.png","contentUrl":"https:\/\/darkamazi.info\/file\/2017\/12\/darka-mazi-logo.png","width":151,"height":75,"caption":"Darka Maz\u00ee"},"image":{"@id":"https:\/\/darkamazi.info\/#\/schema\/logo\/image\/"},"sameAs":["https:\/\/www.facebook.com\/DarMaziKurmanci","https:\/\/x.com\/DarkaMaziLatini","https:\/\/www.instagram.com\/darkamazi.kurmanci\/","https:\/\/www.youtube.com\/channel\/UCa5HkTdmI8U1qCUFuTw8B2g"]},{"@type":"Person","@id":"https:\/\/darkamazi.info\/#\/schema\/person\/5ad3e24553a0567993fa8ed4bd0a776c","name":"darka mazi","sameAs":["https:\/\/darkamazi.info\/"],"url":"https:\/\/darkamazi.info\/archives\/author\/kurdi"}]}},"_links":{"self":[{"href":"https:\/\/darkamazi.info\/funavuv\/wp\/v2\/posts\/1038359","targetHints":{"allow":["GET"]}}],"collection":[{"href":"https:\/\/darkamazi.info\/funavuv\/wp\/v2\/posts"}],"about":[{"href":"https:\/\/darkamazi.info\/funavuv\/wp\/v2\/types\/post"}],"author":[{"embeddable":true,"href":"https:\/\/darkamazi.info\/funavuv\/wp\/v2\/users\/2"}],"replies":[{"embeddable":true,"href":"https:\/\/darkamazi.info\/funavuv\/wp\/v2\/comments?post=1038359"}],"version-history":[{"count":0,"href":"https:\/\/darkamazi.info\/funavuv\/wp\/v2\/posts\/1038359\/revisions"}],"wp:featuredmedia":[{"embeddable":true,"href":"https:\/\/darkamazi.info\/funavuv\/wp\/v2\/media\/1038360"}],"wp:attachment":[{"href":"https:\/\/darkamazi.info\/funavuv\/wp\/v2\/media?parent=1038359"}],"wp:term":[{"taxonomy":"category","embeddable":true,"href":"https:\/\/darkamazi.info\/funavuv\/wp\/v2\/categories?post=1038359"},{"taxonomy":"post_tag","embeddable":true,"href":"https:\/\/darkamazi.info\/funavuv\/wp\/v2\/tags?post=1038359"}],"curies":[{"name":"wp","href":"https:\/\/api.w.org\/{rel}","templated":true}]}}