{"id":1038381,"date":"2023-09-24T15:34:22","date_gmt":"2023-09-24T12:34:22","guid":{"rendered":"https:\/\/darkamazi.info\/?p=1038381"},"modified":"2023-09-24T15:34:22","modified_gmt":"2023-09-24T12:34:22","slug":"mezlum-ebdi-em-daxwaz-dikin-hsd-bibe-besek-ji-sistema-berevaniye-ya-suriye","status":"publish","type":"post","link":"https:\/\/darkamazi.info\/archives\/1038381","title":{"rendered":"Mezl\u00fbm Ebd\u00ee: Em daxwaz dikin HSD bibe be\u015fek ji s\u00eestema berevaniy\u00ea ya S\u00fbriy\u00ea"},"content":{"rendered":"<h3 style=\"text-align: justify\"><span style=\"font-family: 'arial black', sans-serif\">Fermandar\u00ea Gi\u015ft\u00ee y\u00ea HSD\u00ea Mezl\u00fbm Ebd\u00ee radigih\u00eene, \u201cem daxwaz dikin ku HSD bibe be\u015fek ji s\u00eestema berevaniy\u00ea ya S\u00fbriy\u00ea\u201d\u00a0<\/span><\/h3>\n<h3 style=\"text-align: justify\">Mezl\u00fbm Ebd\u00ee di hevpeyv\u00eenek\u00ea de ligel \u201cEl-Mecla\u201d de derbar\u00ea aloziy\u00ean li D\u00earazor\u00ea de ragihand, \u201chevr\u00eaziyeke zelal\u201d di navbera \u015eam \u00fb Tehran\u00ea de heye, bi armanca pi\u015ftgir\u00eekirina hin n\u00fbner\u00ean e\u015f\u00eeran.<\/h3>\n<h3 style=\"text-align: justify\">Fermandar\u00ea HSD\u00ea got: Tirkiye j\u00ee bi pi\u015ftgiriya kom\u00ean \u00e7ekdar \u00ean S\u00fbr\u00ee ket ser v\u00ea xet\u00ea, l\u00ea ew her s\u00ea welat bi ser neketin \u00fb \u201crew\u015f niha aram b\u00fbye.\u201d<\/h3>\n<h3 style=\"text-align: justify\">Ebd\u00ee diyar kir, aloziya daw\u00ee li 5 gund\u00ean rojhilat\u00ea D\u00earezor\u00ea r\u00fb dan. L\u00ea rew\u015f aram b\u00fbye, \u00fb ew hewl didin ku daxwaz\u00ean xelk\u00ea bi cih b\u00eenin \u00fb pirsgir\u00eak\u00ean wan \u00e7areser bikin.<\/h3>\n<h3 style=\"text-align: justify\">Ebd\u00ee bal da zan\u00een, R\u00fbsyay\u00ea kom\u00ean \u00e7ekdar \u00ean ku \u201chewl didin xwe weke e\u015f\u00eeran n\u00ee\u015fan bidin\u201d bombebaran kir. Diyar kir j\u00ee, R\u00fbsya bi formula bikaran\u00eena rew\u015f\u00ea ji bo operasyon\u00ean n\u00fb y\u00ean Tirkiy\u00ea raz\u00ee nabe<\/h3>\n<h3 style=\"text-align: justify\">Herwaha got: Amer\u00eeka be\u015fdar\u00ee operasyon\u00ean le\u015fker\u00ee y\u00ean li dij\u00ee e\u015f\u00eeran neb\u00fb, ji ber ku &#8220;di p\u00eavajoya cibic\u00eekirina aramiy\u00ea de, ji dervey\u00ee pi\u015ftgir\u00eeya esman\u00ee, p\u00eaw\u00eestiya me bi pi\u015ftgir\u00eeya Amer\u00eeka n\u00eene.<\/h3>\n<h3 style=\"text-align: justify\">Fermandar\u00ea HSD\u00ea ragehand, ew \u00e7\u00fbna \u015eam\u00ea ji bo dan\u00fbstandinan red nake \u00fb got: \u201cL\u00ea bel\u00ea heta niha \u015fert \u00fb merc w\u00ea yek\u00ea \u00e7\u00eaneb\u00fbne \u00fb me ti n\u00ee\u015faneke \u00e7areseriy\u00ea ji \u015eam\u00ea ned\u00eetiye.\u201d<\/h3>\n<h3 style=\"text-align: justify\">Her wiha got: \u201cMe ji R\u00fbsyay\u00ea daxwaz kir ku al\u00eekariy\u00ea bike, ta ku em bigihin \u00e7areseriyeke siyas\u00ee ku daw\u00ee li kir\u00eeza S\u00fbriy\u00ea ya mezin b\u00eene. Em ji \u015eam\u00ea j\u00ee dixwazin ku \u00e7areseriyeke siyas\u00ee ya real\u00eest qeb\u00fbl bike.\u201d<\/h3>\n<h3 style=\"text-align: justify\">L\u00ea tekez kir, \u015eam h\u00een j\u00ee li ser siyaseta xwe ya redkirin\u00ea rijd e \u00fb her p\u00ea\u015fniyar\u00ean real\u00eest \u00ean ku kr\u00eez\u00ea bi daw\u00ee bike \u00fb bibe al\u00eekar ji bo peydab\u00fbna a\u015ft\u00ee \u00fb aramiy\u00ea, red dike.<\/h3>\n<h3 style=\"text-align: justify\">Mazl\u00fbm Ebd\u00ee ragehand ku HSD \u201ch\u00eazeke p\u00ee\u015fey\u00ee \u00fb ni\u015ftiman\u00ee ye, em daxwaz dikin ku ew bibe be\u015fek ji s\u00eestema berevaniy\u00ea ya S\u00fbriy\u00ea \u00fb pi\u015ftre rol \u00fb kar\u00ea w\u00ea bi yasayek\u00ea were bir\u00eakxistin.\u201d<\/h3>\n<h3 style=\"text-align: justify\">L\u00ea Ebd\u00ee tekez kir j\u00ee, her axaftinek li ser hilwe\u015fandina HSD\u00ea b\u00ea kirin, d\u00ea ji bo astengkitina her \u00e7areseriyeke siyas\u00ee ya muhtemel be \u00fb d\u00ea ti cidiyeta diyalog\u00ea n\u00ee\u015fan nade.<\/h3>\n","protected":false},"excerpt":{"rendered":"<p>Fermandar\u00ea Gi\u015ft\u00ee y\u00ea HSD\u00ea Mezl\u00fbm Ebd\u00ee radigih\u00eene, \u201cem daxwaz dikin ku HSD bibe be\u015fek ji s\u00eestema berevaniy\u00ea ya S\u00fbriy\u00ea\u201d\u00a0 Mezl\u00fbm Ebd\u00ee di hevpeyv\u00eenek\u00ea de ligel \u201cEl-Mecla\u201d de derbar\u00ea aloziy\u00ean li D\u00earazor\u00ea de ragihand, \u201chevr\u00eaziyeke zelal\u201d di navbera \u015eam \u00fb Tehran\u00ea de heye, bi armanca pi\u015ftgir\u00eekirina hin n\u00fbner\u00ean e\u015f\u00eeran. Fermandar\u00ea HSD\u00ea got: Tirkiye j\u00ee bi pi\u015ftgiriya [&hellip;]<\/p>\n","protected":false},"author":2,"featured_media":1038382,"comment_status":"closed","ping_status":"closed","sticky":false,"template":"","format":"standard","meta":{"footnotes":""},"categories":[29],"tags":[37],"class_list":["post-1038381","post","type-post","status-publish","format-standard","has-post-thumbnail","hentry","category-kurdistan","tag-sereke"],"blocksy_meta":[],"seo_head":"<!-- This site is optimized with the Yoast SEO plugin v27.5 - https:\/\/yoast.com\/product\/yoast-seo-wordpress\/ -->\n<title>Mezl\u00fbm Ebd\u00ee: Em daxwaz dikin HSD bibe be\u015fek ji s\u00eestema berevaniy\u00ea ya S\u00fbriy\u00ea - Darka Maz\u00ee<\/title>\n<meta name=\"robots\" content=\"index, follow, max-snippet:-1, max-image-preview:large, max-video-preview:-1\" \/>\n<link rel=\"canonical\" href=\"https:\/\/darkamazi.info\/archives\/1038381\" \/>\n<meta property=\"og:locale\" content=\"en_US\" \/>\n<meta property=\"og:type\" content=\"article\" \/>\n<meta property=\"og:title\" content=\"Mezl\u00fbm Ebd\u00ee: Em daxwaz dikin HSD bibe be\u015fek ji s\u00eestema berevaniy\u00ea ya S\u00fbriy\u00ea - Darka Maz\u00ee\" \/>\n<meta property=\"og:description\" content=\"Fermandar\u00ea Gi\u015ft\u00ee y\u00ea HSD\u00ea Mezl\u00fbm Ebd\u00ee radigih\u00eene, \u201cem daxwaz dikin ku HSD bibe be\u015fek ji s\u00eestema berevaniy\u00ea ya S\u00fbriy\u00ea\u201d\u00a0 Mezl\u00fbm Ebd\u00ee di hevpeyv\u00eenek\u00ea de ligel \u201cEl-Mecla\u201d de derbar\u00ea aloziy\u00ean li D\u00earazor\u00ea de ragihand, \u201chevr\u00eaziyeke zelal\u201d di navbera \u015eam \u00fb Tehran\u00ea de heye, bi armanca pi\u015ftgir\u00eekirina hin n\u00fbner\u00ean e\u015f\u00eeran. Fermandar\u00ea HSD\u00ea got: Tirkiye j\u00ee bi pi\u015ftgiriya [&hellip;]\" \/>\n<meta property=\"og:url\" content=\"https:\/\/darkamazi.info\/archives\/1038381\" \/>\n<meta property=\"og:site_name\" content=\"Darka Maz\u00ee\" \/>\n<meta property=\"article:publisher\" content=\"https:\/\/www.facebook.com\/DarMaziKurmanci\" \/>\n<meta property=\"article:published_time\" content=\"2023-09-24T12:34:22+00:00\" \/>\n<meta property=\"og:image\" content=\"https:\/\/darkamazi.info\/file\/2023\/09\/mazlom-abdi.jpg\" \/>\n\t<meta property=\"og:image:width\" content=\"900\" \/>\n\t<meta property=\"og:image:height\" content=\"497\" \/>\n\t<meta property=\"og:image:type\" content=\"image\/jpeg\" \/>\n<meta name=\"author\" content=\"darka mazi\" \/>\n<meta name=\"twitter:card\" content=\"summary_large_image\" \/>\n<meta name=\"twitter:creator\" content=\"@DarkaMaziLatini\" \/>\n<meta name=\"twitter:site\" content=\"@DarkaMaziLatini\" \/>\n<meta name=\"twitter:label1\" content=\"Written by\" \/>\n\t<meta name=\"twitter:data1\" content=\"darka mazi\" \/>\n\t<meta name=\"twitter:label2\" content=\"Est. reading time\" \/>\n\t<meta name=\"twitter:data2\" content=\"2 minutes\" \/>\n<script type=\"application\/ld+json\" class=\"seo-schema-graph\">{\"@context\":\"https:\\\/\\\/schema.org\",\"@graph\":[{\"@type\":\"Article\",\"@id\":\"https:\\\/\\\/darkamazi.info\\\/archives\\\/1038381#article\",\"isPartOf\":{\"@id\":\"https:\\\/\\\/darkamazi.info\\\/archives\\\/1038381\"},\"author\":{\"name\":\"darka mazi\",\"@id\":\"https:\\\/\\\/darkamazi.info\\\/#\\\/schema\\\/person\\\/5ad3e24553a0567993fa8ed4bd0a776c\"},\"headline\":\"Mezl\u00fbm Ebd\u00ee: Em daxwaz dikin HSD bibe be\u015fek ji s\u00eestema berevaniy\u00ea ya S\u00fbriy\u00ea\",\"datePublished\":\"2023-09-24T12:34:22+00:00\",\"mainEntityOfPage\":{\"@id\":\"https:\\\/\\\/darkamazi.info\\\/archives\\\/1038381\"},\"wordCount\":419,\"publisher\":{\"@id\":\"https:\\\/\\\/darkamazi.info\\\/#organization\"},\"image\":{\"@id\":\"https:\\\/\\\/darkamazi.info\\\/archives\\\/1038381#primaryimage\"},\"thumbnailUrl\":\"https:\\\/\\\/darkamazi.info\\\/darka-content\\\/uploads\\\/2023\\\/09\\\/mazlom-abdi.jpg\",\"keywords\":[\"sereke\"],\"articleSection\":[\"Kurdistan\"],\"inLanguage\":\"en-US\"},{\"@type\":\"WebPage\",\"@id\":\"https:\\\/\\\/darkamazi.info\\\/archives\\\/1038381\",\"url\":\"https:\\\/\\\/darkamazi.info\\\/archives\\\/1038381\",\"name\":\"Mezl\u00fbm Ebd\u00ee: Em daxwaz dikin HSD bibe be\u015fek ji s\u00eestema berevaniy\u00ea ya S\u00fbriy\u00ea - Darka Maz\u00ee\",\"isPartOf\":{\"@id\":\"https:\\\/\\\/darkamazi.info\\\/#website\"},\"primaryImageOfPage\":{\"@id\":\"https:\\\/\\\/darkamazi.info\\\/archives\\\/1038381#primaryimage\"},\"image\":{\"@id\":\"https:\\\/\\\/darkamazi.info\\\/archives\\\/1038381#primaryimage\"},\"thumbnailUrl\":\"https:\\\/\\\/darkamazi.info\\\/darka-content\\\/uploads\\\/2023\\\/09\\\/mazlom-abdi.jpg\",\"datePublished\":\"2023-09-24T12:34:22+00:00\",\"breadcrumb\":{\"@id\":\"https:\\\/\\\/darkamazi.info\\\/archives\\\/1038381#breadcrumb\"},\"inLanguage\":\"en-US\",\"potentialAction\":[{\"@type\":\"ReadAction\",\"target\":[\"https:\\\/\\\/darkamazi.info\\\/archives\\\/1038381\"]}]},{\"@type\":\"ImageObject\",\"inLanguage\":\"en-US\",\"@id\":\"https:\\\/\\\/darkamazi.info\\\/archives\\\/1038381#primaryimage\",\"url\":\"https:\\\/\\\/darkamazi.info\\\/darka-content\\\/uploads\\\/2023\\\/09\\\/mazlom-abdi.jpg\",\"contentUrl\":\"https:\\\/\\\/darkamazi.info\\\/darka-content\\\/uploads\\\/2023\\\/09\\\/mazlom-abdi.jpg\",\"width\":900,\"height\":497,\"caption\":\"Mezl\u00fbm Ebd\u00ee: Em daxwaz dikin HSD bibe be\u015fek ji s\u00eestema berevaniy\u00ea ya S\u00fbriy\u00ea\"},{\"@type\":\"BreadcrumbList\",\"@id\":\"https:\\\/\\\/darkamazi.info\\\/archives\\\/1038381#breadcrumb\",\"itemListElement\":[{\"@type\":\"ListItem\",\"position\":1,\"name\":\"Home\",\"item\":\"https:\\\/\\\/darkamazi.info\\\/\"},{\"@type\":\"ListItem\",\"position\":2,\"name\":\"Mezl\u00fbm Ebd\u00ee: Em daxwaz dikin HSD bibe be\u015fek ji s\u00eestema berevaniy\u00ea ya S\u00fbriy\u00ea\"}]},{\"@type\":\"WebSite\",\"@id\":\"https:\\\/\\\/darkamazi.info\\\/#website\",\"url\":\"https:\\\/\\\/darkamazi.info\\\/\",\"name\":\"Darka Maz\u00ee\",\"description\":\"P\u00eageha Zanyariy\u00ean Nebih\u00eest\u00ee\",\"publisher\":{\"@id\":\"https:\\\/\\\/darkamazi.info\\\/#organization\"},\"potentialAction\":[{\"@type\":\"SearchAction\",\"target\":{\"@type\":\"EntryPoint\",\"urlTemplate\":\"https:\\\/\\\/darkamazi.info\\\/?s={search_term_string}\"},\"query-input\":{\"@type\":\"PropertyValueSpecification\",\"valueRequired\":true,\"valueName\":\"search_term_string\"}}],\"inLanguage\":\"en-US\"},{\"@type\":\"Organization\",\"@id\":\"https:\\\/\\\/darkamazi.info\\\/#organization\",\"name\":\"Darka Maz\u00ee\",\"url\":\"https:\\\/\\\/darkamazi.info\\\/\",\"logo\":{\"@type\":\"ImageObject\",\"inLanguage\":\"en-US\",\"@id\":\"https:\\\/\\\/darkamazi.info\\\/#\\\/schema\\\/logo\\\/image\\\/\",\"url\":\"https:\\\/\\\/darkamazi.info\\\/darka-content\\\/uploads\\\/2017\\\/12\\\/darka-mazi-logo.png\",\"contentUrl\":\"https:\\\/\\\/darkamazi.info\\\/darka-content\\\/uploads\\\/2017\\\/12\\\/darka-mazi-logo.png\",\"width\":151,\"height\":75,\"caption\":\"Darka Maz\u00ee\"},\"image\":{\"@id\":\"https:\\\/\\\/darkamazi.info\\\/#\\\/schema\\\/logo\\\/image\\\/\"},\"sameAs\":[\"https:\\\/\\\/www.facebook.com\\\/DarMaziKurmanci\",\"https:\\\/\\\/x.com\\\/DarkaMaziLatini\",\"https:\\\/\\\/www.instagram.com\\\/darkamazi.kurmanci\\\/\",\"https:\\\/\\\/www.youtube.com\\\/channel\\\/UCa5HkTdmI8U1qCUFuTw8B2g\"]},{\"@type\":\"Person\",\"@id\":\"https:\\\/\\\/darkamazi.info\\\/#\\\/schema\\\/person\\\/5ad3e24553a0567993fa8ed4bd0a776c\",\"name\":\"darka mazi\",\"sameAs\":[\"https:\\\/\\\/darkamazi.info\\\/\"],\"url\":\"https:\\\/\\\/darkamazi.info\\\/archives\\\/author\\\/kurdi\"}]}<\/script>\n<!-- \/ Yoast SEO plugin. -->","seo_head_json":{"title":"Mezl\u00fbm Ebd\u00ee: Em daxwaz dikin HSD bibe be\u015fek ji s\u00eestema berevaniy\u00ea ya S\u00fbriy\u00ea - Darka Maz\u00ee","robots":{"index":"index","follow":"follow","max-snippet":"max-snippet:-1","max-image-preview":"max-image-preview:large","max-video-preview":"max-video-preview:-1"},"canonical":"https:\/\/darkamazi.info\/archives\/1038381","og_locale":"en_US","og_type":"article","og_title":"Mezl\u00fbm Ebd\u00ee: Em daxwaz dikin HSD bibe be\u015fek ji s\u00eestema berevaniy\u00ea ya S\u00fbriy\u00ea - Darka Maz\u00ee","og_description":"Fermandar\u00ea Gi\u015ft\u00ee y\u00ea HSD\u00ea Mezl\u00fbm Ebd\u00ee radigih\u00eene, \u201cem daxwaz dikin ku HSD bibe be\u015fek ji s\u00eestema berevaniy\u00ea ya S\u00fbriy\u00ea\u201d\u00a0 Mezl\u00fbm Ebd\u00ee di hevpeyv\u00eenek\u00ea de ligel \u201cEl-Mecla\u201d de derbar\u00ea aloziy\u00ean li D\u00earazor\u00ea de ragihand, \u201chevr\u00eaziyeke zelal\u201d di navbera \u015eam \u00fb Tehran\u00ea de heye, bi armanca pi\u015ftgir\u00eekirina hin n\u00fbner\u00ean e\u015f\u00eeran. Fermandar\u00ea HSD\u00ea got: Tirkiye j\u00ee bi pi\u015ftgiriya [&hellip;]","og_url":"https:\/\/darkamazi.info\/archives\/1038381","og_site_name":"Darka Maz\u00ee","article_publisher":"https:\/\/www.facebook.com\/DarMaziKurmanci","article_published_time":"2023-09-24T12:34:22+00:00","og_image":[{"width":900,"height":497,"url":"https:\/\/darkamazi.info\/file\/2023\/09\/mazlom-abdi.jpg","type":"image\/jpeg"}],"author":"darka mazi","twitter_card":"summary_large_image","twitter_creator":"@DarkaMaziLatini","twitter_site":"@DarkaMaziLatini","twitter_misc":{"Written by":"darka mazi","Est. reading time":"2 minutes"},"schema":{"@context":"https:\/\/schema.org","@graph":[{"@type":"Article","@id":"https:\/\/darkamazi.info\/archives\/1038381#article","isPartOf":{"@id":"https:\/\/darkamazi.info\/archives\/1038381"},"author":{"name":"darka mazi","@id":"https:\/\/darkamazi.info\/#\/schema\/person\/5ad3e24553a0567993fa8ed4bd0a776c"},"headline":"Mezl\u00fbm Ebd\u00ee: Em daxwaz dikin HSD bibe be\u015fek ji s\u00eestema berevaniy\u00ea ya S\u00fbriy\u00ea","datePublished":"2023-09-24T12:34:22+00:00","mainEntityOfPage":{"@id":"https:\/\/darkamazi.info\/archives\/1038381"},"wordCount":419,"publisher":{"@id":"https:\/\/darkamazi.info\/#organization"},"image":{"@id":"https:\/\/darkamazi.info\/archives\/1038381#primaryimage"},"thumbnailUrl":"https:\/\/darkamazi.info\/file\/2023\/09\/mazlom-abdi.jpg","keywords":["sereke"],"articleSection":["Kurdistan"],"inLanguage":"en-US"},{"@type":"WebPage","@id":"https:\/\/darkamazi.info\/archives\/1038381","url":"https:\/\/darkamazi.info\/archives\/1038381","name":"Mezl\u00fbm Ebd\u00ee: Em daxwaz dikin HSD bibe be\u015fek ji s\u00eestema berevaniy\u00ea ya S\u00fbriy\u00ea - Darka Maz\u00ee","isPartOf":{"@id":"https:\/\/darkamazi.info\/#website"},"primaryImageOfPage":{"@id":"https:\/\/darkamazi.info\/archives\/1038381#primaryimage"},"image":{"@id":"https:\/\/darkamazi.info\/archives\/1038381#primaryimage"},"thumbnailUrl":"https:\/\/darkamazi.info\/file\/2023\/09\/mazlom-abdi.jpg","datePublished":"2023-09-24T12:34:22+00:00","breadcrumb":{"@id":"https:\/\/darkamazi.info\/archives\/1038381#breadcrumb"},"inLanguage":"en-US","potentialAction":[{"@type":"ReadAction","target":["https:\/\/darkamazi.info\/archives\/1038381"]}]},{"@type":"ImageObject","inLanguage":"en-US","@id":"https:\/\/darkamazi.info\/archives\/1038381#primaryimage","url":"https:\/\/darkamazi.info\/file\/2023\/09\/mazlom-abdi.jpg","contentUrl":"https:\/\/darkamazi.info\/file\/2023\/09\/mazlom-abdi.jpg","width":900,"height":497,"caption":"Mezl\u00fbm Ebd\u00ee: Em daxwaz dikin HSD bibe be\u015fek ji s\u00eestema berevaniy\u00ea ya S\u00fbriy\u00ea"},{"@type":"BreadcrumbList","@id":"https:\/\/darkamazi.info\/archives\/1038381#breadcrumb","itemListElement":[{"@type":"ListItem","position":1,"name":"Home","item":"https:\/\/darkamazi.info\/"},{"@type":"ListItem","position":2,"name":"Mezl\u00fbm Ebd\u00ee: Em daxwaz dikin HSD bibe be\u015fek ji s\u00eestema berevaniy\u00ea ya S\u00fbriy\u00ea"}]},{"@type":"WebSite","@id":"https:\/\/darkamazi.info\/#website","url":"https:\/\/darkamazi.info\/","name":"Darka Maz\u00ee","description":"P\u00eageha Zanyariy\u00ean Nebih\u00eest\u00ee","publisher":{"@id":"https:\/\/darkamazi.info\/#organization"},"potentialAction":[{"@type":"SearchAction","target":{"@type":"EntryPoint","urlTemplate":"https:\/\/darkamazi.info\/?s={search_term_string}"},"query-input":{"@type":"PropertyValueSpecification","valueRequired":true,"valueName":"search_term_string"}}],"inLanguage":"en-US"},{"@type":"Organization","@id":"https:\/\/darkamazi.info\/#organization","name":"Darka Maz\u00ee","url":"https:\/\/darkamazi.info\/","logo":{"@type":"ImageObject","inLanguage":"en-US","@id":"https:\/\/darkamazi.info\/#\/schema\/logo\/image\/","url":"https:\/\/darkamazi.info\/file\/2017\/12\/darka-mazi-logo.png","contentUrl":"https:\/\/darkamazi.info\/file\/2017\/12\/darka-mazi-logo.png","width":151,"height":75,"caption":"Darka Maz\u00ee"},"image":{"@id":"https:\/\/darkamazi.info\/#\/schema\/logo\/image\/"},"sameAs":["https:\/\/www.facebook.com\/DarMaziKurmanci","https:\/\/x.com\/DarkaMaziLatini","https:\/\/www.instagram.com\/darkamazi.kurmanci\/","https:\/\/www.youtube.com\/channel\/UCa5HkTdmI8U1qCUFuTw8B2g"]},{"@type":"Person","@id":"https:\/\/darkamazi.info\/#\/schema\/person\/5ad3e24553a0567993fa8ed4bd0a776c","name":"darka mazi","sameAs":["https:\/\/darkamazi.info\/"],"url":"https:\/\/darkamazi.info\/archives\/author\/kurdi"}]}},"_links":{"self":[{"href":"https:\/\/darkamazi.info\/funavuv\/wp\/v2\/posts\/1038381","targetHints":{"allow":["GET"]}}],"collection":[{"href":"https:\/\/darkamazi.info\/funavuv\/wp\/v2\/posts"}],"about":[{"href":"https:\/\/darkamazi.info\/funavuv\/wp\/v2\/types\/post"}],"author":[{"embeddable":true,"href":"https:\/\/darkamazi.info\/funavuv\/wp\/v2\/users\/2"}],"replies":[{"embeddable":true,"href":"https:\/\/darkamazi.info\/funavuv\/wp\/v2\/comments?post=1038381"}],"version-history":[{"count":0,"href":"https:\/\/darkamazi.info\/funavuv\/wp\/v2\/posts\/1038381\/revisions"}],"wp:featuredmedia":[{"embeddable":true,"href":"https:\/\/darkamazi.info\/funavuv\/wp\/v2\/media\/1038382"}],"wp:attachment":[{"href":"https:\/\/darkamazi.info\/funavuv\/wp\/v2\/media?parent=1038381"}],"wp:term":[{"taxonomy":"category","embeddable":true,"href":"https:\/\/darkamazi.info\/funavuv\/wp\/v2\/categories?post=1038381"},{"taxonomy":"post_tag","embeddable":true,"href":"https:\/\/darkamazi.info\/funavuv\/wp\/v2\/tags?post=1038381"}],"curies":[{"name":"wp","href":"https:\/\/api.w.org\/{rel}","templated":true}]}}