{"id":1038404,"date":"2023-09-25T12:11:04","date_gmt":"2023-09-25T09:11:04","guid":{"rendered":"https:\/\/darkamazi.info\/?p=1038404"},"modified":"2023-09-25T12:11:04","modified_gmt":"2023-09-25T09:11:04","slug":"ceteyen-pkke-ciwanen-soresger-zarokeki-11-sali-revandin","status":"publish","type":"post","link":"https:\/\/darkamazi.info\/archives\/1038404","title":{"rendered":"\u00c7etey\u00ean PKK\u00ea \u201cCiwan\u00ean \u015eore\u015fger\u201d zarokek\u00ee 11 sal\u00ee revandin"},"content":{"rendered":"<h3 style=\"direction: ltr;text-align: justify\"><span style=\"font-family: 'arial black', sans-serif\">\u00c7etey\u00ean bi nav\u00ea \u201cCiwan\u00ean \u015eore\u015fger\u201d ku y\u00eak ji bask\u00ean PKK\u00ea \u00fb R\u00eaveber\u00eeya Xwesere li Rojava Kurdistan\u00ea, duh 24 \u00eelon\u00ea zarokek\u00ee 11 sal\u00ee revandin \u00fb birin serbazgeh\u00ean xwe y\u00ean li Hesek\u00ea.<\/span><\/h3>\n<h3 style=\"direction: ltr;text-align: justify\"><span style=\"font-family: arial, helvetica, sans-serif\">Tevgera Ciwan\u00ean \u015eore\u015fger ku rasterast bi fermana Qend\u00eel\u00ea \u00fb \u015fexs\u00ea Cem\u00eel Bay\u00eek kar\u00ea revandina zarokan \u00fb \u00ee\u015fkenceya kes\u00ean welatpar\u00eaz \u00fb \u00ear\u00ee\u015fa ser baregeh\u00ean partiy\u00ean Kurdistan\u00ee dike, li roj\u00ean rab\u00fbr\u00ee, zarokek\u00ee din y\u00ea 11 sal\u00ee bi nav\u00ea \u201cRam\u00ee Hesen El\u00ee\u201d ji taxa \u015e\u00eaxmeqs\u00fbd y\u00ea li Heleb\u00ea revand.<\/span><\/h3>\n<h3 style=\"direction: ltr;text-align: justify\"><span style=\"font-family: arial, helvetica, sans-serif\">Destn\u00ee\u015fan kir, \u00e7etey\u00ean Ciwan\u00ean \u015eore\u015fger ev zarok veguhestin serbazgeh\u00ean PKK\u00ea y\u00ean li Hesek\u00ea ji bo ku perwerdeh\u00eeya le\u015fkir\u00ee bib\u00eene.<\/span><\/h3>\n<h3 style=\"direction: ltr;text-align: justify\"><span style=\"font-family: arial, helvetica, sans-serif\">PKKe bask\u00ean w\u00ea y\u00ean Rojava Kurdistan\u00ea, berdewamin li ser le\u015fkerkirina zarok\u00ean temen bi\u00e7\u00fbk \u00fb \u015fandina wan ji bo kamp\u00ean le\u015fkerkirin\u00ea li dever\u00ean di bin dest\u00ea wan de, tev\u00ee ku R\u00eaveber\u00eeya Xweser \u00fb HSD\u00ea gelek soz dane Kwal\u00eesyona Navdewlet\u00ee ku s\u00eenorek\u00ee ji boy v\u00ea rew\u015f\u00ea deyn in.<\/span><\/h3>\n","protected":false},"excerpt":{"rendered":"<p>\u00c7etey\u00ean bi nav\u00ea \u201cCiwan\u00ean \u015eore\u015fger\u201d ku y\u00eak ji bask\u00ean PKK\u00ea \u00fb R\u00eaveber\u00eeya Xwesere li Rojava Kurdistan\u00ea, duh 24 \u00eelon\u00ea zarokek\u00ee 11 sal\u00ee revandin \u00fb birin serbazgeh\u00ean xwe y\u00ean li Hesek\u00ea. Tevgera Ciwan\u00ean \u015eore\u015fger ku rasterast bi fermana Qend\u00eel\u00ea \u00fb \u015fexs\u00ea Cem\u00eel Bay\u00eek kar\u00ea revandina zarokan \u00fb \u00ee\u015fkenceya kes\u00ean welatpar\u00eaz \u00fb \u00ear\u00ee\u015fa ser baregeh\u00ean partiy\u00ean Kurdistan\u00ee [&hellip;]<\/p>\n","protected":false},"author":2,"featured_media":1038405,"comment_status":"closed","ping_status":"closed","sticky":false,"template":"","format":"standard","meta":{"footnotes":""},"categories":[29],"tags":[37],"class_list":["post-1038404","post","type-post","status-publish","format-standard","has-post-thumbnail","hentry","category-kurdistan","tag-sereke"],"blocksy_meta":[],"seo_head":"<!-- This site is optimized with the Yoast SEO plugin v27.5 - https:\/\/yoast.com\/product\/yoast-seo-wordpress\/ -->\n<title>\u00c7etey\u00ean PKK\u00ea \u201cCiwan\u00ean \u015eore\u015fger\u201d zarokek\u00ee 11 sal\u00ee revandin - Darka Maz\u00ee<\/title>\n<meta name=\"robots\" content=\"index, follow, max-snippet:-1, max-image-preview:large, max-video-preview:-1\" \/>\n<link rel=\"canonical\" href=\"https:\/\/darkamazi.info\/archives\/1038404\" \/>\n<meta property=\"og:locale\" content=\"en_US\" \/>\n<meta property=\"og:type\" content=\"article\" \/>\n<meta property=\"og:title\" content=\"\u00c7etey\u00ean PKK\u00ea \u201cCiwan\u00ean \u015eore\u015fger\u201d zarokek\u00ee 11 sal\u00ee revandin - Darka Maz\u00ee\" \/>\n<meta property=\"og:description\" content=\"\u00c7etey\u00ean bi nav\u00ea \u201cCiwan\u00ean \u015eore\u015fger\u201d ku y\u00eak ji bask\u00ean PKK\u00ea \u00fb R\u00eaveber\u00eeya Xwesere li Rojava Kurdistan\u00ea, duh 24 \u00eelon\u00ea zarokek\u00ee 11 sal\u00ee revandin \u00fb birin serbazgeh\u00ean xwe y\u00ean li Hesek\u00ea. Tevgera Ciwan\u00ean \u015eore\u015fger ku rasterast bi fermana Qend\u00eel\u00ea \u00fb \u015fexs\u00ea Cem\u00eel Bay\u00eek kar\u00ea revandina zarokan \u00fb \u00ee\u015fkenceya kes\u00ean welatpar\u00eaz \u00fb \u00ear\u00ee\u015fa ser baregeh\u00ean partiy\u00ean Kurdistan\u00ee [&hellip;]\" \/>\n<meta property=\"og:url\" content=\"https:\/\/darkamazi.info\/archives\/1038404\" \/>\n<meta property=\"og:site_name\" content=\"Darka Maz\u00ee\" \/>\n<meta property=\"article:publisher\" content=\"https:\/\/www.facebook.com\/DarMaziKurmanci\" \/>\n<meta property=\"article:published_time\" content=\"2023-09-25T09:11:04+00:00\" \/>\n<meta property=\"og:image\" content=\"https:\/\/darkamazi.info\/file\/2023\/09\/ciwanen-shorashgar.jpg\" \/>\n\t<meta property=\"og:image:width\" content=\"900\" \/>\n\t<meta property=\"og:image:height\" content=\"497\" \/>\n\t<meta property=\"og:image:type\" content=\"image\/jpeg\" \/>\n<meta name=\"author\" content=\"darka mazi\" \/>\n<meta name=\"twitter:card\" content=\"summary_large_image\" \/>\n<meta name=\"twitter:creator\" content=\"@DarkaMaziLatini\" \/>\n<meta name=\"twitter:site\" content=\"@DarkaMaziLatini\" \/>\n<meta name=\"twitter:label1\" content=\"Written by\" \/>\n\t<meta name=\"twitter:data1\" content=\"darka mazi\" \/>\n\t<meta name=\"twitter:label2\" content=\"Est. reading time\" \/>\n\t<meta name=\"twitter:data2\" content=\"1 minute\" \/>\n<script type=\"application\/ld+json\" class=\"seo-schema-graph\">{\"@context\":\"https:\\\/\\\/schema.org\",\"@graph\":[{\"@type\":\"Article\",\"@id\":\"https:\\\/\\\/darkamazi.info\\\/archives\\\/1038404#article\",\"isPartOf\":{\"@id\":\"https:\\\/\\\/darkamazi.info\\\/archives\\\/1038404\"},\"author\":{\"name\":\"darka mazi\",\"@id\":\"https:\\\/\\\/darkamazi.info\\\/#\\\/schema\\\/person\\\/5ad3e24553a0567993fa8ed4bd0a776c\"},\"headline\":\"\u00c7etey\u00ean PKK\u00ea \u201cCiwan\u00ean \u015eore\u015fger\u201d zarokek\u00ee 11 sal\u00ee revandin\",\"datePublished\":\"2023-09-25T09:11:04+00:00\",\"mainEntityOfPage\":{\"@id\":\"https:\\\/\\\/darkamazi.info\\\/archives\\\/1038404\"},\"wordCount\":184,\"publisher\":{\"@id\":\"https:\\\/\\\/darkamazi.info\\\/#organization\"},\"image\":{\"@id\":\"https:\\\/\\\/darkamazi.info\\\/archives\\\/1038404#primaryimage\"},\"thumbnailUrl\":\"https:\\\/\\\/darkamazi.info\\\/darka-content\\\/uploads\\\/2023\\\/09\\\/ciwanen-shorashgar.jpg\",\"keywords\":[\"sereke\"],\"articleSection\":[\"Kurdistan\"],\"inLanguage\":\"en-US\"},{\"@type\":\"WebPage\",\"@id\":\"https:\\\/\\\/darkamazi.info\\\/archives\\\/1038404\",\"url\":\"https:\\\/\\\/darkamazi.info\\\/archives\\\/1038404\",\"name\":\"\u00c7etey\u00ean PKK\u00ea \u201cCiwan\u00ean \u015eore\u015fger\u201d zarokek\u00ee 11 sal\u00ee revandin - Darka Maz\u00ee\",\"isPartOf\":{\"@id\":\"https:\\\/\\\/darkamazi.info\\\/#website\"},\"primaryImageOfPage\":{\"@id\":\"https:\\\/\\\/darkamazi.info\\\/archives\\\/1038404#primaryimage\"},\"image\":{\"@id\":\"https:\\\/\\\/darkamazi.info\\\/archives\\\/1038404#primaryimage\"},\"thumbnailUrl\":\"https:\\\/\\\/darkamazi.info\\\/darka-content\\\/uploads\\\/2023\\\/09\\\/ciwanen-shorashgar.jpg\",\"datePublished\":\"2023-09-25T09:11:04+00:00\",\"breadcrumb\":{\"@id\":\"https:\\\/\\\/darkamazi.info\\\/archives\\\/1038404#breadcrumb\"},\"inLanguage\":\"en-US\",\"potentialAction\":[{\"@type\":\"ReadAction\",\"target\":[\"https:\\\/\\\/darkamazi.info\\\/archives\\\/1038404\"]}]},{\"@type\":\"ImageObject\",\"inLanguage\":\"en-US\",\"@id\":\"https:\\\/\\\/darkamazi.info\\\/archives\\\/1038404#primaryimage\",\"url\":\"https:\\\/\\\/darkamazi.info\\\/darka-content\\\/uploads\\\/2023\\\/09\\\/ciwanen-shorashgar.jpg\",\"contentUrl\":\"https:\\\/\\\/darkamazi.info\\\/darka-content\\\/uploads\\\/2023\\\/09\\\/ciwanen-shorashgar.jpg\",\"width\":900,\"height\":497,\"caption\":\"ciwanen-shorashgar\"},{\"@type\":\"BreadcrumbList\",\"@id\":\"https:\\\/\\\/darkamazi.info\\\/archives\\\/1038404#breadcrumb\",\"itemListElement\":[{\"@type\":\"ListItem\",\"position\":1,\"name\":\"Home\",\"item\":\"https:\\\/\\\/darkamazi.info\\\/\"},{\"@type\":\"ListItem\",\"position\":2,\"name\":\"\u00c7etey\u00ean PKK\u00ea \u201cCiwan\u00ean \u015eore\u015fger\u201d zarokek\u00ee 11 sal\u00ee revandin\"}]},{\"@type\":\"WebSite\",\"@id\":\"https:\\\/\\\/darkamazi.info\\\/#website\",\"url\":\"https:\\\/\\\/darkamazi.info\\\/\",\"name\":\"Darka Maz\u00ee\",\"description\":\"P\u00eageha Zanyariy\u00ean Nebih\u00eest\u00ee\",\"publisher\":{\"@id\":\"https:\\\/\\\/darkamazi.info\\\/#organization\"},\"potentialAction\":[{\"@type\":\"SearchAction\",\"target\":{\"@type\":\"EntryPoint\",\"urlTemplate\":\"https:\\\/\\\/darkamazi.info\\\/?s={search_term_string}\"},\"query-input\":{\"@type\":\"PropertyValueSpecification\",\"valueRequired\":true,\"valueName\":\"search_term_string\"}}],\"inLanguage\":\"en-US\"},{\"@type\":\"Organization\",\"@id\":\"https:\\\/\\\/darkamazi.info\\\/#organization\",\"name\":\"Darka Maz\u00ee\",\"url\":\"https:\\\/\\\/darkamazi.info\\\/\",\"logo\":{\"@type\":\"ImageObject\",\"inLanguage\":\"en-US\",\"@id\":\"https:\\\/\\\/darkamazi.info\\\/#\\\/schema\\\/logo\\\/image\\\/\",\"url\":\"https:\\\/\\\/darkamazi.info\\\/darka-content\\\/uploads\\\/2017\\\/12\\\/darka-mazi-logo.png\",\"contentUrl\":\"https:\\\/\\\/darkamazi.info\\\/darka-content\\\/uploads\\\/2017\\\/12\\\/darka-mazi-logo.png\",\"width\":151,\"height\":75,\"caption\":\"Darka Maz\u00ee\"},\"image\":{\"@id\":\"https:\\\/\\\/darkamazi.info\\\/#\\\/schema\\\/logo\\\/image\\\/\"},\"sameAs\":[\"https:\\\/\\\/www.facebook.com\\\/DarMaziKurmanci\",\"https:\\\/\\\/x.com\\\/DarkaMaziLatini\",\"https:\\\/\\\/www.instagram.com\\\/darkamazi.kurmanci\\\/\",\"https:\\\/\\\/www.youtube.com\\\/channel\\\/UCa5HkTdmI8U1qCUFuTw8B2g\"]},{\"@type\":\"Person\",\"@id\":\"https:\\\/\\\/darkamazi.info\\\/#\\\/schema\\\/person\\\/5ad3e24553a0567993fa8ed4bd0a776c\",\"name\":\"darka mazi\",\"sameAs\":[\"https:\\\/\\\/darkamazi.info\\\/\"],\"url\":\"https:\\\/\\\/darkamazi.info\\\/archives\\\/author\\\/kurdi\"}]}<\/script>\n<!-- \/ Yoast SEO plugin. -->","seo_head_json":{"title":"\u00c7etey\u00ean PKK\u00ea \u201cCiwan\u00ean \u015eore\u015fger\u201d zarokek\u00ee 11 sal\u00ee revandin - Darka Maz\u00ee","robots":{"index":"index","follow":"follow","max-snippet":"max-snippet:-1","max-image-preview":"max-image-preview:large","max-video-preview":"max-video-preview:-1"},"canonical":"https:\/\/darkamazi.info\/archives\/1038404","og_locale":"en_US","og_type":"article","og_title":"\u00c7etey\u00ean PKK\u00ea \u201cCiwan\u00ean \u015eore\u015fger\u201d zarokek\u00ee 11 sal\u00ee revandin - Darka Maz\u00ee","og_description":"\u00c7etey\u00ean bi nav\u00ea \u201cCiwan\u00ean \u015eore\u015fger\u201d ku y\u00eak ji bask\u00ean PKK\u00ea \u00fb R\u00eaveber\u00eeya Xwesere li Rojava Kurdistan\u00ea, duh 24 \u00eelon\u00ea zarokek\u00ee 11 sal\u00ee revandin \u00fb birin serbazgeh\u00ean xwe y\u00ean li Hesek\u00ea. Tevgera Ciwan\u00ean \u015eore\u015fger ku rasterast bi fermana Qend\u00eel\u00ea \u00fb \u015fexs\u00ea Cem\u00eel Bay\u00eek kar\u00ea revandina zarokan \u00fb \u00ee\u015fkenceya kes\u00ean welatpar\u00eaz \u00fb \u00ear\u00ee\u015fa ser baregeh\u00ean partiy\u00ean Kurdistan\u00ee [&hellip;]","og_url":"https:\/\/darkamazi.info\/archives\/1038404","og_site_name":"Darka Maz\u00ee","article_publisher":"https:\/\/www.facebook.com\/DarMaziKurmanci","article_published_time":"2023-09-25T09:11:04+00:00","og_image":[{"width":900,"height":497,"url":"https:\/\/darkamazi.info\/file\/2023\/09\/ciwanen-shorashgar.jpg","type":"image\/jpeg"}],"author":"darka mazi","twitter_card":"summary_large_image","twitter_creator":"@DarkaMaziLatini","twitter_site":"@DarkaMaziLatini","twitter_misc":{"Written by":"darka mazi","Est. reading time":"1 minute"},"schema":{"@context":"https:\/\/schema.org","@graph":[{"@type":"Article","@id":"https:\/\/darkamazi.info\/archives\/1038404#article","isPartOf":{"@id":"https:\/\/darkamazi.info\/archives\/1038404"},"author":{"name":"darka mazi","@id":"https:\/\/darkamazi.info\/#\/schema\/person\/5ad3e24553a0567993fa8ed4bd0a776c"},"headline":"\u00c7etey\u00ean PKK\u00ea \u201cCiwan\u00ean \u015eore\u015fger\u201d zarokek\u00ee 11 sal\u00ee revandin","datePublished":"2023-09-25T09:11:04+00:00","mainEntityOfPage":{"@id":"https:\/\/darkamazi.info\/archives\/1038404"},"wordCount":184,"publisher":{"@id":"https:\/\/darkamazi.info\/#organization"},"image":{"@id":"https:\/\/darkamazi.info\/archives\/1038404#primaryimage"},"thumbnailUrl":"https:\/\/darkamazi.info\/file\/2023\/09\/ciwanen-shorashgar.jpg","keywords":["sereke"],"articleSection":["Kurdistan"],"inLanguage":"en-US"},{"@type":"WebPage","@id":"https:\/\/darkamazi.info\/archives\/1038404","url":"https:\/\/darkamazi.info\/archives\/1038404","name":"\u00c7etey\u00ean PKK\u00ea \u201cCiwan\u00ean \u015eore\u015fger\u201d zarokek\u00ee 11 sal\u00ee revandin - Darka Maz\u00ee","isPartOf":{"@id":"https:\/\/darkamazi.info\/#website"},"primaryImageOfPage":{"@id":"https:\/\/darkamazi.info\/archives\/1038404#primaryimage"},"image":{"@id":"https:\/\/darkamazi.info\/archives\/1038404#primaryimage"},"thumbnailUrl":"https:\/\/darkamazi.info\/file\/2023\/09\/ciwanen-shorashgar.jpg","datePublished":"2023-09-25T09:11:04+00:00","breadcrumb":{"@id":"https:\/\/darkamazi.info\/archives\/1038404#breadcrumb"},"inLanguage":"en-US","potentialAction":[{"@type":"ReadAction","target":["https:\/\/darkamazi.info\/archives\/1038404"]}]},{"@type":"ImageObject","inLanguage":"en-US","@id":"https:\/\/darkamazi.info\/archives\/1038404#primaryimage","url":"https:\/\/darkamazi.info\/file\/2023\/09\/ciwanen-shorashgar.jpg","contentUrl":"https:\/\/darkamazi.info\/file\/2023\/09\/ciwanen-shorashgar.jpg","width":900,"height":497,"caption":"ciwanen-shorashgar"},{"@type":"BreadcrumbList","@id":"https:\/\/darkamazi.info\/archives\/1038404#breadcrumb","itemListElement":[{"@type":"ListItem","position":1,"name":"Home","item":"https:\/\/darkamazi.info\/"},{"@type":"ListItem","position":2,"name":"\u00c7etey\u00ean PKK\u00ea \u201cCiwan\u00ean \u015eore\u015fger\u201d zarokek\u00ee 11 sal\u00ee revandin"}]},{"@type":"WebSite","@id":"https:\/\/darkamazi.info\/#website","url":"https:\/\/darkamazi.info\/","name":"Darka Maz\u00ee","description":"P\u00eageha Zanyariy\u00ean Nebih\u00eest\u00ee","publisher":{"@id":"https:\/\/darkamazi.info\/#organization"},"potentialAction":[{"@type":"SearchAction","target":{"@type":"EntryPoint","urlTemplate":"https:\/\/darkamazi.info\/?s={search_term_string}"},"query-input":{"@type":"PropertyValueSpecification","valueRequired":true,"valueName":"search_term_string"}}],"inLanguage":"en-US"},{"@type":"Organization","@id":"https:\/\/darkamazi.info\/#organization","name":"Darka Maz\u00ee","url":"https:\/\/darkamazi.info\/","logo":{"@type":"ImageObject","inLanguage":"en-US","@id":"https:\/\/darkamazi.info\/#\/schema\/logo\/image\/","url":"https:\/\/darkamazi.info\/file\/2017\/12\/darka-mazi-logo.png","contentUrl":"https:\/\/darkamazi.info\/file\/2017\/12\/darka-mazi-logo.png","width":151,"height":75,"caption":"Darka Maz\u00ee"},"image":{"@id":"https:\/\/darkamazi.info\/#\/schema\/logo\/image\/"},"sameAs":["https:\/\/www.facebook.com\/DarMaziKurmanci","https:\/\/x.com\/DarkaMaziLatini","https:\/\/www.instagram.com\/darkamazi.kurmanci\/","https:\/\/www.youtube.com\/channel\/UCa5HkTdmI8U1qCUFuTw8B2g"]},{"@type":"Person","@id":"https:\/\/darkamazi.info\/#\/schema\/person\/5ad3e24553a0567993fa8ed4bd0a776c","name":"darka mazi","sameAs":["https:\/\/darkamazi.info\/"],"url":"https:\/\/darkamazi.info\/archives\/author\/kurdi"}]}},"_links":{"self":[{"href":"https:\/\/darkamazi.info\/funavuv\/wp\/v2\/posts\/1038404","targetHints":{"allow":["GET"]}}],"collection":[{"href":"https:\/\/darkamazi.info\/funavuv\/wp\/v2\/posts"}],"about":[{"href":"https:\/\/darkamazi.info\/funavuv\/wp\/v2\/types\/post"}],"author":[{"embeddable":true,"href":"https:\/\/darkamazi.info\/funavuv\/wp\/v2\/users\/2"}],"replies":[{"embeddable":true,"href":"https:\/\/darkamazi.info\/funavuv\/wp\/v2\/comments?post=1038404"}],"version-history":[{"count":0,"href":"https:\/\/darkamazi.info\/funavuv\/wp\/v2\/posts\/1038404\/revisions"}],"wp:featuredmedia":[{"embeddable":true,"href":"https:\/\/darkamazi.info\/funavuv\/wp\/v2\/media\/1038405"}],"wp:attachment":[{"href":"https:\/\/darkamazi.info\/funavuv\/wp\/v2\/media?parent=1038404"}],"wp:term":[{"taxonomy":"category","embeddable":true,"href":"https:\/\/darkamazi.info\/funavuv\/wp\/v2\/categories?post=1038404"},{"taxonomy":"post_tag","embeddable":true,"href":"https:\/\/darkamazi.info\/funavuv\/wp\/v2\/tags?post=1038404"}],"curies":[{"name":"wp","href":"https:\/\/api.w.org\/{rel}","templated":true}]}}