{"id":1038407,"date":"2023-09-25T18:52:38","date_gmt":"2023-09-25T15:52:38","guid":{"rendered":"https:\/\/darkamazi.info\/?p=1038407"},"modified":"2023-09-25T18:52:38","modified_gmt":"2023-09-25T15:52:38","slug":"kure-teroristeki-daise-sofere-berpirseki-ybse-ye","status":"publish","type":"post","link":"https:\/\/darkamazi.info\/archives\/1038407","title":{"rendered":"Kur\u00ea teror\u00eestek\u00ee DAI\u015e\u00ea \u015fof\u00ear\u00ea berpirsek\u00ee YB\u015e\u2019\u00ea ye"},"content":{"rendered":"<h3 style=\"text-align: justify\"><span style=\"font-family: 'arial black', sans-serif\">Kur\u00ea teror\u00eestek\u00ee ser bi DAI\u015e\u00ea ve ku bi regez erebe \u00fb bav\u00ea w\u00ee be\u015fdar\u00ee \u00ear\u00ee\u015fa li ser \u015eengal\u00ea b\u00fbye niha di nava ref\u00ean YB\u015e\u2019\u00ea de ye \u00fb weke \u015fof\u00ear\u00ea berpirs\u00ea \u00eestixbarata YB\u015e\u2019\u00ea kar dike.<\/span><\/h3>\n<h3 style=\"text-align: justify\">Li gor agahiy\u00ean taybet \u00ean p\u00eageha Darka Maz\u00ee ku li \u00e7avkaniy\u00ean her\u00eam\u00ee bi dest xistine, Esker Y\u00fbnis Hem\u00eed M\u00eel\u00ee, bi kod nav\u00ea Feday\u00ee Esker ku bi esla xwe erebe \u00fb ji day\u00eek b\u00fby\u00ea sala 2002an ne kur\u00ea teror\u00eestek\u00ee ser bi DAI\u015e\u00ea ye ku be\u015fdar\u00ee \u00ear\u00ee\u015fa li ser \u00cazdiyan li \u015eengal\u00ea b\u00fbye \u00fb fermana desteserkirina w\u00ee ji aliy\u00ea dadgeha M\u00fbsil\u00ea ve derketiye.<\/h3>\n<h3 style=\"text-align: justify\">Ev \u00e7ekdar\u00ea YB\u015e\u2019\u00ea ji gund\u00ea \u00c7a\u00eer Xilfis y\u00ea ser bi bajarok\u00ea Beac\u00ea ye \u00fb niha ni\u015fteciy\u00ea gund\u00ea Um Elz\u00eeban y\u00ea ser bi bajarok\u00ea Gir Iz\u00ear\u00ea ye. Ew di sala 2017an de dema jiy\u00ea w\u00ee h\u00eajan 15 sal be\u015fdar\u00ee nava ref\u00ean YB\u015e\u2019\u00ea b\u00fbye \u00fb di nava YB\u015e\u2019\u00ea de weke \u015fof\u00ear\u00ea berpirs\u00ea \u00eestixbarata YB\u015e\u2019\u00ea y\u00ea bi nav\u00ea Ebdulla Hedu bi kod nav\u00ea &#8220;R\u00eanas&#8221; ku baregeh\u00ea wan li gund\u00ea Sik\u00eene y\u00ea ser bi bajarok\u00ea Gir Iz\u00ear\u00ea kar kiriye.<\/h3>\n<h3 style=\"text-align: justify\">\u00c7avkaniy\u00ean Darka Maz\u00ee her weha e\u015fkere kirin, z\u00eadebar\u00ee kar\u00ea xwe y\u00ea \u015fof\u00eariy\u00ea, esker Y\u00fbnis bi kar\u00ea komkirina agahiyan \u00fb tecn\u00eedkirina zarok\u00ean ereb di nava ref\u00ean YB\u015e\u2019\u00ea de li gund\u00ean s\u00eenor\u00ee y\u00ean S\u00fbriy\u00ea rab\u00fbye.<\/h3>\n<h3 style=\"text-align: justify\">Bav\u00ea esker, Y\u00fbnis Hem\u00eed M\u00eel\u00ee p\u00ea\u015f niha \u00e7ekdar\u00ea DAI\u015e\u00ea b\u00fbye li Beac\u00ea \u00fb di \u00ear\u00ee\u015fa li ser \u015eengal\u00ea de di 3\/8\/2014an de be\u015fdar b\u00fbye \u00fb niha di zindana Cirk\u00een ya li Rojava ku ji aliy\u00ea HSD\u2019\u00ea ve t\u00ea bir\u00eavebirin bi s\u00fb\u00e7a DAI\u015e b\u00fbn\u00ea di z\u00eendan\u00ea deye, ev di demek\u00ee de ye ku fermana desteserkirina w\u00ee ji aliy\u00ea dadgeha M\u00fbsil\u00ea di 28\/9\/2016an de der\u00e7\u00fbye.<\/h3>\n","protected":false},"excerpt":{"rendered":"<p>Kur\u00ea teror\u00eestek\u00ee ser bi DAI\u015e\u00ea ve ku bi regez erebe \u00fb bav\u00ea w\u00ee be\u015fdar\u00ee \u00ear\u00ee\u015fa li ser \u015eengal\u00ea b\u00fbye niha di nava ref\u00ean YB\u015e\u2019\u00ea de ye \u00fb weke \u015fof\u00ear\u00ea berpirs\u00ea \u00eestixbarata YB\u015e\u2019\u00ea kar dike. Li gor agahiy\u00ean taybet \u00ean p\u00eageha Darka Maz\u00ee ku li \u00e7avkaniy\u00ean her\u00eam\u00ee bi dest xistine, Esker Y\u00fbnis Hem\u00eed M\u00eel\u00ee, bi kod [&hellip;]<\/p>\n","protected":false},"author":2,"featured_media":1038408,"comment_status":"closed","ping_status":"closed","sticky":false,"template":"","format":"standard","meta":{"footnotes":""},"categories":[29],"tags":[37],"class_list":["post-1038407","post","type-post","status-publish","format-standard","has-post-thumbnail","hentry","category-kurdistan","tag-sereke"],"blocksy_meta":[],"seo_head":"<!-- This site is optimized with the Yoast SEO plugin v27.5 - https:\/\/yoast.com\/product\/yoast-seo-wordpress\/ -->\n<title>Kur\u00ea teror\u00eestek\u00ee DAI\u015e\u00ea \u015fof\u00ear\u00ea berpirsek\u00ee YB\u015e\u2019\u00ea ye - Darka Maz\u00ee<\/title>\n<meta name=\"robots\" content=\"index, follow, max-snippet:-1, max-image-preview:large, max-video-preview:-1\" \/>\n<link rel=\"canonical\" href=\"https:\/\/darkamazi.info\/archives\/1038407\" \/>\n<meta property=\"og:locale\" content=\"en_US\" \/>\n<meta property=\"og:type\" content=\"article\" \/>\n<meta property=\"og:title\" content=\"Kur\u00ea teror\u00eestek\u00ee DAI\u015e\u00ea \u015fof\u00ear\u00ea berpirsek\u00ee YB\u015e\u2019\u00ea ye - Darka Maz\u00ee\" \/>\n<meta property=\"og:description\" content=\"Kur\u00ea teror\u00eestek\u00ee ser bi DAI\u015e\u00ea ve ku bi regez erebe \u00fb bav\u00ea w\u00ee be\u015fdar\u00ee \u00ear\u00ee\u015fa li ser \u015eengal\u00ea b\u00fbye niha di nava ref\u00ean YB\u015e\u2019\u00ea de ye \u00fb weke \u015fof\u00ear\u00ea berpirs\u00ea \u00eestixbarata YB\u015e\u2019\u00ea kar dike. Li gor agahiy\u00ean taybet \u00ean p\u00eageha Darka Maz\u00ee ku li \u00e7avkaniy\u00ean her\u00eam\u00ee bi dest xistine, Esker Y\u00fbnis Hem\u00eed M\u00eel\u00ee, bi kod [&hellip;]\" \/>\n<meta property=\"og:url\" content=\"https:\/\/darkamazi.info\/archives\/1038407\" \/>\n<meta property=\"og:site_name\" content=\"Darka Maz\u00ee\" \/>\n<meta property=\"article:publisher\" content=\"https:\/\/www.facebook.com\/DarMaziKurmanci\" \/>\n<meta property=\"article:published_time\" content=\"2023-09-25T15:52:38+00:00\" \/>\n<meta property=\"og:image\" content=\"https:\/\/darkamazi.info\/file\/2023\/09\/ybs.jpg\" \/>\n\t<meta property=\"og:image:width\" content=\"900\" \/>\n\t<meta property=\"og:image:height\" content=\"497\" \/>\n\t<meta property=\"og:image:type\" content=\"image\/jpeg\" \/>\n<meta name=\"author\" content=\"darka mazi\" \/>\n<meta name=\"twitter:card\" content=\"summary_large_image\" \/>\n<meta name=\"twitter:creator\" content=\"@DarkaMaziLatini\" \/>\n<meta name=\"twitter:site\" content=\"@DarkaMaziLatini\" \/>\n<meta name=\"twitter:label1\" content=\"Written by\" \/>\n\t<meta name=\"twitter:data1\" content=\"darka mazi\" \/>\n\t<meta name=\"twitter:label2\" content=\"Est. reading time\" \/>\n\t<meta name=\"twitter:data2\" content=\"2 minutes\" \/>\n<script type=\"application\/ld+json\" class=\"seo-schema-graph\">{\"@context\":\"https:\\\/\\\/schema.org\",\"@graph\":[{\"@type\":\"Article\",\"@id\":\"https:\\\/\\\/darkamazi.info\\\/archives\\\/1038407#article\",\"isPartOf\":{\"@id\":\"https:\\\/\\\/darkamazi.info\\\/archives\\\/1038407\"},\"author\":{\"name\":\"darka mazi\",\"@id\":\"https:\\\/\\\/darkamazi.info\\\/#\\\/schema\\\/person\\\/5ad3e24553a0567993fa8ed4bd0a776c\"},\"headline\":\"Kur\u00ea teror\u00eestek\u00ee DAI\u015e\u00ea \u015fof\u00ear\u00ea berpirsek\u00ee YB\u015e\u2019\u00ea ye\",\"datePublished\":\"2023-09-25T15:52:38+00:00\",\"mainEntityOfPage\":{\"@id\":\"https:\\\/\\\/darkamazi.info\\\/archives\\\/1038407\"},\"wordCount\":324,\"publisher\":{\"@id\":\"https:\\\/\\\/darkamazi.info\\\/#organization\"},\"image\":{\"@id\":\"https:\\\/\\\/darkamazi.info\\\/archives\\\/1038407#primaryimage\"},\"thumbnailUrl\":\"https:\\\/\\\/darkamazi.info\\\/darka-content\\\/uploads\\\/2023\\\/09\\\/ybs.jpg\",\"keywords\":[\"sereke\"],\"articleSection\":[\"Kurdistan\"],\"inLanguage\":\"en-US\"},{\"@type\":\"WebPage\",\"@id\":\"https:\\\/\\\/darkamazi.info\\\/archives\\\/1038407\",\"url\":\"https:\\\/\\\/darkamazi.info\\\/archives\\\/1038407\",\"name\":\"Kur\u00ea teror\u00eestek\u00ee DAI\u015e\u00ea \u015fof\u00ear\u00ea berpirsek\u00ee YB\u015e\u2019\u00ea ye - Darka Maz\u00ee\",\"isPartOf\":{\"@id\":\"https:\\\/\\\/darkamazi.info\\\/#website\"},\"primaryImageOfPage\":{\"@id\":\"https:\\\/\\\/darkamazi.info\\\/archives\\\/1038407#primaryimage\"},\"image\":{\"@id\":\"https:\\\/\\\/darkamazi.info\\\/archives\\\/1038407#primaryimage\"},\"thumbnailUrl\":\"https:\\\/\\\/darkamazi.info\\\/darka-content\\\/uploads\\\/2023\\\/09\\\/ybs.jpg\",\"datePublished\":\"2023-09-25T15:52:38+00:00\",\"breadcrumb\":{\"@id\":\"https:\\\/\\\/darkamazi.info\\\/archives\\\/1038407#breadcrumb\"},\"inLanguage\":\"en-US\",\"potentialAction\":[{\"@type\":\"ReadAction\",\"target\":[\"https:\\\/\\\/darkamazi.info\\\/archives\\\/1038407\"]}]},{\"@type\":\"ImageObject\",\"inLanguage\":\"en-US\",\"@id\":\"https:\\\/\\\/darkamazi.info\\\/archives\\\/1038407#primaryimage\",\"url\":\"https:\\\/\\\/darkamazi.info\\\/darka-content\\\/uploads\\\/2023\\\/09\\\/ybs.jpg\",\"contentUrl\":\"https:\\\/\\\/darkamazi.info\\\/darka-content\\\/uploads\\\/2023\\\/09\\\/ybs.jpg\",\"width\":900,\"height\":497,\"caption\":\"Kur\u00ea teror\u00eestek\u00ee DAI\u015e\u00ea \u015fof\u00ear\u00ea berpirsek\u00ee YB\u015e\u2019\u00ea ye\"},{\"@type\":\"BreadcrumbList\",\"@id\":\"https:\\\/\\\/darkamazi.info\\\/archives\\\/1038407#breadcrumb\",\"itemListElement\":[{\"@type\":\"ListItem\",\"position\":1,\"name\":\"Home\",\"item\":\"https:\\\/\\\/darkamazi.info\\\/\"},{\"@type\":\"ListItem\",\"position\":2,\"name\":\"Kur\u00ea teror\u00eestek\u00ee DAI\u015e\u00ea \u015fof\u00ear\u00ea berpirsek\u00ee YB\u015e\u2019\u00ea ye\"}]},{\"@type\":\"WebSite\",\"@id\":\"https:\\\/\\\/darkamazi.info\\\/#website\",\"url\":\"https:\\\/\\\/darkamazi.info\\\/\",\"name\":\"Darka Maz\u00ee\",\"description\":\"P\u00eageha Zanyariy\u00ean Nebih\u00eest\u00ee\",\"publisher\":{\"@id\":\"https:\\\/\\\/darkamazi.info\\\/#organization\"},\"potentialAction\":[{\"@type\":\"SearchAction\",\"target\":{\"@type\":\"EntryPoint\",\"urlTemplate\":\"https:\\\/\\\/darkamazi.info\\\/?s={search_term_string}\"},\"query-input\":{\"@type\":\"PropertyValueSpecification\",\"valueRequired\":true,\"valueName\":\"search_term_string\"}}],\"inLanguage\":\"en-US\"},{\"@type\":\"Organization\",\"@id\":\"https:\\\/\\\/darkamazi.info\\\/#organization\",\"name\":\"Darka Maz\u00ee\",\"url\":\"https:\\\/\\\/darkamazi.info\\\/\",\"logo\":{\"@type\":\"ImageObject\",\"inLanguage\":\"en-US\",\"@id\":\"https:\\\/\\\/darkamazi.info\\\/#\\\/schema\\\/logo\\\/image\\\/\",\"url\":\"https:\\\/\\\/darkamazi.info\\\/darka-content\\\/uploads\\\/2017\\\/12\\\/darka-mazi-logo.png\",\"contentUrl\":\"https:\\\/\\\/darkamazi.info\\\/darka-content\\\/uploads\\\/2017\\\/12\\\/darka-mazi-logo.png\",\"width\":151,\"height\":75,\"caption\":\"Darka Maz\u00ee\"},\"image\":{\"@id\":\"https:\\\/\\\/darkamazi.info\\\/#\\\/schema\\\/logo\\\/image\\\/\"},\"sameAs\":[\"https:\\\/\\\/www.facebook.com\\\/DarMaziKurmanci\",\"https:\\\/\\\/x.com\\\/DarkaMaziLatini\",\"https:\\\/\\\/www.instagram.com\\\/darkamazi.kurmanci\\\/\",\"https:\\\/\\\/www.youtube.com\\\/channel\\\/UCa5HkTdmI8U1qCUFuTw8B2g\"]},{\"@type\":\"Person\",\"@id\":\"https:\\\/\\\/darkamazi.info\\\/#\\\/schema\\\/person\\\/5ad3e24553a0567993fa8ed4bd0a776c\",\"name\":\"darka mazi\",\"sameAs\":[\"https:\\\/\\\/darkamazi.info\\\/\"],\"url\":\"https:\\\/\\\/darkamazi.info\\\/archives\\\/author\\\/kurdi\"}]}<\/script>\n<!-- \/ Yoast SEO plugin. -->","seo_head_json":{"title":"Kur\u00ea teror\u00eestek\u00ee DAI\u015e\u00ea \u015fof\u00ear\u00ea berpirsek\u00ee YB\u015e\u2019\u00ea ye - Darka Maz\u00ee","robots":{"index":"index","follow":"follow","max-snippet":"max-snippet:-1","max-image-preview":"max-image-preview:large","max-video-preview":"max-video-preview:-1"},"canonical":"https:\/\/darkamazi.info\/archives\/1038407","og_locale":"en_US","og_type":"article","og_title":"Kur\u00ea teror\u00eestek\u00ee DAI\u015e\u00ea \u015fof\u00ear\u00ea berpirsek\u00ee YB\u015e\u2019\u00ea ye - Darka Maz\u00ee","og_description":"Kur\u00ea teror\u00eestek\u00ee ser bi DAI\u015e\u00ea ve ku bi regez erebe \u00fb bav\u00ea w\u00ee be\u015fdar\u00ee \u00ear\u00ee\u015fa li ser \u015eengal\u00ea b\u00fbye niha di nava ref\u00ean YB\u015e\u2019\u00ea de ye \u00fb weke \u015fof\u00ear\u00ea berpirs\u00ea \u00eestixbarata YB\u015e\u2019\u00ea kar dike. Li gor agahiy\u00ean taybet \u00ean p\u00eageha Darka Maz\u00ee ku li \u00e7avkaniy\u00ean her\u00eam\u00ee bi dest xistine, Esker Y\u00fbnis Hem\u00eed M\u00eel\u00ee, bi kod [&hellip;]","og_url":"https:\/\/darkamazi.info\/archives\/1038407","og_site_name":"Darka Maz\u00ee","article_publisher":"https:\/\/www.facebook.com\/DarMaziKurmanci","article_published_time":"2023-09-25T15:52:38+00:00","og_image":[{"width":900,"height":497,"url":"https:\/\/darkamazi.info\/file\/2023\/09\/ybs.jpg","type":"image\/jpeg"}],"author":"darka mazi","twitter_card":"summary_large_image","twitter_creator":"@DarkaMaziLatini","twitter_site":"@DarkaMaziLatini","twitter_misc":{"Written by":"darka mazi","Est. reading time":"2 minutes"},"schema":{"@context":"https:\/\/schema.org","@graph":[{"@type":"Article","@id":"https:\/\/darkamazi.info\/archives\/1038407#article","isPartOf":{"@id":"https:\/\/darkamazi.info\/archives\/1038407"},"author":{"name":"darka mazi","@id":"https:\/\/darkamazi.info\/#\/schema\/person\/5ad3e24553a0567993fa8ed4bd0a776c"},"headline":"Kur\u00ea teror\u00eestek\u00ee DAI\u015e\u00ea \u015fof\u00ear\u00ea berpirsek\u00ee YB\u015e\u2019\u00ea ye","datePublished":"2023-09-25T15:52:38+00:00","mainEntityOfPage":{"@id":"https:\/\/darkamazi.info\/archives\/1038407"},"wordCount":324,"publisher":{"@id":"https:\/\/darkamazi.info\/#organization"},"image":{"@id":"https:\/\/darkamazi.info\/archives\/1038407#primaryimage"},"thumbnailUrl":"https:\/\/darkamazi.info\/file\/2023\/09\/ybs.jpg","keywords":["sereke"],"articleSection":["Kurdistan"],"inLanguage":"en-US"},{"@type":"WebPage","@id":"https:\/\/darkamazi.info\/archives\/1038407","url":"https:\/\/darkamazi.info\/archives\/1038407","name":"Kur\u00ea teror\u00eestek\u00ee DAI\u015e\u00ea \u015fof\u00ear\u00ea berpirsek\u00ee YB\u015e\u2019\u00ea ye - Darka Maz\u00ee","isPartOf":{"@id":"https:\/\/darkamazi.info\/#website"},"primaryImageOfPage":{"@id":"https:\/\/darkamazi.info\/archives\/1038407#primaryimage"},"image":{"@id":"https:\/\/darkamazi.info\/archives\/1038407#primaryimage"},"thumbnailUrl":"https:\/\/darkamazi.info\/file\/2023\/09\/ybs.jpg","datePublished":"2023-09-25T15:52:38+00:00","breadcrumb":{"@id":"https:\/\/darkamazi.info\/archives\/1038407#breadcrumb"},"inLanguage":"en-US","potentialAction":[{"@type":"ReadAction","target":["https:\/\/darkamazi.info\/archives\/1038407"]}]},{"@type":"ImageObject","inLanguage":"en-US","@id":"https:\/\/darkamazi.info\/archives\/1038407#primaryimage","url":"https:\/\/darkamazi.info\/file\/2023\/09\/ybs.jpg","contentUrl":"https:\/\/darkamazi.info\/file\/2023\/09\/ybs.jpg","width":900,"height":497,"caption":"Kur\u00ea teror\u00eestek\u00ee DAI\u015e\u00ea \u015fof\u00ear\u00ea berpirsek\u00ee YB\u015e\u2019\u00ea ye"},{"@type":"BreadcrumbList","@id":"https:\/\/darkamazi.info\/archives\/1038407#breadcrumb","itemListElement":[{"@type":"ListItem","position":1,"name":"Home","item":"https:\/\/darkamazi.info\/"},{"@type":"ListItem","position":2,"name":"Kur\u00ea teror\u00eestek\u00ee DAI\u015e\u00ea \u015fof\u00ear\u00ea berpirsek\u00ee YB\u015e\u2019\u00ea ye"}]},{"@type":"WebSite","@id":"https:\/\/darkamazi.info\/#website","url":"https:\/\/darkamazi.info\/","name":"Darka Maz\u00ee","description":"P\u00eageha Zanyariy\u00ean Nebih\u00eest\u00ee","publisher":{"@id":"https:\/\/darkamazi.info\/#organization"},"potentialAction":[{"@type":"SearchAction","target":{"@type":"EntryPoint","urlTemplate":"https:\/\/darkamazi.info\/?s={search_term_string}"},"query-input":{"@type":"PropertyValueSpecification","valueRequired":true,"valueName":"search_term_string"}}],"inLanguage":"en-US"},{"@type":"Organization","@id":"https:\/\/darkamazi.info\/#organization","name":"Darka Maz\u00ee","url":"https:\/\/darkamazi.info\/","logo":{"@type":"ImageObject","inLanguage":"en-US","@id":"https:\/\/darkamazi.info\/#\/schema\/logo\/image\/","url":"https:\/\/darkamazi.info\/file\/2017\/12\/darka-mazi-logo.png","contentUrl":"https:\/\/darkamazi.info\/file\/2017\/12\/darka-mazi-logo.png","width":151,"height":75,"caption":"Darka Maz\u00ee"},"image":{"@id":"https:\/\/darkamazi.info\/#\/schema\/logo\/image\/"},"sameAs":["https:\/\/www.facebook.com\/DarMaziKurmanci","https:\/\/x.com\/DarkaMaziLatini","https:\/\/www.instagram.com\/darkamazi.kurmanci\/","https:\/\/www.youtube.com\/channel\/UCa5HkTdmI8U1qCUFuTw8B2g"]},{"@type":"Person","@id":"https:\/\/darkamazi.info\/#\/schema\/person\/5ad3e24553a0567993fa8ed4bd0a776c","name":"darka mazi","sameAs":["https:\/\/darkamazi.info\/"],"url":"https:\/\/darkamazi.info\/archives\/author\/kurdi"}]}},"_links":{"self":[{"href":"https:\/\/darkamazi.info\/funavuv\/wp\/v2\/posts\/1038407","targetHints":{"allow":["GET"]}}],"collection":[{"href":"https:\/\/darkamazi.info\/funavuv\/wp\/v2\/posts"}],"about":[{"href":"https:\/\/darkamazi.info\/funavuv\/wp\/v2\/types\/post"}],"author":[{"embeddable":true,"href":"https:\/\/darkamazi.info\/funavuv\/wp\/v2\/users\/2"}],"replies":[{"embeddable":true,"href":"https:\/\/darkamazi.info\/funavuv\/wp\/v2\/comments?post=1038407"}],"version-history":[{"count":0,"href":"https:\/\/darkamazi.info\/funavuv\/wp\/v2\/posts\/1038407\/revisions"}],"wp:featuredmedia":[{"embeddable":true,"href":"https:\/\/darkamazi.info\/funavuv\/wp\/v2\/media\/1038408"}],"wp:attachment":[{"href":"https:\/\/darkamazi.info\/funavuv\/wp\/v2\/media?parent=1038407"}],"wp:term":[{"taxonomy":"category","embeddable":true,"href":"https:\/\/darkamazi.info\/funavuv\/wp\/v2\/categories?post=1038407"},{"taxonomy":"post_tag","embeddable":true,"href":"https:\/\/darkamazi.info\/funavuv\/wp\/v2\/tags?post=1038407"}],"curies":[{"name":"wp","href":"https:\/\/api.w.org\/{rel}","templated":true}]}}