{"id":1038726,"date":"2023-10-15T17:53:25","date_gmt":"2023-10-15T14:53:25","guid":{"rendered":"https:\/\/darkamazi.info\/?p=1038726"},"modified":"2023-10-15T17:53:25","modified_gmt":"2023-10-15T14:53:25","slug":"mihemed-selim-curukkaya-cima-u-cewa-ji-pkke-veqetiya-8","status":"publish","type":"post","link":"https:\/\/darkamazi.info\/archives\/1038726","title":{"rendered":"Mihemed Sel\u00eem \u00c7urukkaya \u00e7ima \u00fb \u00e7ewa ji PKK\u2019\u00ea veqetiya?-8"},"content":{"rendered":"<h3 style=\"text-align: justify\"><span style=\"font-family: 'arial black', sans-serif\">Mihemed Sel\u00eem \u00c7urukkaya yek ji damezr\u00eener\u00ean PKK\u2019\u00ea ye, ew rojnamevan, siyasetmedar \u00fb niv\u00eeser e, jiber wilatpar\u00eaz\u00ee \u00fb kurdperweriya w\u00ee dema 11 salan di zindan\u00ean cuda y\u00ean Tirkiy\u00ea de, di rew\u015feke her\u00ee xereb de li ber xwe da \u00fb tesl\u00eem neb\u00fb, dema ji zindan\u00ea azad dibe, ber\u00ea xwe dide \u00e7iya, bi Evdila Ocalan re d\u00eesa t\u00eakildar dibe, dema ji zindan\u00ea azad b\u00fby \u00fb vegeriyay nava PKK\u2019\u00ea de ji gelek ti\u015ft\u00ean di nava PKK\u2019\u00ea de b\u00fby\u00ee qan\u00fbn neraz\u00ee b\u00fb, l\u00ea nekar\u00ee neraz\u00eeb\u00fbna xwe bi azadane beyan bike, ji ber ku diyarkirina neraz\u00eeb\u00fbn\u00ea bi wateya dijat\u00eekirina Ocalan t\u00ea, b\u00eay guman ev yek j\u00ee da bibe sedema s\u00fb\u00e7barkirina w\u00ee bi \u00eexanet\u00ea \u00fb pi\u015ftre tasfiyekirina w\u00ee, ji ne\u00e7ar\u00ee biryara rev\u00een\u00ea ji nava PKK\u2019\u00ea \u00fb veqet\u00eena ji v\u00ea partiy\u00ea dide, w\u00ee bi niv\u00eesandina pirt\u00fbkek\u00ee bi nav\u00ea \u201cAyet\u00ean Apo\u201d hewl da rastiya Ocalan \u00fb PKK\u2019\u00ea ji gel\u00ea kurd \u00fb c\u00eehan\u00ea re e\u015fkere bike.<\/span><\/h3>\n<h3 style=\"text-align: justify\">Di v\u00ea pirt\u00fbk\u00ea de ba\u015f xweya dibe ku gelek tengas\u00ee d\u00eetine heya ku bikare xwe bigih\u00eene Ewropay\u00ea, dema ji PKK\u2019\u00ea vediqete \u00fb li Libnan\u00ea b\u00eay pere \u00fb pasport dikeve ko\u00e7e \u00fb kolan\u00ean Beyrot\u00ea, pirr caran di xeyal\u00ean xwe de hin pirs\u00ean gir\u00eeng ji xwe dike ku mirov dikare wusa \u015f\u00eerove bike ku ger ew bihatiba girtin da Ocalan j\u00ee heman pirsan ji w\u00ee bike. Em\u00ea hewl bidin di \u00e7end niv\u00eesan de bas\u00ee hin ji sedem\u00ean veqet\u00eena \u00c7urukkaya ji PKK\u2019\u00ea \u00fb helwest \u00fb biryar\u00ean Ocalan di nava PKK\u2019\u00ea de ku niv\u00easer bi \u201cAyet\u00ean Apo\u201d dide naskirin bikin.<\/h3>\n<h3 style=\"text-align: justify\"><span style=\"font-family: 'arial black', sans-serif\">\u00c7ima Ocalan r\u00ea nade kadroy\u00ean PKK\u2019\u00ea bifikirin?<\/span><\/h3>\n<h3 style=\"text-align: justify\">Di v\u00ea derbar\u00ea de li gor axaftina Mihemed Sel\u00eem \u00c7urukkaya, Ocalan bi v\u00ee awa difikire \u00fb dib\u00eaje: dema mirov dest bi hizir kirin\u00ea dike pir xeternake, ji ber ku ew bi xwe nizane \u00e7i dike, ger kadro helwest wergirt \u00fb hizir afirandin w\u00ea xwe b\u00eenin r\u00eaza min, yan j\u00ee min ast \u00fb posta xwe nizim kiriye, ti cudah\u00ee tune, her du heman ti\u015ft in, l\u00ea bel\u00ea ew yek tawaneke mezine, ji ber v\u00ea yek\u00ea ez ayetan ji bendey\u00ean xwe re r\u00ea dikim heya ku dadgeh\u00ea damezr\u00eenin \u00fb kes\u00ean tawanbar dadgeh bikin, dozger\u00ea gi\u015ft\u00ee di heman dem de \u00eed\u00eeanameya s\u00fb\u00e7barkirin\u00ea berhev dike, b\u00eay guman \u00eed\u00eeanameya s\u00fb\u00e7barkirin\u00ea li gor \u015f\u00eawaza PKK\u2019\u00ea ango \u015f\u00eawaza min t\u00ea berhevkirin.<\/h3>\n<h3 style=\"text-align: justify\">Dema kar\u00ea s\u00fb\u00e7barkirin\u00ea bi daw\u00ee dibe, tev xwendkar\u00ean akademy\u00ea w\u00ea di hol\u00ea de kom bibin, desteya dadweriy\u00ea w\u00ea li cihek\u00ee e\u015fkere r\u00fbne, ew kes\u00ea b\u00eay buha w\u00ea were bang kirin \u00fb dozger\u00ea gi\u015ft\u00ee w\u00ea \u00eed\u00eeanameya xwe bixw\u00eene, piraniya cara tev \u00eed\u00eeaname wek hevin, tawana kes\u00ea hatiye bang kirin j\u00ee heman tawana kes\u00ean p\u00ea\u015f w\u00ee hatine bang kirine, ew fikrin y\u00ean ji dervey fikr\u00ean min hatine afirandin, ayet\u00ean min weke xwe dubare nekirine, ayet\u00ean min kirine mijara dan\u00fbstandin\u00ea, ner\u00eena min weke mirovek d\u00eetin \u00fb axaftin bi \u015f\u00eawaza xwe, b\u00eay goman ji tawan\u00ean her\u00ee meznin, kes\u00ea ku ayet\u00ean min weke min niv\u00eesandin dubare neke \u00fb c\u00eebc\u00ee neke b\u00ea goman w\u00ee guhdariya dujminan kiriye, dujminan ew \u015fandiye nava partiy\u00ea de, ajane, ew kes\u00ea wan hevoka bikar ne\u00eene y\u00ean ez bikar t\u00eenim \u00fb debare neke, ew kes \u015f\u00eawaza xwe bikar t\u00eene, bikaran\u00eena \u015f\u00eawaza xwe di nava partiy\u00ea de tawane, ji ber ku di nava partiy\u00ea de bi ten\u00ea ez bi \u015f\u00eawaza xwe dipeyvim, axaftin bi \u015f\u00eawaza min ji boy min mezinahiye, l\u00ea bel\u00ea ger kesek din bi \u015f\u00eawaza xwe bipeyve tawaneke mezine, ev qan\u00fbna partiy\u00ea ye, gelo qey min ev qan\u00fbn ji xwe re dan\u00eeye? Ji xeyn\u00ee min y\u00ea ku bi \u015f\u00eawaza xwe bipeyve, w\u00ee \u00e7av\u00ea xwe biriye r\u00eabertiy\u00ea yan j\u00ee cureke din \u00ea r\u00eabertiy\u00ea ku sernakeve, dawiy\u00ea j\u00ee ew b\u00fbne ajan\u00ean Kemal\u00eezm\u00ea yanj\u00ee y\u00ean \u00eempiryal\u00eezm\u00ea ez nizanim, dema \u015f\u00eawaza r\u00eaberatiy\u00ea hebe c\u00ee ji boy r\u00eabaza burciwaz\u00ee \u00fb dujminan tuneye, ma ne wisa ye? \u015e\u00eawaza r\u00eaberatiy\u00ea zelal \u00fb e\u015fkereye \u00fb encam hene.<\/h3>\n","protected":false},"excerpt":{"rendered":"<p>Mihemed Sel\u00eem \u00c7urukkaya yek ji damezr\u00eener\u00ean PKK\u2019\u00ea ye, ew rojnamevan, siyasetmedar \u00fb niv\u00eeser e, jiber wilatpar\u00eaz\u00ee \u00fb kurdperweriya w\u00ee dema 11 salan di zindan\u00ean cuda y\u00ean Tirkiy\u00ea de, di rew\u015feke her\u00ee xereb de li ber xwe da \u00fb tesl\u00eem neb\u00fb, dema ji zindan\u00ea azad dibe, ber\u00ea xwe dide \u00e7iya, bi Evdila Ocalan re d\u00eesa t\u00eakildar [&hellip;]<\/p>\n","protected":false},"author":2,"featured_media":1038727,"comment_status":"closed","ping_status":"closed","sticky":false,"template":"","format":"standard","meta":{"footnotes":""},"categories":[67],"tags":[],"class_list":["post-1038726","post","type-post","status-publish","format-standard","has-post-thumbnail","hentry","category-namilke"],"blocksy_meta":[],"seo_head":"<!-- This site is optimized with the Yoast SEO plugin v27.5 - https:\/\/yoast.com\/product\/yoast-seo-wordpress\/ -->\n<title>Mihemed Sel\u00eem \u00c7urukkaya \u00e7ima \u00fb \u00e7ewa ji PKK\u2019\u00ea veqetiya?-8 - Darka Maz\u00ee<\/title>\n<meta name=\"robots\" content=\"index, follow, max-snippet:-1, max-image-preview:large, max-video-preview:-1\" \/>\n<link rel=\"canonical\" href=\"https:\/\/darkamazi.info\/archives\/1038726\" \/>\n<meta property=\"og:locale\" content=\"en_US\" \/>\n<meta property=\"og:type\" content=\"article\" \/>\n<meta property=\"og:title\" content=\"Mihemed Sel\u00eem \u00c7urukkaya \u00e7ima \u00fb \u00e7ewa ji PKK\u2019\u00ea veqetiya?-8 - Darka Maz\u00ee\" \/>\n<meta property=\"og:description\" content=\"Mihemed Sel\u00eem \u00c7urukkaya yek ji damezr\u00eener\u00ean PKK\u2019\u00ea ye, ew rojnamevan, siyasetmedar \u00fb niv\u00eeser e, jiber wilatpar\u00eaz\u00ee \u00fb kurdperweriya w\u00ee dema 11 salan di zindan\u00ean cuda y\u00ean Tirkiy\u00ea de, di rew\u015feke her\u00ee xereb de li ber xwe da \u00fb tesl\u00eem neb\u00fb, dema ji zindan\u00ea azad dibe, ber\u00ea xwe dide \u00e7iya, bi Evdila Ocalan re d\u00eesa t\u00eakildar [&hellip;]\" \/>\n<meta property=\"og:url\" content=\"https:\/\/darkamazi.info\/archives\/1038726\" \/>\n<meta property=\"og:site_name\" content=\"Darka Maz\u00ee\" \/>\n<meta property=\"article:publisher\" content=\"https:\/\/www.facebook.com\/DarMaziKurmanci\" \/>\n<meta property=\"article:published_time\" content=\"2023-10-15T14:53:25+00:00\" \/>\n<meta property=\"og:image\" content=\"https:\/\/darkamazi.info\/file\/2023\/10\/ayeten-apo.jpg\" \/>\n\t<meta property=\"og:image:width\" content=\"900\" \/>\n\t<meta property=\"og:image:height\" content=\"497\" \/>\n\t<meta property=\"og:image:type\" content=\"image\/jpeg\" \/>\n<meta name=\"author\" content=\"darka mazi\" \/>\n<meta name=\"twitter:card\" content=\"summary_large_image\" \/>\n<meta name=\"twitter:creator\" content=\"@DarkaMaziLatini\" \/>\n<meta name=\"twitter:site\" content=\"@DarkaMaziLatini\" \/>\n<meta name=\"twitter:label1\" content=\"Written by\" \/>\n\t<meta name=\"twitter:data1\" content=\"darka mazi\" \/>\n\t<meta name=\"twitter:label2\" content=\"Est. reading time\" \/>\n\t<meta name=\"twitter:data2\" content=\"3 minutes\" \/>\n<script type=\"application\/ld+json\" class=\"seo-schema-graph\">{\"@context\":\"https:\\\/\\\/schema.org\",\"@graph\":[{\"@type\":\"Article\",\"@id\":\"https:\\\/\\\/darkamazi.info\\\/archives\\\/1038726#article\",\"isPartOf\":{\"@id\":\"https:\\\/\\\/darkamazi.info\\\/archives\\\/1038726\"},\"author\":{\"name\":\"darka mazi\",\"@id\":\"https:\\\/\\\/darkamazi.info\\\/#\\\/schema\\\/person\\\/5ad3e24553a0567993fa8ed4bd0a776c\"},\"headline\":\"Mihemed Sel\u00eem \u00c7urukkaya \u00e7ima \u00fb \u00e7ewa ji PKK\u2019\u00ea veqetiya?-8\",\"datePublished\":\"2023-10-15T14:53:25+00:00\",\"mainEntityOfPage\":{\"@id\":\"https:\\\/\\\/darkamazi.info\\\/archives\\\/1038726\"},\"wordCount\":698,\"publisher\":{\"@id\":\"https:\\\/\\\/darkamazi.info\\\/#organization\"},\"image\":{\"@id\":\"https:\\\/\\\/darkamazi.info\\\/archives\\\/1038726#primaryimage\"},\"thumbnailUrl\":\"https:\\\/\\\/darkamazi.info\\\/darka-content\\\/uploads\\\/2023\\\/10\\\/ayeten-apo.jpg\",\"articleSection\":[\"Nam\u00eelke\"],\"inLanguage\":\"en-US\"},{\"@type\":\"WebPage\",\"@id\":\"https:\\\/\\\/darkamazi.info\\\/archives\\\/1038726\",\"url\":\"https:\\\/\\\/darkamazi.info\\\/archives\\\/1038726\",\"name\":\"Mihemed Sel\u00eem \u00c7urukkaya \u00e7ima \u00fb \u00e7ewa ji PKK\u2019\u00ea veqetiya?-8 - Darka Maz\u00ee\",\"isPartOf\":{\"@id\":\"https:\\\/\\\/darkamazi.info\\\/#website\"},\"primaryImageOfPage\":{\"@id\":\"https:\\\/\\\/darkamazi.info\\\/archives\\\/1038726#primaryimage\"},\"image\":{\"@id\":\"https:\\\/\\\/darkamazi.info\\\/archives\\\/1038726#primaryimage\"},\"thumbnailUrl\":\"https:\\\/\\\/darkamazi.info\\\/darka-content\\\/uploads\\\/2023\\\/10\\\/ayeten-apo.jpg\",\"datePublished\":\"2023-10-15T14:53:25+00:00\",\"breadcrumb\":{\"@id\":\"https:\\\/\\\/darkamazi.info\\\/archives\\\/1038726#breadcrumb\"},\"inLanguage\":\"en-US\",\"potentialAction\":[{\"@type\":\"ReadAction\",\"target\":[\"https:\\\/\\\/darkamazi.info\\\/archives\\\/1038726\"]}]},{\"@type\":\"ImageObject\",\"inLanguage\":\"en-US\",\"@id\":\"https:\\\/\\\/darkamazi.info\\\/archives\\\/1038726#primaryimage\",\"url\":\"https:\\\/\\\/darkamazi.info\\\/darka-content\\\/uploads\\\/2023\\\/10\\\/ayeten-apo.jpg\",\"contentUrl\":\"https:\\\/\\\/darkamazi.info\\\/darka-content\\\/uploads\\\/2023\\\/10\\\/ayeten-apo.jpg\",\"width\":900,\"height\":497,\"caption\":\"Mihemed Sel\u00eem \u00c7urukkaya \u00e7ima \u00fb \u00e7ewa ji PKK\u2019\u00ea veqetiya?-8\"},{\"@type\":\"BreadcrumbList\",\"@id\":\"https:\\\/\\\/darkamazi.info\\\/archives\\\/1038726#breadcrumb\",\"itemListElement\":[{\"@type\":\"ListItem\",\"position\":1,\"name\":\"Home\",\"item\":\"https:\\\/\\\/darkamazi.info\\\/\"},{\"@type\":\"ListItem\",\"position\":2,\"name\":\"Mihemed Sel\u00eem \u00c7urukkaya \u00e7ima \u00fb \u00e7ewa ji PKK\u2019\u00ea veqetiya?-8\"}]},{\"@type\":\"WebSite\",\"@id\":\"https:\\\/\\\/darkamazi.info\\\/#website\",\"url\":\"https:\\\/\\\/darkamazi.info\\\/\",\"name\":\"Darka Maz\u00ee\",\"description\":\"P\u00eageha Zanyariy\u00ean Nebih\u00eest\u00ee\",\"publisher\":{\"@id\":\"https:\\\/\\\/darkamazi.info\\\/#organization\"},\"potentialAction\":[{\"@type\":\"SearchAction\",\"target\":{\"@type\":\"EntryPoint\",\"urlTemplate\":\"https:\\\/\\\/darkamazi.info\\\/?s={search_term_string}\"},\"query-input\":{\"@type\":\"PropertyValueSpecification\",\"valueRequired\":true,\"valueName\":\"search_term_string\"}}],\"inLanguage\":\"en-US\"},{\"@type\":\"Organization\",\"@id\":\"https:\\\/\\\/darkamazi.info\\\/#organization\",\"name\":\"Darka Maz\u00ee\",\"url\":\"https:\\\/\\\/darkamazi.info\\\/\",\"logo\":{\"@type\":\"ImageObject\",\"inLanguage\":\"en-US\",\"@id\":\"https:\\\/\\\/darkamazi.info\\\/#\\\/schema\\\/logo\\\/image\\\/\",\"url\":\"https:\\\/\\\/darkamazi.info\\\/darka-content\\\/uploads\\\/2017\\\/12\\\/darka-mazi-logo.png\",\"contentUrl\":\"https:\\\/\\\/darkamazi.info\\\/darka-content\\\/uploads\\\/2017\\\/12\\\/darka-mazi-logo.png\",\"width\":151,\"height\":75,\"caption\":\"Darka Maz\u00ee\"},\"image\":{\"@id\":\"https:\\\/\\\/darkamazi.info\\\/#\\\/schema\\\/logo\\\/image\\\/\"},\"sameAs\":[\"https:\\\/\\\/www.facebook.com\\\/DarMaziKurmanci\",\"https:\\\/\\\/x.com\\\/DarkaMaziLatini\",\"https:\\\/\\\/www.instagram.com\\\/darkamazi.kurmanci\\\/\",\"https:\\\/\\\/www.youtube.com\\\/channel\\\/UCa5HkTdmI8U1qCUFuTw8B2g\"]},{\"@type\":\"Person\",\"@id\":\"https:\\\/\\\/darkamazi.info\\\/#\\\/schema\\\/person\\\/5ad3e24553a0567993fa8ed4bd0a776c\",\"name\":\"darka mazi\",\"sameAs\":[\"https:\\\/\\\/darkamazi.info\\\/\"],\"url\":\"https:\\\/\\\/darkamazi.info\\\/archives\\\/author\\\/kurdi\"}]}<\/script>\n<!-- \/ Yoast SEO plugin. -->","seo_head_json":{"title":"Mihemed Sel\u00eem \u00c7urukkaya \u00e7ima \u00fb \u00e7ewa ji PKK\u2019\u00ea veqetiya?-8 - Darka Maz\u00ee","robots":{"index":"index","follow":"follow","max-snippet":"max-snippet:-1","max-image-preview":"max-image-preview:large","max-video-preview":"max-video-preview:-1"},"canonical":"https:\/\/darkamazi.info\/archives\/1038726","og_locale":"en_US","og_type":"article","og_title":"Mihemed Sel\u00eem \u00c7urukkaya \u00e7ima \u00fb \u00e7ewa ji PKK\u2019\u00ea veqetiya?-8 - Darka Maz\u00ee","og_description":"Mihemed Sel\u00eem \u00c7urukkaya yek ji damezr\u00eener\u00ean PKK\u2019\u00ea ye, ew rojnamevan, siyasetmedar \u00fb niv\u00eeser e, jiber wilatpar\u00eaz\u00ee \u00fb kurdperweriya w\u00ee dema 11 salan di zindan\u00ean cuda y\u00ean Tirkiy\u00ea de, di rew\u015feke her\u00ee xereb de li ber xwe da \u00fb tesl\u00eem neb\u00fb, dema ji zindan\u00ea azad dibe, ber\u00ea xwe dide \u00e7iya, bi Evdila Ocalan re d\u00eesa t\u00eakildar [&hellip;]","og_url":"https:\/\/darkamazi.info\/archives\/1038726","og_site_name":"Darka Maz\u00ee","article_publisher":"https:\/\/www.facebook.com\/DarMaziKurmanci","article_published_time":"2023-10-15T14:53:25+00:00","og_image":[{"width":900,"height":497,"url":"https:\/\/darkamazi.info\/file\/2023\/10\/ayeten-apo.jpg","type":"image\/jpeg"}],"author":"darka mazi","twitter_card":"summary_large_image","twitter_creator":"@DarkaMaziLatini","twitter_site":"@DarkaMaziLatini","twitter_misc":{"Written by":"darka mazi","Est. reading time":"3 minutes"},"schema":{"@context":"https:\/\/schema.org","@graph":[{"@type":"Article","@id":"https:\/\/darkamazi.info\/archives\/1038726#article","isPartOf":{"@id":"https:\/\/darkamazi.info\/archives\/1038726"},"author":{"name":"darka mazi","@id":"https:\/\/darkamazi.info\/#\/schema\/person\/5ad3e24553a0567993fa8ed4bd0a776c"},"headline":"Mihemed Sel\u00eem \u00c7urukkaya \u00e7ima \u00fb \u00e7ewa ji PKK\u2019\u00ea veqetiya?-8","datePublished":"2023-10-15T14:53:25+00:00","mainEntityOfPage":{"@id":"https:\/\/darkamazi.info\/archives\/1038726"},"wordCount":698,"publisher":{"@id":"https:\/\/darkamazi.info\/#organization"},"image":{"@id":"https:\/\/darkamazi.info\/archives\/1038726#primaryimage"},"thumbnailUrl":"https:\/\/darkamazi.info\/file\/2023\/10\/ayeten-apo.jpg","articleSection":["Nam\u00eelke"],"inLanguage":"en-US"},{"@type":"WebPage","@id":"https:\/\/darkamazi.info\/archives\/1038726","url":"https:\/\/darkamazi.info\/archives\/1038726","name":"Mihemed Sel\u00eem \u00c7urukkaya \u00e7ima \u00fb \u00e7ewa ji PKK\u2019\u00ea veqetiya?-8 - Darka Maz\u00ee","isPartOf":{"@id":"https:\/\/darkamazi.info\/#website"},"primaryImageOfPage":{"@id":"https:\/\/darkamazi.info\/archives\/1038726#primaryimage"},"image":{"@id":"https:\/\/darkamazi.info\/archives\/1038726#primaryimage"},"thumbnailUrl":"https:\/\/darkamazi.info\/file\/2023\/10\/ayeten-apo.jpg","datePublished":"2023-10-15T14:53:25+00:00","breadcrumb":{"@id":"https:\/\/darkamazi.info\/archives\/1038726#breadcrumb"},"inLanguage":"en-US","potentialAction":[{"@type":"ReadAction","target":["https:\/\/darkamazi.info\/archives\/1038726"]}]},{"@type":"ImageObject","inLanguage":"en-US","@id":"https:\/\/darkamazi.info\/archives\/1038726#primaryimage","url":"https:\/\/darkamazi.info\/file\/2023\/10\/ayeten-apo.jpg","contentUrl":"https:\/\/darkamazi.info\/file\/2023\/10\/ayeten-apo.jpg","width":900,"height":497,"caption":"Mihemed Sel\u00eem \u00c7urukkaya \u00e7ima \u00fb \u00e7ewa ji PKK\u2019\u00ea veqetiya?-8"},{"@type":"BreadcrumbList","@id":"https:\/\/darkamazi.info\/archives\/1038726#breadcrumb","itemListElement":[{"@type":"ListItem","position":1,"name":"Home","item":"https:\/\/darkamazi.info\/"},{"@type":"ListItem","position":2,"name":"Mihemed Sel\u00eem \u00c7urukkaya \u00e7ima \u00fb \u00e7ewa ji PKK\u2019\u00ea veqetiya?-8"}]},{"@type":"WebSite","@id":"https:\/\/darkamazi.info\/#website","url":"https:\/\/darkamazi.info\/","name":"Darka Maz\u00ee","description":"P\u00eageha Zanyariy\u00ean Nebih\u00eest\u00ee","publisher":{"@id":"https:\/\/darkamazi.info\/#organization"},"potentialAction":[{"@type":"SearchAction","target":{"@type":"EntryPoint","urlTemplate":"https:\/\/darkamazi.info\/?s={search_term_string}"},"query-input":{"@type":"PropertyValueSpecification","valueRequired":true,"valueName":"search_term_string"}}],"inLanguage":"en-US"},{"@type":"Organization","@id":"https:\/\/darkamazi.info\/#organization","name":"Darka Maz\u00ee","url":"https:\/\/darkamazi.info\/","logo":{"@type":"ImageObject","inLanguage":"en-US","@id":"https:\/\/darkamazi.info\/#\/schema\/logo\/image\/","url":"https:\/\/darkamazi.info\/file\/2017\/12\/darka-mazi-logo.png","contentUrl":"https:\/\/darkamazi.info\/file\/2017\/12\/darka-mazi-logo.png","width":151,"height":75,"caption":"Darka Maz\u00ee"},"image":{"@id":"https:\/\/darkamazi.info\/#\/schema\/logo\/image\/"},"sameAs":["https:\/\/www.facebook.com\/DarMaziKurmanci","https:\/\/x.com\/DarkaMaziLatini","https:\/\/www.instagram.com\/darkamazi.kurmanci\/","https:\/\/www.youtube.com\/channel\/UCa5HkTdmI8U1qCUFuTw8B2g"]},{"@type":"Person","@id":"https:\/\/darkamazi.info\/#\/schema\/person\/5ad3e24553a0567993fa8ed4bd0a776c","name":"darka mazi","sameAs":["https:\/\/darkamazi.info\/"],"url":"https:\/\/darkamazi.info\/archives\/author\/kurdi"}]}},"_links":{"self":[{"href":"https:\/\/darkamazi.info\/funavuv\/wp\/v2\/posts\/1038726","targetHints":{"allow":["GET"]}}],"collection":[{"href":"https:\/\/darkamazi.info\/funavuv\/wp\/v2\/posts"}],"about":[{"href":"https:\/\/darkamazi.info\/funavuv\/wp\/v2\/types\/post"}],"author":[{"embeddable":true,"href":"https:\/\/darkamazi.info\/funavuv\/wp\/v2\/users\/2"}],"replies":[{"embeddable":true,"href":"https:\/\/darkamazi.info\/funavuv\/wp\/v2\/comments?post=1038726"}],"version-history":[{"count":0,"href":"https:\/\/darkamazi.info\/funavuv\/wp\/v2\/posts\/1038726\/revisions"}],"wp:featuredmedia":[{"embeddable":true,"href":"https:\/\/darkamazi.info\/funavuv\/wp\/v2\/media\/1038727"}],"wp:attachment":[{"href":"https:\/\/darkamazi.info\/funavuv\/wp\/v2\/media?parent=1038726"}],"wp:term":[{"taxonomy":"category","embeddable":true,"href":"https:\/\/darkamazi.info\/funavuv\/wp\/v2\/categories?post=1038726"},{"taxonomy":"post_tag","embeddable":true,"href":"https:\/\/darkamazi.info\/funavuv\/wp\/v2\/tags?post=1038726"}],"curies":[{"name":"wp","href":"https:\/\/api.w.org\/{rel}","templated":true}]}}