{"id":1038983,"date":"2023-10-30T18:46:57","date_gmt":"2023-10-30T15:46:57","guid":{"rendered":"https:\/\/darkamazi.info\/?p=1038983"},"modified":"2023-10-30T18:46:57","modified_gmt":"2023-10-30T15:46:57","slug":"mihemed-selim-curukkaya-cima-u-cewa-ji-pkke-veqetiya-9","status":"publish","type":"post","link":"https:\/\/darkamazi.info\/archives\/1038983","title":{"rendered":"Mihemed Sel\u00eem \u00c7urukkaya \u00e7ima \u00fb \u00e7ewa ji PKK\u2019\u00ea veqetiya?-9"},"content":{"rendered":"<h3 style=\"text-align: justify\"><span style=\"font-family: 'arial black', sans-serif\">Mihemed Sel\u00eem \u00c7urukkaya yek ji damezr\u00eener\u00ean PKK\u2019\u00ea ye, ew rojnamevan, siyasetmedar \u00fb niv\u00eeser e, jiber wilatpar\u00eaz\u00ee \u00fb kurdperweriya w\u00ee dema 11 salan di zindan\u00ean cuda y\u00ean Tirkiy\u00ea de, di rew\u015feke her\u00ee xereb de li ber xwe da \u00fb tesl\u00eem neb\u00fb, dema ji zindan\u00ea azad dibe, ber\u00ea xwe dide \u00e7iya, bi Evdila Ocalan re d\u00eesa t\u00eakildar dibe, dema ji zindan\u00ea azad b\u00fby \u00fb vegeriyay nava PKK\u2019\u00ea de ji gelek ti\u015ft\u00ean di nava PKK\u2019\u00ea de b\u00fby\u00ee qan\u00fbn neraz\u00ee b\u00fb, l\u00ea nekar\u00ee neraz\u00eeb\u00fbna xwe bi azadane beyan bike, ji ber ku diyarkirina neraz\u00eeb\u00fbn\u00ea bi wateya dijat\u00eekirina Ocalan t\u00ea, b\u00eay guman ev yek j\u00ee da bibe sedema s\u00fb\u00e7barkirina w\u00ee bi \u00eexanet\u00ea \u00fb pi\u015ftre tasfiyekirina w\u00ee, ji ne\u00e7ar\u00ee biryara rev\u00een\u00ea ji nava PKK\u2019\u00ea \u00fb veqet\u00eena ji v\u00ea partiy\u00ea dide, w\u00ee bi niv\u00eesandina pirt\u00fbkek\u00ee bi nav\u00ea \u201cAyet\u00ean Apo\u201d hewl da rastiya Ocalan \u00fb PKK\u2019\u00ea ji gel\u00ea kurd \u00fb c\u00eehan\u00ea re e\u015fkere bike.<\/span><\/h3>\n<h3 style=\"text-align: justify\">Di v\u00ea pirt\u00fbk\u00ea de ba\u015f xweya dibe ku gelek tengas\u00ee d\u00eetine heya ku bikare xwe bigih\u00eene Ewropay\u00ea, dema ji PKK\u2019\u00ea vediqete \u00fb li Libnan\u00ea b\u00eay pere \u00fb pasport dikeve ko\u00e7e \u00fb kolan\u00ean Beyrot\u00ea, pirr caran di xeyal\u00ean xwe de hin pirs\u00ean gir\u00eeng ji xwe dike ku mirov dikare wusa \u015f\u00eerove bike ku ger ew bihatiba girtin da Ocalan j\u00ee heman pirsan ji w\u00ee bike. Em\u00ea hewl bidin di \u00e7end niv\u00eesan de bas\u00ee hin ji sedem\u00ean veqet\u00eena \u00c7urukkaya ji PKK\u2019\u00ea \u00fb helwest \u00fb biryar\u00ean Ocalan di nava PKK\u2019\u00ea de ku niv\u00easer bi \u201cAyet\u00ean Apo\u201d dide naskirin bikin.<\/h3>\n<h3 style=\"text-align: justify\"><span style=\"font-family: 'arial black', sans-serif\">Di ner\u00eena Mihemed Sel\u00eem \u00c7urukkaya de Ocalan \u00e7ewa derbar\u00ea dadgeh\u00ean PKK\u2019\u00ea difikre?<\/span><\/h3>\n<h3 style=\"text-align: justify\">Ocalan: Li cem me tu kes nikare li himber dadgeh\u00ea berevaniy\u00ea ji xwe bike, maf\u00ea bergir\u00eekirin\u00ea ji xwe bi ten\u00ea di dadgeh\u00ean burcuwazan de heye, dadgeh\u00ean me dadgeh\u00ean gelin, ev ew dadgeh\u00ean serbixwene y\u00ean n\u00fbneratiya r\u00eaberiya min dikin, anku di dadgeh\u00ean gel de ku n\u00fbneratiya r\u00eaber\u00ea partiy\u00ea dikin, gelo r\u00ea t\u00ea day\u00een kesek bergiriy\u00ea ji xwe bike? Na, ez wusa sivik \u00fb b\u00eay buha neb\u00fbme, b\u00eereweriy\u00ean \u015feh\u00eed\u00ean ez\u00eez t\u00eak nadim, b\u00eagoman bi bawer\u00ee maf\u00ea axaftin\u00ea did\u00een kes\u00ean tawanbar, anku ew kes\u00ea b\u00eay buha, l\u00ea her kadroyek\u00ee heya \u00eero hatiye dadgehkirin, b\u00eay cudah\u00ee ev gotine kirine: &#8220;min ti ti\u015ftek din tuneye bib\u00eajim, beriya her kes\u00ee ji bo r\u00eaber\u00ea partiy\u00ea \u00fb berxwedanvan\u00ean \u00e7iya \u00fb zindaniya soz didim ez \u00e7ak bibim&#8221;, gelo qey min ji wan kadroyan re gotiye wusa bib\u00eajin? Na, l\u00ea ez li doseya bi hezaran dadgehkiriyan din\u00earim hem\u00fb we dib\u00eajin \u00fb hem\u00fb j\u00ee pesna min didin, anku ev \u015f\u00eawazek\u00ee r\u00eaberatiy\u00ea ye, bi rast\u00ee ez her tim dib\u00eajim: dest ji pesinday\u00eena min berdin, ti\u015ftek\u00ee biafir\u00eenin ku gel pesna we bide, l\u00ea nikarin, ji dest wan nay\u00ea, pirr b\u00ea mej\u00ee ne.<\/h3>\n<h3 style=\"text-align: justify\">Armanca dadgeh\u00ean me eve ku kesan b\u00eenin ser r\u00eaya rasta min, armanca ku\u015ftin\u00ea j\u00ee her eve, pey re armanca zindankirin\u00ea j\u00ee her eve, her weha armanca \u00ee\u015fkencedan\u00ea \u00fb her ti\u015ft\u00ee eve, bi v\u00ee awa t\u00ean ser r\u00eay\u00ea, ya ku ez dib\u00eajim b\u00eay qeyd \u00fb \u015fert pi\u015ftrast dikin, weke hizr\u00ean min hizir dikin, peyv\u00ean ku ez bikar t\u00eenim dubare dikin, ew bi xwe dest \u00a0ji hizir kirin \u00fb d\u00eetina t\u00eaza berdidin, ew hizr\u00ean ez hazir didim dest wan pi\u015ftevaniy\u00ea l\u00ea dikin, tev j\u00ee wek yekin, ser\u00ea wan l\u00ea bide \u00fb can\u00ea wan j\u00ea bist\u00eene, pir hejarin, li himber le\u015fkir\u00ea tirkiy\u00ea m\u00eena berx\u00ean qurbaniya ne, ji ber v\u00ea yek\u00ea m\u00eena pez\u00ee ne \u00fb nikarin bifikirin, her tim dib\u00eajim: h\u00fbn berx\u00ean qurbaniya ne, ew dib\u00eajin: bel\u00ea serok.<\/h3>\n<h3 style=\"text-align: justify\">Ew pirr lawazin, ji ber ku min h\u00eaza wan j\u00ea stendiye, nikarin bipeyvin, ji ber ku hertim ez dipeyvim, ew pirr bi\u00e7\u00fbk \u00fb b\u00ea kesat\u00ee \u00fb sivikin, ji ber ku ez gelek\u00ee ji hej\u00ee \u00fb ast bilind im, nikarin hizir di tu ti\u015ftek\u00ee di bikin, ji ber ku bi ten\u00ea ez difikirim, tu dah\u00eenanek\u00ee nakin, ji ber ku bi ten\u00ea ez dah\u00eenerim, tu kesek\u00ee ji wan nikare teor\u00eeyek\u00ea dar\u00eaje, ez dadr\u00eajim, nikarin du peyva b\u00eenin ba hev, fermandar\u00ean wan y\u00ean her\u00ee j\u00eahat\u00ee j\u00ee li himber\u00ee min dib\u00eajin r\u00eaberat\u00ee rast dib\u00eaje: raste, bel\u00ea serok, weye serok, temam serok, ji v\u00ea z\u00eadetir tu peyvek din nab\u00eajin, niha ma qey ez dib\u00eajim nepeyvin? Na, ez ne ew kesim xelk\u00ea b\u00ea deng bikim, ez r\u00ea didim ew bipeyvin, k\u00ee r\u00ea dide bi milyonan kes bipeyvin? Dema ez we dib\u00eajim ker\u00ean kur\u00ean ker\u00ea yekser baweriy\u00ea bi demokrat\u00eekb\u00fbna min t\u00eenin, xwe di rastiy\u00ea de kar bi w\u00ee awa n\u00eene, y\u00ean ku min rak\u00ea\u015fane ser r\u00eabaza r\u00eaberatiy\u00ea ayat\u00ean min dubare dikin, ji w\u00ea yek\u00ea z\u00eadetir nikarin tu t\u00eazan dar\u00eajin, tu peyvan bib\u00eajin, min zilam\u00ean xwe xistine v\u00ea rew\u015f\u00ea, b\u00eay goman ji min qeb\u00fbl kiriye ku hizir \u00fb b\u00eer\u00ean min hizir \u00fb b\u00eer\u00ean partiy\u00ea ne, ayat\u00ean min j\u00ee ner\u00eena partiy\u00ea ye, kole nikarin partiy\u00ea bidin aliyek\u00ee \u00fb ner\u00eena xwe bib\u00eajin, t\u00eaz\u00ean partiy\u00ea t\u00eaz\u00ean minin.<\/h3>\n","protected":false},"excerpt":{"rendered":"<p>Mihemed Sel\u00eem \u00c7urukkaya yek ji damezr\u00eener\u00ean PKK\u2019\u00ea ye, ew rojnamevan, siyasetmedar \u00fb niv\u00eeser e, jiber wilatpar\u00eaz\u00ee \u00fb kurdperweriya w\u00ee dema 11 salan di zindan\u00ean cuda y\u00ean Tirkiy\u00ea de, di rew\u015feke her\u00ee xereb de li ber xwe da \u00fb tesl\u00eem neb\u00fb, dema ji zindan\u00ea azad dibe, ber\u00ea xwe dide \u00e7iya, bi Evdila Ocalan re d\u00eesa t\u00eakildar [&hellip;]<\/p>\n","protected":false},"author":2,"featured_media":1038984,"comment_status":"closed","ping_status":"closed","sticky":false,"template":"","format":"standard","meta":{"footnotes":""},"categories":[67],"tags":[],"class_list":["post-1038983","post","type-post","status-publish","format-standard","has-post-thumbnail","hentry","category-namilke"],"blocksy_meta":[],"seo_head":"<!-- This site is optimized with the Yoast SEO plugin v27.5 - https:\/\/yoast.com\/product\/yoast-seo-wordpress\/ -->\n<title>Mihemed Sel\u00eem \u00c7urukkaya \u00e7ima \u00fb \u00e7ewa ji PKK\u2019\u00ea veqetiya?-9 - Darka Maz\u00ee<\/title>\n<meta name=\"robots\" content=\"index, follow, max-snippet:-1, max-image-preview:large, max-video-preview:-1\" \/>\n<link rel=\"canonical\" href=\"https:\/\/darkamazi.info\/archives\/1038983\" \/>\n<meta property=\"og:locale\" content=\"en_US\" \/>\n<meta property=\"og:type\" content=\"article\" \/>\n<meta property=\"og:title\" content=\"Mihemed Sel\u00eem \u00c7urukkaya \u00e7ima \u00fb \u00e7ewa ji PKK\u2019\u00ea veqetiya?-9 - Darka Maz\u00ee\" \/>\n<meta property=\"og:description\" content=\"Mihemed Sel\u00eem \u00c7urukkaya yek ji damezr\u00eener\u00ean PKK\u2019\u00ea ye, ew rojnamevan, siyasetmedar \u00fb niv\u00eeser e, jiber wilatpar\u00eaz\u00ee \u00fb kurdperweriya w\u00ee dema 11 salan di zindan\u00ean cuda y\u00ean Tirkiy\u00ea de, di rew\u015feke her\u00ee xereb de li ber xwe da \u00fb tesl\u00eem neb\u00fb, dema ji zindan\u00ea azad dibe, ber\u00ea xwe dide \u00e7iya, bi Evdila Ocalan re d\u00eesa t\u00eakildar [&hellip;]\" \/>\n<meta property=\"og:url\" content=\"https:\/\/darkamazi.info\/archives\/1038983\" \/>\n<meta property=\"og:site_name\" content=\"Darka Maz\u00ee\" \/>\n<meta property=\"article:publisher\" content=\"https:\/\/www.facebook.com\/DarMaziKurmanci\" \/>\n<meta property=\"article:published_time\" content=\"2023-10-30T15:46:57+00:00\" \/>\n<meta property=\"og:image\" content=\"https:\/\/darkamazi.info\/file\/2023\/10\/ayeten-apo-1.jpg\" \/>\n\t<meta property=\"og:image:width\" content=\"900\" \/>\n\t<meta property=\"og:image:height\" content=\"497\" \/>\n\t<meta property=\"og:image:type\" content=\"image\/jpeg\" \/>\n<meta name=\"author\" content=\"darka mazi\" \/>\n<meta name=\"twitter:card\" content=\"summary_large_image\" \/>\n<meta name=\"twitter:creator\" content=\"@DarkaMaziLatini\" \/>\n<meta name=\"twitter:site\" content=\"@DarkaMaziLatini\" \/>\n<meta name=\"twitter:label1\" content=\"Written by\" \/>\n\t<meta name=\"twitter:data1\" content=\"darka mazi\" \/>\n\t<meta name=\"twitter:label2\" content=\"Est. reading time\" \/>\n\t<meta name=\"twitter:data2\" content=\"4 minutes\" \/>\n<script type=\"application\/ld+json\" class=\"seo-schema-graph\">{\"@context\":\"https:\\\/\\\/schema.org\",\"@graph\":[{\"@type\":\"Article\",\"@id\":\"https:\\\/\\\/darkamazi.info\\\/archives\\\/1038983#article\",\"isPartOf\":{\"@id\":\"https:\\\/\\\/darkamazi.info\\\/archives\\\/1038983\"},\"author\":{\"name\":\"darka mazi\",\"@id\":\"https:\\\/\\\/darkamazi.info\\\/#\\\/schema\\\/person\\\/5ad3e24553a0567993fa8ed4bd0a776c\"},\"headline\":\"Mihemed Sel\u00eem \u00c7urukkaya \u00e7ima \u00fb \u00e7ewa ji PKK\u2019\u00ea veqetiya?-9\",\"datePublished\":\"2023-10-30T15:46:57+00:00\",\"mainEntityOfPage\":{\"@id\":\"https:\\\/\\\/darkamazi.info\\\/archives\\\/1038983\"},\"wordCount\":916,\"publisher\":{\"@id\":\"https:\\\/\\\/darkamazi.info\\\/#organization\"},\"image\":{\"@id\":\"https:\\\/\\\/darkamazi.info\\\/archives\\\/1038983#primaryimage\"},\"thumbnailUrl\":\"https:\\\/\\\/darkamazi.info\\\/darka-content\\\/uploads\\\/2023\\\/10\\\/ayeten-apo-1.jpg\",\"articleSection\":[\"Nam\u00eelke\"],\"inLanguage\":\"en-US\"},{\"@type\":\"WebPage\",\"@id\":\"https:\\\/\\\/darkamazi.info\\\/archives\\\/1038983\",\"url\":\"https:\\\/\\\/darkamazi.info\\\/archives\\\/1038983\",\"name\":\"Mihemed Sel\u00eem \u00c7urukkaya \u00e7ima \u00fb \u00e7ewa ji PKK\u2019\u00ea veqetiya?-9 - Darka Maz\u00ee\",\"isPartOf\":{\"@id\":\"https:\\\/\\\/darkamazi.info\\\/#website\"},\"primaryImageOfPage\":{\"@id\":\"https:\\\/\\\/darkamazi.info\\\/archives\\\/1038983#primaryimage\"},\"image\":{\"@id\":\"https:\\\/\\\/darkamazi.info\\\/archives\\\/1038983#primaryimage\"},\"thumbnailUrl\":\"https:\\\/\\\/darkamazi.info\\\/darka-content\\\/uploads\\\/2023\\\/10\\\/ayeten-apo-1.jpg\",\"datePublished\":\"2023-10-30T15:46:57+00:00\",\"breadcrumb\":{\"@id\":\"https:\\\/\\\/darkamazi.info\\\/archives\\\/1038983#breadcrumb\"},\"inLanguage\":\"en-US\",\"potentialAction\":[{\"@type\":\"ReadAction\",\"target\":[\"https:\\\/\\\/darkamazi.info\\\/archives\\\/1038983\"]}]},{\"@type\":\"ImageObject\",\"inLanguage\":\"en-US\",\"@id\":\"https:\\\/\\\/darkamazi.info\\\/archives\\\/1038983#primaryimage\",\"url\":\"https:\\\/\\\/darkamazi.info\\\/darka-content\\\/uploads\\\/2023\\\/10\\\/ayeten-apo-1.jpg\",\"contentUrl\":\"https:\\\/\\\/darkamazi.info\\\/darka-content\\\/uploads\\\/2023\\\/10\\\/ayeten-apo-1.jpg\",\"width\":900,\"height\":497,\"caption\":\"Mihemed Sel\u00eem \u00c7urukkaya \u00e7ima \u00fb \u00e7ewa ji PKK\u2019\u00ea veqetiya?-8\"},{\"@type\":\"BreadcrumbList\",\"@id\":\"https:\\\/\\\/darkamazi.info\\\/archives\\\/1038983#breadcrumb\",\"itemListElement\":[{\"@type\":\"ListItem\",\"position\":1,\"name\":\"Home\",\"item\":\"https:\\\/\\\/darkamazi.info\\\/\"},{\"@type\":\"ListItem\",\"position\":2,\"name\":\"Mihemed Sel\u00eem \u00c7urukkaya \u00e7ima \u00fb \u00e7ewa ji PKK\u2019\u00ea veqetiya?-9\"}]},{\"@type\":\"WebSite\",\"@id\":\"https:\\\/\\\/darkamazi.info\\\/#website\",\"url\":\"https:\\\/\\\/darkamazi.info\\\/\",\"name\":\"Darka Maz\u00ee\",\"description\":\"P\u00eageha Zanyariy\u00ean Nebih\u00eest\u00ee\",\"publisher\":{\"@id\":\"https:\\\/\\\/darkamazi.info\\\/#organization\"},\"potentialAction\":[{\"@type\":\"SearchAction\",\"target\":{\"@type\":\"EntryPoint\",\"urlTemplate\":\"https:\\\/\\\/darkamazi.info\\\/?s={search_term_string}\"},\"query-input\":{\"@type\":\"PropertyValueSpecification\",\"valueRequired\":true,\"valueName\":\"search_term_string\"}}],\"inLanguage\":\"en-US\"},{\"@type\":\"Organization\",\"@id\":\"https:\\\/\\\/darkamazi.info\\\/#organization\",\"name\":\"Darka Maz\u00ee\",\"url\":\"https:\\\/\\\/darkamazi.info\\\/\",\"logo\":{\"@type\":\"ImageObject\",\"inLanguage\":\"en-US\",\"@id\":\"https:\\\/\\\/darkamazi.info\\\/#\\\/schema\\\/logo\\\/image\\\/\",\"url\":\"https:\\\/\\\/darkamazi.info\\\/darka-content\\\/uploads\\\/2017\\\/12\\\/darka-mazi-logo.png\",\"contentUrl\":\"https:\\\/\\\/darkamazi.info\\\/darka-content\\\/uploads\\\/2017\\\/12\\\/darka-mazi-logo.png\",\"width\":151,\"height\":75,\"caption\":\"Darka Maz\u00ee\"},\"image\":{\"@id\":\"https:\\\/\\\/darkamazi.info\\\/#\\\/schema\\\/logo\\\/image\\\/\"},\"sameAs\":[\"https:\\\/\\\/www.facebook.com\\\/DarMaziKurmanci\",\"https:\\\/\\\/x.com\\\/DarkaMaziLatini\",\"https:\\\/\\\/www.instagram.com\\\/darkamazi.kurmanci\\\/\",\"https:\\\/\\\/www.youtube.com\\\/channel\\\/UCa5HkTdmI8U1qCUFuTw8B2g\"]},{\"@type\":\"Person\",\"@id\":\"https:\\\/\\\/darkamazi.info\\\/#\\\/schema\\\/person\\\/5ad3e24553a0567993fa8ed4bd0a776c\",\"name\":\"darka mazi\",\"sameAs\":[\"https:\\\/\\\/darkamazi.info\\\/\"],\"url\":\"https:\\\/\\\/darkamazi.info\\\/archives\\\/author\\\/kurdi\"}]}<\/script>\n<!-- \/ Yoast SEO plugin. -->","seo_head_json":{"title":"Mihemed Sel\u00eem \u00c7urukkaya \u00e7ima \u00fb \u00e7ewa ji PKK\u2019\u00ea veqetiya?-9 - Darka Maz\u00ee","robots":{"index":"index","follow":"follow","max-snippet":"max-snippet:-1","max-image-preview":"max-image-preview:large","max-video-preview":"max-video-preview:-1"},"canonical":"https:\/\/darkamazi.info\/archives\/1038983","og_locale":"en_US","og_type":"article","og_title":"Mihemed Sel\u00eem \u00c7urukkaya \u00e7ima \u00fb \u00e7ewa ji PKK\u2019\u00ea veqetiya?-9 - Darka Maz\u00ee","og_description":"Mihemed Sel\u00eem \u00c7urukkaya yek ji damezr\u00eener\u00ean PKK\u2019\u00ea ye, ew rojnamevan, siyasetmedar \u00fb niv\u00eeser e, jiber wilatpar\u00eaz\u00ee \u00fb kurdperweriya w\u00ee dema 11 salan di zindan\u00ean cuda y\u00ean Tirkiy\u00ea de, di rew\u015feke her\u00ee xereb de li ber xwe da \u00fb tesl\u00eem neb\u00fb, dema ji zindan\u00ea azad dibe, ber\u00ea xwe dide \u00e7iya, bi Evdila Ocalan re d\u00eesa t\u00eakildar [&hellip;]","og_url":"https:\/\/darkamazi.info\/archives\/1038983","og_site_name":"Darka Maz\u00ee","article_publisher":"https:\/\/www.facebook.com\/DarMaziKurmanci","article_published_time":"2023-10-30T15:46:57+00:00","og_image":[{"width":900,"height":497,"url":"https:\/\/darkamazi.info\/file\/2023\/10\/ayeten-apo-1.jpg","type":"image\/jpeg"}],"author":"darka mazi","twitter_card":"summary_large_image","twitter_creator":"@DarkaMaziLatini","twitter_site":"@DarkaMaziLatini","twitter_misc":{"Written by":"darka mazi","Est. reading time":"4 minutes"},"schema":{"@context":"https:\/\/schema.org","@graph":[{"@type":"Article","@id":"https:\/\/darkamazi.info\/archives\/1038983#article","isPartOf":{"@id":"https:\/\/darkamazi.info\/archives\/1038983"},"author":{"name":"darka mazi","@id":"https:\/\/darkamazi.info\/#\/schema\/person\/5ad3e24553a0567993fa8ed4bd0a776c"},"headline":"Mihemed Sel\u00eem \u00c7urukkaya \u00e7ima \u00fb \u00e7ewa ji PKK\u2019\u00ea veqetiya?-9","datePublished":"2023-10-30T15:46:57+00:00","mainEntityOfPage":{"@id":"https:\/\/darkamazi.info\/archives\/1038983"},"wordCount":916,"publisher":{"@id":"https:\/\/darkamazi.info\/#organization"},"image":{"@id":"https:\/\/darkamazi.info\/archives\/1038983#primaryimage"},"thumbnailUrl":"https:\/\/darkamazi.info\/file\/2023\/10\/ayeten-apo-1.jpg","articleSection":["Nam\u00eelke"],"inLanguage":"en-US"},{"@type":"WebPage","@id":"https:\/\/darkamazi.info\/archives\/1038983","url":"https:\/\/darkamazi.info\/archives\/1038983","name":"Mihemed Sel\u00eem \u00c7urukkaya \u00e7ima \u00fb \u00e7ewa ji PKK\u2019\u00ea veqetiya?-9 - Darka Maz\u00ee","isPartOf":{"@id":"https:\/\/darkamazi.info\/#website"},"primaryImageOfPage":{"@id":"https:\/\/darkamazi.info\/archives\/1038983#primaryimage"},"image":{"@id":"https:\/\/darkamazi.info\/archives\/1038983#primaryimage"},"thumbnailUrl":"https:\/\/darkamazi.info\/file\/2023\/10\/ayeten-apo-1.jpg","datePublished":"2023-10-30T15:46:57+00:00","breadcrumb":{"@id":"https:\/\/darkamazi.info\/archives\/1038983#breadcrumb"},"inLanguage":"en-US","potentialAction":[{"@type":"ReadAction","target":["https:\/\/darkamazi.info\/archives\/1038983"]}]},{"@type":"ImageObject","inLanguage":"en-US","@id":"https:\/\/darkamazi.info\/archives\/1038983#primaryimage","url":"https:\/\/darkamazi.info\/file\/2023\/10\/ayeten-apo-1.jpg","contentUrl":"https:\/\/darkamazi.info\/file\/2023\/10\/ayeten-apo-1.jpg","width":900,"height":497,"caption":"Mihemed Sel\u00eem \u00c7urukkaya \u00e7ima \u00fb \u00e7ewa ji PKK\u2019\u00ea veqetiya?-8"},{"@type":"BreadcrumbList","@id":"https:\/\/darkamazi.info\/archives\/1038983#breadcrumb","itemListElement":[{"@type":"ListItem","position":1,"name":"Home","item":"https:\/\/darkamazi.info\/"},{"@type":"ListItem","position":2,"name":"Mihemed Sel\u00eem \u00c7urukkaya \u00e7ima \u00fb \u00e7ewa ji PKK\u2019\u00ea veqetiya?-9"}]},{"@type":"WebSite","@id":"https:\/\/darkamazi.info\/#website","url":"https:\/\/darkamazi.info\/","name":"Darka Maz\u00ee","description":"P\u00eageha Zanyariy\u00ean Nebih\u00eest\u00ee","publisher":{"@id":"https:\/\/darkamazi.info\/#organization"},"potentialAction":[{"@type":"SearchAction","target":{"@type":"EntryPoint","urlTemplate":"https:\/\/darkamazi.info\/?s={search_term_string}"},"query-input":{"@type":"PropertyValueSpecification","valueRequired":true,"valueName":"search_term_string"}}],"inLanguage":"en-US"},{"@type":"Organization","@id":"https:\/\/darkamazi.info\/#organization","name":"Darka Maz\u00ee","url":"https:\/\/darkamazi.info\/","logo":{"@type":"ImageObject","inLanguage":"en-US","@id":"https:\/\/darkamazi.info\/#\/schema\/logo\/image\/","url":"https:\/\/darkamazi.info\/file\/2017\/12\/darka-mazi-logo.png","contentUrl":"https:\/\/darkamazi.info\/file\/2017\/12\/darka-mazi-logo.png","width":151,"height":75,"caption":"Darka Maz\u00ee"},"image":{"@id":"https:\/\/darkamazi.info\/#\/schema\/logo\/image\/"},"sameAs":["https:\/\/www.facebook.com\/DarMaziKurmanci","https:\/\/x.com\/DarkaMaziLatini","https:\/\/www.instagram.com\/darkamazi.kurmanci\/","https:\/\/www.youtube.com\/channel\/UCa5HkTdmI8U1qCUFuTw8B2g"]},{"@type":"Person","@id":"https:\/\/darkamazi.info\/#\/schema\/person\/5ad3e24553a0567993fa8ed4bd0a776c","name":"darka mazi","sameAs":["https:\/\/darkamazi.info\/"],"url":"https:\/\/darkamazi.info\/archives\/author\/kurdi"}]}},"_links":{"self":[{"href":"https:\/\/darkamazi.info\/funavuv\/wp\/v2\/posts\/1038983","targetHints":{"allow":["GET"]}}],"collection":[{"href":"https:\/\/darkamazi.info\/funavuv\/wp\/v2\/posts"}],"about":[{"href":"https:\/\/darkamazi.info\/funavuv\/wp\/v2\/types\/post"}],"author":[{"embeddable":true,"href":"https:\/\/darkamazi.info\/funavuv\/wp\/v2\/users\/2"}],"replies":[{"embeddable":true,"href":"https:\/\/darkamazi.info\/funavuv\/wp\/v2\/comments?post=1038983"}],"version-history":[{"count":0,"href":"https:\/\/darkamazi.info\/funavuv\/wp\/v2\/posts\/1038983\/revisions"}],"wp:featuredmedia":[{"embeddable":true,"href":"https:\/\/darkamazi.info\/funavuv\/wp\/v2\/media\/1038984"}],"wp:attachment":[{"href":"https:\/\/darkamazi.info\/funavuv\/wp\/v2\/media?parent=1038983"}],"wp:term":[{"taxonomy":"category","embeddable":true,"href":"https:\/\/darkamazi.info\/funavuv\/wp\/v2\/categories?post=1038983"},{"taxonomy":"post_tag","embeddable":true,"href":"https:\/\/darkamazi.info\/funavuv\/wp\/v2\/tags?post=1038983"}],"curies":[{"name":"wp","href":"https:\/\/api.w.org\/{rel}","templated":true}]}}