{"id":1038999,"date":"2023-10-31T21:09:59","date_gmt":"2023-10-31T18:09:59","guid":{"rendered":"https:\/\/darkamazi.info\/?p=1038999"},"modified":"2023-10-31T21:09:59","modified_gmt":"2023-10-31T18:09:59","slug":"jin-di-nav-pkke-de-5","status":"publish","type":"post","link":"https:\/\/darkamazi.info\/archives\/1038999","title":{"rendered":"Jin di nav PKK\u00ea de &#8211; \u00ab5\u00bb"},"content":{"rendered":"<h3 style=\"text-align: justify\"><span style=\"font-family: 'arial black', sans-serif\">Di nava Part\u00eeya Karkeran de, jin\u00ean Kurd zirara her\u00ee mezin d\u00eetine, r\u00eaxistin wan li bin nav\u00ea berxwedan\u00ea \u00fb Kurdistana \u015f\u00ear\u00een dixap\u00eene bir\u00eaxistn dike \u00fb pi\u015ftire weke am\u00fbrek\u00ee bi kar t\u00eene, ev y\u00eak j\u00ee siyaseteke sereke ya partiy\u00ea ye.<\/span><\/h3>\n<h3 style=\"text-align: justify\"><span style=\"font-family: arial, helvetica, sans-serif\">\u201cJin di nava PKK\u00ea de\u201d nav \u00fb n\u00ee\u015fana pirt\u00fbkek\u00ea ye ku Nejdet Boldan bi ziman\u00ea Tirk\u00ee niv\u00eesandiye \u00fb ji h\u00eala Ho\u015feng ve hatiye wergerandin, \u201cJin di nava PKK\u00ea de\u201d ji we\u015fan\u00ean 2022\u00ea ye.<\/span><\/h3>\n<h3 style=\"text-align: justify\"><span style=\"font-family: arial, helvetica, sans-serif\">Weke di be\u015f\u00ean ewl de amaje hatiye kirin, di v\u00ea pirt\u00fbk\u00ea de serhat\u00eeya rast ya 10 jin\u00ean ku ji PKK\u00ea qut b\u00fbne hatiye a\u015fkere kirin, \u201cDarka Maz\u00ee\u201d w\u00ea bi zinc\u00eereyeke niv\u00eesan bi kurtas\u00ee ji boy xwendevan\u00ean xwe y\u00ean bi r\u00fbmet veg\u00eare.<\/span><\/h3>\n<h3 style=\"text-align: justify\"><span style=\"font-family: 'arial black', sans-serif;font-size: 18pt;color: #8c0707\">Y\u00eakem konferansa jin\u00ea di nava PKK\u00ea de<\/span><\/h3>\n<h3 style=\"text-align: justify\"><span style=\"font-family: arial, helvetica, sans-serif\">Newal ke\u00e7eka ji wan\u00ea ya Bakur\u00ea Kurdistan\u00ea ye, weke bi hezaran ke\u00e7\u00ean din ji boy e\u015fqa welat\u00ea \u015f\u00ear\u00een tevl\u00ee PKK\u00ea dibe, l\u00ea roja ewl rast\u00ee \u015f\u00fbkeke mezin t\u00ea wexta rastiya v\u00ea partiy\u00ea dizane, partiya ku li ser nav\u00ea Kurdistan\u00ea berxwedan\u00ea li dij\u00ee Kurdistan\u00ea bi xwe dike.<\/span><\/h3>\n<h3 style=\"text-align: justify\"><span style=\"font-family: arial, helvetica, sans-serif\">Di be\u015fa \u00e7arem\u00een de Newal\u00ea b\u00fbyer\u00ean 21 roj\u00ean \u015fer\u00ea ku PKK\u00ea di sal\u00ean 90\u00ea de bi PDK\u00ea firot\u00ee \u00fb kan\u00ea \u00e7awa PKK\u00ea xwest li w\u00ea dem\u00ea Hik\u00fbmeta Ba\u015f\u00fbr ku n\u00fb avabib\u00fb ji nav bibe, di v\u00ea be\u015f\u00ea Newal w\u00ea behsa y\u00eakem konferansa jin\u00ea bike \u00fb kan\u00ea bo\u00e7\u00ee Ocalan ev konfrans red kir.<\/span><\/h3>\n<h3 style=\"text-align: justify\"><span style=\"font-family: 'arial black', sans-serif;font-size: 18pt;color: #8c0707\">Ocalan: konferansa 1 a jinan di xizmeta dijmin\u00ee de b\u00fb<\/span><\/h3>\n<h3 style=\"text-align: justify\"><span style=\"font-family: 'arial black', sans-serif;font-size: 18pt;color: #8c0707\">PKK\u00ea pir ti\u015ft\u00ean xirab li gel jin\u00ea kirin \u00fb p\u00eageh\u00ea jin\u00ea b\u00ea r\u00fbmet kir.<\/span><\/h3>\n<h3 style=\"text-align: justify\"><span style=\"font-family: arial, helvetica, sans-serif\">Newal dib\u00eaje: \u00abLi desip\u00eaka sala 1993an bo y\u00eakem car di d\u00eeroka PKK\u00ea de konferansa jinan hat li darxistin, l\u00ea pi\u015ftire konferans \u00fb hem\u00fb kar \u00fb \u00e7alakiy\u00ean jin\u00ea y\u00ean li kampa Zel\u00ea ji h\u00eala Ocalan ve hatin red kirin \u00fb Ocalan got ku ew hem\u00fb xebat di xizmeta dijmin\u00ee de b\u00fb \u00fb li dij\u00ee PKK\u00ea b\u00fbye\u00bb.<\/span><\/h3>\n<h3 style=\"text-align: justify\"><span style=\"font-family: arial, helvetica, sans-serif\">Her wiha destn\u00ee\u015fan kir, ew konferans ji boy jin\u00ea ti\u015ftek ba\u015f b\u00fb l\u00ea hat red kirin, mixabin di PKK\u00ea de serederyeka ba\u015f li gel babet\u00ea jin\u00ea nehat kirin, berevaj\u00ee PKK\u00ea pir ti\u015ft\u00ean xirab li gel jin\u00ea kirin \u00fb p\u00eageh\u00ea jin\u00ea b\u00ea r\u00fbmet kir.<\/span><\/h3>\n<h3 style=\"text-align: justify\"><span style=\"font-family: arial, helvetica, sans-serif\">Newal\u00ea diyar kir, ten\u00ea zelamek di konferans\u00ea de be\u015fdar bib\u00fb \u00fb ew j\u00ee Osman Ocalan b\u00fb.<\/span><\/h3>\n<h3 style=\"text-align: justify\"><span style=\"font-family: arial, helvetica, sans-serif\">Newal\u00ea got: \u00abpi\u015ftre bi du salan ango pa\u015f q\u00fbnaxa kampa Zel\u00ea \u00fb pa\u015f bi daw\u00ee b\u00fbna kongireya 5 m\u00een a PKK\u00ea, me xwest kongireya jin\u00ea sazbikin, ji ber ku hem\u00fb jin\u00ean di nava PKK\u00ea de li bend\u00ea b\u00fbn \u00fb h\u00eav\u00ee li ser kongireya jin\u00ea heb\u00fbn, ew b\u00fb li 8 adara sala 1995an me dest bi kongireya xwe ya yek\u00ea kir \u00fb Mistefa Qaras\u00fb weke n\u00fbner\u00ea PKK\u00ea be\u015fdar b\u00fb, di hat \u00e7aver\u00eakirin ev kongire bibe cih\u00ea h\u00eaviy\u00ea l\u00ea wisa derneket \u00fb behsa pir ti\u015ftan nehat kirin \u00fb b\u00ea \u00eancam \u00fb bi xemg\u00een\u00ee bi daw\u00ee b\u00fb\u00bb.<\/span><\/h3>\n<h3 style=\"text-align: justify\"><span style=\"font-family: arial, helvetica, sans-serif\">Di be\u015fa bih\u00eat de em\u00ea behsa y\u00eakem d\u00eedara r\u00eaveber\u00eeya jin\u00ea di nav PKK\u00ea de bikin wexta \u00e7\u00fbn \u015eam\u00ea ji bo w\u00ea ku li ser dest\u00ea Ocalan werin perwerde kirin.<\/span><\/h3>\n","protected":false},"excerpt":{"rendered":"<p>Di nava Part\u00eeya Karkeran de, jin\u00ean Kurd zirara her\u00ee mezin d\u00eetine, r\u00eaxistin wan li bin nav\u00ea berxwedan\u00ea \u00fb Kurdistana \u015f\u00ear\u00een dixap\u00eene bir\u00eaxistn dike \u00fb pi\u015ftire weke am\u00fbrek\u00ee bi kar t\u00eene, ev y\u00eak j\u00ee siyaseteke sereke ya partiy\u00ea ye. \u201cJin di nava PKK\u00ea de\u201d nav \u00fb n\u00ee\u015fana pirt\u00fbkek\u00ea ye ku Nejdet Boldan bi ziman\u00ea Tirk\u00ee niv\u00eesandiye [&hellip;]<\/p>\n","protected":false},"author":2,"featured_media":1039000,"comment_status":"closed","ping_status":"closed","sticky":false,"template":"","format":"standard","meta":{"footnotes":""},"categories":[67],"tags":[37],"class_list":["post-1038999","post","type-post","status-publish","format-standard","has-post-thumbnail","hentry","category-namilke","tag-sereke"],"blocksy_meta":[],"seo_head":"<!-- This site is optimized with the Yoast SEO plugin v27.5 - https:\/\/yoast.com\/product\/yoast-seo-wordpress\/ -->\n<title>Jin di nav PKK\u00ea de - \u00ab5\u00bb - Darka Maz\u00ee<\/title>\n<meta name=\"robots\" content=\"index, follow, max-snippet:-1, max-image-preview:large, max-video-preview:-1\" \/>\n<link rel=\"canonical\" href=\"https:\/\/darkamazi.info\/archives\/1038999\" \/>\n<meta property=\"og:locale\" content=\"en_US\" \/>\n<meta property=\"og:type\" content=\"article\" \/>\n<meta property=\"og:title\" content=\"Jin di nav PKK\u00ea de - \u00ab5\u00bb - Darka Maz\u00ee\" \/>\n<meta property=\"og:description\" content=\"Di nava Part\u00eeya Karkeran de, jin\u00ean Kurd zirara her\u00ee mezin d\u00eetine, r\u00eaxistin wan li bin nav\u00ea berxwedan\u00ea \u00fb Kurdistana \u015f\u00ear\u00een dixap\u00eene bir\u00eaxistn dike \u00fb pi\u015ftire weke am\u00fbrek\u00ee bi kar t\u00eene, ev y\u00eak j\u00ee siyaseteke sereke ya partiy\u00ea ye. \u201cJin di nava PKK\u00ea de\u201d nav \u00fb n\u00ee\u015fana pirt\u00fbkek\u00ea ye ku Nejdet Boldan bi ziman\u00ea Tirk\u00ee niv\u00eesandiye [&hellip;]\" \/>\n<meta property=\"og:url\" content=\"https:\/\/darkamazi.info\/archives\/1038999\" \/>\n<meta property=\"og:site_name\" content=\"Darka Maz\u00ee\" \/>\n<meta property=\"article:publisher\" content=\"https:\/\/www.facebook.com\/DarMaziKurmanci\" \/>\n<meta property=\"article:published_time\" content=\"2023-10-31T18:09:59+00:00\" \/>\n<meta property=\"og:image\" content=\"https:\/\/darkamazi.info\/file\/2023\/10\/pkk-jin-5-info.jpg\" \/>\n\t<meta property=\"og:image:width\" content=\"900\" \/>\n\t<meta property=\"og:image:height\" content=\"497\" \/>\n\t<meta property=\"og:image:type\" content=\"image\/jpeg\" \/>\n<meta name=\"author\" content=\"darka mazi\" \/>\n<meta name=\"twitter:card\" content=\"summary_large_image\" \/>\n<meta name=\"twitter:creator\" content=\"@DarkaMaziLatini\" \/>\n<meta name=\"twitter:site\" content=\"@DarkaMaziLatini\" \/>\n<meta name=\"twitter:label1\" content=\"Written by\" \/>\n\t<meta name=\"twitter:data1\" content=\"darka mazi\" \/>\n\t<meta name=\"twitter:label2\" content=\"Est. reading time\" \/>\n\t<meta name=\"twitter:data2\" content=\"3 minutes\" \/>\n<script type=\"application\/ld+json\" class=\"seo-schema-graph\">{\"@context\":\"https:\\\/\\\/schema.org\",\"@graph\":[{\"@type\":\"Article\",\"@id\":\"https:\\\/\\\/darkamazi.info\\\/archives\\\/1038999#article\",\"isPartOf\":{\"@id\":\"https:\\\/\\\/darkamazi.info\\\/archives\\\/1038999\"},\"author\":{\"name\":\"darka mazi\",\"@id\":\"https:\\\/\\\/darkamazi.info\\\/#\\\/schema\\\/person\\\/5ad3e24553a0567993fa8ed4bd0a776c\"},\"headline\":\"Jin di nav PKK\u00ea de &#8211; \u00ab5\u00bb\",\"datePublished\":\"2023-10-31T18:09:59+00:00\",\"mainEntityOfPage\":{\"@id\":\"https:\\\/\\\/darkamazi.info\\\/archives\\\/1038999\"},\"wordCount\":542,\"publisher\":{\"@id\":\"https:\\\/\\\/darkamazi.info\\\/#organization\"},\"image\":{\"@id\":\"https:\\\/\\\/darkamazi.info\\\/archives\\\/1038999#primaryimage\"},\"thumbnailUrl\":\"https:\\\/\\\/darkamazi.info\\\/darka-content\\\/uploads\\\/2023\\\/10\\\/pkk-jin-5-info.jpg\",\"keywords\":[\"sereke\"],\"articleSection\":[\"Nam\u00eelke\"],\"inLanguage\":\"en-US\"},{\"@type\":\"WebPage\",\"@id\":\"https:\\\/\\\/darkamazi.info\\\/archives\\\/1038999\",\"url\":\"https:\\\/\\\/darkamazi.info\\\/archives\\\/1038999\",\"name\":\"Jin di nav PKK\u00ea de - \u00ab5\u00bb - Darka Maz\u00ee\",\"isPartOf\":{\"@id\":\"https:\\\/\\\/darkamazi.info\\\/#website\"},\"primaryImageOfPage\":{\"@id\":\"https:\\\/\\\/darkamazi.info\\\/archives\\\/1038999#primaryimage\"},\"image\":{\"@id\":\"https:\\\/\\\/darkamazi.info\\\/archives\\\/1038999#primaryimage\"},\"thumbnailUrl\":\"https:\\\/\\\/darkamazi.info\\\/darka-content\\\/uploads\\\/2023\\\/10\\\/pkk-jin-5-info.jpg\",\"datePublished\":\"2023-10-31T18:09:59+00:00\",\"breadcrumb\":{\"@id\":\"https:\\\/\\\/darkamazi.info\\\/archives\\\/1038999#breadcrumb\"},\"inLanguage\":\"en-US\",\"potentialAction\":[{\"@type\":\"ReadAction\",\"target\":[\"https:\\\/\\\/darkamazi.info\\\/archives\\\/1038999\"]}]},{\"@type\":\"ImageObject\",\"inLanguage\":\"en-US\",\"@id\":\"https:\\\/\\\/darkamazi.info\\\/archives\\\/1038999#primaryimage\",\"url\":\"https:\\\/\\\/darkamazi.info\\\/darka-content\\\/uploads\\\/2023\\\/10\\\/pkk-jin-5-info.jpg\",\"contentUrl\":\"https:\\\/\\\/darkamazi.info\\\/darka-content\\\/uploads\\\/2023\\\/10\\\/pkk-jin-5-info.jpg\",\"width\":900,\"height\":497,\"caption\":\"pkk-jin-5-info\"},{\"@type\":\"BreadcrumbList\",\"@id\":\"https:\\\/\\\/darkamazi.info\\\/archives\\\/1038999#breadcrumb\",\"itemListElement\":[{\"@type\":\"ListItem\",\"position\":1,\"name\":\"Home\",\"item\":\"https:\\\/\\\/darkamazi.info\\\/\"},{\"@type\":\"ListItem\",\"position\":2,\"name\":\"Jin di nav PKK\u00ea de &#8211; \u00ab5\u00bb\"}]},{\"@type\":\"WebSite\",\"@id\":\"https:\\\/\\\/darkamazi.info\\\/#website\",\"url\":\"https:\\\/\\\/darkamazi.info\\\/\",\"name\":\"Darka Maz\u00ee\",\"description\":\"P\u00eageha Zanyariy\u00ean Nebih\u00eest\u00ee\",\"publisher\":{\"@id\":\"https:\\\/\\\/darkamazi.info\\\/#organization\"},\"potentialAction\":[{\"@type\":\"SearchAction\",\"target\":{\"@type\":\"EntryPoint\",\"urlTemplate\":\"https:\\\/\\\/darkamazi.info\\\/?s={search_term_string}\"},\"query-input\":{\"@type\":\"PropertyValueSpecification\",\"valueRequired\":true,\"valueName\":\"search_term_string\"}}],\"inLanguage\":\"en-US\"},{\"@type\":\"Organization\",\"@id\":\"https:\\\/\\\/darkamazi.info\\\/#organization\",\"name\":\"Darka Maz\u00ee\",\"url\":\"https:\\\/\\\/darkamazi.info\\\/\",\"logo\":{\"@type\":\"ImageObject\",\"inLanguage\":\"en-US\",\"@id\":\"https:\\\/\\\/darkamazi.info\\\/#\\\/schema\\\/logo\\\/image\\\/\",\"url\":\"https:\\\/\\\/darkamazi.info\\\/darka-content\\\/uploads\\\/2017\\\/12\\\/darka-mazi-logo.png\",\"contentUrl\":\"https:\\\/\\\/darkamazi.info\\\/darka-content\\\/uploads\\\/2017\\\/12\\\/darka-mazi-logo.png\",\"width\":151,\"height\":75,\"caption\":\"Darka Maz\u00ee\"},\"image\":{\"@id\":\"https:\\\/\\\/darkamazi.info\\\/#\\\/schema\\\/logo\\\/image\\\/\"},\"sameAs\":[\"https:\\\/\\\/www.facebook.com\\\/DarMaziKurmanci\",\"https:\\\/\\\/x.com\\\/DarkaMaziLatini\",\"https:\\\/\\\/www.instagram.com\\\/darkamazi.kurmanci\\\/\",\"https:\\\/\\\/www.youtube.com\\\/channel\\\/UCa5HkTdmI8U1qCUFuTw8B2g\"]},{\"@type\":\"Person\",\"@id\":\"https:\\\/\\\/darkamazi.info\\\/#\\\/schema\\\/person\\\/5ad3e24553a0567993fa8ed4bd0a776c\",\"name\":\"darka mazi\",\"sameAs\":[\"https:\\\/\\\/darkamazi.info\\\/\"],\"url\":\"https:\\\/\\\/darkamazi.info\\\/archives\\\/author\\\/kurdi\"}]}<\/script>\n<!-- \/ Yoast SEO plugin. -->","seo_head_json":{"title":"Jin di nav PKK\u00ea de - \u00ab5\u00bb - Darka Maz\u00ee","robots":{"index":"index","follow":"follow","max-snippet":"max-snippet:-1","max-image-preview":"max-image-preview:large","max-video-preview":"max-video-preview:-1"},"canonical":"https:\/\/darkamazi.info\/archives\/1038999","og_locale":"en_US","og_type":"article","og_title":"Jin di nav PKK\u00ea de - \u00ab5\u00bb - Darka Maz\u00ee","og_description":"Di nava Part\u00eeya Karkeran de, jin\u00ean Kurd zirara her\u00ee mezin d\u00eetine, r\u00eaxistin wan li bin nav\u00ea berxwedan\u00ea \u00fb Kurdistana \u015f\u00ear\u00een dixap\u00eene bir\u00eaxistn dike \u00fb pi\u015ftire weke am\u00fbrek\u00ee bi kar t\u00eene, ev y\u00eak j\u00ee siyaseteke sereke ya partiy\u00ea ye. \u201cJin di nava PKK\u00ea de\u201d nav \u00fb n\u00ee\u015fana pirt\u00fbkek\u00ea ye ku Nejdet Boldan bi ziman\u00ea Tirk\u00ee niv\u00eesandiye [&hellip;]","og_url":"https:\/\/darkamazi.info\/archives\/1038999","og_site_name":"Darka Maz\u00ee","article_publisher":"https:\/\/www.facebook.com\/DarMaziKurmanci","article_published_time":"2023-10-31T18:09:59+00:00","og_image":[{"width":900,"height":497,"url":"https:\/\/darkamazi.info\/file\/2023\/10\/pkk-jin-5-info.jpg","type":"image\/jpeg"}],"author":"darka mazi","twitter_card":"summary_large_image","twitter_creator":"@DarkaMaziLatini","twitter_site":"@DarkaMaziLatini","twitter_misc":{"Written by":"darka mazi","Est. reading time":"3 minutes"},"schema":{"@context":"https:\/\/schema.org","@graph":[{"@type":"Article","@id":"https:\/\/darkamazi.info\/archives\/1038999#article","isPartOf":{"@id":"https:\/\/darkamazi.info\/archives\/1038999"},"author":{"name":"darka mazi","@id":"https:\/\/darkamazi.info\/#\/schema\/person\/5ad3e24553a0567993fa8ed4bd0a776c"},"headline":"Jin di nav PKK\u00ea de &#8211; \u00ab5\u00bb","datePublished":"2023-10-31T18:09:59+00:00","mainEntityOfPage":{"@id":"https:\/\/darkamazi.info\/archives\/1038999"},"wordCount":542,"publisher":{"@id":"https:\/\/darkamazi.info\/#organization"},"image":{"@id":"https:\/\/darkamazi.info\/archives\/1038999#primaryimage"},"thumbnailUrl":"https:\/\/darkamazi.info\/file\/2023\/10\/pkk-jin-5-info.jpg","keywords":["sereke"],"articleSection":["Nam\u00eelke"],"inLanguage":"en-US"},{"@type":"WebPage","@id":"https:\/\/darkamazi.info\/archives\/1038999","url":"https:\/\/darkamazi.info\/archives\/1038999","name":"Jin di nav PKK\u00ea de - \u00ab5\u00bb - Darka Maz\u00ee","isPartOf":{"@id":"https:\/\/darkamazi.info\/#website"},"primaryImageOfPage":{"@id":"https:\/\/darkamazi.info\/archives\/1038999#primaryimage"},"image":{"@id":"https:\/\/darkamazi.info\/archives\/1038999#primaryimage"},"thumbnailUrl":"https:\/\/darkamazi.info\/file\/2023\/10\/pkk-jin-5-info.jpg","datePublished":"2023-10-31T18:09:59+00:00","breadcrumb":{"@id":"https:\/\/darkamazi.info\/archives\/1038999#breadcrumb"},"inLanguage":"en-US","potentialAction":[{"@type":"ReadAction","target":["https:\/\/darkamazi.info\/archives\/1038999"]}]},{"@type":"ImageObject","inLanguage":"en-US","@id":"https:\/\/darkamazi.info\/archives\/1038999#primaryimage","url":"https:\/\/darkamazi.info\/file\/2023\/10\/pkk-jin-5-info.jpg","contentUrl":"https:\/\/darkamazi.info\/file\/2023\/10\/pkk-jin-5-info.jpg","width":900,"height":497,"caption":"pkk-jin-5-info"},{"@type":"BreadcrumbList","@id":"https:\/\/darkamazi.info\/archives\/1038999#breadcrumb","itemListElement":[{"@type":"ListItem","position":1,"name":"Home","item":"https:\/\/darkamazi.info\/"},{"@type":"ListItem","position":2,"name":"Jin di nav PKK\u00ea de &#8211; \u00ab5\u00bb"}]},{"@type":"WebSite","@id":"https:\/\/darkamazi.info\/#website","url":"https:\/\/darkamazi.info\/","name":"Darka Maz\u00ee","description":"P\u00eageha Zanyariy\u00ean Nebih\u00eest\u00ee","publisher":{"@id":"https:\/\/darkamazi.info\/#organization"},"potentialAction":[{"@type":"SearchAction","target":{"@type":"EntryPoint","urlTemplate":"https:\/\/darkamazi.info\/?s={search_term_string}"},"query-input":{"@type":"PropertyValueSpecification","valueRequired":true,"valueName":"search_term_string"}}],"inLanguage":"en-US"},{"@type":"Organization","@id":"https:\/\/darkamazi.info\/#organization","name":"Darka Maz\u00ee","url":"https:\/\/darkamazi.info\/","logo":{"@type":"ImageObject","inLanguage":"en-US","@id":"https:\/\/darkamazi.info\/#\/schema\/logo\/image\/","url":"https:\/\/darkamazi.info\/file\/2017\/12\/darka-mazi-logo.png","contentUrl":"https:\/\/darkamazi.info\/file\/2017\/12\/darka-mazi-logo.png","width":151,"height":75,"caption":"Darka Maz\u00ee"},"image":{"@id":"https:\/\/darkamazi.info\/#\/schema\/logo\/image\/"},"sameAs":["https:\/\/www.facebook.com\/DarMaziKurmanci","https:\/\/x.com\/DarkaMaziLatini","https:\/\/www.instagram.com\/darkamazi.kurmanci\/","https:\/\/www.youtube.com\/channel\/UCa5HkTdmI8U1qCUFuTw8B2g"]},{"@type":"Person","@id":"https:\/\/darkamazi.info\/#\/schema\/person\/5ad3e24553a0567993fa8ed4bd0a776c","name":"darka mazi","sameAs":["https:\/\/darkamazi.info\/"],"url":"https:\/\/darkamazi.info\/archives\/author\/kurdi"}]}},"_links":{"self":[{"href":"https:\/\/darkamazi.info\/funavuv\/wp\/v2\/posts\/1038999","targetHints":{"allow":["GET"]}}],"collection":[{"href":"https:\/\/darkamazi.info\/funavuv\/wp\/v2\/posts"}],"about":[{"href":"https:\/\/darkamazi.info\/funavuv\/wp\/v2\/types\/post"}],"author":[{"embeddable":true,"href":"https:\/\/darkamazi.info\/funavuv\/wp\/v2\/users\/2"}],"replies":[{"embeddable":true,"href":"https:\/\/darkamazi.info\/funavuv\/wp\/v2\/comments?post=1038999"}],"version-history":[{"count":0,"href":"https:\/\/darkamazi.info\/funavuv\/wp\/v2\/posts\/1038999\/revisions"}],"wp:featuredmedia":[{"embeddable":true,"href":"https:\/\/darkamazi.info\/funavuv\/wp\/v2\/media\/1039000"}],"wp:attachment":[{"href":"https:\/\/darkamazi.info\/funavuv\/wp\/v2\/media?parent=1038999"}],"wp:term":[{"taxonomy":"category","embeddable":true,"href":"https:\/\/darkamazi.info\/funavuv\/wp\/v2\/categories?post=1038999"},{"taxonomy":"post_tag","embeddable":true,"href":"https:\/\/darkamazi.info\/funavuv\/wp\/v2\/tags?post=1038999"}],"curies":[{"name":"wp","href":"https:\/\/api.w.org\/{rel}","templated":true}]}}