{"id":1039658,"date":"2023-12-07T20:00:46","date_gmt":"2023-12-07T17:00:46","guid":{"rendered":"https:\/\/darkamazi.info\/?p=1039658"},"modified":"2023-12-07T20:00:46","modified_gmt":"2023-12-07T17:00:46","slug":"romana-li-ber-deriye-zindana-diyarbekire-gazi-u-heware-we-were-parvekirin","status":"publish","type":"post","link":"https:\/\/darkamazi.info\/archives\/1039658","title":{"rendered":"Romana &#8220;li ber deriy\u00ea zindana Diyarbekir\u00ea gaz\u00ee \u00fb heware&#8221; w\u00ea were parvekirin"},"content":{"rendered":"<h3 style=\"text-align: justify\"><span style=\"font-family: 'arial black', sans-serif\">Mizg\u00een\u00ee \u00fb agahdar\u00ee<\/span><\/h3>\n<h3 style=\"text-align: justify\"><span style=\"font-family: 'arial black', sans-serif\">Demeke dir\u00eaj e ku ez li ser romana xwe ya dudan ku li ser rew\u015fa z\u00eendana Diyarbekir\u00ea kar dikim. Min di v\u00ea roman\u00ea de xwest ez rew\u015fa kes\u00ean dihatin an di\u00e7\u00fbn seredana zarok\u00ean xwe, xu\u015fk \u00fb bray\u00ean xwe, bav \u00fb ap\u00ean, xalt\u00eek \u00fb metik\u00ean xwe, biniv\u00ees\u00eenim. Ez zanim dereng j\u00ee mame. L\u00ea heta niha tu kesan li ser v\u00ea rew\u015f\u00ea neniv\u00ees\u00een. L\u00ea weha xuya\u00a0 ye ku ev j\u00ee b\u00fb para min.<\/span><\/h3>\n<h3 style=\"text-align: justify\">Romana min Gardiyan ku heta niha bi \u00e7end zimanan derketiye, rew\u015fa girtiyan \u00fb ti\u015ft\u00ean li vir dian\u00een ser\u00ea me bi dev\u00ea Gardiyanek\u00ee w\u00ea z\u00eendan\u00ea hatib\u00fb niv\u00ees\u00ean.<\/h3>\n<h3 style=\"text-align: justify\">L\u00ea min d\u00eet ku em weke girtiy\u00ean w\u00ea z\u00eendan\u00ea me k\u00eamaniyek hi\u015ft ya j\u00ee ji b\u00eer kir\u00ee ye ku me rew\u015fa kes\u00ean dihatin ziyareta me, neniv\u00ees\u00eene. Dema min biryara niv\u00eesandina v\u00ea roman\u00ea da, min xwest ku ev j\u00ee weke Gardiyan li ser asas\u00ea rastiy\u00ea b\u00ea niv\u00ees\u00een. Loma li gor \u00eemkan\u00ean heb\u00fbn. Min li ser internet\u00ea bi kes\u00ean ango malbat\u00ean ku li w\u00ea z\u00eendan\u00ea dib\u00fbn r\u00eaw\u00ee hevpeyv\u00een amade kirin.<\/h3>\n<h3 style=\"text-align: justify\">D\u00fbre min n\u00eaz\u00eek\u00ee mehek\u00ea j\u00ee bi ke\u00e7a xal\u00ea xwe ya bi herdu nig\u00ean xwe seqet, l\u00ea ew j\u00ee weke gelekan her roj li ber deriy\u00ea w\u00ea z\u00eendan\u00ea b\u00fb, hevpeyv\u00een amade kirin ku roman\u00ea biqed\u00eenim. Loma w\u00ea digot \u00fb min j\u00ee diniv\u00ees\u00ee. Bi rast\u00ee weh\u015fet \u00fb ti\u015ftek\u00ee weha derket ku ne bawerim li v\u00ea c\u00eehan\u00ea hatibe ser tu miletan \u00fb jin\u00ean w\u00ee milet\u00ee. Loma ev roman w\u00ea bibe romaneke deng\u00ea jin\u00ean kurd, gaz\u00ee \u00fb hawara wan ya li ber w\u00ee deriy\u00ea. Her hatineke wan ya wir r\u00fb bi r\u00fby\u00ea \u00e7i dib\u00fbn di v\u00ea roman\u00ea de zelal dibe.<\/h3>\n<h3 style=\"text-align: justify\">Ev roman ne rew\u015fa girtiy\u00ean di w\u00ea z\u00eendana Diyarbekir\u00ea ya bi nav\u00ea 5 nol\u00ee y\u00ea ye, ev roman w\u00ea \u00ea\u015f \u00fb azar\u00ean dayik \u00fb xu\u015fk\u00ean me, bav \u00fb bray\u00ean me d\u00eetib\u00fbn, \u00ea\u015fa destgirtiyan \u00fb y\u00ean n\u00fb zewicib\u00fbn li ber w\u00ee deriy\u00ea \u00e7i dihat \u00fb hatib\u00fb ser\u00ea wan rohn\u00ee dike. Sedema gelek xweku\u015ftin\u00ean ke\u00e7, q\u00eez \u00fb jin\u00ean kurd di v\u00ea roman\u00ea de zelal dibe.<\/h3>\n<h3 style=\"text-align: justify\">Min hevpeyv\u00een\u00ean li gel malbat\u00ean girtiyan qedand niha diniv\u00ees\u00eenim&#8230; Ev roman w\u00ea di Newroza sala 2024an de bigh\u00eaje xwendevan\u00ean kurd. Ti\u015ft\u00ean ku h\u00fbn\u00ea di virde bixw\u00eenin, heta niya ji ber b\u00eajeya \u015ferm\u00ea nehatine gotin. L\u00ea bi saya ke\u00e7a xal\u00ea xwe ya bi herdu nig\u00ean xwe seqet, ez \u00ea di v\u00ea roman\u00ea de her ti\u015ftek\u00ee ku di tariy\u00ea de mane derxim ronahiy\u00ea.<\/h3>\n<h3 style=\"text-align: justify\">Bi niv\u00eesandina v\u00ea roman\u00ea gelek\u00ee \u00ea\u015fiyam. Bi v\u00ee hal\u00ea xwe y\u00ea nexwe\u015f ez d\u00eesa l\u00ea w\u00ea z\u00eendan\u00ea b\u00fbme m\u00eavan. D\u00eesa di xewn\u00ean xwe de l\u00eadan \u00fb \u00ea\u015fkence did\u00eet. L\u00ea ne xem e, div\u00ea hinan ev mijar j\u00ee biniv\u00eesandana, ev b\u00fb qismet\u00ea min \u00fb h\u00eav\u00eedarim h\u00fbn\u00ea bi xwendina w\u00ea, weke min herin wan roj\u00ean w\u00ea dojeh\u00ea.<\/h3>\n<h3 style=\"text-align: justify\">Li bend\u00ea bin&#8230;<\/h3>\n<h3 style=\"text-align: justify\">Silav \u00fb r\u00eaz<\/h3>\n","protected":false},"excerpt":{"rendered":"<p>Mizg\u00een\u00ee \u00fb agahdar\u00ee Demeke dir\u00eaj e ku ez li ser romana xwe ya dudan ku li ser rew\u015fa z\u00eendana Diyarbekir\u00ea kar dikim. Min di v\u00ea roman\u00ea de xwest ez rew\u015fa kes\u00ean dihatin an di\u00e7\u00fbn seredana zarok\u00ean xwe, xu\u015fk \u00fb bray\u00ean xwe, bav \u00fb ap\u00ean, xalt\u00eek \u00fb metik\u00ean xwe, biniv\u00ees\u00eenim. Ez zanim dereng j\u00ee mame. L\u00ea [&hellip;]<\/p>\n","protected":false},"author":2,"featured_media":1039659,"comment_status":"closed","ping_status":"closed","sticky":false,"template":"","format":"standard","meta":{"footnotes":""},"categories":[34,4],"tags":[83],"class_list":["post-1039658","post","type-post","status-publish","format-standard","has-post-thumbnail","hentry","category-cand-u-huner","category-hemereng","tag-bube-eser"],"blocksy_meta":[],"seo_head":"<!-- This site is optimized with the Yoast SEO plugin v27.5 - https:\/\/yoast.com\/product\/yoast-seo-wordpress\/ -->\n<title>Romana &quot;li ber deriy\u00ea zindana Diyarbekir\u00ea gaz\u00ee \u00fb heware&quot; w\u00ea were parvekirin - Darka Maz\u00ee<\/title>\n<meta name=\"robots\" content=\"index, follow, max-snippet:-1, max-image-preview:large, max-video-preview:-1\" \/>\n<link rel=\"canonical\" href=\"https:\/\/darkamazi.info\/archives\/1039658\" \/>\n<meta property=\"og:locale\" content=\"en_US\" \/>\n<meta property=\"og:type\" content=\"article\" \/>\n<meta property=\"og:title\" content=\"Romana &quot;li ber deriy\u00ea zindana Diyarbekir\u00ea gaz\u00ee \u00fb heware&quot; w\u00ea were parvekirin - Darka Maz\u00ee\" \/>\n<meta property=\"og:description\" content=\"Mizg\u00een\u00ee \u00fb agahdar\u00ee Demeke dir\u00eaj e ku ez li ser romana xwe ya dudan ku li ser rew\u015fa z\u00eendana Diyarbekir\u00ea kar dikim. Min di v\u00ea roman\u00ea de xwest ez rew\u015fa kes\u00ean dihatin an di\u00e7\u00fbn seredana zarok\u00ean xwe, xu\u015fk \u00fb bray\u00ean xwe, bav \u00fb ap\u00ean, xalt\u00eek \u00fb metik\u00ean xwe, biniv\u00ees\u00eenim. Ez zanim dereng j\u00ee mame. L\u00ea [&hellip;]\" \/>\n<meta property=\"og:url\" content=\"https:\/\/darkamazi.info\/archives\/1039658\" \/>\n<meta property=\"og:site_name\" content=\"Darka Maz\u00ee\" \/>\n<meta property=\"article:publisher\" content=\"https:\/\/www.facebook.com\/DarMaziKurmanci\" \/>\n<meta property=\"article:published_time\" content=\"2023-12-07T17:00:46+00:00\" \/>\n<meta property=\"og:image\" content=\"https:\/\/darkamazi.info\/file\/2023\/12\/bube-eser.jpg\" \/>\n\t<meta property=\"og:image:width\" content=\"900\" \/>\n\t<meta property=\"og:image:height\" content=\"475\" \/>\n\t<meta property=\"og:image:type\" content=\"image\/jpeg\" \/>\n<meta name=\"author\" content=\"darka mazi\" \/>\n<meta name=\"twitter:card\" content=\"summary_large_image\" \/>\n<meta name=\"twitter:creator\" content=\"@DarkaMaziLatini\" \/>\n<meta name=\"twitter:site\" content=\"@DarkaMaziLatini\" \/>\n<meta name=\"twitter:label1\" content=\"Written by\" \/>\n\t<meta name=\"twitter:data1\" content=\"darka mazi\" \/>\n\t<meta name=\"twitter:label2\" content=\"Est. reading time\" \/>\n\t<meta name=\"twitter:data2\" content=\"2 minutes\" \/>\n<script type=\"application\/ld+json\" class=\"seo-schema-graph\">{\"@context\":\"https:\\\/\\\/schema.org\",\"@graph\":[{\"@type\":\"Article\",\"@id\":\"https:\\\/\\\/darkamazi.info\\\/archives\\\/1039658#article\",\"isPartOf\":{\"@id\":\"https:\\\/\\\/darkamazi.info\\\/archives\\\/1039658\"},\"author\":{\"name\":\"darka mazi\",\"@id\":\"https:\\\/\\\/darkamazi.info\\\/#\\\/schema\\\/person\\\/5ad3e24553a0567993fa8ed4bd0a776c\"},\"headline\":\"Romana &#8220;li ber deriy\u00ea zindana Diyarbekir\u00ea gaz\u00ee \u00fb heware&#8221; w\u00ea were parvekirin\",\"datePublished\":\"2023-12-07T17:00:46+00:00\",\"mainEntityOfPage\":{\"@id\":\"https:\\\/\\\/darkamazi.info\\\/archives\\\/1039658\"},\"wordCount\":545,\"publisher\":{\"@id\":\"https:\\\/\\\/darkamazi.info\\\/#organization\"},\"image\":{\"@id\":\"https:\\\/\\\/darkamazi.info\\\/archives\\\/1039658#primaryimage\"},\"thumbnailUrl\":\"https:\\\/\\\/darkamazi.info\\\/darka-content\\\/uploads\\\/2023\\\/12\\\/bube-eser.jpg\",\"keywords\":[\"B\u00fbb\u00ea Eser\"],\"articleSection\":[\"\u00c7and \u00db Huner\",\"Hemereng\"],\"inLanguage\":\"en-US\"},{\"@type\":\"WebPage\",\"@id\":\"https:\\\/\\\/darkamazi.info\\\/archives\\\/1039658\",\"url\":\"https:\\\/\\\/darkamazi.info\\\/archives\\\/1039658\",\"name\":\"Romana \\\"li ber deriy\u00ea zindana Diyarbekir\u00ea gaz\u00ee \u00fb heware\\\" w\u00ea were parvekirin - Darka Maz\u00ee\",\"isPartOf\":{\"@id\":\"https:\\\/\\\/darkamazi.info\\\/#website\"},\"primaryImageOfPage\":{\"@id\":\"https:\\\/\\\/darkamazi.info\\\/archives\\\/1039658#primaryimage\"},\"image\":{\"@id\":\"https:\\\/\\\/darkamazi.info\\\/archives\\\/1039658#primaryimage\"},\"thumbnailUrl\":\"https:\\\/\\\/darkamazi.info\\\/darka-content\\\/uploads\\\/2023\\\/12\\\/bube-eser.jpg\",\"datePublished\":\"2023-12-07T17:00:46+00:00\",\"breadcrumb\":{\"@id\":\"https:\\\/\\\/darkamazi.info\\\/archives\\\/1039658#breadcrumb\"},\"inLanguage\":\"en-US\",\"potentialAction\":[{\"@type\":\"ReadAction\",\"target\":[\"https:\\\/\\\/darkamazi.info\\\/archives\\\/1039658\"]}]},{\"@type\":\"ImageObject\",\"inLanguage\":\"en-US\",\"@id\":\"https:\\\/\\\/darkamazi.info\\\/archives\\\/1039658#primaryimage\",\"url\":\"https:\\\/\\\/darkamazi.info\\\/darka-content\\\/uploads\\\/2023\\\/12\\\/bube-eser.jpg\",\"contentUrl\":\"https:\\\/\\\/darkamazi.info\\\/darka-content\\\/uploads\\\/2023\\\/12\\\/bube-eser.jpg\",\"width\":900,\"height\":475,\"caption\":\"Romana \\\"li ber deriy\u00ea zindana Diyarbekir\u00ea gaz\u00ee \u00fb heware\\\" w\u00ea were parvekirin\"},{\"@type\":\"BreadcrumbList\",\"@id\":\"https:\\\/\\\/darkamazi.info\\\/archives\\\/1039658#breadcrumb\",\"itemListElement\":[{\"@type\":\"ListItem\",\"position\":1,\"name\":\"Home\",\"item\":\"https:\\\/\\\/darkamazi.info\\\/\"},{\"@type\":\"ListItem\",\"position\":2,\"name\":\"Romana &#8220;li ber deriy\u00ea zindana Diyarbekir\u00ea gaz\u00ee \u00fb heware&#8221; w\u00ea were parvekirin\"}]},{\"@type\":\"WebSite\",\"@id\":\"https:\\\/\\\/darkamazi.info\\\/#website\",\"url\":\"https:\\\/\\\/darkamazi.info\\\/\",\"name\":\"Darka Maz\u00ee\",\"description\":\"P\u00eageha Zanyariy\u00ean Nebih\u00eest\u00ee\",\"publisher\":{\"@id\":\"https:\\\/\\\/darkamazi.info\\\/#organization\"},\"potentialAction\":[{\"@type\":\"SearchAction\",\"target\":{\"@type\":\"EntryPoint\",\"urlTemplate\":\"https:\\\/\\\/darkamazi.info\\\/?s={search_term_string}\"},\"query-input\":{\"@type\":\"PropertyValueSpecification\",\"valueRequired\":true,\"valueName\":\"search_term_string\"}}],\"inLanguage\":\"en-US\"},{\"@type\":\"Organization\",\"@id\":\"https:\\\/\\\/darkamazi.info\\\/#organization\",\"name\":\"Darka Maz\u00ee\",\"url\":\"https:\\\/\\\/darkamazi.info\\\/\",\"logo\":{\"@type\":\"ImageObject\",\"inLanguage\":\"en-US\",\"@id\":\"https:\\\/\\\/darkamazi.info\\\/#\\\/schema\\\/logo\\\/image\\\/\",\"url\":\"https:\\\/\\\/darkamazi.info\\\/darka-content\\\/uploads\\\/2017\\\/12\\\/darka-mazi-logo.png\",\"contentUrl\":\"https:\\\/\\\/darkamazi.info\\\/darka-content\\\/uploads\\\/2017\\\/12\\\/darka-mazi-logo.png\",\"width\":151,\"height\":75,\"caption\":\"Darka Maz\u00ee\"},\"image\":{\"@id\":\"https:\\\/\\\/darkamazi.info\\\/#\\\/schema\\\/logo\\\/image\\\/\"},\"sameAs\":[\"https:\\\/\\\/www.facebook.com\\\/DarMaziKurmanci\",\"https:\\\/\\\/x.com\\\/DarkaMaziLatini\",\"https:\\\/\\\/www.instagram.com\\\/darkamazi.kurmanci\\\/\",\"https:\\\/\\\/www.youtube.com\\\/channel\\\/UCa5HkTdmI8U1qCUFuTw8B2g\"]},{\"@type\":\"Person\",\"@id\":\"https:\\\/\\\/darkamazi.info\\\/#\\\/schema\\\/person\\\/5ad3e24553a0567993fa8ed4bd0a776c\",\"name\":\"darka mazi\",\"sameAs\":[\"https:\\\/\\\/darkamazi.info\\\/\"],\"url\":\"https:\\\/\\\/darkamazi.info\\\/archives\\\/author\\\/kurdi\"}]}<\/script>\n<!-- \/ Yoast SEO plugin. -->","seo_head_json":{"title":"Romana \"li ber deriy\u00ea zindana Diyarbekir\u00ea gaz\u00ee \u00fb heware\" w\u00ea were parvekirin - Darka Maz\u00ee","robots":{"index":"index","follow":"follow","max-snippet":"max-snippet:-1","max-image-preview":"max-image-preview:large","max-video-preview":"max-video-preview:-1"},"canonical":"https:\/\/darkamazi.info\/archives\/1039658","og_locale":"en_US","og_type":"article","og_title":"Romana \"li ber deriy\u00ea zindana Diyarbekir\u00ea gaz\u00ee \u00fb heware\" w\u00ea were parvekirin - Darka Maz\u00ee","og_description":"Mizg\u00een\u00ee \u00fb agahdar\u00ee Demeke dir\u00eaj e ku ez li ser romana xwe ya dudan ku li ser rew\u015fa z\u00eendana Diyarbekir\u00ea kar dikim. Min di v\u00ea roman\u00ea de xwest ez rew\u015fa kes\u00ean dihatin an di\u00e7\u00fbn seredana zarok\u00ean xwe, xu\u015fk \u00fb bray\u00ean xwe, bav \u00fb ap\u00ean, xalt\u00eek \u00fb metik\u00ean xwe, biniv\u00ees\u00eenim. Ez zanim dereng j\u00ee mame. L\u00ea [&hellip;]","og_url":"https:\/\/darkamazi.info\/archives\/1039658","og_site_name":"Darka Maz\u00ee","article_publisher":"https:\/\/www.facebook.com\/DarMaziKurmanci","article_published_time":"2023-12-07T17:00:46+00:00","og_image":[{"width":900,"height":475,"url":"https:\/\/darkamazi.info\/file\/2023\/12\/bube-eser.jpg","type":"image\/jpeg"}],"author":"darka mazi","twitter_card":"summary_large_image","twitter_creator":"@DarkaMaziLatini","twitter_site":"@DarkaMaziLatini","twitter_misc":{"Written by":"darka mazi","Est. reading time":"2 minutes"},"schema":{"@context":"https:\/\/schema.org","@graph":[{"@type":"Article","@id":"https:\/\/darkamazi.info\/archives\/1039658#article","isPartOf":{"@id":"https:\/\/darkamazi.info\/archives\/1039658"},"author":{"name":"darka mazi","@id":"https:\/\/darkamazi.info\/#\/schema\/person\/5ad3e24553a0567993fa8ed4bd0a776c"},"headline":"Romana &#8220;li ber deriy\u00ea zindana Diyarbekir\u00ea gaz\u00ee \u00fb heware&#8221; w\u00ea were parvekirin","datePublished":"2023-12-07T17:00:46+00:00","mainEntityOfPage":{"@id":"https:\/\/darkamazi.info\/archives\/1039658"},"wordCount":545,"publisher":{"@id":"https:\/\/darkamazi.info\/#organization"},"image":{"@id":"https:\/\/darkamazi.info\/archives\/1039658#primaryimage"},"thumbnailUrl":"https:\/\/darkamazi.info\/file\/2023\/12\/bube-eser.jpg","keywords":["B\u00fbb\u00ea Eser"],"articleSection":["\u00c7and \u00db Huner","Hemereng"],"inLanguage":"en-US"},{"@type":"WebPage","@id":"https:\/\/darkamazi.info\/archives\/1039658","url":"https:\/\/darkamazi.info\/archives\/1039658","name":"Romana \"li ber deriy\u00ea zindana Diyarbekir\u00ea gaz\u00ee \u00fb heware\" w\u00ea were parvekirin - Darka Maz\u00ee","isPartOf":{"@id":"https:\/\/darkamazi.info\/#website"},"primaryImageOfPage":{"@id":"https:\/\/darkamazi.info\/archives\/1039658#primaryimage"},"image":{"@id":"https:\/\/darkamazi.info\/archives\/1039658#primaryimage"},"thumbnailUrl":"https:\/\/darkamazi.info\/file\/2023\/12\/bube-eser.jpg","datePublished":"2023-12-07T17:00:46+00:00","breadcrumb":{"@id":"https:\/\/darkamazi.info\/archives\/1039658#breadcrumb"},"inLanguage":"en-US","potentialAction":[{"@type":"ReadAction","target":["https:\/\/darkamazi.info\/archives\/1039658"]}]},{"@type":"ImageObject","inLanguage":"en-US","@id":"https:\/\/darkamazi.info\/archives\/1039658#primaryimage","url":"https:\/\/darkamazi.info\/file\/2023\/12\/bube-eser.jpg","contentUrl":"https:\/\/darkamazi.info\/file\/2023\/12\/bube-eser.jpg","width":900,"height":475,"caption":"Romana \"li ber deriy\u00ea zindana Diyarbekir\u00ea gaz\u00ee \u00fb heware\" w\u00ea were parvekirin"},{"@type":"BreadcrumbList","@id":"https:\/\/darkamazi.info\/archives\/1039658#breadcrumb","itemListElement":[{"@type":"ListItem","position":1,"name":"Home","item":"https:\/\/darkamazi.info\/"},{"@type":"ListItem","position":2,"name":"Romana &#8220;li ber deriy\u00ea zindana Diyarbekir\u00ea gaz\u00ee \u00fb heware&#8221; w\u00ea were parvekirin"}]},{"@type":"WebSite","@id":"https:\/\/darkamazi.info\/#website","url":"https:\/\/darkamazi.info\/","name":"Darka Maz\u00ee","description":"P\u00eageha Zanyariy\u00ean Nebih\u00eest\u00ee","publisher":{"@id":"https:\/\/darkamazi.info\/#organization"},"potentialAction":[{"@type":"SearchAction","target":{"@type":"EntryPoint","urlTemplate":"https:\/\/darkamazi.info\/?s={search_term_string}"},"query-input":{"@type":"PropertyValueSpecification","valueRequired":true,"valueName":"search_term_string"}}],"inLanguage":"en-US"},{"@type":"Organization","@id":"https:\/\/darkamazi.info\/#organization","name":"Darka Maz\u00ee","url":"https:\/\/darkamazi.info\/","logo":{"@type":"ImageObject","inLanguage":"en-US","@id":"https:\/\/darkamazi.info\/#\/schema\/logo\/image\/","url":"https:\/\/darkamazi.info\/file\/2017\/12\/darka-mazi-logo.png","contentUrl":"https:\/\/darkamazi.info\/file\/2017\/12\/darka-mazi-logo.png","width":151,"height":75,"caption":"Darka Maz\u00ee"},"image":{"@id":"https:\/\/darkamazi.info\/#\/schema\/logo\/image\/"},"sameAs":["https:\/\/www.facebook.com\/DarMaziKurmanci","https:\/\/x.com\/DarkaMaziLatini","https:\/\/www.instagram.com\/darkamazi.kurmanci\/","https:\/\/www.youtube.com\/channel\/UCa5HkTdmI8U1qCUFuTw8B2g"]},{"@type":"Person","@id":"https:\/\/darkamazi.info\/#\/schema\/person\/5ad3e24553a0567993fa8ed4bd0a776c","name":"darka mazi","sameAs":["https:\/\/darkamazi.info\/"],"url":"https:\/\/darkamazi.info\/archives\/author\/kurdi"}]}},"_links":{"self":[{"href":"https:\/\/darkamazi.info\/funavuv\/wp\/v2\/posts\/1039658","targetHints":{"allow":["GET"]}}],"collection":[{"href":"https:\/\/darkamazi.info\/funavuv\/wp\/v2\/posts"}],"about":[{"href":"https:\/\/darkamazi.info\/funavuv\/wp\/v2\/types\/post"}],"author":[{"embeddable":true,"href":"https:\/\/darkamazi.info\/funavuv\/wp\/v2\/users\/2"}],"replies":[{"embeddable":true,"href":"https:\/\/darkamazi.info\/funavuv\/wp\/v2\/comments?post=1039658"}],"version-history":[{"count":0,"href":"https:\/\/darkamazi.info\/funavuv\/wp\/v2\/posts\/1039658\/revisions"}],"wp:featuredmedia":[{"embeddable":true,"href":"https:\/\/darkamazi.info\/funavuv\/wp\/v2\/media\/1039659"}],"wp:attachment":[{"href":"https:\/\/darkamazi.info\/funavuv\/wp\/v2\/media?parent=1039658"}],"wp:term":[{"taxonomy":"category","embeddable":true,"href":"https:\/\/darkamazi.info\/funavuv\/wp\/v2\/categories?post=1039658"},{"taxonomy":"post_tag","embeddable":true,"href":"https:\/\/darkamazi.info\/funavuv\/wp\/v2\/tags?post=1039658"}],"curies":[{"name":"wp","href":"https:\/\/api.w.org\/{rel}","templated":true}]}}