{"id":1039713,"date":"2023-12-10T18:51:21","date_gmt":"2023-12-10T15:51:21","guid":{"rendered":"https:\/\/darkamazi.info\/?p=1039713"},"modified":"2023-12-10T18:51:21","modified_gmt":"2023-12-10T15:51:21","slug":"mihemed-selim-curukkaya-cima-u-cewa-ji-pkke-veqetiya-10","status":"publish","type":"post","link":"https:\/\/darkamazi.info\/archives\/1039713","title":{"rendered":"Mihemed Sel\u00eem \u00c7urukkaya \u00e7ima \u00fb \u00e7ewa ji PKK\u2019\u00ea veqetiya?-10"},"content":{"rendered":"<h3><span style=\"font-family: 'arial black', sans-serif\">Mihemed Sel\u00eem \u00c7urukkaya yek ji damezr\u00eener\u00ean PKK\u2019\u00ea ye, ew rojnamevan, siyasetmedar \u00fb niv\u00eeser e, jiber wilatpar\u00eaz\u00ee \u00fb kurdperweriya w\u00ee dema 11 salan di zindan\u00ean cuda y\u00ean Tirkiy\u00ea de, di rew\u015feke her\u00ee xereb de li ber xwe da \u00fb tesl\u00eem neb\u00fb, dema ji zindan\u00ea azad dibe, ber\u00ea xwe dide \u00e7iya, bi Evdila Ocalan re d\u00eesa t\u00eakildar dibe, dema ji zindan\u00ea azad b\u00fby \u00fb vegeriyay nava PKK\u2019\u00ea de ji gelek ti\u015ft\u00ean di nava PKK\u2019\u00ea de b\u00fby\u00ee qan\u00fbn neraz\u00ee b\u00fb, l\u00ea nekar\u00ee neraz\u00eeb\u00fbna xwe bi azadane beyan bike, ji ber ku diyarkirina neraz\u00eeb\u00fbn\u00ea bi wateya dijat\u00eekirina Ocalan t\u00ea, b\u00eay guman ev yek j\u00ee da bibe sedema s\u00fb\u00e7barkirina w\u00ee bi \u00eexanet\u00ea \u00fb pi\u015ftre tasfiyekirina w\u00ee, ji ne\u00e7ar\u00ee biryara rev\u00een\u00ea ji nava PKK\u2019\u00ea \u00fb veqet\u00eena ji v\u00ea partiy\u00ea dide, w\u00ee bi niv\u00eesandina pirt\u00fbkek\u00ee bi nav\u00ea \u201cAyet\u00ean Apo\u201d hewl da rastiya Ocalan \u00fb PKK\u2019\u00ea ji gel\u00ea kurd \u00fb c\u00eehan\u00ea re e\u015fkere bike.<\/span><\/h3>\n<h3>Di v\u00ea pirt\u00fbk\u00ea de ba\u015f xweya dibe ku gelek tengas\u00ee d\u00eetine heya ku bikare xwe bigih\u00eene Ewropay\u00ea, dema ji PKK\u2019\u00ea vediqete \u00fb li Libnan\u00ea b\u00eay pere \u00fb pasport dikeve ko\u00e7e \u00fb kolan\u00ean Beyrot\u00ea, pirr caran di xeyal\u00ean xwe de hin pirs\u00ean gir\u00eeng ji xwe dike ku mirov dikare wusa \u015f\u00eerove bike ku ger ew bihatiba girtin da Ocalan j\u00ee heman pirsan ji w\u00ee bike. Em\u00ea hewl bidin di \u00e7end niv\u00eesan de bas\u00ee hin ji sedem\u00ean veqet\u00eena \u00c7urukkaya ji PKK\u2019\u00ea \u00fb helwest \u00fb biryar\u00ean Ocalan di nava PKK\u2019\u00ea de ku niv\u00easer bi \u201cAyet\u00ean Apo\u201d dide naskirin bikin.<\/h3>\n<h3><span style=\"font-family: 'arial black', sans-serif\">Mihemed Sel\u00eem \u00c7urukkaya di derbara kolekirina kadroy\u00ean PKK\u2019\u00ea ji aliy\u00ea Ocalan ve \u00e7ewa difikire \u00fb ji zar dev\u00ea Ocalan v\u00ea yek\u00ea \u00e7ewa beyan dike?<\/span><\/h3>\n<h3>Ocalan: armanca dadgeh\u00ean me eve ku tev kesan b\u00eenin ser r\u00eaya rasta min, armanca ku\u015ftin\u00ea j\u00ee eve, pey re armanca zindankirin\u00ea j\u00ee her eve, her wiha armanca \u00ee\u015fkencekirin\u00ea \u00fb her ti\u015ft\u00ee eve, tam bi v\u00ee awa t\u00ean ser r\u00eaya rast, ya ku ez dib\u00eajim b\u00eay qeyd \u00fb merc pesend dikin, weke hizr\u00ean min hizir dikin, peyv\u00ean ku ez bikar t\u00eenim dubare dikin, ew bi xwe dest ji hizirkirin\u00ea \u00fb d\u00eetna b\u00eerokeyan ber didin, pi\u015ftevaniya wan hizran dikin y\u00ean ku ez hazir didim dest wan, tev j\u00ee wek hevin, ser\u00ea wan l\u00ea bide \u00fb nan\u00ea wan ji wan bist\u00eene, gelek hejar in, li himber le\u015fkir\u00ea Tirkiy\u00ea m\u00eena berx\u00ean qurban\u00eey\u00ea ne, ji ber v\u00ea yek\u00ea m\u00eena berxa ne \u00fb nikarin bifikirin, hem\u00fb deman ji wan re dib\u00eajim, h\u00fbn berx\u00ean qurban\u00eey\u00ea ne, ew j\u00ee dib\u00eajin bel\u00ea serok.<\/h3>\n<h3>Pir b\u00eay h\u00eazin, ji ber ku min h\u00eaza wan ji wan stendiye, nikarin bi axivin, ji ber ku her dem ez di axivim, ew pirr bi\u00e7\u00fbk \u00fb b\u00eay kesat\u00ee \u00fb sivikin, ji ber ku ez pirr ji hej\u00ee \u00fb ast bilind im, nikarin hizir di ti ti\u015ftek\u00ee de bikin, ji ber ku ez bi tena ser\u00ea xwe hizir dikim, ti dah\u00eanana nakin, ji ber ku dah\u00eener bi ten\u00ea ezim, ti yek ji wan nikare teor\u00eeyek\u00ea dar\u00eaje, ji ber ku ez di dar\u00eajim, nikarin du peyva b\u00eenin ba hev, fermandar\u00ean wan y\u00ean her\u00ee j\u00eahat\u00ee j\u00ee li himber\u00ee min dib\u00eajin r\u00eabert\u00ee rast dib\u00eaje, raste bel\u00ea serok, weye serok, temame serok, ji van peyvan z\u00eadetir ti peyveke din nab\u00eajin, niha qey ez dib\u00eajim ne axivin? Naaa, ez ne ew kesim xelk\u00ea b\u00ea deng bikim, ez r\u00ea didim ew bi axivin, k\u00ee r\u00ea dide bi milyonan kes\u00a0 bi axivin? Dema ez wisa dib\u00eajm ker\u00ean kur\u00ea keran, demildest baweriy\u00ea bi demokras\u00eeb\u00fbna min t\u00eenin, ji xwe di rastiy\u00ea de ne wisa ye, y\u00ean min an\u00eene ser r\u00eabaza r\u00eaberatiy\u00ea anku y\u00ean min xistine di bin kontrola xwe de \u00fb min kir\u00eene kole nikarin bifikirin, bi ten\u00ea ayat\u00ean min dubare dikin, ji w\u00ea yek\u00ea z\u00eadetir nikarin ti b\u00eerokeyan dar\u00eajin, ti peyvan bib\u00eajn, min zilam\u00ean xwe xistine v\u00ea rew\u015f\u00ea, b\u00eay goman ji min qeb\u00fbl kiriye ku hizir \u00fb b\u00eer\u00ean min hizir \u00fb b\u00eer\u00ean partiy\u00ea ne, ayat\u00ean min j\u00ee ner\u00eena partiy\u00ea ye, kole nikarin bo\u00e7\u00fbna partiy\u00ea bixin aliyek\u00ee \u00fb bo\u00e7\u00fbna xwe bib\u00eajin, bo\u00e7\u00fbn\u00ean partiy\u00ea y\u00ean minin.<\/h3>\n<h3>L\u00ea bel\u00ea min ew bawer\u00ee ji wan re \u00e7\u00eakiriye ku ew raya gi\u015ft\u00ee ne, \u00e7ewa bawer\u00ee bi min aniye? Min ji hem\u00fbyan re gotiye, ku hizr\u00ean rast y\u00ean minin, hizirkirin\u00ean wan j\u00ee y\u00ean kemal\u00eezm \u00fb fa\u015f\u00eezm \u00fb nizanim k\u00ea ne, hem\u00fbyan dev ji hizir kirin\u00ea berdaye, pa\u015f ku mane b\u00eay hizir, dest bi dubarekirina hizr\u00ean min kiriye, bi v\u00ea yek\u00ea ez blind b\u00fbme \u00fb b\u00fbme r\u00eaber\u00ea stratej\u00ee \u00fb koley\u00ean min daketine r\u00eaberat\u00eeya takt\u00eek\u00ee, ev w\u00ea yek\u00ea diselm\u00eene ku ez difikirim \u00fb b\u00eay ti hizirkirin koley\u00ean min wan hizran c\u00eebic\u00ee dikin, ya rast j\u00ee div\u00ea wisa be, ger di partiy\u00ean din de be pirr kes kom dibin \u00fb hizir \u00fb ner\u00een\u00ean c\u00fbda diyar dikin, di encam de biryar\u00ean hevpar didin, l\u00ea li cem me ti\u015ftek\u00ee bi v\u00ee awa tuneye, li cem me tev kes weke min difikirin, anku her ti\u015ft\u00ea ku ez hizir t\u00ea de dikim ew j\u00ee hizir di w\u00ee ti\u015ft\u00ee de dikin, ger mej\u00eek\u00ea forma xwe wisa wergirtibe ez \u00e7i bikim?<\/h3>\n","protected":false},"excerpt":{"rendered":"<p>Mihemed Sel\u00eem \u00c7urukkaya yek ji damezr\u00eener\u00ean PKK\u2019\u00ea ye, ew rojnamevan, siyasetmedar \u00fb niv\u00eeser e, jiber wilatpar\u00eaz\u00ee \u00fb kurdperweriya w\u00ee dema 11 salan di zindan\u00ean cuda y\u00ean Tirkiy\u00ea de, di rew\u015feke her\u00ee xereb de li ber xwe da \u00fb tesl\u00eem neb\u00fb, dema ji zindan\u00ea azad dibe, ber\u00ea xwe dide \u00e7iya, bi Evdila Ocalan re d\u00eesa t\u00eakildar [&hellip;]<\/p>\n","protected":false},"author":2,"featured_media":1039714,"comment_status":"closed","ping_status":"closed","sticky":false,"template":"","format":"standard","meta":{"footnotes":""},"categories":[67],"tags":[37],"class_list":["post-1039713","post","type-post","status-publish","format-standard","has-post-thumbnail","hentry","category-namilke","tag-sereke"],"blocksy_meta":[],"seo_head":"<!-- This site is optimized with the Yoast SEO plugin v27.5 - https:\/\/yoast.com\/product\/yoast-seo-wordpress\/ -->\n<title>Mihemed Sel\u00eem \u00c7urukkaya \u00e7ima \u00fb \u00e7ewa ji PKK\u2019\u00ea veqetiya?-10 - Darka Maz\u00ee<\/title>\n<meta name=\"robots\" content=\"index, follow, max-snippet:-1, max-image-preview:large, max-video-preview:-1\" \/>\n<link rel=\"canonical\" href=\"https:\/\/darkamazi.info\/archives\/1039713\" \/>\n<meta property=\"og:locale\" content=\"en_US\" \/>\n<meta property=\"og:type\" content=\"article\" \/>\n<meta property=\"og:title\" content=\"Mihemed Sel\u00eem \u00c7urukkaya \u00e7ima \u00fb \u00e7ewa ji PKK\u2019\u00ea veqetiya?-10 - Darka Maz\u00ee\" \/>\n<meta property=\"og:description\" content=\"Mihemed Sel\u00eem \u00c7urukkaya yek ji damezr\u00eener\u00ean PKK\u2019\u00ea ye, ew rojnamevan, siyasetmedar \u00fb niv\u00eeser e, jiber wilatpar\u00eaz\u00ee \u00fb kurdperweriya w\u00ee dema 11 salan di zindan\u00ean cuda y\u00ean Tirkiy\u00ea de, di rew\u015feke her\u00ee xereb de li ber xwe da \u00fb tesl\u00eem neb\u00fb, dema ji zindan\u00ea azad dibe, ber\u00ea xwe dide \u00e7iya, bi Evdila Ocalan re d\u00eesa t\u00eakildar [&hellip;]\" \/>\n<meta property=\"og:url\" content=\"https:\/\/darkamazi.info\/archives\/1039713\" \/>\n<meta property=\"og:site_name\" content=\"Darka Maz\u00ee\" \/>\n<meta property=\"article:publisher\" content=\"https:\/\/www.facebook.com\/DarMaziKurmanci\" \/>\n<meta property=\"article:published_time\" content=\"2023-12-10T15:51:21+00:00\" \/>\n<meta property=\"og:image\" content=\"https:\/\/darkamazi.info\/file\/2023\/12\/ayeten-apo.jpg\" \/>\n\t<meta property=\"og:image:width\" content=\"900\" \/>\n\t<meta property=\"og:image:height\" content=\"497\" \/>\n\t<meta property=\"og:image:type\" content=\"image\/jpeg\" \/>\n<meta name=\"author\" content=\"darka mazi\" \/>\n<meta name=\"twitter:card\" content=\"summary_large_image\" \/>\n<meta name=\"twitter:creator\" content=\"@DarkaMaziLatini\" \/>\n<meta name=\"twitter:site\" content=\"@DarkaMaziLatini\" \/>\n<meta name=\"twitter:label1\" content=\"Written by\" \/>\n\t<meta name=\"twitter:data1\" content=\"darka mazi\" \/>\n\t<meta name=\"twitter:label2\" content=\"Est. reading time\" \/>\n\t<meta name=\"twitter:data2\" content=\"4 minutes\" \/>\n<script type=\"application\/ld+json\" class=\"seo-schema-graph\">{\"@context\":\"https:\\\/\\\/schema.org\",\"@graph\":[{\"@type\":\"Article\",\"@id\":\"https:\\\/\\\/darkamazi.info\\\/archives\\\/1039713#article\",\"isPartOf\":{\"@id\":\"https:\\\/\\\/darkamazi.info\\\/archives\\\/1039713\"},\"author\":{\"name\":\"darka mazi\",\"@id\":\"https:\\\/\\\/darkamazi.info\\\/#\\\/schema\\\/person\\\/5ad3e24553a0567993fa8ed4bd0a776c\"},\"headline\":\"Mihemed Sel\u00eem \u00c7urukkaya \u00e7ima \u00fb \u00e7ewa ji PKK\u2019\u00ea veqetiya?-10\",\"datePublished\":\"2023-12-10T15:51:21+00:00\",\"mainEntityOfPage\":{\"@id\":\"https:\\\/\\\/darkamazi.info\\\/archives\\\/1039713\"},\"wordCount\":943,\"publisher\":{\"@id\":\"https:\\\/\\\/darkamazi.info\\\/#organization\"},\"image\":{\"@id\":\"https:\\\/\\\/darkamazi.info\\\/archives\\\/1039713#primaryimage\"},\"thumbnailUrl\":\"https:\\\/\\\/darkamazi.info\\\/darka-content\\\/uploads\\\/2023\\\/12\\\/ayeten-apo.jpg\",\"keywords\":[\"sereke\"],\"articleSection\":[\"Nam\u00eelke\"],\"inLanguage\":\"en-US\"},{\"@type\":\"WebPage\",\"@id\":\"https:\\\/\\\/darkamazi.info\\\/archives\\\/1039713\",\"url\":\"https:\\\/\\\/darkamazi.info\\\/archives\\\/1039713\",\"name\":\"Mihemed Sel\u00eem \u00c7urukkaya \u00e7ima \u00fb \u00e7ewa ji PKK\u2019\u00ea veqetiya?-10 - Darka Maz\u00ee\",\"isPartOf\":{\"@id\":\"https:\\\/\\\/darkamazi.info\\\/#website\"},\"primaryImageOfPage\":{\"@id\":\"https:\\\/\\\/darkamazi.info\\\/archives\\\/1039713#primaryimage\"},\"image\":{\"@id\":\"https:\\\/\\\/darkamazi.info\\\/archives\\\/1039713#primaryimage\"},\"thumbnailUrl\":\"https:\\\/\\\/darkamazi.info\\\/darka-content\\\/uploads\\\/2023\\\/12\\\/ayeten-apo.jpg\",\"datePublished\":\"2023-12-10T15:51:21+00:00\",\"breadcrumb\":{\"@id\":\"https:\\\/\\\/darkamazi.info\\\/archives\\\/1039713#breadcrumb\"},\"inLanguage\":\"en-US\",\"potentialAction\":[{\"@type\":\"ReadAction\",\"target\":[\"https:\\\/\\\/darkamazi.info\\\/archives\\\/1039713\"]}]},{\"@type\":\"ImageObject\",\"inLanguage\":\"en-US\",\"@id\":\"https:\\\/\\\/darkamazi.info\\\/archives\\\/1039713#primaryimage\",\"url\":\"https:\\\/\\\/darkamazi.info\\\/darka-content\\\/uploads\\\/2023\\\/12\\\/ayeten-apo.jpg\",\"contentUrl\":\"https:\\\/\\\/darkamazi.info\\\/darka-content\\\/uploads\\\/2023\\\/12\\\/ayeten-apo.jpg\",\"width\":900,\"height\":497,\"caption\":\"Mihemed Sel\u00eem \u00c7urukkaya \u00e7ima \u00fb \u00e7ewa ji PKK\u2019\u00ea veqetiya?-10\"},{\"@type\":\"BreadcrumbList\",\"@id\":\"https:\\\/\\\/darkamazi.info\\\/archives\\\/1039713#breadcrumb\",\"itemListElement\":[{\"@type\":\"ListItem\",\"position\":1,\"name\":\"Home\",\"item\":\"https:\\\/\\\/darkamazi.info\\\/\"},{\"@type\":\"ListItem\",\"position\":2,\"name\":\"Mihemed Sel\u00eem \u00c7urukkaya \u00e7ima \u00fb \u00e7ewa ji PKK\u2019\u00ea veqetiya?-10\"}]},{\"@type\":\"WebSite\",\"@id\":\"https:\\\/\\\/darkamazi.info\\\/#website\",\"url\":\"https:\\\/\\\/darkamazi.info\\\/\",\"name\":\"Darka Maz\u00ee\",\"description\":\"P\u00eageha Zanyariy\u00ean Nebih\u00eest\u00ee\",\"publisher\":{\"@id\":\"https:\\\/\\\/darkamazi.info\\\/#organization\"},\"potentialAction\":[{\"@type\":\"SearchAction\",\"target\":{\"@type\":\"EntryPoint\",\"urlTemplate\":\"https:\\\/\\\/darkamazi.info\\\/?s={search_term_string}\"},\"query-input\":{\"@type\":\"PropertyValueSpecification\",\"valueRequired\":true,\"valueName\":\"search_term_string\"}}],\"inLanguage\":\"en-US\"},{\"@type\":\"Organization\",\"@id\":\"https:\\\/\\\/darkamazi.info\\\/#organization\",\"name\":\"Darka Maz\u00ee\",\"url\":\"https:\\\/\\\/darkamazi.info\\\/\",\"logo\":{\"@type\":\"ImageObject\",\"inLanguage\":\"en-US\",\"@id\":\"https:\\\/\\\/darkamazi.info\\\/#\\\/schema\\\/logo\\\/image\\\/\",\"url\":\"https:\\\/\\\/darkamazi.info\\\/darka-content\\\/uploads\\\/2017\\\/12\\\/darka-mazi-logo.png\",\"contentUrl\":\"https:\\\/\\\/darkamazi.info\\\/darka-content\\\/uploads\\\/2017\\\/12\\\/darka-mazi-logo.png\",\"width\":151,\"height\":75,\"caption\":\"Darka Maz\u00ee\"},\"image\":{\"@id\":\"https:\\\/\\\/darkamazi.info\\\/#\\\/schema\\\/logo\\\/image\\\/\"},\"sameAs\":[\"https:\\\/\\\/www.facebook.com\\\/DarMaziKurmanci\",\"https:\\\/\\\/x.com\\\/DarkaMaziLatini\",\"https:\\\/\\\/www.instagram.com\\\/darkamazi.kurmanci\\\/\",\"https:\\\/\\\/www.youtube.com\\\/channel\\\/UCa5HkTdmI8U1qCUFuTw8B2g\"]},{\"@type\":\"Person\",\"@id\":\"https:\\\/\\\/darkamazi.info\\\/#\\\/schema\\\/person\\\/5ad3e24553a0567993fa8ed4bd0a776c\",\"name\":\"darka mazi\",\"sameAs\":[\"https:\\\/\\\/darkamazi.info\\\/\"],\"url\":\"https:\\\/\\\/darkamazi.info\\\/archives\\\/author\\\/kurdi\"}]}<\/script>\n<!-- \/ Yoast SEO plugin. -->","seo_head_json":{"title":"Mihemed Sel\u00eem \u00c7urukkaya \u00e7ima \u00fb \u00e7ewa ji PKK\u2019\u00ea veqetiya?-10 - Darka Maz\u00ee","robots":{"index":"index","follow":"follow","max-snippet":"max-snippet:-1","max-image-preview":"max-image-preview:large","max-video-preview":"max-video-preview:-1"},"canonical":"https:\/\/darkamazi.info\/archives\/1039713","og_locale":"en_US","og_type":"article","og_title":"Mihemed Sel\u00eem \u00c7urukkaya \u00e7ima \u00fb \u00e7ewa ji PKK\u2019\u00ea veqetiya?-10 - Darka Maz\u00ee","og_description":"Mihemed Sel\u00eem \u00c7urukkaya yek ji damezr\u00eener\u00ean PKK\u2019\u00ea ye, ew rojnamevan, siyasetmedar \u00fb niv\u00eeser e, jiber wilatpar\u00eaz\u00ee \u00fb kurdperweriya w\u00ee dema 11 salan di zindan\u00ean cuda y\u00ean Tirkiy\u00ea de, di rew\u015feke her\u00ee xereb de li ber xwe da \u00fb tesl\u00eem neb\u00fb, dema ji zindan\u00ea azad dibe, ber\u00ea xwe dide \u00e7iya, bi Evdila Ocalan re d\u00eesa t\u00eakildar [&hellip;]","og_url":"https:\/\/darkamazi.info\/archives\/1039713","og_site_name":"Darka Maz\u00ee","article_publisher":"https:\/\/www.facebook.com\/DarMaziKurmanci","article_published_time":"2023-12-10T15:51:21+00:00","og_image":[{"width":900,"height":497,"url":"https:\/\/darkamazi.info\/file\/2023\/12\/ayeten-apo.jpg","type":"image\/jpeg"}],"author":"darka mazi","twitter_card":"summary_large_image","twitter_creator":"@DarkaMaziLatini","twitter_site":"@DarkaMaziLatini","twitter_misc":{"Written by":"darka mazi","Est. reading time":"4 minutes"},"schema":{"@context":"https:\/\/schema.org","@graph":[{"@type":"Article","@id":"https:\/\/darkamazi.info\/archives\/1039713#article","isPartOf":{"@id":"https:\/\/darkamazi.info\/archives\/1039713"},"author":{"name":"darka mazi","@id":"https:\/\/darkamazi.info\/#\/schema\/person\/5ad3e24553a0567993fa8ed4bd0a776c"},"headline":"Mihemed Sel\u00eem \u00c7urukkaya \u00e7ima \u00fb \u00e7ewa ji PKK\u2019\u00ea veqetiya?-10","datePublished":"2023-12-10T15:51:21+00:00","mainEntityOfPage":{"@id":"https:\/\/darkamazi.info\/archives\/1039713"},"wordCount":943,"publisher":{"@id":"https:\/\/darkamazi.info\/#organization"},"image":{"@id":"https:\/\/darkamazi.info\/archives\/1039713#primaryimage"},"thumbnailUrl":"https:\/\/darkamazi.info\/file\/2023\/12\/ayeten-apo.jpg","keywords":["sereke"],"articleSection":["Nam\u00eelke"],"inLanguage":"en-US"},{"@type":"WebPage","@id":"https:\/\/darkamazi.info\/archives\/1039713","url":"https:\/\/darkamazi.info\/archives\/1039713","name":"Mihemed Sel\u00eem \u00c7urukkaya \u00e7ima \u00fb \u00e7ewa ji PKK\u2019\u00ea veqetiya?-10 - Darka Maz\u00ee","isPartOf":{"@id":"https:\/\/darkamazi.info\/#website"},"primaryImageOfPage":{"@id":"https:\/\/darkamazi.info\/archives\/1039713#primaryimage"},"image":{"@id":"https:\/\/darkamazi.info\/archives\/1039713#primaryimage"},"thumbnailUrl":"https:\/\/darkamazi.info\/file\/2023\/12\/ayeten-apo.jpg","datePublished":"2023-12-10T15:51:21+00:00","breadcrumb":{"@id":"https:\/\/darkamazi.info\/archives\/1039713#breadcrumb"},"inLanguage":"en-US","potentialAction":[{"@type":"ReadAction","target":["https:\/\/darkamazi.info\/archives\/1039713"]}]},{"@type":"ImageObject","inLanguage":"en-US","@id":"https:\/\/darkamazi.info\/archives\/1039713#primaryimage","url":"https:\/\/darkamazi.info\/file\/2023\/12\/ayeten-apo.jpg","contentUrl":"https:\/\/darkamazi.info\/file\/2023\/12\/ayeten-apo.jpg","width":900,"height":497,"caption":"Mihemed Sel\u00eem \u00c7urukkaya \u00e7ima \u00fb \u00e7ewa ji PKK\u2019\u00ea veqetiya?-10"},{"@type":"BreadcrumbList","@id":"https:\/\/darkamazi.info\/archives\/1039713#breadcrumb","itemListElement":[{"@type":"ListItem","position":1,"name":"Home","item":"https:\/\/darkamazi.info\/"},{"@type":"ListItem","position":2,"name":"Mihemed Sel\u00eem \u00c7urukkaya \u00e7ima \u00fb \u00e7ewa ji PKK\u2019\u00ea veqetiya?-10"}]},{"@type":"WebSite","@id":"https:\/\/darkamazi.info\/#website","url":"https:\/\/darkamazi.info\/","name":"Darka Maz\u00ee","description":"P\u00eageha Zanyariy\u00ean Nebih\u00eest\u00ee","publisher":{"@id":"https:\/\/darkamazi.info\/#organization"},"potentialAction":[{"@type":"SearchAction","target":{"@type":"EntryPoint","urlTemplate":"https:\/\/darkamazi.info\/?s={search_term_string}"},"query-input":{"@type":"PropertyValueSpecification","valueRequired":true,"valueName":"search_term_string"}}],"inLanguage":"en-US"},{"@type":"Organization","@id":"https:\/\/darkamazi.info\/#organization","name":"Darka Maz\u00ee","url":"https:\/\/darkamazi.info\/","logo":{"@type":"ImageObject","inLanguage":"en-US","@id":"https:\/\/darkamazi.info\/#\/schema\/logo\/image\/","url":"https:\/\/darkamazi.info\/file\/2017\/12\/darka-mazi-logo.png","contentUrl":"https:\/\/darkamazi.info\/file\/2017\/12\/darka-mazi-logo.png","width":151,"height":75,"caption":"Darka Maz\u00ee"},"image":{"@id":"https:\/\/darkamazi.info\/#\/schema\/logo\/image\/"},"sameAs":["https:\/\/www.facebook.com\/DarMaziKurmanci","https:\/\/x.com\/DarkaMaziLatini","https:\/\/www.instagram.com\/darkamazi.kurmanci\/","https:\/\/www.youtube.com\/channel\/UCa5HkTdmI8U1qCUFuTw8B2g"]},{"@type":"Person","@id":"https:\/\/darkamazi.info\/#\/schema\/person\/5ad3e24553a0567993fa8ed4bd0a776c","name":"darka mazi","sameAs":["https:\/\/darkamazi.info\/"],"url":"https:\/\/darkamazi.info\/archives\/author\/kurdi"}]}},"_links":{"self":[{"href":"https:\/\/darkamazi.info\/funavuv\/wp\/v2\/posts\/1039713","targetHints":{"allow":["GET"]}}],"collection":[{"href":"https:\/\/darkamazi.info\/funavuv\/wp\/v2\/posts"}],"about":[{"href":"https:\/\/darkamazi.info\/funavuv\/wp\/v2\/types\/post"}],"author":[{"embeddable":true,"href":"https:\/\/darkamazi.info\/funavuv\/wp\/v2\/users\/2"}],"replies":[{"embeddable":true,"href":"https:\/\/darkamazi.info\/funavuv\/wp\/v2\/comments?post=1039713"}],"version-history":[{"count":0,"href":"https:\/\/darkamazi.info\/funavuv\/wp\/v2\/posts\/1039713\/revisions"}],"wp:featuredmedia":[{"embeddable":true,"href":"https:\/\/darkamazi.info\/funavuv\/wp\/v2\/media\/1039714"}],"wp:attachment":[{"href":"https:\/\/darkamazi.info\/funavuv\/wp\/v2\/media?parent=1039713"}],"wp:term":[{"taxonomy":"category","embeddable":true,"href":"https:\/\/darkamazi.info\/funavuv\/wp\/v2\/categories?post=1039713"},{"taxonomy":"post_tag","embeddable":true,"href":"https:\/\/darkamazi.info\/funavuv\/wp\/v2\/tags?post=1039713"}],"curies":[{"name":"wp","href":"https:\/\/api.w.org\/{rel}","templated":true}]}}