{"id":1039977,"date":"2023-12-25T19:06:46","date_gmt":"2023-12-25T16:06:46","guid":{"rendered":"https:\/\/darkamazi.info\/?p=1039977"},"modified":"2023-12-25T19:06:46","modified_gmt":"2023-12-25T16:06:46","slug":"mihemed-selim-curukkaya-cima-u-cewa-ji-pkke-veqetiya-11","status":"publish","type":"post","link":"https:\/\/darkamazi.info\/archives\/1039977","title":{"rendered":"Mihemed Sel\u00eem \u00c7urukkaya \u00e7ima \u00fb \u00e7ewa ji PKK\u2019\u00ea veqetiya?-11"},"content":{"rendered":"<h3 style=\"text-align: justify\"><span style=\"font-family: 'arial black', sans-serif\">Mihemed Sel\u00eem \u00c7urukkaya yek ji damezr\u00eener\u00ean PKK\u2019\u00ea ye, ew rojnamevan, siyasetmedar \u00fb niv\u00eeser e, jiber wilatpar\u00eaz\u00ee \u00fb kurdperweriya w\u00ee dema 11 salan di zindan\u00ean cuda y\u00ean Tirkiy\u00ea de, di rew\u015feke her\u00ee xereb de li ber xwe da \u00fb tesl\u00eem neb\u00fb, dema ji zindan\u00ea azad dibe, ber\u00ea xwe dide \u00e7iya, bi Evdila Ocalan re d\u00eesa t\u00eakildar dibe, dema ji zindan\u00ea azad b\u00fby \u00fb vegeriyay nava PKK\u2019\u00ea de ji gelek ti\u015ft\u00ean di nava PKK\u2019\u00ea de b\u00fby\u00ee qan\u00fbn neraz\u00ee b\u00fb, l\u00ea nekar\u00ee neraz\u00eeb\u00fbna xwe bi azadane beyan bike, ji ber ku diyarkirina neraz\u00eeb\u00fbn\u00ea bi wateya dijat\u00eekirina Ocalan t\u00ea, b\u00eay guman ev yek j\u00ee da bibe sedema s\u00fb\u00e7barkirina w\u00ee bi \u00eexanet\u00ea \u00fb pi\u015ftre tasfiyekirina w\u00ee, ji ne\u00e7ar\u00ee biryara rev\u00een\u00ea ji nava PKK\u2019\u00ea \u00fb veqet\u00eena ji v\u00ea partiy\u00ea dide, w\u00ee bi niv\u00eesandina pirt\u00fbkek\u00ee bi nav\u00ea \u201cAyet\u00ean Apo\u201d hewl da rastiya Ocalan \u00fb PKK\u2019\u00ea ji gel\u00ea kurd \u00fb c\u00eehan\u00ea re e\u015fkere bike.<\/span><\/h3>\n<h3 style=\"text-align: justify\">Di v\u00ea pirt\u00fbk\u00ea de ba\u015f xweya dibe ku gelek tengas\u00ee d\u00eetine heya ku bikare xwe bigih\u00eene Ewropay\u00ea, dema ji PKK\u2019\u00ea vediqete \u00fb li Libnan\u00ea b\u00eay pere \u00fb pasport dikeve ko\u00e7e \u00fb kolan\u00ean Beyrot\u00ea, pirr caran di xeyal\u00ean xwe de hin pirs\u00ean gir\u00eeng ji xwe dike ku mirov dikare wusa \u015f\u00eerove bike ku ger ew bihatiba girtin da Ocalan j\u00ee heman pirsan ji w\u00ee bike. Em\u00ea hewl bidin di \u00e7end niv\u00eesan de bas\u00ee hin ji sedem\u00ean veqet\u00eena \u00c7urukkaya ji PKK\u2019\u00ea \u00fb helwest \u00fb biryar\u00ean Ocalan di nava PKK\u2019\u00ea de ku niv\u00easer bi \u201cAyet\u00ean Apo\u201d dide naskirin bikin.<\/h3>\n<h3 style=\"text-align: justify\"><span style=\"font-family: 'arial black', sans-serif\">Di ner\u00eena Mihemed Sel\u00eem \u00c7urukkaya de Ocalan \u00e7ewa li civata ku dixwaze p\u00eak b\u00eene din\u00eare?<\/span><\/h3>\n<h3 style=\"text-align: justify\">Ocalan: civatek yekdeng, ji hin mirovan p\u00eak t\u00ea ku ji koleyan k\u00eamtir in \u00fb b\u00fbne bende, ez w\u00ea yek\u00ee dizanim, bir\u00eavebirina civateke bi v\u00ee awa pirr h\u00easane, ker\u00eey\u00ea pez\u00ee ne, bel\u00ea ker\u00eey\u00ea pez\u00ee ne, destp\u00eak\u00ea ez hin berxan di afir\u00eenim pi\u015ftre hem\u00fbyan kom dikim \u00fb dikim ker\u00eey\u00ea pez\u00ee, \u015fiva xwe hildigirim \u00fb li p\u00ea\u015fiya wan dime\u015fim, ez li p\u00ea\u015fiy\u00ea me \u00fb ker\u00eey\u00ea pez\u00ee li d\u00fbv min de t\u00ea, ger min go herin aliy\u00ea rast\u00ea w\u00ea herin aliy\u00ea rast\u00ea, ger j\u00ee min go herin aliy\u00ea cep\u00ea w\u00ea bi\u00e7in aliy\u00ea \u00e7ep\u00ea, ma ez ti\u015ftek\u00ee xirab dikim? Ev kar\u00ea bi kom e, dema bendey\u00ean min ayat\u00ean min dixw\u00eenin mest dibin, ez bi xwe bo xwe dib\u00eajim, gelo mirov dibe pez, dibe Ga, dibe Ker, l\u00ea ne heya v\u00ee ast\u00ea, ji ber ku ez r\u00fb bi r\u00fb dij\u00fbnan bi zilam\u00ean xwe didim ew pirr k\u00eafxwe\u015f dibin.<\/h3>\n<h3 style=\"text-align: justify\">Dema Mihemed Celal Bocak li S\u00eavrik\u00ea gotiye kesek\u00ee &#8220;k\u00fb\u00e7ik&#8221;, ew kes pirr k\u00eafxwe\u015f b\u00fb, her kes\u00ea m\u00eaze dikir dema digo, l\u00ea binerin &#8220;\u00eero axa ji min re go k\u00fb\u00e7ik&#8221;, y\u00ean me j\u00ee weke w\u00ee zilam\u00ee ne, anku ev pirsgir\u00eakek \u00e7and\u00ee ye di Akad\u00eem\u00eeya me de, \u00cesma\u00eelek heb\u00fb ji ba\u015f\u00fbr b\u00fb \u00fb j\u00eey\u00ea w\u00ee n\u00eaz\u00ee 32 sala b\u00fb, du sal b\u00fb kar\u00ea kam\u00earay\u00ea ji me re dikir, her roj min j\u00ea re digo ker\u00ea kerbab, l\u00ea pirr k\u00eafxwe\u015f dib\u00fb, ez ji bendey\u00ean xwe re dib\u00eajim &#8220;kur\u00ea Maker \u00ea&#8221;, ez teor\u00eeya j\u00ea re dadir\u00eajim ez wan pi\u015ftrast dikim ka ew \u00e7ewa kur\u00ean ker\u00ee ne, ya ku ez \u015f\u00eerove dikim ew weke wane dixw\u00eenin, aha ev \u015f\u00eawaz\u00ea r\u00eabertiy\u00ea ye.<\/h3>\n<h3 style=\"text-align: justify\">Di nava bendey\u00ean min de dij\u00fbn gotin nay\u00ea d\u00eetin, min bih\u00eest hin kes xwe nas nakin, dema dij\u00fbn di nava ayat\u00ean min de d\u00eetin bi \u015fer ketine, min ew girtin \u00fb dadgehkirin, y\u00ean ku min kir\u00een koley\u00ean xwe \u00ear\u00ee\u015f\u00ee wan kirin, ger min r\u00ea bi wan dabaya da hev du bikujin, l\u00ea min r\u00ea neda, gelo ger ew bi v\u00ee awa nebin weke min qal kir\u00ee ma w\u00ea \u015fer\u00ea me kir\u00ee bi ser bikeve? Ger ez neb\u00fbma rojek bi ten\u00ea j\u00ee bendey\u00ean min li himber dujmin xwe ranedigirt, ez wan perwerde dikim, ez \u00e7ek \u00fb f\u00ee\u015fekan ji wan re berhev dikim, ez wan di\u015f\u00eenim \u00e7iyayan, di\u00e7in \u00fb li ser wan amadekariy\u00ean min kir\u00een r\u00fb dinin, ba\u015fe b\u00ea nirx min ji we re gotiye bi\u00e7in wisa bikin? Ew min f\u00eam nakin, l\u00ea pir ba\u015fe ku min f\u00eam nekin, ji min re pirr xwe\u015fe ku kesek\u00ee wisa bim ti kes min f\u00eam neke, ji we p\u00eavetir ji kes\u00ea re nab\u00eajim, ji we re dib\u00eajim ji ber ku h\u00fbn mir\u00eene \u00fb ji kes\u00ea re nab\u00eajin, her roja bendey\u00ean min ez f\u00eam kirim w\u00ea kar\u00ea min bi daw\u00ee were, ci qas min f\u00eam nekin j\u00ee w\u00ea ez li ser desthilata xwe berdewam bim, xwed\u00ea loma b\u00fbne xwed\u00ea ji ber ku mirov wan f\u00eam nakin, her dema ew f\u00eam kirin w\u00ea xwedawendiya wan bi daw\u00ee were, rew\u015fa min j\u00ee bi v\u00ee awa ye, loma van komploya dig\u00earim ku min f\u00eam nekin, l\u00ea tev\u00ee v\u00ea yek\u00ea hin kes hene min f\u00eam dikin, dema min zan\u00ee wan ez f\u00eam kirime, p\u00ea\u015f ku ti\u015ftek\u00ee bikin ez r\u00eakar\u00ean p\u00eaw\u00eest li himber wan encam didim, ez wan \u015f\u00eawaza bikar t\u00eenim y\u00ean ti kesek qeb\u00fbl neke, bi v\u00ee awa yan w\u00ea birevin, yan w\u00ea xwe bikujin yanj\u00ee w\u00ea em wan bikujin.<\/h3>\n","protected":false},"excerpt":{"rendered":"<p>Mihemed Sel\u00eem \u00c7urukkaya yek ji damezr\u00eener\u00ean PKK\u2019\u00ea ye, ew rojnamevan, siyasetmedar \u00fb niv\u00eeser e, jiber wilatpar\u00eaz\u00ee \u00fb kurdperweriya w\u00ee dema 11 salan di zindan\u00ean cuda y\u00ean Tirkiy\u00ea de, di rew\u015feke her\u00ee xereb de li ber xwe da \u00fb tesl\u00eem neb\u00fb, dema ji zindan\u00ea azad dibe, ber\u00ea xwe dide \u00e7iya, bi Evdila Ocalan re d\u00eesa t\u00eakildar [&hellip;]<\/p>\n","protected":false},"author":2,"featured_media":1039978,"comment_status":"closed","ping_status":"closed","sticky":false,"template":"","format":"standard","meta":{"footnotes":""},"categories":[67],"tags":[],"class_list":["post-1039977","post","type-post","status-publish","format-standard","has-post-thumbnail","hentry","category-namilke"],"blocksy_meta":[],"seo_head":"<!-- This site is optimized with the Yoast SEO plugin v27.5 - https:\/\/yoast.com\/product\/yoast-seo-wordpress\/ -->\n<title>Mihemed Sel\u00eem \u00c7urukkaya \u00e7ima \u00fb \u00e7ewa ji PKK\u2019\u00ea veqetiya?-11 - Darka Maz\u00ee<\/title>\n<meta name=\"robots\" content=\"index, follow, max-snippet:-1, max-image-preview:large, max-video-preview:-1\" \/>\n<link rel=\"canonical\" href=\"https:\/\/darkamazi.info\/archives\/1039977\" \/>\n<meta property=\"og:locale\" content=\"en_US\" \/>\n<meta property=\"og:type\" content=\"article\" \/>\n<meta property=\"og:title\" content=\"Mihemed Sel\u00eem \u00c7urukkaya \u00e7ima \u00fb \u00e7ewa ji PKK\u2019\u00ea veqetiya?-11 - Darka Maz\u00ee\" \/>\n<meta property=\"og:description\" content=\"Mihemed Sel\u00eem \u00c7urukkaya yek ji damezr\u00eener\u00ean PKK\u2019\u00ea ye, ew rojnamevan, siyasetmedar \u00fb niv\u00eeser e, jiber wilatpar\u00eaz\u00ee \u00fb kurdperweriya w\u00ee dema 11 salan di zindan\u00ean cuda y\u00ean Tirkiy\u00ea de, di rew\u015feke her\u00ee xereb de li ber xwe da \u00fb tesl\u00eem neb\u00fb, dema ji zindan\u00ea azad dibe, ber\u00ea xwe dide \u00e7iya, bi Evdila Ocalan re d\u00eesa t\u00eakildar [&hellip;]\" \/>\n<meta property=\"og:url\" content=\"https:\/\/darkamazi.info\/archives\/1039977\" \/>\n<meta property=\"og:site_name\" content=\"Darka Maz\u00ee\" \/>\n<meta property=\"article:publisher\" content=\"https:\/\/www.facebook.com\/DarMaziKurmanci\" \/>\n<meta property=\"article:published_time\" content=\"2023-12-25T16:06:46+00:00\" \/>\n<meta property=\"og:image\" content=\"https:\/\/darkamazi.info\/file\/2023\/12\/ayeten-apo-1.jpg\" \/>\n\t<meta property=\"og:image:width\" content=\"900\" \/>\n\t<meta property=\"og:image:height\" content=\"497\" \/>\n\t<meta property=\"og:image:type\" content=\"image\/jpeg\" \/>\n<meta name=\"author\" content=\"darka mazi\" \/>\n<meta name=\"twitter:card\" content=\"summary_large_image\" \/>\n<meta name=\"twitter:creator\" content=\"@DarkaMaziLatini\" \/>\n<meta name=\"twitter:site\" content=\"@DarkaMaziLatini\" \/>\n<meta name=\"twitter:label1\" content=\"Written by\" \/>\n\t<meta name=\"twitter:data1\" content=\"darka mazi\" \/>\n\t<meta name=\"twitter:label2\" content=\"Est. reading time\" \/>\n\t<meta name=\"twitter:data2\" content=\"4 minutes\" \/>\n<script type=\"application\/ld+json\" class=\"seo-schema-graph\">{\"@context\":\"https:\\\/\\\/schema.org\",\"@graph\":[{\"@type\":\"Article\",\"@id\":\"https:\\\/\\\/darkamazi.info\\\/archives\\\/1039977#article\",\"isPartOf\":{\"@id\":\"https:\\\/\\\/darkamazi.info\\\/archives\\\/1039977\"},\"author\":{\"name\":\"darka mazi\",\"@id\":\"https:\\\/\\\/darkamazi.info\\\/#\\\/schema\\\/person\\\/5ad3e24553a0567993fa8ed4bd0a776c\"},\"headline\":\"Mihemed Sel\u00eem \u00c7urukkaya \u00e7ima \u00fb \u00e7ewa ji PKK\u2019\u00ea veqetiya?-11\",\"datePublished\":\"2023-12-25T16:06:46+00:00\",\"mainEntityOfPage\":{\"@id\":\"https:\\\/\\\/darkamazi.info\\\/archives\\\/1039977\"},\"wordCount\":940,\"publisher\":{\"@id\":\"https:\\\/\\\/darkamazi.info\\\/#organization\"},\"image\":{\"@id\":\"https:\\\/\\\/darkamazi.info\\\/archives\\\/1039977#primaryimage\"},\"thumbnailUrl\":\"https:\\\/\\\/darkamazi.info\\\/darka-content\\\/uploads\\\/2023\\\/12\\\/ayeten-apo-1.jpg\",\"articleSection\":[\"Nam\u00eelke\"],\"inLanguage\":\"en-US\"},{\"@type\":\"WebPage\",\"@id\":\"https:\\\/\\\/darkamazi.info\\\/archives\\\/1039977\",\"url\":\"https:\\\/\\\/darkamazi.info\\\/archives\\\/1039977\",\"name\":\"Mihemed Sel\u00eem \u00c7urukkaya \u00e7ima \u00fb \u00e7ewa ji PKK\u2019\u00ea veqetiya?-11 - Darka Maz\u00ee\",\"isPartOf\":{\"@id\":\"https:\\\/\\\/darkamazi.info\\\/#website\"},\"primaryImageOfPage\":{\"@id\":\"https:\\\/\\\/darkamazi.info\\\/archives\\\/1039977#primaryimage\"},\"image\":{\"@id\":\"https:\\\/\\\/darkamazi.info\\\/archives\\\/1039977#primaryimage\"},\"thumbnailUrl\":\"https:\\\/\\\/darkamazi.info\\\/darka-content\\\/uploads\\\/2023\\\/12\\\/ayeten-apo-1.jpg\",\"datePublished\":\"2023-12-25T16:06:46+00:00\",\"breadcrumb\":{\"@id\":\"https:\\\/\\\/darkamazi.info\\\/archives\\\/1039977#breadcrumb\"},\"inLanguage\":\"en-US\",\"potentialAction\":[{\"@type\":\"ReadAction\",\"target\":[\"https:\\\/\\\/darkamazi.info\\\/archives\\\/1039977\"]}]},{\"@type\":\"ImageObject\",\"inLanguage\":\"en-US\",\"@id\":\"https:\\\/\\\/darkamazi.info\\\/archives\\\/1039977#primaryimage\",\"url\":\"https:\\\/\\\/darkamazi.info\\\/darka-content\\\/uploads\\\/2023\\\/12\\\/ayeten-apo-1.jpg\",\"contentUrl\":\"https:\\\/\\\/darkamazi.info\\\/darka-content\\\/uploads\\\/2023\\\/12\\\/ayeten-apo-1.jpg\",\"width\":900,\"height\":497,\"caption\":\"Mihemed Sel\u00eem \u00c7urukkaya \u00e7ima \u00fb \u00e7ewa ji PKK\u2019\u00ea veqetiya?-10\"},{\"@type\":\"BreadcrumbList\",\"@id\":\"https:\\\/\\\/darkamazi.info\\\/archives\\\/1039977#breadcrumb\",\"itemListElement\":[{\"@type\":\"ListItem\",\"position\":1,\"name\":\"Home\",\"item\":\"https:\\\/\\\/darkamazi.info\\\/\"},{\"@type\":\"ListItem\",\"position\":2,\"name\":\"Mihemed Sel\u00eem \u00c7urukkaya \u00e7ima \u00fb \u00e7ewa ji PKK\u2019\u00ea veqetiya?-11\"}]},{\"@type\":\"WebSite\",\"@id\":\"https:\\\/\\\/darkamazi.info\\\/#website\",\"url\":\"https:\\\/\\\/darkamazi.info\\\/\",\"name\":\"Darka Maz\u00ee\",\"description\":\"P\u00eageha Zanyariy\u00ean Nebih\u00eest\u00ee\",\"publisher\":{\"@id\":\"https:\\\/\\\/darkamazi.info\\\/#organization\"},\"potentialAction\":[{\"@type\":\"SearchAction\",\"target\":{\"@type\":\"EntryPoint\",\"urlTemplate\":\"https:\\\/\\\/darkamazi.info\\\/?s={search_term_string}\"},\"query-input\":{\"@type\":\"PropertyValueSpecification\",\"valueRequired\":true,\"valueName\":\"search_term_string\"}}],\"inLanguage\":\"en-US\"},{\"@type\":\"Organization\",\"@id\":\"https:\\\/\\\/darkamazi.info\\\/#organization\",\"name\":\"Darka Maz\u00ee\",\"url\":\"https:\\\/\\\/darkamazi.info\\\/\",\"logo\":{\"@type\":\"ImageObject\",\"inLanguage\":\"en-US\",\"@id\":\"https:\\\/\\\/darkamazi.info\\\/#\\\/schema\\\/logo\\\/image\\\/\",\"url\":\"https:\\\/\\\/darkamazi.info\\\/darka-content\\\/uploads\\\/2017\\\/12\\\/darka-mazi-logo.png\",\"contentUrl\":\"https:\\\/\\\/darkamazi.info\\\/darka-content\\\/uploads\\\/2017\\\/12\\\/darka-mazi-logo.png\",\"width\":151,\"height\":75,\"caption\":\"Darka Maz\u00ee\"},\"image\":{\"@id\":\"https:\\\/\\\/darkamazi.info\\\/#\\\/schema\\\/logo\\\/image\\\/\"},\"sameAs\":[\"https:\\\/\\\/www.facebook.com\\\/DarMaziKurmanci\",\"https:\\\/\\\/x.com\\\/DarkaMaziLatini\",\"https:\\\/\\\/www.instagram.com\\\/darkamazi.kurmanci\\\/\",\"https:\\\/\\\/www.youtube.com\\\/channel\\\/UCa5HkTdmI8U1qCUFuTw8B2g\"]},{\"@type\":\"Person\",\"@id\":\"https:\\\/\\\/darkamazi.info\\\/#\\\/schema\\\/person\\\/5ad3e24553a0567993fa8ed4bd0a776c\",\"name\":\"darka mazi\",\"sameAs\":[\"https:\\\/\\\/darkamazi.info\\\/\"],\"url\":\"https:\\\/\\\/darkamazi.info\\\/archives\\\/author\\\/kurdi\"}]}<\/script>\n<!-- \/ Yoast SEO plugin. -->","seo_head_json":{"title":"Mihemed Sel\u00eem \u00c7urukkaya \u00e7ima \u00fb \u00e7ewa ji PKK\u2019\u00ea veqetiya?-11 - Darka Maz\u00ee","robots":{"index":"index","follow":"follow","max-snippet":"max-snippet:-1","max-image-preview":"max-image-preview:large","max-video-preview":"max-video-preview:-1"},"canonical":"https:\/\/darkamazi.info\/archives\/1039977","og_locale":"en_US","og_type":"article","og_title":"Mihemed Sel\u00eem \u00c7urukkaya \u00e7ima \u00fb \u00e7ewa ji PKK\u2019\u00ea veqetiya?-11 - Darka Maz\u00ee","og_description":"Mihemed Sel\u00eem \u00c7urukkaya yek ji damezr\u00eener\u00ean PKK\u2019\u00ea ye, ew rojnamevan, siyasetmedar \u00fb niv\u00eeser e, jiber wilatpar\u00eaz\u00ee \u00fb kurdperweriya w\u00ee dema 11 salan di zindan\u00ean cuda y\u00ean Tirkiy\u00ea de, di rew\u015feke her\u00ee xereb de li ber xwe da \u00fb tesl\u00eem neb\u00fb, dema ji zindan\u00ea azad dibe, ber\u00ea xwe dide \u00e7iya, bi Evdila Ocalan re d\u00eesa t\u00eakildar [&hellip;]","og_url":"https:\/\/darkamazi.info\/archives\/1039977","og_site_name":"Darka Maz\u00ee","article_publisher":"https:\/\/www.facebook.com\/DarMaziKurmanci","article_published_time":"2023-12-25T16:06:46+00:00","og_image":[{"width":900,"height":497,"url":"https:\/\/darkamazi.info\/file\/2023\/12\/ayeten-apo-1.jpg","type":"image\/jpeg"}],"author":"darka mazi","twitter_card":"summary_large_image","twitter_creator":"@DarkaMaziLatini","twitter_site":"@DarkaMaziLatini","twitter_misc":{"Written by":"darka mazi","Est. reading time":"4 minutes"},"schema":{"@context":"https:\/\/schema.org","@graph":[{"@type":"Article","@id":"https:\/\/darkamazi.info\/archives\/1039977#article","isPartOf":{"@id":"https:\/\/darkamazi.info\/archives\/1039977"},"author":{"name":"darka mazi","@id":"https:\/\/darkamazi.info\/#\/schema\/person\/5ad3e24553a0567993fa8ed4bd0a776c"},"headline":"Mihemed Sel\u00eem \u00c7urukkaya \u00e7ima \u00fb \u00e7ewa ji PKK\u2019\u00ea veqetiya?-11","datePublished":"2023-12-25T16:06:46+00:00","mainEntityOfPage":{"@id":"https:\/\/darkamazi.info\/archives\/1039977"},"wordCount":940,"publisher":{"@id":"https:\/\/darkamazi.info\/#organization"},"image":{"@id":"https:\/\/darkamazi.info\/archives\/1039977#primaryimage"},"thumbnailUrl":"https:\/\/darkamazi.info\/file\/2023\/12\/ayeten-apo-1.jpg","articleSection":["Nam\u00eelke"],"inLanguage":"en-US"},{"@type":"WebPage","@id":"https:\/\/darkamazi.info\/archives\/1039977","url":"https:\/\/darkamazi.info\/archives\/1039977","name":"Mihemed Sel\u00eem \u00c7urukkaya \u00e7ima \u00fb \u00e7ewa ji PKK\u2019\u00ea veqetiya?-11 - Darka Maz\u00ee","isPartOf":{"@id":"https:\/\/darkamazi.info\/#website"},"primaryImageOfPage":{"@id":"https:\/\/darkamazi.info\/archives\/1039977#primaryimage"},"image":{"@id":"https:\/\/darkamazi.info\/archives\/1039977#primaryimage"},"thumbnailUrl":"https:\/\/darkamazi.info\/file\/2023\/12\/ayeten-apo-1.jpg","datePublished":"2023-12-25T16:06:46+00:00","breadcrumb":{"@id":"https:\/\/darkamazi.info\/archives\/1039977#breadcrumb"},"inLanguage":"en-US","potentialAction":[{"@type":"ReadAction","target":["https:\/\/darkamazi.info\/archives\/1039977"]}]},{"@type":"ImageObject","inLanguage":"en-US","@id":"https:\/\/darkamazi.info\/archives\/1039977#primaryimage","url":"https:\/\/darkamazi.info\/file\/2023\/12\/ayeten-apo-1.jpg","contentUrl":"https:\/\/darkamazi.info\/file\/2023\/12\/ayeten-apo-1.jpg","width":900,"height":497,"caption":"Mihemed Sel\u00eem \u00c7urukkaya \u00e7ima \u00fb \u00e7ewa ji PKK\u2019\u00ea veqetiya?-10"},{"@type":"BreadcrumbList","@id":"https:\/\/darkamazi.info\/archives\/1039977#breadcrumb","itemListElement":[{"@type":"ListItem","position":1,"name":"Home","item":"https:\/\/darkamazi.info\/"},{"@type":"ListItem","position":2,"name":"Mihemed Sel\u00eem \u00c7urukkaya \u00e7ima \u00fb \u00e7ewa ji PKK\u2019\u00ea veqetiya?-11"}]},{"@type":"WebSite","@id":"https:\/\/darkamazi.info\/#website","url":"https:\/\/darkamazi.info\/","name":"Darka Maz\u00ee","description":"P\u00eageha Zanyariy\u00ean Nebih\u00eest\u00ee","publisher":{"@id":"https:\/\/darkamazi.info\/#organization"},"potentialAction":[{"@type":"SearchAction","target":{"@type":"EntryPoint","urlTemplate":"https:\/\/darkamazi.info\/?s={search_term_string}"},"query-input":{"@type":"PropertyValueSpecification","valueRequired":true,"valueName":"search_term_string"}}],"inLanguage":"en-US"},{"@type":"Organization","@id":"https:\/\/darkamazi.info\/#organization","name":"Darka Maz\u00ee","url":"https:\/\/darkamazi.info\/","logo":{"@type":"ImageObject","inLanguage":"en-US","@id":"https:\/\/darkamazi.info\/#\/schema\/logo\/image\/","url":"https:\/\/darkamazi.info\/file\/2017\/12\/darka-mazi-logo.png","contentUrl":"https:\/\/darkamazi.info\/file\/2017\/12\/darka-mazi-logo.png","width":151,"height":75,"caption":"Darka Maz\u00ee"},"image":{"@id":"https:\/\/darkamazi.info\/#\/schema\/logo\/image\/"},"sameAs":["https:\/\/www.facebook.com\/DarMaziKurmanci","https:\/\/x.com\/DarkaMaziLatini","https:\/\/www.instagram.com\/darkamazi.kurmanci\/","https:\/\/www.youtube.com\/channel\/UCa5HkTdmI8U1qCUFuTw8B2g"]},{"@type":"Person","@id":"https:\/\/darkamazi.info\/#\/schema\/person\/5ad3e24553a0567993fa8ed4bd0a776c","name":"darka mazi","sameAs":["https:\/\/darkamazi.info\/"],"url":"https:\/\/darkamazi.info\/archives\/author\/kurdi"}]}},"_links":{"self":[{"href":"https:\/\/darkamazi.info\/funavuv\/wp\/v2\/posts\/1039977","targetHints":{"allow":["GET"]}}],"collection":[{"href":"https:\/\/darkamazi.info\/funavuv\/wp\/v2\/posts"}],"about":[{"href":"https:\/\/darkamazi.info\/funavuv\/wp\/v2\/types\/post"}],"author":[{"embeddable":true,"href":"https:\/\/darkamazi.info\/funavuv\/wp\/v2\/users\/2"}],"replies":[{"embeddable":true,"href":"https:\/\/darkamazi.info\/funavuv\/wp\/v2\/comments?post=1039977"}],"version-history":[{"count":0,"href":"https:\/\/darkamazi.info\/funavuv\/wp\/v2\/posts\/1039977\/revisions"}],"wp:featuredmedia":[{"embeddable":true,"href":"https:\/\/darkamazi.info\/funavuv\/wp\/v2\/media\/1039978"}],"wp:attachment":[{"href":"https:\/\/darkamazi.info\/funavuv\/wp\/v2\/media?parent=1039977"}],"wp:term":[{"taxonomy":"category","embeddable":true,"href":"https:\/\/darkamazi.info\/funavuv\/wp\/v2\/categories?post=1039977"},{"taxonomy":"post_tag","embeddable":true,"href":"https:\/\/darkamazi.info\/funavuv\/wp\/v2\/tags?post=1039977"}],"curies":[{"name":"wp","href":"https:\/\/api.w.org\/{rel}","templated":true}]}}