{"id":1040183,"date":"2024-01-08T16:24:11","date_gmt":"2024-01-08T13:24:11","guid":{"rendered":"https:\/\/darkamazi.info\/?p=1040183"},"modified":"2024-01-08T16:24:11","modified_gmt":"2024-01-08T13:24:11","slug":"jin-di-nava-pkke-de-6","status":"publish","type":"post","link":"https:\/\/darkamazi.info\/archives\/1040183","title":{"rendered":"Jin di nava PKK\u00ea de \u2013 \u201c6\u201d"},"content":{"rendered":"<h3 style=\"text-align: justify\"><span style=\"font-family: 'arial black', sans-serif\">Kadroya PKK\u00ea Newal ku ji r\u00eaxistin\u00ea veqetiye \u00fb niha li Ewropay\u00ea dim\u00eene, di danp\u00eadan\u00ean xwe de nih\u00ean\u00eeya hinek ji hevd\u00eetin\u00ean xwe y\u00ean bi Ocalan re li \u015eam\u00ea a\u015fkere dike \u00fb dib\u00eaje: \u201cBi rast\u00ee j\u00ee Ocalan kesek\u00ee nezane \u00fb me ji xwe ewqas ew mezin kir\u00ee ye, Ocalan ten\u00ea dikare bandor\u00ea li mirov\u00ean nezan bike \u00fb hew\u201d.<\/span><\/h3>\n<h3 style=\"text-align: justify\"><span style=\"font-family: arial, helvetica, sans-serif\">\u201cJin di nava PKK\u00ea de\u201d nav\u00ea pirt\u00fbkek\u00ea ye ku Nejdet Boldan bi Tirk\u00ee niv\u00eesandiye \u00fb ji h\u00eala Ho\u015feng ve hatiye wergerandin, ji we\u015fan\u00ean 2022\u00ea ye, serp\u00eahat\u00eeya 10 kadroy\u00ean jin t\u00ea de hatiye dokyoment kirin, y\u00eak j\u00ea a Newal\u00ea ye.<\/span><\/h3>\n<h3 style=\"text-align: justify\"><span style=\"font-family: arial, helvetica, sans-serif\">Newal ke\u00e7eka ji wan\u00ea ya bakur\u00ea Kurdistan\u00ea ye, weke bi hezaran ke\u00e7\u00ean din ew ji boy e\u015fqa welat\u00ea \u015f\u00ear\u00een tevl\u00ee PKK\u00ea dibe, l\u00ea roja ewl rast\u00ee \u015f\u00fbkeke mezin dibe wexta rastiya partiy\u00ea dizane, partiya ku li ser nav\u00ea Kurdan berxwedan\u00ea li dij\u00ee Kurdistan\u00ea bi xwe dike.<\/span><\/h3>\n<h3 style=\"text-align: justify\"><span style=\"font-family: arial, helvetica, sans-serif\">Newal\u00ea di be\u015feke danp\u00eadan\u00ean xwe de behsa r\u00eaveber\u00eeya jin\u00ea di r\u00eaxistin\u00ea de dike, wexta li sala 1995\u00ea \u00e7\u00fby \u015eam\u00ea ji bo ku li ser dest\u00ea Ocalan were perwerde kirin.<\/span><\/h3>\n<h3 style=\"text-align: justify\"><span style=\"font-family: 'arial black', sans-serif;font-size: 18pt;color: #8c0808\">Ocalan nezane, me ji xwe ewqas mezin kir\u00ee ye<\/span><\/h3>\n<h3 style=\"text-align: justify\"><span style=\"font-family: arial, helvetica, sans-serif\">Newal dib\u00eaje: Li adara sala 1995\u00ea \u00fb pa\u015f bi daw\u00ee b\u00fbna y\u00eakem konferansa jin\u00ea, ji \u015eam\u00ea biryar hat ku div\u00ea gir\u00fbpek ji endam\u00ean r\u00eaveber\u00eeya jin\u00ea bi\u00e7e w\u00ea der\u00ea ji bo ku Ocalan wan perwerde bike, em \u00e7\u00fbn \u015eam\u00ea \u00fb Ocalan ev ti\u015ft ji me re got: \u201cWexta ez zarok min ji kotran hez dikir, biray\u00ea min nedazn\u00ee li ker\u00ea siwar bibe, em di\u00e7\u00fbn nava b\u00eestanan me ti\u015ft didiz\u00een, zaroktiya me wisa derbas b\u00fb\u201d.<\/span><\/h3>\n<h3 style=\"text-align: justify\"><span style=\"font-family: arial, helvetica, sans-serif\">Newal dib\u00eaje: Axir zarokt\u00eeya me hem\u00fbyan wisa b\u00fb, \u00eaca nizanim \u00e7i cudah\u00eeya Ocalan di v\u00ea mesel\u00ea de heye?.<\/span><\/h3>\n<h3 style=\"text-align: justify\"><span style=\"font-family: 'arial black', sans-serif;font-size: 18pt;color: #8c0808\">Ocalan ten\u00ea dikare bandor\u00ea li mirov\u00ean nezan bike<\/span><\/h3>\n<h3 style=\"text-align: justify\"><span style=\"font-family: arial, helvetica, sans-serif\">Newal dib\u00eaje: Ti\u015fta ec\u00eab endam\u00ean r\u00eaveber\u00eeya jin\u00ea xwandin\u00ean d\u00fbr \u00fb dir\u00eaj bo mesela \u201cgirtina kotiran\u201d dikirin \u00fb digotin serok\u00ee meremek p\u00ea heye!, Li w\u00ea dem\u00ea min zan\u00ee Ocalan kesek\u00ee nezane \u00fb em ji xwe ewqas w\u00ee mezin dikin.<\/span><\/h3>\n<h3 style=\"text-align: justify\"><span style=\"font-family: arial, helvetica, sans-serif\">Newal axaftina xwe wisa dewam kir: Kadroy\u00ean PKK\u00ea digotin y\u00ea ku ji \u015eam\u00ea vedgere h\u00eaz\u00ea ji serok werdigre weku dup\u00eeng\u00ea mirov\u00ee \u015fehin dike, l\u00eabel\u00ea ez 4 mehan li \u015eam\u00ea mam \u00e7i bandor li min nekir, min zan\u00ee ti\u015ftek\u00ee n\u00fb li cem Ocalan tune b\u00fb \u00fb ten\u00ea w\u00ee dikar\u00ee bandor\u00ea li mirov\u00ean nezan bike.<\/span><\/h3>\n<h3 style=\"text-align: justify\"><span style=\"font-family: arial, helvetica, sans-serif\">Di be\u015f\u00ean bih\u00ean de em\u00ea hinek ji nih\u00eany\u00ean din \u00ean Ocalan bib\u00eajin, her wiha wexta \u015eemd\u00een Sak\u00eek y\u00ea endam\u00ea serkirdayet\u00eeya PKK\u00ea xwest\u00ee bibe zilam\u00ea duyem\u00een di partiy\u00ea de.<\/span><\/h3>\n","protected":false},"excerpt":{"rendered":"<p>Kadroya PKK\u00ea Newal ku ji r\u00eaxistin\u00ea veqetiye \u00fb niha li Ewropay\u00ea dim\u00eene, di danp\u00eadan\u00ean xwe de nih\u00ean\u00eeya hinek ji hevd\u00eetin\u00ean xwe y\u00ean bi Ocalan re li \u015eam\u00ea a\u015fkere dike \u00fb dib\u00eaje: \u201cBi rast\u00ee j\u00ee Ocalan kesek\u00ee nezane \u00fb me ji xwe ewqas ew mezin kir\u00ee ye, Ocalan ten\u00ea dikare bandor\u00ea li mirov\u00ean nezan bike \u00fb [&hellip;]<\/p>\n","protected":false},"author":2,"featured_media":1040184,"comment_status":"closed","ping_status":"closed","sticky":false,"template":"","format":"standard","meta":{"footnotes":""},"categories":[67],"tags":[37],"class_list":["post-1040183","post","type-post","status-publish","format-standard","has-post-thumbnail","hentry","category-namilke","tag-sereke"],"blocksy_meta":[],"seo_head":"<!-- This site is optimized with the Yoast SEO plugin v27.5 - https:\/\/yoast.com\/product\/yoast-seo-wordpress\/ -->\n<title>Jin di nava PKK\u00ea de \u2013 \u201c6\u201d - Darka Maz\u00ee<\/title>\n<meta name=\"robots\" content=\"index, follow, max-snippet:-1, max-image-preview:large, max-video-preview:-1\" \/>\n<link rel=\"canonical\" href=\"https:\/\/darkamazi.info\/archives\/1040183\" \/>\n<meta property=\"og:locale\" content=\"en_US\" \/>\n<meta property=\"og:type\" content=\"article\" \/>\n<meta property=\"og:title\" content=\"Jin di nava PKK\u00ea de \u2013 \u201c6\u201d - Darka Maz\u00ee\" \/>\n<meta property=\"og:description\" content=\"Kadroya PKK\u00ea Newal ku ji r\u00eaxistin\u00ea veqetiye \u00fb niha li Ewropay\u00ea dim\u00eene, di danp\u00eadan\u00ean xwe de nih\u00ean\u00eeya hinek ji hevd\u00eetin\u00ean xwe y\u00ean bi Ocalan re li \u015eam\u00ea a\u015fkere dike \u00fb dib\u00eaje: \u201cBi rast\u00ee j\u00ee Ocalan kesek\u00ee nezane \u00fb me ji xwe ewqas ew mezin kir\u00ee ye, Ocalan ten\u00ea dikare bandor\u00ea li mirov\u00ean nezan bike \u00fb [&hellip;]\" \/>\n<meta property=\"og:url\" content=\"https:\/\/darkamazi.info\/archives\/1040183\" \/>\n<meta property=\"og:site_name\" content=\"Darka Maz\u00ee\" \/>\n<meta property=\"article:publisher\" content=\"https:\/\/www.facebook.com\/DarMaziKurmanci\" \/>\n<meta property=\"article:published_time\" content=\"2024-01-08T13:24:11+00:00\" \/>\n<meta property=\"og:image\" content=\"https:\/\/darkamazi.info\/file\/2024\/01\/pkk-jin-6-info.jpg\" \/>\n\t<meta property=\"og:image:width\" content=\"900\" \/>\n\t<meta property=\"og:image:height\" content=\"497\" \/>\n\t<meta property=\"og:image:type\" content=\"image\/jpeg\" \/>\n<meta name=\"author\" content=\"darka mazi\" \/>\n<meta name=\"twitter:card\" content=\"summary_large_image\" \/>\n<meta name=\"twitter:creator\" content=\"@DarkaMaziLatini\" \/>\n<meta name=\"twitter:site\" content=\"@DarkaMaziLatini\" \/>\n<meta name=\"twitter:label1\" content=\"Written by\" \/>\n\t<meta name=\"twitter:data1\" content=\"darka mazi\" \/>\n\t<meta name=\"twitter:label2\" content=\"Est. reading time\" \/>\n\t<meta name=\"twitter:data2\" content=\"2 minutes\" \/>\n<script type=\"application\/ld+json\" class=\"seo-schema-graph\">{\"@context\":\"https:\\\/\\\/schema.org\",\"@graph\":[{\"@type\":\"Article\",\"@id\":\"https:\\\/\\\/darkamazi.info\\\/archives\\\/1040183#article\",\"isPartOf\":{\"@id\":\"https:\\\/\\\/darkamazi.info\\\/archives\\\/1040183\"},\"author\":{\"name\":\"darka mazi\",\"@id\":\"https:\\\/\\\/darkamazi.info\\\/#\\\/schema\\\/person\\\/5ad3e24553a0567993fa8ed4bd0a776c\"},\"headline\":\"Jin di nava PKK\u00ea de \u2013 \u201c6\u201d\",\"datePublished\":\"2024-01-08T13:24:11+00:00\",\"mainEntityOfPage\":{\"@id\":\"https:\\\/\\\/darkamazi.info\\\/archives\\\/1040183\"},\"wordCount\":460,\"publisher\":{\"@id\":\"https:\\\/\\\/darkamazi.info\\\/#organization\"},\"image\":{\"@id\":\"https:\\\/\\\/darkamazi.info\\\/archives\\\/1040183#primaryimage\"},\"thumbnailUrl\":\"https:\\\/\\\/darkamazi.info\\\/darka-content\\\/uploads\\\/2024\\\/01\\\/pkk-jin-6-info.jpg\",\"keywords\":[\"sereke\"],\"articleSection\":[\"Nam\u00eelke\"],\"inLanguage\":\"en-US\"},{\"@type\":\"WebPage\",\"@id\":\"https:\\\/\\\/darkamazi.info\\\/archives\\\/1040183\",\"url\":\"https:\\\/\\\/darkamazi.info\\\/archives\\\/1040183\",\"name\":\"Jin di nava PKK\u00ea de \u2013 \u201c6\u201d - Darka Maz\u00ee\",\"isPartOf\":{\"@id\":\"https:\\\/\\\/darkamazi.info\\\/#website\"},\"primaryImageOfPage\":{\"@id\":\"https:\\\/\\\/darkamazi.info\\\/archives\\\/1040183#primaryimage\"},\"image\":{\"@id\":\"https:\\\/\\\/darkamazi.info\\\/archives\\\/1040183#primaryimage\"},\"thumbnailUrl\":\"https:\\\/\\\/darkamazi.info\\\/darka-content\\\/uploads\\\/2024\\\/01\\\/pkk-jin-6-info.jpg\",\"datePublished\":\"2024-01-08T13:24:11+00:00\",\"breadcrumb\":{\"@id\":\"https:\\\/\\\/darkamazi.info\\\/archives\\\/1040183#breadcrumb\"},\"inLanguage\":\"en-US\",\"potentialAction\":[{\"@type\":\"ReadAction\",\"target\":[\"https:\\\/\\\/darkamazi.info\\\/archives\\\/1040183\"]}]},{\"@type\":\"ImageObject\",\"inLanguage\":\"en-US\",\"@id\":\"https:\\\/\\\/darkamazi.info\\\/archives\\\/1040183#primaryimage\",\"url\":\"https:\\\/\\\/darkamazi.info\\\/darka-content\\\/uploads\\\/2024\\\/01\\\/pkk-jin-6-info.jpg\",\"contentUrl\":\"https:\\\/\\\/darkamazi.info\\\/darka-content\\\/uploads\\\/2024\\\/01\\\/pkk-jin-6-info.jpg\",\"width\":900,\"height\":497,\"caption\":\"pkk-jin-6-info\"},{\"@type\":\"BreadcrumbList\",\"@id\":\"https:\\\/\\\/darkamazi.info\\\/archives\\\/1040183#breadcrumb\",\"itemListElement\":[{\"@type\":\"ListItem\",\"position\":1,\"name\":\"Home\",\"item\":\"https:\\\/\\\/darkamazi.info\\\/\"},{\"@type\":\"ListItem\",\"position\":2,\"name\":\"Jin di nava PKK\u00ea de \u2013 \u201c6\u201d\"}]},{\"@type\":\"WebSite\",\"@id\":\"https:\\\/\\\/darkamazi.info\\\/#website\",\"url\":\"https:\\\/\\\/darkamazi.info\\\/\",\"name\":\"Darka Maz\u00ee\",\"description\":\"P\u00eageha Zanyariy\u00ean Nebih\u00eest\u00ee\",\"publisher\":{\"@id\":\"https:\\\/\\\/darkamazi.info\\\/#organization\"},\"potentialAction\":[{\"@type\":\"SearchAction\",\"target\":{\"@type\":\"EntryPoint\",\"urlTemplate\":\"https:\\\/\\\/darkamazi.info\\\/?s={search_term_string}\"},\"query-input\":{\"@type\":\"PropertyValueSpecification\",\"valueRequired\":true,\"valueName\":\"search_term_string\"}}],\"inLanguage\":\"en-US\"},{\"@type\":\"Organization\",\"@id\":\"https:\\\/\\\/darkamazi.info\\\/#organization\",\"name\":\"Darka Maz\u00ee\",\"url\":\"https:\\\/\\\/darkamazi.info\\\/\",\"logo\":{\"@type\":\"ImageObject\",\"inLanguage\":\"en-US\",\"@id\":\"https:\\\/\\\/darkamazi.info\\\/#\\\/schema\\\/logo\\\/image\\\/\",\"url\":\"https:\\\/\\\/darkamazi.info\\\/darka-content\\\/uploads\\\/2017\\\/12\\\/darka-mazi-logo.png\",\"contentUrl\":\"https:\\\/\\\/darkamazi.info\\\/darka-content\\\/uploads\\\/2017\\\/12\\\/darka-mazi-logo.png\",\"width\":151,\"height\":75,\"caption\":\"Darka Maz\u00ee\"},\"image\":{\"@id\":\"https:\\\/\\\/darkamazi.info\\\/#\\\/schema\\\/logo\\\/image\\\/\"},\"sameAs\":[\"https:\\\/\\\/www.facebook.com\\\/DarMaziKurmanci\",\"https:\\\/\\\/x.com\\\/DarkaMaziLatini\",\"https:\\\/\\\/www.instagram.com\\\/darkamazi.kurmanci\\\/\",\"https:\\\/\\\/www.youtube.com\\\/channel\\\/UCa5HkTdmI8U1qCUFuTw8B2g\"]},{\"@type\":\"Person\",\"@id\":\"https:\\\/\\\/darkamazi.info\\\/#\\\/schema\\\/person\\\/5ad3e24553a0567993fa8ed4bd0a776c\",\"name\":\"darka mazi\",\"sameAs\":[\"https:\\\/\\\/darkamazi.info\\\/\"],\"url\":\"https:\\\/\\\/darkamazi.info\\\/archives\\\/author\\\/kurdi\"}]}<\/script>\n<!-- \/ Yoast SEO plugin. -->","seo_head_json":{"title":"Jin di nava PKK\u00ea de \u2013 \u201c6\u201d - Darka Maz\u00ee","robots":{"index":"index","follow":"follow","max-snippet":"max-snippet:-1","max-image-preview":"max-image-preview:large","max-video-preview":"max-video-preview:-1"},"canonical":"https:\/\/darkamazi.info\/archives\/1040183","og_locale":"en_US","og_type":"article","og_title":"Jin di nava PKK\u00ea de \u2013 \u201c6\u201d - Darka Maz\u00ee","og_description":"Kadroya PKK\u00ea Newal ku ji r\u00eaxistin\u00ea veqetiye \u00fb niha li Ewropay\u00ea dim\u00eene, di danp\u00eadan\u00ean xwe de nih\u00ean\u00eeya hinek ji hevd\u00eetin\u00ean xwe y\u00ean bi Ocalan re li \u015eam\u00ea a\u015fkere dike \u00fb dib\u00eaje: \u201cBi rast\u00ee j\u00ee Ocalan kesek\u00ee nezane \u00fb me ji xwe ewqas ew mezin kir\u00ee ye, Ocalan ten\u00ea dikare bandor\u00ea li mirov\u00ean nezan bike \u00fb [&hellip;]","og_url":"https:\/\/darkamazi.info\/archives\/1040183","og_site_name":"Darka Maz\u00ee","article_publisher":"https:\/\/www.facebook.com\/DarMaziKurmanci","article_published_time":"2024-01-08T13:24:11+00:00","og_image":[{"width":900,"height":497,"url":"https:\/\/darkamazi.info\/file\/2024\/01\/pkk-jin-6-info.jpg","type":"image\/jpeg"}],"author":"darka mazi","twitter_card":"summary_large_image","twitter_creator":"@DarkaMaziLatini","twitter_site":"@DarkaMaziLatini","twitter_misc":{"Written by":"darka mazi","Est. reading time":"2 minutes"},"schema":{"@context":"https:\/\/schema.org","@graph":[{"@type":"Article","@id":"https:\/\/darkamazi.info\/archives\/1040183#article","isPartOf":{"@id":"https:\/\/darkamazi.info\/archives\/1040183"},"author":{"name":"darka mazi","@id":"https:\/\/darkamazi.info\/#\/schema\/person\/5ad3e24553a0567993fa8ed4bd0a776c"},"headline":"Jin di nava PKK\u00ea de \u2013 \u201c6\u201d","datePublished":"2024-01-08T13:24:11+00:00","mainEntityOfPage":{"@id":"https:\/\/darkamazi.info\/archives\/1040183"},"wordCount":460,"publisher":{"@id":"https:\/\/darkamazi.info\/#organization"},"image":{"@id":"https:\/\/darkamazi.info\/archives\/1040183#primaryimage"},"thumbnailUrl":"https:\/\/darkamazi.info\/file\/2024\/01\/pkk-jin-6-info.jpg","keywords":["sereke"],"articleSection":["Nam\u00eelke"],"inLanguage":"en-US"},{"@type":"WebPage","@id":"https:\/\/darkamazi.info\/archives\/1040183","url":"https:\/\/darkamazi.info\/archives\/1040183","name":"Jin di nava PKK\u00ea de \u2013 \u201c6\u201d - Darka Maz\u00ee","isPartOf":{"@id":"https:\/\/darkamazi.info\/#website"},"primaryImageOfPage":{"@id":"https:\/\/darkamazi.info\/archives\/1040183#primaryimage"},"image":{"@id":"https:\/\/darkamazi.info\/archives\/1040183#primaryimage"},"thumbnailUrl":"https:\/\/darkamazi.info\/file\/2024\/01\/pkk-jin-6-info.jpg","datePublished":"2024-01-08T13:24:11+00:00","breadcrumb":{"@id":"https:\/\/darkamazi.info\/archives\/1040183#breadcrumb"},"inLanguage":"en-US","potentialAction":[{"@type":"ReadAction","target":["https:\/\/darkamazi.info\/archives\/1040183"]}]},{"@type":"ImageObject","inLanguage":"en-US","@id":"https:\/\/darkamazi.info\/archives\/1040183#primaryimage","url":"https:\/\/darkamazi.info\/file\/2024\/01\/pkk-jin-6-info.jpg","contentUrl":"https:\/\/darkamazi.info\/file\/2024\/01\/pkk-jin-6-info.jpg","width":900,"height":497,"caption":"pkk-jin-6-info"},{"@type":"BreadcrumbList","@id":"https:\/\/darkamazi.info\/archives\/1040183#breadcrumb","itemListElement":[{"@type":"ListItem","position":1,"name":"Home","item":"https:\/\/darkamazi.info\/"},{"@type":"ListItem","position":2,"name":"Jin di nava PKK\u00ea de \u2013 \u201c6\u201d"}]},{"@type":"WebSite","@id":"https:\/\/darkamazi.info\/#website","url":"https:\/\/darkamazi.info\/","name":"Darka Maz\u00ee","description":"P\u00eageha Zanyariy\u00ean Nebih\u00eest\u00ee","publisher":{"@id":"https:\/\/darkamazi.info\/#organization"},"potentialAction":[{"@type":"SearchAction","target":{"@type":"EntryPoint","urlTemplate":"https:\/\/darkamazi.info\/?s={search_term_string}"},"query-input":{"@type":"PropertyValueSpecification","valueRequired":true,"valueName":"search_term_string"}}],"inLanguage":"en-US"},{"@type":"Organization","@id":"https:\/\/darkamazi.info\/#organization","name":"Darka Maz\u00ee","url":"https:\/\/darkamazi.info\/","logo":{"@type":"ImageObject","inLanguage":"en-US","@id":"https:\/\/darkamazi.info\/#\/schema\/logo\/image\/","url":"https:\/\/darkamazi.info\/file\/2017\/12\/darka-mazi-logo.png","contentUrl":"https:\/\/darkamazi.info\/file\/2017\/12\/darka-mazi-logo.png","width":151,"height":75,"caption":"Darka Maz\u00ee"},"image":{"@id":"https:\/\/darkamazi.info\/#\/schema\/logo\/image\/"},"sameAs":["https:\/\/www.facebook.com\/DarMaziKurmanci","https:\/\/x.com\/DarkaMaziLatini","https:\/\/www.instagram.com\/darkamazi.kurmanci\/","https:\/\/www.youtube.com\/channel\/UCa5HkTdmI8U1qCUFuTw8B2g"]},{"@type":"Person","@id":"https:\/\/darkamazi.info\/#\/schema\/person\/5ad3e24553a0567993fa8ed4bd0a776c","name":"darka mazi","sameAs":["https:\/\/darkamazi.info\/"],"url":"https:\/\/darkamazi.info\/archives\/author\/kurdi"}]}},"_links":{"self":[{"href":"https:\/\/darkamazi.info\/funavuv\/wp\/v2\/posts\/1040183","targetHints":{"allow":["GET"]}}],"collection":[{"href":"https:\/\/darkamazi.info\/funavuv\/wp\/v2\/posts"}],"about":[{"href":"https:\/\/darkamazi.info\/funavuv\/wp\/v2\/types\/post"}],"author":[{"embeddable":true,"href":"https:\/\/darkamazi.info\/funavuv\/wp\/v2\/users\/2"}],"replies":[{"embeddable":true,"href":"https:\/\/darkamazi.info\/funavuv\/wp\/v2\/comments?post=1040183"}],"version-history":[{"count":0,"href":"https:\/\/darkamazi.info\/funavuv\/wp\/v2\/posts\/1040183\/revisions"}],"wp:featuredmedia":[{"embeddable":true,"href":"https:\/\/darkamazi.info\/funavuv\/wp\/v2\/media\/1040184"}],"wp:attachment":[{"href":"https:\/\/darkamazi.info\/funavuv\/wp\/v2\/media?parent=1040183"}],"wp:term":[{"taxonomy":"category","embeddable":true,"href":"https:\/\/darkamazi.info\/funavuv\/wp\/v2\/categories?post=1040183"},{"taxonomy":"post_tag","embeddable":true,"href":"https:\/\/darkamazi.info\/funavuv\/wp\/v2\/tags?post=1040183"}],"curies":[{"name":"wp","href":"https:\/\/api.w.org\/{rel}","templated":true}]}}