{"id":1041280,"date":"2024-02-26T22:17:14","date_gmt":"2024-02-26T19:17:14","guid":{"rendered":"https:\/\/darkamazi.info\/?p=1041280"},"modified":"2024-02-26T22:17:14","modified_gmt":"2024-02-26T19:17:14","slug":"zindana-gunde-bare-ya-pkke-dujeha-jererd-a-ciwanen-kurdan","status":"publish","type":"post","link":"https:\/\/darkamazi.info\/archives\/1041280","title":{"rendered":"Z\u00eendana gund\u00ea Bar\u00ea ya PKK\u00ea.. D\u00fbjeha j\u00earerd a ciwan\u00ean kurdan"},"content":{"rendered":"<h3 style=\"text-align: justify\"><span style=\"font-family: 'arial black', sans-serif\">R\u00eaxistina PKK\u00ea dehan ciwan\u00ean kurdan piran\u00ee j\u00ea \u00cazid\u00ee di z\u00eendana gund\u00ea Bar\u00ea ya j\u00earerd de desteser kirine, di hucrey\u00ean takekes\u00ee de \u00ee\u015fkenceyeke giran li wan t\u00ea kirin, bi awayek\u00ee ku ev z\u00eendan b\u00fbye d\u00fbjeha ciwanan li \u015eengal\u00ea.<\/span><\/h3>\n<h3 style=\"text-align: justify\"><span style=\"font-family: arial, helvetica, sans-serif\">Darka Maz\u00ee ji \u00e7avkaniy\u00ean xwe y\u00ean taybet h\u00een b\u00fb ku r\u00eaxistina PKK\u00ea bi dehan ciwan\u00ean \u00cazid\u00ee, ciwan\u00ean ji Bakur \u00fb Rojhilata Kurdistan\u00ea bi tohmet\u00ean b\u00ea bingeh di z\u00eendana gund\u00ea Bar\u00ea de desteser kirine. Darka Maz\u00ee her wiha agahiy\u00ean taybet derbar\u00ea endazeya z\u00eendan\u00ea, kes\u00ean ku t\u00ea de t\u00ean girtin \u00fb y\u00ean ku z\u00eendan\u00ea bir\u00eave dibin destxistine, em\u00ea di v\u00ea rapor\u00ea de ber \u00e7av bikin.<\/span><\/h3>\n<h3 style=\"text-align: justify\"><span style=\"font-family: 'arial black', sans-serif;font-size: 18pt;color: #8c0707\">Gund\u00ea Bar\u00ea<\/span><\/h3>\n<h3 style=\"text-align: justify\"><span style=\"font-family: arial, helvetica, sans-serif\">Bar\u00ea gundek\u00ee qed\u00eem y\u00ea \u00cazid\u00eeyane n\u00eaz\u00ee 70 malan l\u00ea ne \u00fb piran\u00ee j\u00ea ji e\u015f\u00eera Simoq\u00eeyan e, ev gund dikeve bakur\u00ea rojava \u00c7iyay\u00ea \u015eengal\u00ea.<\/span><\/h3>\n<h3 style=\"text-align: justify\"><span style=\"font-family: arial, helvetica, sans-serif\">R\u00eaxistina PKK\u00ea ku pi\u015ft\u00ee DAI\u015e\u00ea \u015eengal dagir kir\u00eeye, dehan z\u00eendan\u00ean nih\u00ean\u00ee ava kirine, ciwan\u00ean mixalf, dijber\u00ean fikra Apo \u00fb PKK\u00ea t\u00ea de desteser kirine, bi kurtas\u00ee her yek\u00ea ner\u00eeneka w\u00ee a cuda hebe, PKKe w\u00ee bi tohmeta s\u00eexoriy\u00ea t\u00eaxe di van z\u00eendanan de, tev\u00ee v\u00ea zarok\u00ean ku ji h\u00eala PKK\u00ea ve t\u00ean revandin t\u00ea de hene.<\/span><\/h3>\n<h3 style=\"text-align: justify\"><span style=\"font-family: 'arial black', sans-serif;font-size: 18pt;color: #8c0707\">Z\u00eendan 14 metran j\u00earerd hatiye avakirin<\/span><\/h3>\n<h3 style=\"text-align: justify\"><span style=\"font-family: arial, helvetica, sans-serif\">Z\u00eendana gund\u00ea Bar\u00ea li \u015eengal\u00ea li j\u00ear erd bi k\u00fbrat\u00eeya 14 metran hatiye ava kirin, 6 hucre ji boy pasewan \u00fb kadroy\u00ean r\u00eaveber\u00ean z\u00eendan\u00ea t\u00ea de ne, her wiha hucrey\u00ean takekes\u00ee \u00fb y\u00ean din l\u00ea ne, ji hucreya yekem\u00een ya r\u00eaveber\u00ea z\u00eendan\u00ea deriyek l\u00ea ye ku di\u00e7e ser t\u00fbnela gund\u00ea Bar\u00ea, her wiha li k\u00ealeka hucrey\u00ean girtiyan deriyek\u00ee din y\u00ea t\u00fbnel\u00ea heye, hucrey\u00ean girtiyan 3 bi 4 metrin, y\u00ean takekes\u00ee j\u00ee 2 metir \u00fb bilndahiya hucreyan 2 metrin.<\/span><\/h3>\n<h3 style=\"text-align: justify\"><span style=\"font-family: arial, helvetica, sans-serif\">Z\u00eendan bi beton\u00ea hatiye \u00e7\u00eakirin, s\u00eestema guher\u00eena heway t\u00ea de \u00fb her wiha kam\u00eeray\u00ean \u00e7avd\u00eariy\u00ea.<\/span><\/h3>\n<h3 style=\"text-align: justify\"><span style=\"font-family: arial, helvetica, sans-serif\">\u00c7avkaniy\u00ean Darka Maz\u00ee agah\u00ee ji nava v\u00ea z\u00eendan\u00ea dest xistin, li gor\u00ee wan agah\u00eeyan piran\u00eeya kes\u00ean ku PKK\u00ea li v\u00ea z\u00eendan\u00ea desteser kirine, bi tohmeta sixor\u00ee \u00fb ajan\u00eey\u00ea ne, dest \u00fb ling\u00ean wan gir\u00eaday\u00eene \u00fb \u00ee\u015fkenceyeke giran li wan t\u00ea kirin.<\/span><\/h3>\n<h3 style=\"text-align: justify\"><span style=\"font-family: 'arial black', sans-serif;font-size: 18pt;color: #8c0707\">Endam\u00ean r\u00eaveber\u00eeya z\u00eendana Bar\u00ea k\u00ee ne<\/span><\/h3>\n<h3 style=\"text-align: justify\"><span style=\"font-family: arial, helvetica, sans-serif\">Z\u00eendana Bar\u00ea ji h\u00eala 5 kadroy\u00ean PKK\u00ea ve t\u00ea r\u00eave birin, Darka Maz\u00ee nav \u00fb agahiy\u00ean wan destxistin, nav wisane:<\/span><\/h3>\n<h3 style=\"text-align: justify\"><span style=\"font-family: arial, helvetica, sans-serif\">Berfrat Urfa\/ berpirsa z\u00eendan\u00ea ye, li sal\u00ean 2000an tevl\u00ee PKK\u00ea b\u00fbye.<\/span><\/h3>\n<h3 style=\"text-align: justify\"><span style=\"font-family: arial, helvetica, sans-serif\">Dilsoz \/ al\u00eekar\u00ea Berfrat\u00ea, ji Bakur\u00ea Kurdistan\u00ea ye, li sal\u00ean 2000an tevl\u00ee PKK\u00ea b\u00fbye, pispor\u00eeya teqmeniyan heye.<\/span><\/h3>\n<h3 style=\"text-align: justify\"><span style=\"font-family: arial, helvetica, sans-serif\">\u00c7ekdar Koban\u00ee \/ ji Koban\u00eey\u00ea ye, li sal\u00ean 2000an tevl\u00ee PKK\u00ea b\u00fbye.<\/span><\/h3>\n<h3 style=\"text-align: justify\"><span style=\"font-family: arial, helvetica, sans-serif\">Bozan koban\u00ee \/ li sal\u00ean 2017 \u2013 2018 tevl\u00ee b\u00fbye.<\/span><\/h3>\n<h3 style=\"text-align: justify\"><span style=\"font-family: arial, helvetica, sans-serif\">Mas\u00eeru Koban\u00ee \/ pasewan\u00ea z\u00eendan\u00ea ye.<\/span><\/h3>\n<h3 style=\"text-align: justify\"><span style=\"font-family: arial, helvetica, sans-serif\">Di z\u00eendana gund\u00ea Bar\u00ea de bi dehan kes t\u00ea de t\u00ean girtin, hejmareke zor j\u00ea ciwan\u00ean \u00cazid\u00ee ne \u00fb PKK\u00ea ew bi tohmet\u00ean s\u00eexor\u00ee \u00fb ajaniy\u00ea desteser kirine, her wiha ciwan\u00ean ji Bakur \u00fb Rojhilata Kurdistan\u00ea, hinek girtiy\u00ean ereb j\u00ee hene.<\/span><\/h3>\n<h3 style=\"text-align: justify\"><span style=\"font-family: 'arial black', sans-serif;font-size: 18pt;color: #8c0707\">Nav\u00ean hinek ji girtiy\u00ean z\u00eendanan Bar\u00ea<\/span><\/h3>\n<h3 style=\"text-align: justify\"><span style=\"font-family: arial, helvetica, sans-serif\">Darka Maz\u00ee nav\u00ean 27 ji girtiy\u00ean v\u00ea z\u00eendan\u00ea destxistin, nav wisane:<\/span><\/h3>\n<h3 style=\"text-align: justify\"><span style=\"font-family: arial, helvetica, sans-serif\">1. Serhldan\/ endam\u00ea PKK\u00ea ye \u00fb berpirs\u00ea m\u00eahvanxaneya kura Simoqiya b\u00fb.<\/span><\/h3>\n<h3 style=\"text-align: justify\"><span style=\"font-family: arial, helvetica, sans-serif\">2. Dijwar\/ ji Ciz\u00eera Botan ya Bakur\u00ea Kurdistan\u00ea ye.<\/span><\/h3>\n<h3 style=\"text-align: justify\"><span style=\"font-family: arial, helvetica, sans-serif\">3. Xemg\u00een Rojhilat\u00ee.<\/span><\/h3>\n<h3 style=\"text-align: justify\"><span style=\"font-family: arial, helvetica, sans-serif\">4. S\u00eerwan Rojhilat\u00ee.<\/span><\/h3>\n<h3 style=\"text-align: justify\"><span style=\"font-family: arial, helvetica, sans-serif\">5. Cotkar Amed.<\/span><\/h3>\n<h3 style=\"text-align: justify\"><span style=\"font-family: arial, helvetica, sans-serif\">6. Botan \/ ji Agiriy\u00ea ya Bakur\u00ea Kurdistan\u00ea ye.<\/span><\/h3>\n<h3 style=\"text-align: justify\"><span style=\"font-family: arial, helvetica, sans-serif\">7. Serhed \u015e\u00eax\/ \u00cazid\u00ee ye \u00fb li dije terora YB\u015e\u00ea di xebt\u00ee.<\/span><\/h3>\n<h3 style=\"text-align: justify\"><span style=\"font-family: arial, helvetica, sans-serif\">8. Mens\u00fbr\/ \u00cazid\u00ee ye ji hoza Qeyran\u00ee ye, ji \u015f\u00eany\u00ean S\u00eeba \u015e\u00eax Xidir ya gir\u00eaday\u00ee nahyeya GirIz\u00ear e, \u00e7ekdar\u00ea YB\u015e\u00ea b\u00fb.<\/span><\/h3>\n<h3 style=\"text-align: justify\"><span style=\"font-family: arial, helvetica, sans-serif\">9. Ebo Ereb \/ ji \u015f\u00eaniy\u00ean Qami\u015floy\u00ea ye, berpirs\u00ea gir\u00fbpa Qurya b\u00fb, bi tohmeta heb\u00fbna t\u00eakl\u00eeyan bi dewleta Tirk re hatiye girtin.<\/span><\/h3>\n<h3 style=\"text-align: justify\"><span style=\"font-family: arial, helvetica, sans-serif\">10. Selah &#8211; Ehmed \/ \u00cazid\u00ee ne, bi tohmeta s\u00eexortiy\u00ea hatine girtin.<\/span><\/h3>\n<h3 style=\"text-align: justify\"><span style=\"font-family: arial, helvetica, sans-serif\">11. Du kes\u00ean \u00cazid\u00ee bi tohmeta ku\u015ftina P\u00eer \u00c7eko fermandar\u00ea fewca 80 ya He\u015fda \u015eeib\u00ee hatine girtin.<\/span><\/h3>\n<h3 style=\"text-align: justify\"><span style=\"font-family: arial, helvetica, sans-serif\">12. Ebdulla Hedu Esker bi kodnav\u00ea R\u00eanas, erebe, berpirs\u00ea hewalg\u00eerya YB\u015e\u00ea be\u015fa ereban b\u00fb, \u00e7end mehan ber\u00ea bi tohmeta s\u00eexort\u00eeya ji boy Tirkiy\u00ea hatiye girtin.<\/span><\/h3>\n<h3 style=\"text-align: justify\"><span style=\"font-family: arial, helvetica, sans-serif\">13. Bextiyar wan\/ ji ber t\u00eakiliy\u00ean w\u00ee y\u00ean sozdar\u00ee y\u00ean bi kadroyeke PKK\u00ea re hatiye girtin.<\/span><\/h3>\n<h3 style=\"text-align: justify\"><span style=\"font-family: arial, helvetica, sans-serif\">14. S\u00ea kes\u00ean ereb bi nav\u00ea Qeys, Muntesir, Mehm\u00fbd bi sedema kar\u00ean b\u00eaexlaq\u00ee y\u00ean bi ke\u00e7\u00ean \u00cazid\u00ee re hatine girtin.<\/span><\/h3>\n<h3 style=\"text-align: justify\"><span style=\"font-family: arial, helvetica, sans-serif\">15. Hejmareke kir\u00eakar\u00ean kolandina t\u00fbnelan bi nav\u00ean \u00cemad, Eymen, Udey, Eb\u00fbd, Hesen, Hesen, Ehmed, Ehmed \u00fb Mahir bi tohmeta s\u00eexortiy\u00ea hatine girtin.<\/span><\/h3>\n<h3 style=\"text-align: justify\"><span style=\"font-family: arial, helvetica, sans-serif\">Tewan \u00fb sitema PKK\u00ea li \u015eengal\u00ea her ku di\u00e7e p\u00eatir \u00eef\u015fa dibe, z\u00eendan\u00ean nih\u00ean\u00ee y\u00ean PKK\u00ea di \u015eengal\u00ea de b\u00fbne c\u00eeh\u00ea tasfiye \u00fb qetilkirina ciwan\u00ean \u00cazdiyan, li gor\u00ee agahiy\u00ean ku qa\u00eemeqamiya \u015eengal\u00ea ragihandine, ji sala 2020an ve, p\u00eatir\u00ee 70 ciwan\u00ean \u00cazid\u00ee li \u015eengal\u00ea b\u00ea ser\u00fb\u015f\u00fbn b\u00fbne \u00fb pa\u015f l\u00eager\u00een \u00fb d\u00fbv\u00e7\u00fbn\u00ea xweya b\u00fb ku piran\u00eeya wan di z\u00eendan\u00ean nih\u00ean\u00ee y\u00ean PKK\u00ea de desteser kir\u00eene.<\/span><\/h3>\n","protected":false},"excerpt":{"rendered":"<p>R\u00eaxistina PKK\u00ea dehan ciwan\u00ean kurdan piran\u00ee j\u00ea \u00cazid\u00ee di z\u00eendana gund\u00ea Bar\u00ea ya j\u00earerd de desteser kirine, di hucrey\u00ean takekes\u00ee de \u00ee\u015fkenceyeke giran li wan t\u00ea kirin, bi awayek\u00ee ku ev z\u00eendan b\u00fbye d\u00fbjeha ciwanan li \u015eengal\u00ea. Darka Maz\u00ee ji \u00e7avkaniy\u00ean xwe y\u00ean taybet h\u00een b\u00fb ku r\u00eaxistina PKK\u00ea bi dehan ciwan\u00ean \u00cazid\u00ee, ciwan\u00ean ji [&hellip;]<\/p>\n","protected":false},"author":2,"featured_media":1041281,"comment_status":"closed","ping_status":"closed","sticky":false,"template":"","format":"standard","meta":{"footnotes":""},"categories":[40],"tags":[37],"class_list":["post-1041280","post","type-post","status-publish","format-standard","has-post-thumbnail","hentry","category-niheni","tag-sereke"],"blocksy_meta":[],"seo_head":"<!-- This site is optimized with the Yoast SEO plugin v27.5 - https:\/\/yoast.com\/product\/yoast-seo-wordpress\/ -->\n<title>Z\u00eendana gund\u00ea Bar\u00ea ya PKK\u00ea.. D\u00fbjeha j\u00earerd a ciwan\u00ean kurdan - Darka Maz\u00ee<\/title>\n<meta name=\"robots\" content=\"index, follow, max-snippet:-1, max-image-preview:large, max-video-preview:-1\" \/>\n<link rel=\"canonical\" href=\"https:\/\/darkamazi.info\/archives\/1041280\" \/>\n<meta property=\"og:locale\" content=\"en_US\" \/>\n<meta property=\"og:type\" content=\"article\" \/>\n<meta property=\"og:title\" content=\"Z\u00eendana gund\u00ea Bar\u00ea ya PKK\u00ea.. D\u00fbjeha j\u00earerd a ciwan\u00ean kurdan - Darka Maz\u00ee\" \/>\n<meta property=\"og:description\" content=\"R\u00eaxistina PKK\u00ea dehan ciwan\u00ean kurdan piran\u00ee j\u00ea \u00cazid\u00ee di z\u00eendana gund\u00ea Bar\u00ea ya j\u00earerd de desteser kirine, di hucrey\u00ean takekes\u00ee de \u00ee\u015fkenceyeke giran li wan t\u00ea kirin, bi awayek\u00ee ku ev z\u00eendan b\u00fbye d\u00fbjeha ciwanan li \u015eengal\u00ea. Darka Maz\u00ee ji \u00e7avkaniy\u00ean xwe y\u00ean taybet h\u00een b\u00fb ku r\u00eaxistina PKK\u00ea bi dehan ciwan\u00ean \u00cazid\u00ee, ciwan\u00ean ji [&hellip;]\" \/>\n<meta property=\"og:url\" content=\"https:\/\/darkamazi.info\/archives\/1041280\" \/>\n<meta property=\"og:site_name\" content=\"Darka Maz\u00ee\" \/>\n<meta property=\"article:publisher\" content=\"https:\/\/www.facebook.com\/DarMaziKurmanci\" \/>\n<meta property=\"article:published_time\" content=\"2024-02-26T19:17:14+00:00\" \/>\n<meta property=\"og:image\" content=\"https:\/\/darkamazi.info\/file\/2024\/02\/Zindana-Bare-Sinjar-PKK-Prison-info.jpg\" \/>\n\t<meta property=\"og:image:width\" content=\"900\" \/>\n\t<meta property=\"og:image:height\" content=\"497\" \/>\n\t<meta property=\"og:image:type\" content=\"image\/jpeg\" \/>\n<meta name=\"author\" content=\"darka mazi\" \/>\n<meta name=\"twitter:card\" content=\"summary_large_image\" \/>\n<meta name=\"twitter:creator\" content=\"@DarkaMaziLatini\" \/>\n<meta name=\"twitter:site\" content=\"@DarkaMaziLatini\" \/>\n<meta name=\"twitter:label1\" content=\"Written by\" \/>\n\t<meta name=\"twitter:data1\" content=\"darka mazi\" \/>\n\t<meta name=\"twitter:label2\" content=\"Est. reading time\" \/>\n\t<meta name=\"twitter:data2\" content=\"4 minutes\" \/>\n<script type=\"application\/ld+json\" class=\"seo-schema-graph\">{\"@context\":\"https:\\\/\\\/schema.org\",\"@graph\":[{\"@type\":\"Article\",\"@id\":\"https:\\\/\\\/darkamazi.info\\\/archives\\\/1041280#article\",\"isPartOf\":{\"@id\":\"https:\\\/\\\/darkamazi.info\\\/archives\\\/1041280\"},\"author\":{\"name\":\"darka mazi\",\"@id\":\"https:\\\/\\\/darkamazi.info\\\/#\\\/schema\\\/person\\\/5ad3e24553a0567993fa8ed4bd0a776c\"},\"headline\":\"Z\u00eendana gund\u00ea Bar\u00ea ya PKK\u00ea.. D\u00fbjeha j\u00earerd a ciwan\u00ean kurdan\",\"datePublished\":\"2024-02-26T19:17:14+00:00\",\"mainEntityOfPage\":{\"@id\":\"https:\\\/\\\/darkamazi.info\\\/archives\\\/1041280\"},\"wordCount\":870,\"publisher\":{\"@id\":\"https:\\\/\\\/darkamazi.info\\\/#organization\"},\"image\":{\"@id\":\"https:\\\/\\\/darkamazi.info\\\/archives\\\/1041280#primaryimage\"},\"thumbnailUrl\":\"https:\\\/\\\/darkamazi.info\\\/darka-content\\\/uploads\\\/2024\\\/02\\\/Zindana-Bare-Sinjar-PKK-Prison-info.jpg\",\"keywords\":[\"sereke\"],\"articleSection\":[\"Nih\u00ean\u00ee\"],\"inLanguage\":\"en-US\"},{\"@type\":\"WebPage\",\"@id\":\"https:\\\/\\\/darkamazi.info\\\/archives\\\/1041280\",\"url\":\"https:\\\/\\\/darkamazi.info\\\/archives\\\/1041280\",\"name\":\"Z\u00eendana gund\u00ea Bar\u00ea ya PKK\u00ea.. D\u00fbjeha j\u00earerd a ciwan\u00ean kurdan - Darka Maz\u00ee\",\"isPartOf\":{\"@id\":\"https:\\\/\\\/darkamazi.info\\\/#website\"},\"primaryImageOfPage\":{\"@id\":\"https:\\\/\\\/darkamazi.info\\\/archives\\\/1041280#primaryimage\"},\"image\":{\"@id\":\"https:\\\/\\\/darkamazi.info\\\/archives\\\/1041280#primaryimage\"},\"thumbnailUrl\":\"https:\\\/\\\/darkamazi.info\\\/darka-content\\\/uploads\\\/2024\\\/02\\\/Zindana-Bare-Sinjar-PKK-Prison-info.jpg\",\"datePublished\":\"2024-02-26T19:17:14+00:00\",\"breadcrumb\":{\"@id\":\"https:\\\/\\\/darkamazi.info\\\/archives\\\/1041280#breadcrumb\"},\"inLanguage\":\"en-US\",\"potentialAction\":[{\"@type\":\"ReadAction\",\"target\":[\"https:\\\/\\\/darkamazi.info\\\/archives\\\/1041280\"]}]},{\"@type\":\"ImageObject\",\"inLanguage\":\"en-US\",\"@id\":\"https:\\\/\\\/darkamazi.info\\\/archives\\\/1041280#primaryimage\",\"url\":\"https:\\\/\\\/darkamazi.info\\\/darka-content\\\/uploads\\\/2024\\\/02\\\/Zindana-Bare-Sinjar-PKK-Prison-info.jpg\",\"contentUrl\":\"https:\\\/\\\/darkamazi.info\\\/darka-content\\\/uploads\\\/2024\\\/02\\\/Zindana-Bare-Sinjar-PKK-Prison-info.jpg\",\"width\":900,\"height\":497,\"caption\":\"Zindana Bare-Sinjar-PKK-Prison-info\"},{\"@type\":\"BreadcrumbList\",\"@id\":\"https:\\\/\\\/darkamazi.info\\\/archives\\\/1041280#breadcrumb\",\"itemListElement\":[{\"@type\":\"ListItem\",\"position\":1,\"name\":\"Home\",\"item\":\"https:\\\/\\\/darkamazi.info\\\/\"},{\"@type\":\"ListItem\",\"position\":2,\"name\":\"Z\u00eendana gund\u00ea Bar\u00ea ya PKK\u00ea.. D\u00fbjeha j\u00earerd a ciwan\u00ean kurdan\"}]},{\"@type\":\"WebSite\",\"@id\":\"https:\\\/\\\/darkamazi.info\\\/#website\",\"url\":\"https:\\\/\\\/darkamazi.info\\\/\",\"name\":\"Darka Maz\u00ee\",\"description\":\"P\u00eageha Zanyariy\u00ean Nebih\u00eest\u00ee\",\"publisher\":{\"@id\":\"https:\\\/\\\/darkamazi.info\\\/#organization\"},\"potentialAction\":[{\"@type\":\"SearchAction\",\"target\":{\"@type\":\"EntryPoint\",\"urlTemplate\":\"https:\\\/\\\/darkamazi.info\\\/?s={search_term_string}\"},\"query-input\":{\"@type\":\"PropertyValueSpecification\",\"valueRequired\":true,\"valueName\":\"search_term_string\"}}],\"inLanguage\":\"en-US\"},{\"@type\":\"Organization\",\"@id\":\"https:\\\/\\\/darkamazi.info\\\/#organization\",\"name\":\"Darka Maz\u00ee\",\"url\":\"https:\\\/\\\/darkamazi.info\\\/\",\"logo\":{\"@type\":\"ImageObject\",\"inLanguage\":\"en-US\",\"@id\":\"https:\\\/\\\/darkamazi.info\\\/#\\\/schema\\\/logo\\\/image\\\/\",\"url\":\"https:\\\/\\\/darkamazi.info\\\/darka-content\\\/uploads\\\/2017\\\/12\\\/darka-mazi-logo.png\",\"contentUrl\":\"https:\\\/\\\/darkamazi.info\\\/darka-content\\\/uploads\\\/2017\\\/12\\\/darka-mazi-logo.png\",\"width\":151,\"height\":75,\"caption\":\"Darka Maz\u00ee\"},\"image\":{\"@id\":\"https:\\\/\\\/darkamazi.info\\\/#\\\/schema\\\/logo\\\/image\\\/\"},\"sameAs\":[\"https:\\\/\\\/www.facebook.com\\\/DarMaziKurmanci\",\"https:\\\/\\\/x.com\\\/DarkaMaziLatini\",\"https:\\\/\\\/www.instagram.com\\\/darkamazi.kurmanci\\\/\",\"https:\\\/\\\/www.youtube.com\\\/channel\\\/UCa5HkTdmI8U1qCUFuTw8B2g\"]},{\"@type\":\"Person\",\"@id\":\"https:\\\/\\\/darkamazi.info\\\/#\\\/schema\\\/person\\\/5ad3e24553a0567993fa8ed4bd0a776c\",\"name\":\"darka mazi\",\"sameAs\":[\"https:\\\/\\\/darkamazi.info\\\/\"],\"url\":\"https:\\\/\\\/darkamazi.info\\\/archives\\\/author\\\/kurdi\"}]}<\/script>\n<!-- \/ Yoast SEO plugin. -->","seo_head_json":{"title":"Z\u00eendana gund\u00ea Bar\u00ea ya PKK\u00ea.. D\u00fbjeha j\u00earerd a ciwan\u00ean kurdan - Darka Maz\u00ee","robots":{"index":"index","follow":"follow","max-snippet":"max-snippet:-1","max-image-preview":"max-image-preview:large","max-video-preview":"max-video-preview:-1"},"canonical":"https:\/\/darkamazi.info\/archives\/1041280","og_locale":"en_US","og_type":"article","og_title":"Z\u00eendana gund\u00ea Bar\u00ea ya PKK\u00ea.. D\u00fbjeha j\u00earerd a ciwan\u00ean kurdan - Darka Maz\u00ee","og_description":"R\u00eaxistina PKK\u00ea dehan ciwan\u00ean kurdan piran\u00ee j\u00ea \u00cazid\u00ee di z\u00eendana gund\u00ea Bar\u00ea ya j\u00earerd de desteser kirine, di hucrey\u00ean takekes\u00ee de \u00ee\u015fkenceyeke giran li wan t\u00ea kirin, bi awayek\u00ee ku ev z\u00eendan b\u00fbye d\u00fbjeha ciwanan li \u015eengal\u00ea. Darka Maz\u00ee ji \u00e7avkaniy\u00ean xwe y\u00ean taybet h\u00een b\u00fb ku r\u00eaxistina PKK\u00ea bi dehan ciwan\u00ean \u00cazid\u00ee, ciwan\u00ean ji [&hellip;]","og_url":"https:\/\/darkamazi.info\/archives\/1041280","og_site_name":"Darka Maz\u00ee","article_publisher":"https:\/\/www.facebook.com\/DarMaziKurmanci","article_published_time":"2024-02-26T19:17:14+00:00","og_image":[{"width":900,"height":497,"url":"https:\/\/darkamazi.info\/file\/2024\/02\/Zindana-Bare-Sinjar-PKK-Prison-info.jpg","type":"image\/jpeg"}],"author":"darka mazi","twitter_card":"summary_large_image","twitter_creator":"@DarkaMaziLatini","twitter_site":"@DarkaMaziLatini","twitter_misc":{"Written by":"darka mazi","Est. reading time":"4 minutes"},"schema":{"@context":"https:\/\/schema.org","@graph":[{"@type":"Article","@id":"https:\/\/darkamazi.info\/archives\/1041280#article","isPartOf":{"@id":"https:\/\/darkamazi.info\/archives\/1041280"},"author":{"name":"darka mazi","@id":"https:\/\/darkamazi.info\/#\/schema\/person\/5ad3e24553a0567993fa8ed4bd0a776c"},"headline":"Z\u00eendana gund\u00ea Bar\u00ea ya PKK\u00ea.. D\u00fbjeha j\u00earerd a ciwan\u00ean kurdan","datePublished":"2024-02-26T19:17:14+00:00","mainEntityOfPage":{"@id":"https:\/\/darkamazi.info\/archives\/1041280"},"wordCount":870,"publisher":{"@id":"https:\/\/darkamazi.info\/#organization"},"image":{"@id":"https:\/\/darkamazi.info\/archives\/1041280#primaryimage"},"thumbnailUrl":"https:\/\/darkamazi.info\/file\/2024\/02\/Zindana-Bare-Sinjar-PKK-Prison-info.jpg","keywords":["sereke"],"articleSection":["Nih\u00ean\u00ee"],"inLanguage":"en-US"},{"@type":"WebPage","@id":"https:\/\/darkamazi.info\/archives\/1041280","url":"https:\/\/darkamazi.info\/archives\/1041280","name":"Z\u00eendana gund\u00ea Bar\u00ea ya PKK\u00ea.. D\u00fbjeha j\u00earerd a ciwan\u00ean kurdan - Darka Maz\u00ee","isPartOf":{"@id":"https:\/\/darkamazi.info\/#website"},"primaryImageOfPage":{"@id":"https:\/\/darkamazi.info\/archives\/1041280#primaryimage"},"image":{"@id":"https:\/\/darkamazi.info\/archives\/1041280#primaryimage"},"thumbnailUrl":"https:\/\/darkamazi.info\/file\/2024\/02\/Zindana-Bare-Sinjar-PKK-Prison-info.jpg","datePublished":"2024-02-26T19:17:14+00:00","breadcrumb":{"@id":"https:\/\/darkamazi.info\/archives\/1041280#breadcrumb"},"inLanguage":"en-US","potentialAction":[{"@type":"ReadAction","target":["https:\/\/darkamazi.info\/archives\/1041280"]}]},{"@type":"ImageObject","inLanguage":"en-US","@id":"https:\/\/darkamazi.info\/archives\/1041280#primaryimage","url":"https:\/\/darkamazi.info\/file\/2024\/02\/Zindana-Bare-Sinjar-PKK-Prison-info.jpg","contentUrl":"https:\/\/darkamazi.info\/file\/2024\/02\/Zindana-Bare-Sinjar-PKK-Prison-info.jpg","width":900,"height":497,"caption":"Zindana Bare-Sinjar-PKK-Prison-info"},{"@type":"BreadcrumbList","@id":"https:\/\/darkamazi.info\/archives\/1041280#breadcrumb","itemListElement":[{"@type":"ListItem","position":1,"name":"Home","item":"https:\/\/darkamazi.info\/"},{"@type":"ListItem","position":2,"name":"Z\u00eendana gund\u00ea Bar\u00ea ya PKK\u00ea.. D\u00fbjeha j\u00earerd a ciwan\u00ean kurdan"}]},{"@type":"WebSite","@id":"https:\/\/darkamazi.info\/#website","url":"https:\/\/darkamazi.info\/","name":"Darka Maz\u00ee","description":"P\u00eageha Zanyariy\u00ean Nebih\u00eest\u00ee","publisher":{"@id":"https:\/\/darkamazi.info\/#organization"},"potentialAction":[{"@type":"SearchAction","target":{"@type":"EntryPoint","urlTemplate":"https:\/\/darkamazi.info\/?s={search_term_string}"},"query-input":{"@type":"PropertyValueSpecification","valueRequired":true,"valueName":"search_term_string"}}],"inLanguage":"en-US"},{"@type":"Organization","@id":"https:\/\/darkamazi.info\/#organization","name":"Darka Maz\u00ee","url":"https:\/\/darkamazi.info\/","logo":{"@type":"ImageObject","inLanguage":"en-US","@id":"https:\/\/darkamazi.info\/#\/schema\/logo\/image\/","url":"https:\/\/darkamazi.info\/file\/2017\/12\/darka-mazi-logo.png","contentUrl":"https:\/\/darkamazi.info\/file\/2017\/12\/darka-mazi-logo.png","width":151,"height":75,"caption":"Darka Maz\u00ee"},"image":{"@id":"https:\/\/darkamazi.info\/#\/schema\/logo\/image\/"},"sameAs":["https:\/\/www.facebook.com\/DarMaziKurmanci","https:\/\/x.com\/DarkaMaziLatini","https:\/\/www.instagram.com\/darkamazi.kurmanci\/","https:\/\/www.youtube.com\/channel\/UCa5HkTdmI8U1qCUFuTw8B2g"]},{"@type":"Person","@id":"https:\/\/darkamazi.info\/#\/schema\/person\/5ad3e24553a0567993fa8ed4bd0a776c","name":"darka mazi","sameAs":["https:\/\/darkamazi.info\/"],"url":"https:\/\/darkamazi.info\/archives\/author\/kurdi"}]}},"_links":{"self":[{"href":"https:\/\/darkamazi.info\/funavuv\/wp\/v2\/posts\/1041280","targetHints":{"allow":["GET"]}}],"collection":[{"href":"https:\/\/darkamazi.info\/funavuv\/wp\/v2\/posts"}],"about":[{"href":"https:\/\/darkamazi.info\/funavuv\/wp\/v2\/types\/post"}],"author":[{"embeddable":true,"href":"https:\/\/darkamazi.info\/funavuv\/wp\/v2\/users\/2"}],"replies":[{"embeddable":true,"href":"https:\/\/darkamazi.info\/funavuv\/wp\/v2\/comments?post=1041280"}],"version-history":[{"count":0,"href":"https:\/\/darkamazi.info\/funavuv\/wp\/v2\/posts\/1041280\/revisions"}],"wp:featuredmedia":[{"embeddable":true,"href":"https:\/\/darkamazi.info\/funavuv\/wp\/v2\/media\/1041281"}],"wp:attachment":[{"href":"https:\/\/darkamazi.info\/funavuv\/wp\/v2\/media?parent=1041280"}],"wp:term":[{"taxonomy":"category","embeddable":true,"href":"https:\/\/darkamazi.info\/funavuv\/wp\/v2\/categories?post=1041280"},{"taxonomy":"post_tag","embeddable":true,"href":"https:\/\/darkamazi.info\/funavuv\/wp\/v2\/tags?post=1041280"}],"curies":[{"name":"wp","href":"https:\/\/api.w.org\/{rel}","templated":true}]}}