{"id":1041371,"date":"2024-03-02T20:28:48","date_gmt":"2024-03-02T17:28:48","guid":{"rendered":"https:\/\/darkamazi.info\/?p=1041371"},"modified":"2024-03-02T20:28:48","modified_gmt":"2024-03-02T17:28:48","slug":"mazlum-ebdi-berpirse-erisa-li-ser-biranina-mele-mistefa-barzani-ye","status":"publish","type":"post","link":"https:\/\/darkamazi.info\/archives\/1041371","title":{"rendered":"Mazl\u00fbm Ebd\u00ee berpirs\u00ea \u00ear\u00ee\u015fa li ser b\u00eeran\u00eena Mele Mistefa Barzan\u00ee ye"},"content":{"rendered":"<h3 style=\"text-align: justify\"><span style=\"font-family: 'arial black', sans-serif\">General\u00ea nemir \u00ea Kurd Mele Mistefa Barzan\u00ee di 45 saliya ko\u00e7a daw\u00ee de ji aliy\u00ea gel\u00ea Kurdistan\u00ea ve hate bib\u00eeran\u00een. L\u00ea li bajar\u00ea Koban\u00ea y\u00ea Rojavay\u00ea Kurdistan\u00ea komek kes\u00ean r\u00fbre\u015f\u00ean r\u00fbgirt\u00ee bi daran \u00ear\u00ee\u015f\u00ee avahiya ku d\u00ea b\u00eeran\u00een l\u00ea b\u00ea lidarxistin kirin. \u00car\u00ee\u015fker ne nijadperest\u00ean tirk b\u00fbn, ne \u015foven\u00eest\u00ean ereb b\u00fbn, ne neteweperest\u00ean faris b\u00fbn, \u00eari\u015fker Tevgera Ciwan\u00ean PKK\u00ea b\u00fbn.<\/span><\/h3>\n<h3 style=\"text-align: justify\"><span style=\"font-family: arial, helvetica, sans-serif\">Kurdan li ser medyaya civak\u00ee bertek\u00ean tund n\u00ee\u015fan\u00ee v\u00ea \u00ear\u00ee\u015f\u00ea dan. Her kes\u00ee \u00fb me hem\u00fbyan got \u201cY\u00ean ku ev kirin endam\u00ean Ciwanen \u015eore\u015fger in\u201d l\u00ea me k\u00eam got. Kes\u00ean ku bang li r\u00eaveberiya Rojava kirin j\u00ee heb\u00fbn ji ber ku Ciwan\u00ean \u015eore\u015fger r\u00eaxistineke serbixwe n\u00eene p\u00eakhateya PKK-PYD \u00ea ye. Ev kes\u00ean b\u00ea deng may\u00een yan bi n\u00eeyeteke ba\u015f in \u00fb nizanin PKK li kuder\u00ea \u00e7awa dibe, yan j\u00ee ditirsin ku bi e\u015fkerey\u00ee b\u00eajin PKKe ev kir\u00eeye.<\/span><\/h3>\n<h3 style=\"text-align: justify\"><span style=\"font-family: 'arial black', sans-serif;font-size: 18pt;color: #8c0707\">Mazl\u00fbm Ebd\u00ee Kesek dur\u00fb ye<\/span><\/h3>\n<h3 style=\"text-align: justify\"><span style=\"font-family: arial, helvetica, sans-serif\">Div\u00ea her kes ba\u015f bizane ku; Di s\u00eestema r\u00eaxistin\u00ee ya PKK\u00ea de tu saz\u00ee \u00fb p\u00eakhate bi ser\u00ea xwe nikare biryareke wiha bide. Biryar ji navenda r\u00eaxistin\u00ea t\u00eane girtin \u00fb ber bi j\u00ear p\u00eakt\u00eene. Kiryar\u00ean v\u00ea koma \u00e7ete ya b\u00eaexlaq a bi nav\u00ea Ciwanen \u015eore\u015fger ku d\u00eerok, hurmet \u00fb \u00eerfan\u00ea nizanin, bi tal\u00eemat\u00ean jor \u00ean PKK\u00ea t\u00ean me\u015fandin. Yan\u00ee biryara \u00ear\u00ee\u015fa li ser b\u00eeran\u00eena Mele Mistefa Barzan\u00ee li Kobaniy\u00ea ne biryara komeke ciwan\u00ean xw\u00fbr\u00ee ye, rasterast biryara r\u00eaveberiya PKK\u00ea ya li Rojava ye. loma j\u00ee rast e rast\u00a0 Mazl\u00fbm Ebd\u00ee berpirsyar\u00ea v\u00ea \u00eari\u015f\u00ea ye.<\/span><\/h3>\n<h3 style=\"text-align: justify\"><span style=\"font-family: 'arial black', sans-serif;color: #808080\">Her kes dizane ku Mazl\u00fbm Ebd\u00ee j\u00ee Koban\u00ee ye, ji n\u00eaz ve bi Koban\u00ee re eleqedar e \u00fb hem\u00fb malbat, xizm \u00fb mirov\u00ean p\u00eabawer \u00ean w\u00ee li Koban\u00ee bi cih b\u00fbne. Mazl\u00fbm Ebd\u00ee li Rojava her\u00eameke bi\u00e7\u00fbk a desthilatdariy\u00ea ji xwe re \u00e7\u00eakiriye \u00fb bi fermana w\u00ee ev \u00ear\u00ee\u015f \u00fb \u00e7alakiy\u00ean wiha t\u00ean kirin. Kes\u00ean Mazl\u00fbm Ebd\u00ee nas dikin, ba\u015f dizanin ku w\u00ee li Ewropay\u00ea \u00e7awa bi l\u00eadan \u00fb ku\u015ftin\u00ea dikirin. Di sala 2004 de li hember\u00ee kes\u00ean ji PKK\u00ea veqet\u00eeya y\u00ee s\u00fb\u00eeqast kirin \u00fb ew bi hovane di k\u00fb\u015ftin. Mazl\u00fbm Ebd\u00ee bi pratika xwe ya qirkirina muxalefet\u00ea xwed\u00ee tecr\u00fbbe k\u00ee d\u00ear\u00een e. Berpirsiyar\u00ea b\u00fbyera Koban\u00ee j\u00ee Mazl\u00fbm Ebd\u00ee ye. Ji ber v\u00ea yek\u00ea, div\u00ea em hem\u00ee rasterast hesab\u00ea ji w\u00ee bipirsin.<\/span><\/h3>\n<h3 style=\"text-align: justify\"><span style=\"font-family: arial, helvetica, sans-serif\">Mazl\u00fbm Ebd\u00ee li hember\u00ee r\u00eaveberiya Her\u00eama Kurdistan\u00ea xwed\u00ee helwesteke dur\u00fb ye. Dur\u00fbt\u00ee di vir de helwesteke bi du navan e, ne bi mecaz\u00ee l\u00ea bi rast\u00ee wel\u00ea ye. Mazl\u00fbm Ebd\u00ee yekem kes e ku bi nav \u00fb r\u00fby\u00ea xwe &#8220;spasiya Serok Barzan\u00ee dike, sersaxiy\u00ea radigih\u00eene, daxwaz\u00ean pi\u015ftgiriy\u00ea dike&#8221;. R\u00fby\u00ea w\u00ee y\u00ea duyem j\u00ee ew kes\u00ea \u015eah\u00een C\u00eelo (Koban\u00ee) ku di nav PKK\u00ea de t\u00ea naskirin \u00fb gotib\u00fb &#8220;Em \u00ea \u00eari\u015f\u00ee P\u00ea\u015fmerge bikin&#8221; \u00fb \u00ear\u00ee\u015f\u00ee b\u00eeran\u00eena rehmet\u00ee Mele Mistefa organize kir.<\/span><\/h3>\n<h3 style=\"text-align: justify\"><span style=\"font-family: 'arial black', sans-serif;font-size: 18pt;color: #8c0707\">Wan di got em \u00ea demokrasiy\u00ea b\u00eenin c\u00eehan\u00ea, l\u00ea b\u00fbn fa\u015f\u00eest<\/span><\/h3>\n<h3 style=\"text-align: justify\"><span style=\"font-family: arial, helvetica, sans-serif\">R\u00eaveberiya Rojava \u2013 l\u00ea ten\u00ea em ji wan re dib\u00eajin Rojava, PKK j\u00ea re dib\u00eajin Bakur\u00ea rojhilat\u00ea S\u00fbriy\u00ea. PKK\u00ea sala 2013 an \u00fb vir ve bi ragihandina kanton\u00ea, ragihandina konfederal\u00eezma demokrat\u00eek \u00fb ragihandina jiyana hevpar a azad, \u00eedea dikir ku w\u00ea demokrasiy\u00ea \u00eexrac\u00ee c\u00eehan\u00ea bikin. Bi nav\u00ea Peymana Civak\u00ee j\u00ee dest\u00fbr \u00e7\u00eakirin. L\u00ea di prat\u00eek\u00ea de, pi\u015ft\u00ee v\u00ea axaftina azad\u00ee \u00fb demokrasiy\u00ea, hewl didin pergala her\u00ee pa\u015fver\u00fb, total\u00eeter, m\u00eatinger ava bikin \u00fb fa\u015f\u00eezm\u00ea li ser gelan ferz bikin. Bi rast\u00ee dema ku tu li ciwan\u00ean bi dar \u00fb r\u00fby\u00ean girt\u00ee duh \u00ean li Kobaniy\u00ea din\u00ear\u00ee nijadperest\u00ean tirk \u00fb ciwan\u00ean \u00fblk\u00fbc\u00fb y\u00ean fa\u015fist t\u00ean b\u00eera me. Yan\u00ee ciwan\u00ea ku PKK \u00ea afirandiye \u00e7i nas\u00eeb\u00ea xwe ji exlaq\u00ea civak\u00ee, nirx\u00ean netew\u00ee \u00fb edeb\u00ea ne girit\u00ee ye.<\/span><\/h3>\n<h3 style=\"text-align: justify\"><span style=\"font-family: 'arial black', sans-serif;font-size: 18pt;color: #808080\">Her ti\u015ft\u00ea em bidin al\u00eeyek\u00ea, v\u00ea gr\u00fbpa \u00c7ete \u00fb aqilmend\u00ean wan PKK\u00ea, tehem\u00fbla b\u00eeran\u00eena r\u00eaber\u00ea mezin \u00ea kurdan ku t\u00eako\u015f\u00eena kurdan ya sed salan li ser mil\u00ea xwe girtiye \u00fb remza netew\u00ee ye, nekirin. \u00c7ep\u00ea Tirkan dikarin w\u00eaney\u00ean serok\u00ean xwe li Kobaniy\u00ea daliq\u00eenin, Ereb dikarin w\u00eaney\u00ean Hafiz Esad \u00fb kur\u00ea w\u00ee daliq\u00eenin, l\u00ea Kurd nikarin w\u00eaney\u00ean Mele Mistefa Barzan\u00ee daliq\u00eenin.<\/span><\/h3>\n<h3 style=\"text-align: justify\"><span style=\"font-family: arial, helvetica, sans-serif\">Gotin em \u00ea demokrasiy\u00ea b\u00eenin, fa\u015f\u00eezm\u00ea an\u00een, gotin em \u00ea kurdan rizgar bikin, d\u00eektatoriya partiy\u00ea ava kirin, \u00e7i dib\u00eajin berovaj\u00ee w\u00ea\u00a0 dikin. PKK \u00ea\u015fa pence\u015f\u00ear\u00ea ye ket\u00ee nava damar\u00ean netewa Kurd de.<\/span><\/h3>\n<h3 style=\"text-align: justify\"><span style=\"font-family: arial, helvetica, sans-serif\">Pir e\u015fkere ye ku Mele Mistefa Barzan\u00ee di dir\u00eajahiya sedsala 20 an de li dij\u00ee her s\u00eestemeke dij-Kurd ango, ji Osman\u00eeyan,dij\u00ee \u00cengil\u00eezan, dij\u00ee \u00ceran\u00ee \u00fb li dij\u00ee \u00ceraq\u00ee \u015fer kiriye. Ji ber v\u00ea rast\u00eeya j\u00ee b\u00fbye aramanca \u00eari\u015f\u00ean kes\u00ean ku Kurdistan\u00ea \u00eestismar dikin. Cih\u00ea ku sal yada Nemir Mele Mistefa Barzan\u00ee qedexe be,bizanin ku li wir fikra kolonyal\u00eestan heye.<\/span><\/h3>\n<h3 style=\"text-align: justify\"><span style=\"font-family: arial, helvetica, sans-serif\">\u00car\u00ee\u015fa li dij\u00ee b\u00eeran\u00eena Nemir Mele Mistefa ya li Kobaniy\u00ea, \u00eespat dike ku PKK am\u00fbreke ku kolonyal\u00ees ji xwe re bikar t\u00eene. Dema ku wan difikir\u00een mirovan bi dijwar\u00ee \u00e7avtirsand\u00ee bikin, l\u00ea rast\u00eey\u00ea de PKK karekter\u00ea xwe y\u00ea dij-Kurd \u00fb fa\u015fist e\u015fkere kir. p\u00eadv\u00ee ye ku ev \u00eexanet \u00fb b\u00ear\u00eaz\u00ee bi t\u00fbnd\u00ee were \u015fermezar kirin.<\/span><\/h3>\n","protected":false},"excerpt":{"rendered":"<p>General\u00ea nemir \u00ea Kurd Mele Mistefa Barzan\u00ee di 45 saliya ko\u00e7a daw\u00ee de ji aliy\u00ea gel\u00ea Kurdistan\u00ea ve hate bib\u00eeran\u00een. L\u00ea li bajar\u00ea Koban\u00ea y\u00ea Rojavay\u00ea Kurdistan\u00ea komek kes\u00ean r\u00fbre\u015f\u00ean r\u00fbgirt\u00ee bi daran \u00ear\u00ee\u015f\u00ee avahiya ku d\u00ea b\u00eeran\u00een l\u00ea b\u00ea lidarxistin kirin. \u00car\u00ee\u015fker ne nijadperest\u00ean tirk b\u00fbn, ne \u015foven\u00eest\u00ean ereb b\u00fbn, ne neteweperest\u00ean faris b\u00fbn, [&hellip;]<\/p>\n","protected":false},"author":2,"featured_media":1041372,"comment_status":"closed","ping_status":"closed","sticky":false,"template":"","format":"standard","meta":{"footnotes":""},"categories":[68],"tags":[69,37],"class_list":["post-1041371","post","type-post","status-publish","format-standard","has-post-thumbnail","hentry","category-analiz","tag-mazlum-ebdi","tag-sereke"],"blocksy_meta":[],"seo_head":"<!-- This site is optimized with the Yoast SEO plugin v27.5 - https:\/\/yoast.com\/product\/yoast-seo-wordpress\/ -->\n<title>Mazl\u00fbm Ebd\u00ee berpirs\u00ea \u00ear\u00ee\u015fa li ser b\u00eeran\u00eena Mele Mistefa Barzan\u00ee ye - Darka Maz\u00ee<\/title>\n<meta name=\"robots\" content=\"index, follow, max-snippet:-1, max-image-preview:large, max-video-preview:-1\" \/>\n<link rel=\"canonical\" href=\"https:\/\/darkamazi.info\/archives\/1041371\" \/>\n<meta property=\"og:locale\" content=\"en_US\" \/>\n<meta property=\"og:type\" content=\"article\" \/>\n<meta property=\"og:title\" content=\"Mazl\u00fbm Ebd\u00ee berpirs\u00ea \u00ear\u00ee\u015fa li ser b\u00eeran\u00eena Mele Mistefa Barzan\u00ee ye - Darka Maz\u00ee\" \/>\n<meta property=\"og:description\" content=\"General\u00ea nemir \u00ea Kurd Mele Mistefa Barzan\u00ee di 45 saliya ko\u00e7a daw\u00ee de ji aliy\u00ea gel\u00ea Kurdistan\u00ea ve hate bib\u00eeran\u00een. L\u00ea li bajar\u00ea Koban\u00ea y\u00ea Rojavay\u00ea Kurdistan\u00ea komek kes\u00ean r\u00fbre\u015f\u00ean r\u00fbgirt\u00ee bi daran \u00ear\u00ee\u015f\u00ee avahiya ku d\u00ea b\u00eeran\u00een l\u00ea b\u00ea lidarxistin kirin. \u00car\u00ee\u015fker ne nijadperest\u00ean tirk b\u00fbn, ne \u015foven\u00eest\u00ean ereb b\u00fbn, ne neteweperest\u00ean faris b\u00fbn, [&hellip;]\" \/>\n<meta property=\"og:url\" content=\"https:\/\/darkamazi.info\/archives\/1041371\" \/>\n<meta property=\"og:site_name\" content=\"Darka Maz\u00ee\" \/>\n<meta property=\"article:publisher\" content=\"https:\/\/www.facebook.com\/DarMaziKurmanci\" \/>\n<meta property=\"article:published_time\" content=\"2024-03-02T17:28:48+00:00\" \/>\n<meta property=\"og:image\" content=\"https:\/\/darkamazi.info\/file\/2024\/03\/mezlum-ebdi-kobani-kurd-rojava-info.jpg\" \/>\n\t<meta property=\"og:image:width\" content=\"900\" \/>\n\t<meta property=\"og:image:height\" content=\"475\" \/>\n\t<meta property=\"og:image:type\" content=\"image\/jpeg\" \/>\n<meta name=\"author\" content=\"darka mazi\" \/>\n<meta name=\"twitter:card\" content=\"summary_large_image\" \/>\n<meta name=\"twitter:creator\" content=\"@DarkaMaziLatini\" \/>\n<meta name=\"twitter:site\" content=\"@DarkaMaziLatini\" \/>\n<meta name=\"twitter:label1\" content=\"Written by\" \/>\n\t<meta name=\"twitter:data1\" content=\"darka mazi\" \/>\n\t<meta name=\"twitter:label2\" content=\"Est. reading time\" \/>\n\t<meta name=\"twitter:data2\" content=\"4 minutes\" \/>\n<script type=\"application\/ld+json\" class=\"seo-schema-graph\">{\"@context\":\"https:\\\/\\\/schema.org\",\"@graph\":[{\"@type\":\"Article\",\"@id\":\"https:\\\/\\\/darkamazi.info\\\/archives\\\/1041371#article\",\"isPartOf\":{\"@id\":\"https:\\\/\\\/darkamazi.info\\\/archives\\\/1041371\"},\"author\":{\"name\":\"darka mazi\",\"@id\":\"https:\\\/\\\/darkamazi.info\\\/#\\\/schema\\\/person\\\/5ad3e24553a0567993fa8ed4bd0a776c\"},\"headline\":\"Mazl\u00fbm Ebd\u00ee berpirs\u00ea \u00ear\u00ee\u015fa li ser b\u00eeran\u00eena Mele Mistefa Barzan\u00ee ye\",\"datePublished\":\"2024-03-02T17:28:48+00:00\",\"mainEntityOfPage\":{\"@id\":\"https:\\\/\\\/darkamazi.info\\\/archives\\\/1041371\"},\"wordCount\":942,\"publisher\":{\"@id\":\"https:\\\/\\\/darkamazi.info\\\/#organization\"},\"image\":{\"@id\":\"https:\\\/\\\/darkamazi.info\\\/archives\\\/1041371#primaryimage\"},\"thumbnailUrl\":\"https:\\\/\\\/darkamazi.info\\\/darka-content\\\/uploads\\\/2024\\\/03\\\/mezlum-ebdi-kobani-kurd-rojava-info.jpg\",\"keywords\":[\"Mazl\u00fbm Ebd\u00ee\",\"sereke\"],\"articleSection\":[\"Anal\u00eez\"],\"inLanguage\":\"en-US\"},{\"@type\":\"WebPage\",\"@id\":\"https:\\\/\\\/darkamazi.info\\\/archives\\\/1041371\",\"url\":\"https:\\\/\\\/darkamazi.info\\\/archives\\\/1041371\",\"name\":\"Mazl\u00fbm Ebd\u00ee berpirs\u00ea \u00ear\u00ee\u015fa li ser b\u00eeran\u00eena Mele Mistefa Barzan\u00ee ye - Darka Maz\u00ee\",\"isPartOf\":{\"@id\":\"https:\\\/\\\/darkamazi.info\\\/#website\"},\"primaryImageOfPage\":{\"@id\":\"https:\\\/\\\/darkamazi.info\\\/archives\\\/1041371#primaryimage\"},\"image\":{\"@id\":\"https:\\\/\\\/darkamazi.info\\\/archives\\\/1041371#primaryimage\"},\"thumbnailUrl\":\"https:\\\/\\\/darkamazi.info\\\/darka-content\\\/uploads\\\/2024\\\/03\\\/mezlum-ebdi-kobani-kurd-rojava-info.jpg\",\"datePublished\":\"2024-03-02T17:28:48+00:00\",\"breadcrumb\":{\"@id\":\"https:\\\/\\\/darkamazi.info\\\/archives\\\/1041371#breadcrumb\"},\"inLanguage\":\"en-US\",\"potentialAction\":[{\"@type\":\"ReadAction\",\"target\":[\"https:\\\/\\\/darkamazi.info\\\/archives\\\/1041371\"]}]},{\"@type\":\"ImageObject\",\"inLanguage\":\"en-US\",\"@id\":\"https:\\\/\\\/darkamazi.info\\\/archives\\\/1041371#primaryimage\",\"url\":\"https:\\\/\\\/darkamazi.info\\\/darka-content\\\/uploads\\\/2024\\\/03\\\/mezlum-ebdi-kobani-kurd-rojava-info.jpg\",\"contentUrl\":\"https:\\\/\\\/darkamazi.info\\\/darka-content\\\/uploads\\\/2024\\\/03\\\/mezlum-ebdi-kobani-kurd-rojava-info.jpg\",\"width\":900,\"height\":475,\"caption\":\"mezlum-ebdi-kobani-kurd-rojava-info\"},{\"@type\":\"BreadcrumbList\",\"@id\":\"https:\\\/\\\/darkamazi.info\\\/archives\\\/1041371#breadcrumb\",\"itemListElement\":[{\"@type\":\"ListItem\",\"position\":1,\"name\":\"Home\",\"item\":\"https:\\\/\\\/darkamazi.info\\\/\"},{\"@type\":\"ListItem\",\"position\":2,\"name\":\"Mazl\u00fbm Ebd\u00ee berpirs\u00ea \u00ear\u00ee\u015fa li ser b\u00eeran\u00eena Mele Mistefa Barzan\u00ee ye\"}]},{\"@type\":\"WebSite\",\"@id\":\"https:\\\/\\\/darkamazi.info\\\/#website\",\"url\":\"https:\\\/\\\/darkamazi.info\\\/\",\"name\":\"Darka Maz\u00ee\",\"description\":\"P\u00eageha Zanyariy\u00ean Nebih\u00eest\u00ee\",\"publisher\":{\"@id\":\"https:\\\/\\\/darkamazi.info\\\/#organization\"},\"potentialAction\":[{\"@type\":\"SearchAction\",\"target\":{\"@type\":\"EntryPoint\",\"urlTemplate\":\"https:\\\/\\\/darkamazi.info\\\/?s={search_term_string}\"},\"query-input\":{\"@type\":\"PropertyValueSpecification\",\"valueRequired\":true,\"valueName\":\"search_term_string\"}}],\"inLanguage\":\"en-US\"},{\"@type\":\"Organization\",\"@id\":\"https:\\\/\\\/darkamazi.info\\\/#organization\",\"name\":\"Darka Maz\u00ee\",\"url\":\"https:\\\/\\\/darkamazi.info\\\/\",\"logo\":{\"@type\":\"ImageObject\",\"inLanguage\":\"en-US\",\"@id\":\"https:\\\/\\\/darkamazi.info\\\/#\\\/schema\\\/logo\\\/image\\\/\",\"url\":\"https:\\\/\\\/darkamazi.info\\\/darka-content\\\/uploads\\\/2017\\\/12\\\/darka-mazi-logo.png\",\"contentUrl\":\"https:\\\/\\\/darkamazi.info\\\/darka-content\\\/uploads\\\/2017\\\/12\\\/darka-mazi-logo.png\",\"width\":151,\"height\":75,\"caption\":\"Darka Maz\u00ee\"},\"image\":{\"@id\":\"https:\\\/\\\/darkamazi.info\\\/#\\\/schema\\\/logo\\\/image\\\/\"},\"sameAs\":[\"https:\\\/\\\/www.facebook.com\\\/DarMaziKurmanci\",\"https:\\\/\\\/x.com\\\/DarkaMaziLatini\",\"https:\\\/\\\/www.instagram.com\\\/darkamazi.kurmanci\\\/\",\"https:\\\/\\\/www.youtube.com\\\/channel\\\/UCa5HkTdmI8U1qCUFuTw8B2g\"]},{\"@type\":\"Person\",\"@id\":\"https:\\\/\\\/darkamazi.info\\\/#\\\/schema\\\/person\\\/5ad3e24553a0567993fa8ed4bd0a776c\",\"name\":\"darka mazi\",\"sameAs\":[\"https:\\\/\\\/darkamazi.info\\\/\"],\"url\":\"https:\\\/\\\/darkamazi.info\\\/archives\\\/author\\\/kurdi\"}]}<\/script>\n<!-- \/ Yoast SEO plugin. -->","seo_head_json":{"title":"Mazl\u00fbm Ebd\u00ee berpirs\u00ea \u00ear\u00ee\u015fa li ser b\u00eeran\u00eena Mele Mistefa Barzan\u00ee ye - Darka Maz\u00ee","robots":{"index":"index","follow":"follow","max-snippet":"max-snippet:-1","max-image-preview":"max-image-preview:large","max-video-preview":"max-video-preview:-1"},"canonical":"https:\/\/darkamazi.info\/archives\/1041371","og_locale":"en_US","og_type":"article","og_title":"Mazl\u00fbm Ebd\u00ee berpirs\u00ea \u00ear\u00ee\u015fa li ser b\u00eeran\u00eena Mele Mistefa Barzan\u00ee ye - Darka Maz\u00ee","og_description":"General\u00ea nemir \u00ea Kurd Mele Mistefa Barzan\u00ee di 45 saliya ko\u00e7a daw\u00ee de ji aliy\u00ea gel\u00ea Kurdistan\u00ea ve hate bib\u00eeran\u00een. L\u00ea li bajar\u00ea Koban\u00ea y\u00ea Rojavay\u00ea Kurdistan\u00ea komek kes\u00ean r\u00fbre\u015f\u00ean r\u00fbgirt\u00ee bi daran \u00ear\u00ee\u015f\u00ee avahiya ku d\u00ea b\u00eeran\u00een l\u00ea b\u00ea lidarxistin kirin. \u00car\u00ee\u015fker ne nijadperest\u00ean tirk b\u00fbn, ne \u015foven\u00eest\u00ean ereb b\u00fbn, ne neteweperest\u00ean faris b\u00fbn, [&hellip;]","og_url":"https:\/\/darkamazi.info\/archives\/1041371","og_site_name":"Darka Maz\u00ee","article_publisher":"https:\/\/www.facebook.com\/DarMaziKurmanci","article_published_time":"2024-03-02T17:28:48+00:00","og_image":[{"width":900,"height":475,"url":"https:\/\/darkamazi.info\/file\/2024\/03\/mezlum-ebdi-kobani-kurd-rojava-info.jpg","type":"image\/jpeg"}],"author":"darka mazi","twitter_card":"summary_large_image","twitter_creator":"@DarkaMaziLatini","twitter_site":"@DarkaMaziLatini","twitter_misc":{"Written by":"darka mazi","Est. reading time":"4 minutes"},"schema":{"@context":"https:\/\/schema.org","@graph":[{"@type":"Article","@id":"https:\/\/darkamazi.info\/archives\/1041371#article","isPartOf":{"@id":"https:\/\/darkamazi.info\/archives\/1041371"},"author":{"name":"darka mazi","@id":"https:\/\/darkamazi.info\/#\/schema\/person\/5ad3e24553a0567993fa8ed4bd0a776c"},"headline":"Mazl\u00fbm Ebd\u00ee berpirs\u00ea \u00ear\u00ee\u015fa li ser b\u00eeran\u00eena Mele Mistefa Barzan\u00ee ye","datePublished":"2024-03-02T17:28:48+00:00","mainEntityOfPage":{"@id":"https:\/\/darkamazi.info\/archives\/1041371"},"wordCount":942,"publisher":{"@id":"https:\/\/darkamazi.info\/#organization"},"image":{"@id":"https:\/\/darkamazi.info\/archives\/1041371#primaryimage"},"thumbnailUrl":"https:\/\/darkamazi.info\/file\/2024\/03\/mezlum-ebdi-kobani-kurd-rojava-info.jpg","keywords":["Mazl\u00fbm Ebd\u00ee","sereke"],"articleSection":["Anal\u00eez"],"inLanguage":"en-US"},{"@type":"WebPage","@id":"https:\/\/darkamazi.info\/archives\/1041371","url":"https:\/\/darkamazi.info\/archives\/1041371","name":"Mazl\u00fbm Ebd\u00ee berpirs\u00ea \u00ear\u00ee\u015fa li ser b\u00eeran\u00eena Mele Mistefa Barzan\u00ee ye - Darka Maz\u00ee","isPartOf":{"@id":"https:\/\/darkamazi.info\/#website"},"primaryImageOfPage":{"@id":"https:\/\/darkamazi.info\/archives\/1041371#primaryimage"},"image":{"@id":"https:\/\/darkamazi.info\/archives\/1041371#primaryimage"},"thumbnailUrl":"https:\/\/darkamazi.info\/file\/2024\/03\/mezlum-ebdi-kobani-kurd-rojava-info.jpg","datePublished":"2024-03-02T17:28:48+00:00","breadcrumb":{"@id":"https:\/\/darkamazi.info\/archives\/1041371#breadcrumb"},"inLanguage":"en-US","potentialAction":[{"@type":"ReadAction","target":["https:\/\/darkamazi.info\/archives\/1041371"]}]},{"@type":"ImageObject","inLanguage":"en-US","@id":"https:\/\/darkamazi.info\/archives\/1041371#primaryimage","url":"https:\/\/darkamazi.info\/file\/2024\/03\/mezlum-ebdi-kobani-kurd-rojava-info.jpg","contentUrl":"https:\/\/darkamazi.info\/file\/2024\/03\/mezlum-ebdi-kobani-kurd-rojava-info.jpg","width":900,"height":475,"caption":"mezlum-ebdi-kobani-kurd-rojava-info"},{"@type":"BreadcrumbList","@id":"https:\/\/darkamazi.info\/archives\/1041371#breadcrumb","itemListElement":[{"@type":"ListItem","position":1,"name":"Home","item":"https:\/\/darkamazi.info\/"},{"@type":"ListItem","position":2,"name":"Mazl\u00fbm Ebd\u00ee berpirs\u00ea \u00ear\u00ee\u015fa li ser b\u00eeran\u00eena Mele Mistefa Barzan\u00ee ye"}]},{"@type":"WebSite","@id":"https:\/\/darkamazi.info\/#website","url":"https:\/\/darkamazi.info\/","name":"Darka Maz\u00ee","description":"P\u00eageha Zanyariy\u00ean Nebih\u00eest\u00ee","publisher":{"@id":"https:\/\/darkamazi.info\/#organization"},"potentialAction":[{"@type":"SearchAction","target":{"@type":"EntryPoint","urlTemplate":"https:\/\/darkamazi.info\/?s={search_term_string}"},"query-input":{"@type":"PropertyValueSpecification","valueRequired":true,"valueName":"search_term_string"}}],"inLanguage":"en-US"},{"@type":"Organization","@id":"https:\/\/darkamazi.info\/#organization","name":"Darka Maz\u00ee","url":"https:\/\/darkamazi.info\/","logo":{"@type":"ImageObject","inLanguage":"en-US","@id":"https:\/\/darkamazi.info\/#\/schema\/logo\/image\/","url":"https:\/\/darkamazi.info\/file\/2017\/12\/darka-mazi-logo.png","contentUrl":"https:\/\/darkamazi.info\/file\/2017\/12\/darka-mazi-logo.png","width":151,"height":75,"caption":"Darka Maz\u00ee"},"image":{"@id":"https:\/\/darkamazi.info\/#\/schema\/logo\/image\/"},"sameAs":["https:\/\/www.facebook.com\/DarMaziKurmanci","https:\/\/x.com\/DarkaMaziLatini","https:\/\/www.instagram.com\/darkamazi.kurmanci\/","https:\/\/www.youtube.com\/channel\/UCa5HkTdmI8U1qCUFuTw8B2g"]},{"@type":"Person","@id":"https:\/\/darkamazi.info\/#\/schema\/person\/5ad3e24553a0567993fa8ed4bd0a776c","name":"darka mazi","sameAs":["https:\/\/darkamazi.info\/"],"url":"https:\/\/darkamazi.info\/archives\/author\/kurdi"}]}},"_links":{"self":[{"href":"https:\/\/darkamazi.info\/funavuv\/wp\/v2\/posts\/1041371","targetHints":{"allow":["GET"]}}],"collection":[{"href":"https:\/\/darkamazi.info\/funavuv\/wp\/v2\/posts"}],"about":[{"href":"https:\/\/darkamazi.info\/funavuv\/wp\/v2\/types\/post"}],"author":[{"embeddable":true,"href":"https:\/\/darkamazi.info\/funavuv\/wp\/v2\/users\/2"}],"replies":[{"embeddable":true,"href":"https:\/\/darkamazi.info\/funavuv\/wp\/v2\/comments?post=1041371"}],"version-history":[{"count":0,"href":"https:\/\/darkamazi.info\/funavuv\/wp\/v2\/posts\/1041371\/revisions"}],"wp:featuredmedia":[{"embeddable":true,"href":"https:\/\/darkamazi.info\/funavuv\/wp\/v2\/media\/1041372"}],"wp:attachment":[{"href":"https:\/\/darkamazi.info\/funavuv\/wp\/v2\/media?parent=1041371"}],"wp:term":[{"taxonomy":"category","embeddable":true,"href":"https:\/\/darkamazi.info\/funavuv\/wp\/v2\/categories?post=1041371"},{"taxonomy":"post_tag","embeddable":true,"href":"https:\/\/darkamazi.info\/funavuv\/wp\/v2\/tags?post=1041371"}],"curies":[{"name":"wp","href":"https:\/\/api.w.org\/{rel}","templated":true}]}}