{"id":1041402,"date":"2024-03-04T20:05:38","date_gmt":"2024-03-04T17:05:38","guid":{"rendered":"https:\/\/darkamazi.info\/?p=1041402"},"modified":"2024-03-04T20:05:38","modified_gmt":"2024-03-04T17:05:38","slug":"darka-mazi-lekolin-kir-piraniya-kesen-ku-erisi-biranina-mele-mistefa-barzani-kirin-kadroyen-pkk-bun","status":"publish","type":"post","link":"https:\/\/darkamazi.info\/archives\/1041402","title":{"rendered":"Darka Maz\u00ee l\u00eakol\u00een kir: Piraniya kes\u00ean ku \u00eari\u015f\u00ee b\u00eeran\u00eena Mele Mistefa Barzan\u00ee kirin kadroy\u00ean PKK b\u00fbn."},"content":{"rendered":"<h3 style=\"text-align: justify\"><span style=\"font-family: 'arial black', sans-serif\">Di 1\u2019\u00ea Adar\u00ea de koma \u00e7ete ya bi nav\u00ea Ciwanen \u015eore\u015fger \u00ear\u00ee\u015f\u00ee meras\u00eema b\u00eeran\u00eena 45\u2019em\u00een salvegera ko\u00e7a daw\u00ee ya Mele Mistefa Barzan\u00ee li bajar\u00ea Koban\u00ea y\u00ea Rojava kirib\u00fb. \u00car\u00ee\u015fkaran bi daran di dest\u00ean xwe de \u00fb maske li ser r\u00fby\u00ean wan, heqaret li koma ku jin \u00fb zarok j\u00ee di nav de heb\u00fbn kirin \u00fb avahiya ENKS&#8217;\u00ea ya ku w\u00ea b\u00eeran\u00een\u00ea l\u00ea bihata lidarxistin \u015fewitandin. B\u00fbyer li ser medyaya civak\u00ee b\u00fb sedema bertek\u00ean mezin \u00ean kurdan.<\/span><\/h3>\n<h3 style=\"text-align: justify\"><span style=\"font-family: arial, helvetica, sans-serif\">\u00c7avkaniy\u00ean her\u00eam\u00ee y\u00ean Darka Maz\u00ee der bar\u00ea kes\u00ean ku plan kirine \u00fb \u00ear\u00ee\u015f kirine de agah\u00ee bi dest xistine. Li gor\u00ee v\u00ea yek\u00ea, piraniya kes\u00ean ku \u00ear\u00ee\u015f p\u00eak an\u00eene \u00fb y\u00ean ku ev b\u00fbyer organ\u00eeze kirine, xebatkar\u00ean PKK\u00ea y\u00ean Bakur\u00ea Kurdistan\u00ea ne.<\/span><\/h3>\n<h3 style=\"text-align: justify\"><span style=\"font-family: 'arial black', sans-serif;font-size: 18pt;color: #8c0707\">Li gor\u00ee \u00e7avkaniy\u00ean her\u00eam\u00ee y\u00ean Darka Maz\u00ee, personel\u00ean PKK&#8217;\u00ea y\u00ean ku b\u00fbyer p\u00eak an\u00eene \u00fb li ser nav\u00ea saziy\u00ean cuda y\u00ean li Kobaniy\u00ea \u00e7alak\u00ee kirine ev in:<\/span><\/h3>\n<h3 style=\"text-align: justify\"><span style=\"font-family: arial, helvetica, sans-serif\"><span style=\"color: #ffffff;background-color: #8c0707;font-family: 'arial black', sans-serif\">1- Hayr\u00ee:<\/span> Ev kes\u00ea 35 sal\u00ee \u00fb xelk\u00ea Bakur\u00ea Kurdistan\u00ea ye, berpirs\u00ea r\u00eaxistina bi nav\u00ea Komel\u00ean Ciwan\u00ean, r\u00eaxistina navend\u00ee ya ciwan\u00ean PKK\u00ea ye. Ew kes\u00ea ku ber\u00ee demeke kin hatiye Koban\u00ee \u00fb gotiye ez \u00ea bay\u00ea PKK\u00ea b\u00eenim vir. Prat\u00eeka w\u00ee ya yekem \u00ear\u00ee\u015fa li ser b\u00eeran\u00eena Mele Mistefa Barzan\u00ee b\u00fb.<\/span><\/h3>\n<h3 style=\"text-align: justify\"><span style=\"font-family: arial, helvetica, sans-serif\"><span style=\"font-family: 'arial black', sans-serif;color: #ffffff;background-color: #8c0707\">2- Hal\u00eel Koban\u00ee:<\/span> Ev kes\u00ea ji gund\u00ean Koban\u00ee berpirs\u00ea Koban\u00ee y\u00ea Ciwan\u00ean \u015eore\u015fger e. Ev nave ku bi n\u00eaz\u00eekb\u00fbna xwe ya bi Mazl\u00fbm Ebd\u00ee re t\u00ea naskirin, li Kobaniy\u00ea di gelek \u00e7alakiy\u00ean weke revandina zarokan \u00fb \u00ear\u00ee\u015fa m\u00fbxalefet\u00ea de cih girt.<\/span><\/h3>\n<h3 style=\"text-align: justify\"><span style=\"font-family: arial, helvetica, sans-serif\"><span style=\"font-family: 'arial black', sans-serif;color: #ffffff;background-color: #8c0707\">3- Agit Ahmet:<\/span> di kord\u00eenasyona Ciwan\u00ean \u015eore\u015fger a Kobaniy\u00ea de cih digire \u00fb berpirs\u00ea kom\u00eeteya perwerdey\u00ea ye.<\/span><\/h3>\n<h3 style=\"text-align: justify\"><span style=\"font-family: arial, helvetica, sans-serif\"><span style=\"font-family: 'arial black', sans-serif;background-color: #8c0707;color: #ffffff\">4- Ahmet Derw\u00ee\u015f:<\/span> ev kes\u00ea ku di kord\u00eenasyona Koban\u00ee ya Ciwan\u00ean \u015eore\u015fger de cih digire di heman dem\u00ea de endam\u00ea kom\u00eeteya werzi\u015f\u00ea ye. Ew bi kiryar\u00ean xwe y\u00ean tundiy\u00ea li Koban\u00ee t\u00ea naskirin. Ev j\u00ee bi n\u00eaz\u00eekb\u00fbna xwe ya bi Mazl\u00fbm Abd\u00ee re t\u00ea zan\u00een.<\/span><\/h3>\n<h3 style=\"text-align: justify\"><span style=\"font-family: arial, helvetica, sans-serif\">Li gor\u00ee agahiy\u00ean ku Darka Maz\u00ee bi dest xistine, piraniya \u00ear\u00ee\u015fkar\u00ean bi daran \u00fb r\u00fby\u00ean nixumand\u00ee xebatkar\u00ean PKK&#8217;\u00ea ne ku ji ber pirsgir\u00eak\u00ean tenduristiy\u00ea \u015fandine qad\u00ea.<\/span><\/h3>\n<h3 style=\"text-align: justify\"><span style=\"font-family: arial, helvetica, sans-serif\">Li gor\u00ee \u00c7avkaniy\u00ean me, Ciwan\u00ean \u015eore\u015fger navend\u00ean werz\u00ee\u015f, muz\u00eek \u00fb hwd li Koban\u00ea hene, ciwan\u00ean ku di\u00e7in van navendan, ji ber ku b\u00eakar in \u00fb derfet\u00ean abor\u00ee n\u00eenin, t\u00ean man\u00eepulekirin.<\/span><\/h3>\n<h3 style=\"text-align: justify\"><span style=\"font-family: arial, helvetica, sans-serif\">\u00c7avkaniya me j\u00ee diyar dike ku ev ciwan j\u00eengeh\u00ea b\u00eazar dikin, xwe xwediy\u00ea her ti\u015ft\u00ee dib\u00eenin \u00fb gefan li mirovan dixwin. Heman \u00e7avkaniy\u00ea her wiha diyar dike ku karek\u00ee wiha ten\u00ea ji aliy\u00ea kord\u00eenasyona PKK\u2019\u00ea ya li Rojava ve dih\u00eat kirin.<\/span><\/h3>\n<h3 style=\"text-align: justify\"><span style=\"font-family: arial, helvetica, sans-serif\">Di gotara ku me ber\u00ea wek Darka Maz\u00ee we\u015fandib\u00fb de, me diyar kirib\u00fb ku berpirsiyar\u00ea sereke y\u00ea v\u00ea b\u00fbyer\u00ea Mazlum Abd\u00ee ye.<\/span><\/h3>\n","protected":false},"excerpt":{"rendered":"<p>Di 1\u2019\u00ea Adar\u00ea de koma \u00e7ete ya bi nav\u00ea Ciwanen \u015eore\u015fger \u00ear\u00ee\u015f\u00ee meras\u00eema b\u00eeran\u00eena 45\u2019em\u00een salvegera ko\u00e7a daw\u00ee ya Mele Mistefa Barzan\u00ee li bajar\u00ea Koban\u00ea y\u00ea Rojava kirib\u00fb. \u00car\u00ee\u015fkaran bi daran di dest\u00ean xwe de \u00fb maske li ser r\u00fby\u00ean wan, heqaret li koma ku jin \u00fb zarok j\u00ee di nav de heb\u00fbn kirin \u00fb [&hellip;]<\/p>\n","protected":false},"author":2,"featured_media":1041403,"comment_status":"closed","ping_status":"closed","sticky":false,"template":"","format":"standard","meta":{"footnotes":""},"categories":[40],"tags":[37],"class_list":["post-1041402","post","type-post","status-publish","format-standard","has-post-thumbnail","hentry","category-niheni","tag-sereke"],"blocksy_meta":[],"seo_head":"<!-- This site is optimized with the Yoast SEO plugin v27.5 - https:\/\/yoast.com\/product\/yoast-seo-wordpress\/ -->\n<title>Darka Maz\u00ee l\u00eakol\u00een kir: Piraniya kes\u00ean ku \u00eari\u015f\u00ee b\u00eeran\u00eena Mele Mistefa Barzan\u00ee kirin kadroy\u00ean PKK b\u00fbn. - Darka Maz\u00ee<\/title>\n<meta name=\"robots\" content=\"index, follow, max-snippet:-1, max-image-preview:large, max-video-preview:-1\" \/>\n<link rel=\"canonical\" href=\"https:\/\/darkamazi.info\/archives\/1041402\" \/>\n<meta property=\"og:locale\" content=\"en_US\" \/>\n<meta property=\"og:type\" content=\"article\" \/>\n<meta property=\"og:title\" content=\"Darka Maz\u00ee l\u00eakol\u00een kir: Piraniya kes\u00ean ku \u00eari\u015f\u00ee b\u00eeran\u00eena Mele Mistefa Barzan\u00ee kirin kadroy\u00ean PKK b\u00fbn. - Darka Maz\u00ee\" \/>\n<meta property=\"og:description\" content=\"Di 1\u2019\u00ea Adar\u00ea de koma \u00e7ete ya bi nav\u00ea Ciwanen \u015eore\u015fger \u00ear\u00ee\u015f\u00ee meras\u00eema b\u00eeran\u00eena 45\u2019em\u00een salvegera ko\u00e7a daw\u00ee ya Mele Mistefa Barzan\u00ee li bajar\u00ea Koban\u00ea y\u00ea Rojava kirib\u00fb. \u00car\u00ee\u015fkaran bi daran di dest\u00ean xwe de \u00fb maske li ser r\u00fby\u00ean wan, heqaret li koma ku jin \u00fb zarok j\u00ee di nav de heb\u00fbn kirin \u00fb [&hellip;]\" \/>\n<meta property=\"og:url\" content=\"https:\/\/darkamazi.info\/archives\/1041402\" \/>\n<meta property=\"og:site_name\" content=\"Darka Maz\u00ee\" \/>\n<meta property=\"article:publisher\" content=\"https:\/\/www.facebook.com\/DarMaziKurmanci\" \/>\n<meta property=\"article:published_time\" content=\"2024-03-04T17:05:38+00:00\" \/>\n<meta property=\"og:image\" content=\"https:\/\/darkamazi.info\/file\/2024\/03\/biranina-Mele-Mistefa-Kobame-PKK-Info.jpg\" \/>\n\t<meta property=\"og:image:width\" content=\"900\" \/>\n\t<meta property=\"og:image:height\" content=\"497\" \/>\n\t<meta property=\"og:image:type\" content=\"image\/jpeg\" \/>\n<meta name=\"author\" content=\"darka mazi\" \/>\n<meta name=\"twitter:card\" content=\"summary_large_image\" \/>\n<meta name=\"twitter:creator\" content=\"@DarkaMaziLatini\" \/>\n<meta name=\"twitter:site\" content=\"@DarkaMaziLatini\" \/>\n<meta name=\"twitter:label1\" content=\"Written by\" \/>\n\t<meta name=\"twitter:data1\" content=\"darka mazi\" \/>\n\t<meta name=\"twitter:label2\" content=\"Est. reading time\" \/>\n\t<meta name=\"twitter:data2\" content=\"3 minutes\" \/>\n<script type=\"application\/ld+json\" class=\"seo-schema-graph\">{\"@context\":\"https:\\\/\\\/schema.org\",\"@graph\":[{\"@type\":\"Article\",\"@id\":\"https:\\\/\\\/darkamazi.info\\\/archives\\\/1041402#article\",\"isPartOf\":{\"@id\":\"https:\\\/\\\/darkamazi.info\\\/archives\\\/1041402\"},\"author\":{\"name\":\"darka mazi\",\"@id\":\"https:\\\/\\\/darkamazi.info\\\/#\\\/schema\\\/person\\\/5ad3e24553a0567993fa8ed4bd0a776c\"},\"headline\":\"Darka Maz\u00ee l\u00eakol\u00een kir: Piraniya kes\u00ean ku \u00eari\u015f\u00ee b\u00eeran\u00eena Mele Mistefa Barzan\u00ee kirin kadroy\u00ean PKK b\u00fbn.\",\"datePublished\":\"2024-03-04T17:05:38+00:00\",\"mainEntityOfPage\":{\"@id\":\"https:\\\/\\\/darkamazi.info\\\/archives\\\/1041402\"},\"wordCount\":525,\"publisher\":{\"@id\":\"https:\\\/\\\/darkamazi.info\\\/#organization\"},\"image\":{\"@id\":\"https:\\\/\\\/darkamazi.info\\\/archives\\\/1041402#primaryimage\"},\"thumbnailUrl\":\"https:\\\/\\\/darkamazi.info\\\/darka-content\\\/uploads\\\/2024\\\/03\\\/biranina-Mele-Mistefa-Kobame-PKK-Info.jpg\",\"keywords\":[\"sereke\"],\"articleSection\":[\"Nih\u00ean\u00ee\"],\"inLanguage\":\"en-US\"},{\"@type\":\"WebPage\",\"@id\":\"https:\\\/\\\/darkamazi.info\\\/archives\\\/1041402\",\"url\":\"https:\\\/\\\/darkamazi.info\\\/archives\\\/1041402\",\"name\":\"Darka Maz\u00ee l\u00eakol\u00een kir: Piraniya kes\u00ean ku \u00eari\u015f\u00ee b\u00eeran\u00eena Mele Mistefa Barzan\u00ee kirin kadroy\u00ean PKK b\u00fbn. - Darka Maz\u00ee\",\"isPartOf\":{\"@id\":\"https:\\\/\\\/darkamazi.info\\\/#website\"},\"primaryImageOfPage\":{\"@id\":\"https:\\\/\\\/darkamazi.info\\\/archives\\\/1041402#primaryimage\"},\"image\":{\"@id\":\"https:\\\/\\\/darkamazi.info\\\/archives\\\/1041402#primaryimage\"},\"thumbnailUrl\":\"https:\\\/\\\/darkamazi.info\\\/darka-content\\\/uploads\\\/2024\\\/03\\\/biranina-Mele-Mistefa-Kobame-PKK-Info.jpg\",\"datePublished\":\"2024-03-04T17:05:38+00:00\",\"breadcrumb\":{\"@id\":\"https:\\\/\\\/darkamazi.info\\\/archives\\\/1041402#breadcrumb\"},\"inLanguage\":\"en-US\",\"potentialAction\":[{\"@type\":\"ReadAction\",\"target\":[\"https:\\\/\\\/darkamazi.info\\\/archives\\\/1041402\"]}]},{\"@type\":\"ImageObject\",\"inLanguage\":\"en-US\",\"@id\":\"https:\\\/\\\/darkamazi.info\\\/archives\\\/1041402#primaryimage\",\"url\":\"https:\\\/\\\/darkamazi.info\\\/darka-content\\\/uploads\\\/2024\\\/03\\\/biranina-Mele-Mistefa-Kobame-PKK-Info.jpg\",\"contentUrl\":\"https:\\\/\\\/darkamazi.info\\\/darka-content\\\/uploads\\\/2024\\\/03\\\/biranina-Mele-Mistefa-Kobame-PKK-Info.jpg\",\"width\":900,\"height\":497,\"caption\":\"b\u00eeran\u00eena Mele Mistefa - Kobame-PKK-Info\"},{\"@type\":\"BreadcrumbList\",\"@id\":\"https:\\\/\\\/darkamazi.info\\\/archives\\\/1041402#breadcrumb\",\"itemListElement\":[{\"@type\":\"ListItem\",\"position\":1,\"name\":\"Home\",\"item\":\"https:\\\/\\\/darkamazi.info\\\/\"},{\"@type\":\"ListItem\",\"position\":2,\"name\":\"Darka Maz\u00ee l\u00eakol\u00een kir: Piraniya kes\u00ean ku \u00eari\u015f\u00ee b\u00eeran\u00eena Mele Mistefa Barzan\u00ee kirin kadroy\u00ean PKK b\u00fbn.\"}]},{\"@type\":\"WebSite\",\"@id\":\"https:\\\/\\\/darkamazi.info\\\/#website\",\"url\":\"https:\\\/\\\/darkamazi.info\\\/\",\"name\":\"Darka Maz\u00ee\",\"description\":\"P\u00eageha Zanyariy\u00ean Nebih\u00eest\u00ee\",\"publisher\":{\"@id\":\"https:\\\/\\\/darkamazi.info\\\/#organization\"},\"potentialAction\":[{\"@type\":\"SearchAction\",\"target\":{\"@type\":\"EntryPoint\",\"urlTemplate\":\"https:\\\/\\\/darkamazi.info\\\/?s={search_term_string}\"},\"query-input\":{\"@type\":\"PropertyValueSpecification\",\"valueRequired\":true,\"valueName\":\"search_term_string\"}}],\"inLanguage\":\"en-US\"},{\"@type\":\"Organization\",\"@id\":\"https:\\\/\\\/darkamazi.info\\\/#organization\",\"name\":\"Darka Maz\u00ee\",\"url\":\"https:\\\/\\\/darkamazi.info\\\/\",\"logo\":{\"@type\":\"ImageObject\",\"inLanguage\":\"en-US\",\"@id\":\"https:\\\/\\\/darkamazi.info\\\/#\\\/schema\\\/logo\\\/image\\\/\",\"url\":\"https:\\\/\\\/darkamazi.info\\\/darka-content\\\/uploads\\\/2017\\\/12\\\/darka-mazi-logo.png\",\"contentUrl\":\"https:\\\/\\\/darkamazi.info\\\/darka-content\\\/uploads\\\/2017\\\/12\\\/darka-mazi-logo.png\",\"width\":151,\"height\":75,\"caption\":\"Darka Maz\u00ee\"},\"image\":{\"@id\":\"https:\\\/\\\/darkamazi.info\\\/#\\\/schema\\\/logo\\\/image\\\/\"},\"sameAs\":[\"https:\\\/\\\/www.facebook.com\\\/DarMaziKurmanci\",\"https:\\\/\\\/x.com\\\/DarkaMaziLatini\",\"https:\\\/\\\/www.instagram.com\\\/darkamazi.kurmanci\\\/\",\"https:\\\/\\\/www.youtube.com\\\/channel\\\/UCa5HkTdmI8U1qCUFuTw8B2g\"]},{\"@type\":\"Person\",\"@id\":\"https:\\\/\\\/darkamazi.info\\\/#\\\/schema\\\/person\\\/5ad3e24553a0567993fa8ed4bd0a776c\",\"name\":\"darka mazi\",\"sameAs\":[\"https:\\\/\\\/darkamazi.info\\\/\"],\"url\":\"https:\\\/\\\/darkamazi.info\\\/archives\\\/author\\\/kurdi\"}]}<\/script>\n<!-- \/ Yoast SEO plugin. -->","seo_head_json":{"title":"Darka Maz\u00ee l\u00eakol\u00een kir: Piraniya kes\u00ean ku \u00eari\u015f\u00ee b\u00eeran\u00eena Mele Mistefa Barzan\u00ee kirin kadroy\u00ean PKK b\u00fbn. - Darka Maz\u00ee","robots":{"index":"index","follow":"follow","max-snippet":"max-snippet:-1","max-image-preview":"max-image-preview:large","max-video-preview":"max-video-preview:-1"},"canonical":"https:\/\/darkamazi.info\/archives\/1041402","og_locale":"en_US","og_type":"article","og_title":"Darka Maz\u00ee l\u00eakol\u00een kir: Piraniya kes\u00ean ku \u00eari\u015f\u00ee b\u00eeran\u00eena Mele Mistefa Barzan\u00ee kirin kadroy\u00ean PKK b\u00fbn. - Darka Maz\u00ee","og_description":"Di 1\u2019\u00ea Adar\u00ea de koma \u00e7ete ya bi nav\u00ea Ciwanen \u015eore\u015fger \u00ear\u00ee\u015f\u00ee meras\u00eema b\u00eeran\u00eena 45\u2019em\u00een salvegera ko\u00e7a daw\u00ee ya Mele Mistefa Barzan\u00ee li bajar\u00ea Koban\u00ea y\u00ea Rojava kirib\u00fb. \u00car\u00ee\u015fkaran bi daran di dest\u00ean xwe de \u00fb maske li ser r\u00fby\u00ean wan, heqaret li koma ku jin \u00fb zarok j\u00ee di nav de heb\u00fbn kirin \u00fb [&hellip;]","og_url":"https:\/\/darkamazi.info\/archives\/1041402","og_site_name":"Darka Maz\u00ee","article_publisher":"https:\/\/www.facebook.com\/DarMaziKurmanci","article_published_time":"2024-03-04T17:05:38+00:00","og_image":[{"width":900,"height":497,"url":"https:\/\/darkamazi.info\/file\/2024\/03\/biranina-Mele-Mistefa-Kobame-PKK-Info.jpg","type":"image\/jpeg"}],"author":"darka mazi","twitter_card":"summary_large_image","twitter_creator":"@DarkaMaziLatini","twitter_site":"@DarkaMaziLatini","twitter_misc":{"Written by":"darka mazi","Est. reading time":"3 minutes"},"schema":{"@context":"https:\/\/schema.org","@graph":[{"@type":"Article","@id":"https:\/\/darkamazi.info\/archives\/1041402#article","isPartOf":{"@id":"https:\/\/darkamazi.info\/archives\/1041402"},"author":{"name":"darka mazi","@id":"https:\/\/darkamazi.info\/#\/schema\/person\/5ad3e24553a0567993fa8ed4bd0a776c"},"headline":"Darka Maz\u00ee l\u00eakol\u00een kir: Piraniya kes\u00ean ku \u00eari\u015f\u00ee b\u00eeran\u00eena Mele Mistefa Barzan\u00ee kirin kadroy\u00ean PKK b\u00fbn.","datePublished":"2024-03-04T17:05:38+00:00","mainEntityOfPage":{"@id":"https:\/\/darkamazi.info\/archives\/1041402"},"wordCount":525,"publisher":{"@id":"https:\/\/darkamazi.info\/#organization"},"image":{"@id":"https:\/\/darkamazi.info\/archives\/1041402#primaryimage"},"thumbnailUrl":"https:\/\/darkamazi.info\/file\/2024\/03\/biranina-Mele-Mistefa-Kobame-PKK-Info.jpg","keywords":["sereke"],"articleSection":["Nih\u00ean\u00ee"],"inLanguage":"en-US"},{"@type":"WebPage","@id":"https:\/\/darkamazi.info\/archives\/1041402","url":"https:\/\/darkamazi.info\/archives\/1041402","name":"Darka Maz\u00ee l\u00eakol\u00een kir: Piraniya kes\u00ean ku \u00eari\u015f\u00ee b\u00eeran\u00eena Mele Mistefa Barzan\u00ee kirin kadroy\u00ean PKK b\u00fbn. - Darka Maz\u00ee","isPartOf":{"@id":"https:\/\/darkamazi.info\/#website"},"primaryImageOfPage":{"@id":"https:\/\/darkamazi.info\/archives\/1041402#primaryimage"},"image":{"@id":"https:\/\/darkamazi.info\/archives\/1041402#primaryimage"},"thumbnailUrl":"https:\/\/darkamazi.info\/file\/2024\/03\/biranina-Mele-Mistefa-Kobame-PKK-Info.jpg","datePublished":"2024-03-04T17:05:38+00:00","breadcrumb":{"@id":"https:\/\/darkamazi.info\/archives\/1041402#breadcrumb"},"inLanguage":"en-US","potentialAction":[{"@type":"ReadAction","target":["https:\/\/darkamazi.info\/archives\/1041402"]}]},{"@type":"ImageObject","inLanguage":"en-US","@id":"https:\/\/darkamazi.info\/archives\/1041402#primaryimage","url":"https:\/\/darkamazi.info\/file\/2024\/03\/biranina-Mele-Mistefa-Kobame-PKK-Info.jpg","contentUrl":"https:\/\/darkamazi.info\/file\/2024\/03\/biranina-Mele-Mistefa-Kobame-PKK-Info.jpg","width":900,"height":497,"caption":"b\u00eeran\u00eena Mele Mistefa - Kobame-PKK-Info"},{"@type":"BreadcrumbList","@id":"https:\/\/darkamazi.info\/archives\/1041402#breadcrumb","itemListElement":[{"@type":"ListItem","position":1,"name":"Home","item":"https:\/\/darkamazi.info\/"},{"@type":"ListItem","position":2,"name":"Darka Maz\u00ee l\u00eakol\u00een kir: Piraniya kes\u00ean ku \u00eari\u015f\u00ee b\u00eeran\u00eena Mele Mistefa Barzan\u00ee kirin kadroy\u00ean PKK b\u00fbn."}]},{"@type":"WebSite","@id":"https:\/\/darkamazi.info\/#website","url":"https:\/\/darkamazi.info\/","name":"Darka Maz\u00ee","description":"P\u00eageha Zanyariy\u00ean Nebih\u00eest\u00ee","publisher":{"@id":"https:\/\/darkamazi.info\/#organization"},"potentialAction":[{"@type":"SearchAction","target":{"@type":"EntryPoint","urlTemplate":"https:\/\/darkamazi.info\/?s={search_term_string}"},"query-input":{"@type":"PropertyValueSpecification","valueRequired":true,"valueName":"search_term_string"}}],"inLanguage":"en-US"},{"@type":"Organization","@id":"https:\/\/darkamazi.info\/#organization","name":"Darka Maz\u00ee","url":"https:\/\/darkamazi.info\/","logo":{"@type":"ImageObject","inLanguage":"en-US","@id":"https:\/\/darkamazi.info\/#\/schema\/logo\/image\/","url":"https:\/\/darkamazi.info\/file\/2017\/12\/darka-mazi-logo.png","contentUrl":"https:\/\/darkamazi.info\/file\/2017\/12\/darka-mazi-logo.png","width":151,"height":75,"caption":"Darka Maz\u00ee"},"image":{"@id":"https:\/\/darkamazi.info\/#\/schema\/logo\/image\/"},"sameAs":["https:\/\/www.facebook.com\/DarMaziKurmanci","https:\/\/x.com\/DarkaMaziLatini","https:\/\/www.instagram.com\/darkamazi.kurmanci\/","https:\/\/www.youtube.com\/channel\/UCa5HkTdmI8U1qCUFuTw8B2g"]},{"@type":"Person","@id":"https:\/\/darkamazi.info\/#\/schema\/person\/5ad3e24553a0567993fa8ed4bd0a776c","name":"darka mazi","sameAs":["https:\/\/darkamazi.info\/"],"url":"https:\/\/darkamazi.info\/archives\/author\/kurdi"}]}},"_links":{"self":[{"href":"https:\/\/darkamazi.info\/funavuv\/wp\/v2\/posts\/1041402","targetHints":{"allow":["GET"]}}],"collection":[{"href":"https:\/\/darkamazi.info\/funavuv\/wp\/v2\/posts"}],"about":[{"href":"https:\/\/darkamazi.info\/funavuv\/wp\/v2\/types\/post"}],"author":[{"embeddable":true,"href":"https:\/\/darkamazi.info\/funavuv\/wp\/v2\/users\/2"}],"replies":[{"embeddable":true,"href":"https:\/\/darkamazi.info\/funavuv\/wp\/v2\/comments?post=1041402"}],"version-history":[{"count":0,"href":"https:\/\/darkamazi.info\/funavuv\/wp\/v2\/posts\/1041402\/revisions"}],"wp:featuredmedia":[{"embeddable":true,"href":"https:\/\/darkamazi.info\/funavuv\/wp\/v2\/media\/1041403"}],"wp:attachment":[{"href":"https:\/\/darkamazi.info\/funavuv\/wp\/v2\/media?parent=1041402"}],"wp:term":[{"taxonomy":"category","embeddable":true,"href":"https:\/\/darkamazi.info\/funavuv\/wp\/v2\/categories?post=1041402"},{"taxonomy":"post_tag","embeddable":true,"href":"https:\/\/darkamazi.info\/funavuv\/wp\/v2\/tags?post=1041402"}],"curies":[{"name":"wp","href":"https:\/\/api.w.org\/{rel}","templated":true}]}}