{"id":1042065,"date":"2024-04-16T10:58:29","date_gmt":"2024-04-16T07:58:29","guid":{"rendered":"https:\/\/darkamazi.info\/?p=1042065"},"modified":"2024-04-16T10:58:29","modified_gmt":"2024-04-16T07:58:29","slug":"qedera-zarok-u-ciwanen-kurdan-di-nava-pkke-de-tene-mirine-2","status":"publish","type":"post","link":"https:\/\/darkamazi.info\/archives\/1042065","title":{"rendered":"Qedera zarok \u00fb ciwan\u00ean Kurdan di nava PKK\u00ea de ten\u00ea mirine"},"content":{"rendered":"<h3 style=\"text-align: justify\"><span style=\"font-family: 'arial black', sans-serif\">R\u00eaxistina PKK\u00ea li du roj\u00ean rab\u00fbr\u00ee nasnameya 4 \u00e7ekdar\u00ean xwe y\u00ean din \u00eef\u015fa kir ku ew j\u00ee weke bi sedan r\u00eaheval\u00ean wan di berxwedana saxte da ber\u00ea wan daye mirin\u00ea.<\/span><\/h3>\n<h3 style=\"text-align: justify\"><span style=\"font-family: arial, helvetica, sans-serif\">HPG\u00ea bask\u00ea le\u015fker\u00ee y\u00ea PKK\u00ea roj\u00ean \u015fem\u00ee \u00fb yek\u015fem\u00ee 13 \u00fb 14\/4\/2024\u00ea nasnameya 4 \u00e7ekdar\u00ean xwe s\u00ea j\u00ea jin a\u015fkere kir ku li 9 kan\u00fbn\u00ea \u00fb 23 adara \u00eesal 2024\u00ea \u00fb her wiha 14 cotmeha 2023\u00ea li Ba\u015f\u00fbr\u00ea \u00fb Bakur\u00ea Kurdistan\u00ea ketine ber \u00ear\u00ee\u015f\u00ean dewleta Tirk \u00fb PKK\u00ea ji n\u00fb ve mirina wan \u00eef\u015fa kir.<\/span><\/h3>\n<h3 style=\"text-align: justify\"><span style=\"font-family: 'arial black', sans-serif;color: #8c0707\">Nav\u00ean wan wisaye:<\/span><\/h3>\n<h3 style=\"text-align: justify\"><span style=\"font-family: arial, helvetica, sans-serif\">D\u00eelan Taner ji Stenbol\u00ea.<\/span><\/h3>\n<h3 style=\"text-align: justify\"><span style=\"font-family: arial, helvetica, sans-serif\">Garzan Mihemed ji Koban\u00ea.<\/span><\/h3>\n<h3 style=\"text-align: justify\"><span style=\"font-family: arial, helvetica, sans-serif\">B\u00ear\u00eetan Ebdulker\u00eem ji \u00caleh\u00ea.<\/span><\/h3>\n<h3 style=\"text-align: justify\"><span style=\"font-family: arial, helvetica, sans-serif\">Delal Ehmed ji Amed\u00ea.<\/span><\/h3>\n<h3 style=\"text-align: justify\"><span style=\"font-family: arial, helvetica, sans-serif\">HPG\u00ea di pesn\u00ea van \u00e7ekdar\u00ean xwe de d\u00eesa gotiye ew Apoy\u00ee b\u00fbn \u00fb feday\u00ea Apo b\u00fbn.<\/span><\/h3>\n<h3 style=\"text-align: justify\"><span style=\"font-family: arial, helvetica, sans-serif\">Ji destp\u00eaka sala n\u00fb 2024\u00ea ve, PKK\u00ea weke sal\u00ean ber\u00ea her roj w\u00eaney\u00ean kom\u00ean ciwan\u00ean Kurdan parvedike, ciwan\u00ean ku di berxwedana xwe ya saxte de ber\u00ea wan daye mirin\u00ea \u00fb mirina wan ve\u015fart\u00ee hi\u015ft\u00ee.<\/span><\/h3>\n","protected":false},"excerpt":{"rendered":"<p>R\u00eaxistina PKK\u00ea li du roj\u00ean rab\u00fbr\u00ee nasnameya 4 \u00e7ekdar\u00ean xwe y\u00ean din \u00eef\u015fa kir ku ew j\u00ee weke bi sedan r\u00eaheval\u00ean wan di berxwedana saxte da ber\u00ea wan daye mirin\u00ea. HPG\u00ea bask\u00ea le\u015fker\u00ee y\u00ea PKK\u00ea roj\u00ean \u015fem\u00ee \u00fb yek\u015fem\u00ee 13 \u00fb 14\/4\/2024\u00ea nasnameya 4 \u00e7ekdar\u00ean xwe s\u00ea j\u00ea jin a\u015fkere kir ku li 9 kan\u00fbn\u00ea [&hellip;]<\/p>\n","protected":false},"author":2,"featured_media":1042066,"comment_status":"closed","ping_status":"closed","sticky":false,"template":"","format":"standard","meta":{"footnotes":""},"categories":[29],"tags":[],"class_list":["post-1042065","post","type-post","status-publish","format-standard","has-post-thumbnail","hentry","category-kurdistan"],"blocksy_meta":[],"seo_head":"<!-- This site is optimized with the Yoast SEO plugin v27.5 - https:\/\/yoast.com\/product\/yoast-seo-wordpress\/ -->\n<title>Qedera zarok \u00fb ciwan\u00ean Kurdan di nava PKK\u00ea de ten\u00ea mirine - Darka Maz\u00ee<\/title>\n<meta name=\"robots\" content=\"index, follow, max-snippet:-1, max-image-preview:large, max-video-preview:-1\" \/>\n<link rel=\"canonical\" href=\"https:\/\/darkamazi.info\/archives\/1042065\" \/>\n<meta property=\"og:locale\" content=\"en_US\" \/>\n<meta property=\"og:type\" content=\"article\" \/>\n<meta property=\"og:title\" content=\"Qedera zarok \u00fb ciwan\u00ean Kurdan di nava PKK\u00ea de ten\u00ea mirine - Darka Maz\u00ee\" \/>\n<meta property=\"og:description\" content=\"R\u00eaxistina PKK\u00ea li du roj\u00ean rab\u00fbr\u00ee nasnameya 4 \u00e7ekdar\u00ean xwe y\u00ean din \u00eef\u015fa kir ku ew j\u00ee weke bi sedan r\u00eaheval\u00ean wan di berxwedana saxte da ber\u00ea wan daye mirin\u00ea. HPG\u00ea bask\u00ea le\u015fker\u00ee y\u00ea PKK\u00ea roj\u00ean \u015fem\u00ee \u00fb yek\u015fem\u00ee 13 \u00fb 14\/4\/2024\u00ea nasnameya 4 \u00e7ekdar\u00ean xwe s\u00ea j\u00ea jin a\u015fkere kir ku li 9 kan\u00fbn\u00ea [&hellip;]\" \/>\n<meta property=\"og:url\" content=\"https:\/\/darkamazi.info\/archives\/1042065\" \/>\n<meta property=\"og:site_name\" content=\"Darka Maz\u00ee\" \/>\n<meta property=\"article:publisher\" content=\"https:\/\/www.facebook.com\/DarMaziKurmanci\" \/>\n<meta property=\"article:published_time\" content=\"2024-04-16T07:58:29+00:00\" \/>\n<meta property=\"og:image\" content=\"https:\/\/darkamazi.info\/file\/2024\/04\/pkk-zarok-kec-ciwan-turkey-kurd-hpg-kck-npg-info.jpg\" \/>\n\t<meta property=\"og:image:width\" content=\"900\" \/>\n\t<meta property=\"og:image:height\" content=\"497\" \/>\n\t<meta property=\"og:image:type\" content=\"image\/jpeg\" \/>\n<meta name=\"author\" content=\"darka mazi\" \/>\n<meta name=\"twitter:card\" content=\"summary_large_image\" \/>\n<meta name=\"twitter:creator\" content=\"@DarkaMaziLatini\" \/>\n<meta name=\"twitter:site\" content=\"@DarkaMaziLatini\" \/>\n<meta name=\"twitter:label1\" content=\"Written by\" \/>\n\t<meta name=\"twitter:data1\" content=\"darka mazi\" \/>\n\t<meta name=\"twitter:label2\" content=\"Est. reading time\" \/>\n\t<meta name=\"twitter:data2\" content=\"1 minute\" \/>\n<script type=\"application\/ld+json\" class=\"seo-schema-graph\">{\"@context\":\"https:\\\/\\\/schema.org\",\"@graph\":[{\"@type\":\"Article\",\"@id\":\"https:\\\/\\\/darkamazi.info\\\/archives\\\/1042065#article\",\"isPartOf\":{\"@id\":\"https:\\\/\\\/darkamazi.info\\\/archives\\\/1042065\"},\"author\":{\"name\":\"darka mazi\",\"@id\":\"https:\\\/\\\/darkamazi.info\\\/#\\\/schema\\\/person\\\/5ad3e24553a0567993fa8ed4bd0a776c\"},\"headline\":\"Qedera zarok \u00fb ciwan\u00ean Kurdan di nava PKK\u00ea de ten\u00ea mirine\",\"datePublished\":\"2024-04-16T07:58:29+00:00\",\"mainEntityOfPage\":{\"@id\":\"https:\\\/\\\/darkamazi.info\\\/archives\\\/1042065\"},\"wordCount\":182,\"publisher\":{\"@id\":\"https:\\\/\\\/darkamazi.info\\\/#organization\"},\"image\":{\"@id\":\"https:\\\/\\\/darkamazi.info\\\/archives\\\/1042065#primaryimage\"},\"thumbnailUrl\":\"https:\\\/\\\/darkamazi.info\\\/darka-content\\\/uploads\\\/2024\\\/04\\\/pkk-zarok-kec-ciwan-turkey-kurd-hpg-kck-npg-info.jpg\",\"articleSection\":[\"Kurdistan\"],\"inLanguage\":\"en-US\"},{\"@type\":\"WebPage\",\"@id\":\"https:\\\/\\\/darkamazi.info\\\/archives\\\/1042065\",\"url\":\"https:\\\/\\\/darkamazi.info\\\/archives\\\/1042065\",\"name\":\"Qedera zarok \u00fb ciwan\u00ean Kurdan di nava PKK\u00ea de ten\u00ea mirine - Darka Maz\u00ee\",\"isPartOf\":{\"@id\":\"https:\\\/\\\/darkamazi.info\\\/#website\"},\"primaryImageOfPage\":{\"@id\":\"https:\\\/\\\/darkamazi.info\\\/archives\\\/1042065#primaryimage\"},\"image\":{\"@id\":\"https:\\\/\\\/darkamazi.info\\\/archives\\\/1042065#primaryimage\"},\"thumbnailUrl\":\"https:\\\/\\\/darkamazi.info\\\/darka-content\\\/uploads\\\/2024\\\/04\\\/pkk-zarok-kec-ciwan-turkey-kurd-hpg-kck-npg-info.jpg\",\"datePublished\":\"2024-04-16T07:58:29+00:00\",\"breadcrumb\":{\"@id\":\"https:\\\/\\\/darkamazi.info\\\/archives\\\/1042065#breadcrumb\"},\"inLanguage\":\"en-US\",\"potentialAction\":[{\"@type\":\"ReadAction\",\"target\":[\"https:\\\/\\\/darkamazi.info\\\/archives\\\/1042065\"]}]},{\"@type\":\"ImageObject\",\"inLanguage\":\"en-US\",\"@id\":\"https:\\\/\\\/darkamazi.info\\\/archives\\\/1042065#primaryimage\",\"url\":\"https:\\\/\\\/darkamazi.info\\\/darka-content\\\/uploads\\\/2024\\\/04\\\/pkk-zarok-kec-ciwan-turkey-kurd-hpg-kck-npg-info.jpg\",\"contentUrl\":\"https:\\\/\\\/darkamazi.info\\\/darka-content\\\/uploads\\\/2024\\\/04\\\/pkk-zarok-kec-ciwan-turkey-kurd-hpg-kck-npg-info.jpg\",\"width\":900,\"height\":497,\"caption\":\"pkk-zarok-kec-ciwan-turkey-kurd-hpg-kck-npg-info\"},{\"@type\":\"BreadcrumbList\",\"@id\":\"https:\\\/\\\/darkamazi.info\\\/archives\\\/1042065#breadcrumb\",\"itemListElement\":[{\"@type\":\"ListItem\",\"position\":1,\"name\":\"Home\",\"item\":\"https:\\\/\\\/darkamazi.info\\\/\"},{\"@type\":\"ListItem\",\"position\":2,\"name\":\"Qedera zarok \u00fb ciwan\u00ean Kurdan di nava PKK\u00ea de ten\u00ea mirine\"}]},{\"@type\":\"WebSite\",\"@id\":\"https:\\\/\\\/darkamazi.info\\\/#website\",\"url\":\"https:\\\/\\\/darkamazi.info\\\/\",\"name\":\"Darka Maz\u00ee\",\"description\":\"P\u00eageha Zanyariy\u00ean Nebih\u00eest\u00ee\",\"publisher\":{\"@id\":\"https:\\\/\\\/darkamazi.info\\\/#organization\"},\"potentialAction\":[{\"@type\":\"SearchAction\",\"target\":{\"@type\":\"EntryPoint\",\"urlTemplate\":\"https:\\\/\\\/darkamazi.info\\\/?s={search_term_string}\"},\"query-input\":{\"@type\":\"PropertyValueSpecification\",\"valueRequired\":true,\"valueName\":\"search_term_string\"}}],\"inLanguage\":\"en-US\"},{\"@type\":\"Organization\",\"@id\":\"https:\\\/\\\/darkamazi.info\\\/#organization\",\"name\":\"Darka Maz\u00ee\",\"url\":\"https:\\\/\\\/darkamazi.info\\\/\",\"logo\":{\"@type\":\"ImageObject\",\"inLanguage\":\"en-US\",\"@id\":\"https:\\\/\\\/darkamazi.info\\\/#\\\/schema\\\/logo\\\/image\\\/\",\"url\":\"https:\\\/\\\/darkamazi.info\\\/darka-content\\\/uploads\\\/2017\\\/12\\\/darka-mazi-logo.png\",\"contentUrl\":\"https:\\\/\\\/darkamazi.info\\\/darka-content\\\/uploads\\\/2017\\\/12\\\/darka-mazi-logo.png\",\"width\":151,\"height\":75,\"caption\":\"Darka Maz\u00ee\"},\"image\":{\"@id\":\"https:\\\/\\\/darkamazi.info\\\/#\\\/schema\\\/logo\\\/image\\\/\"},\"sameAs\":[\"https:\\\/\\\/www.facebook.com\\\/DarMaziKurmanci\",\"https:\\\/\\\/x.com\\\/DarkaMaziLatini\",\"https:\\\/\\\/www.instagram.com\\\/darkamazi.kurmanci\\\/\",\"https:\\\/\\\/www.youtube.com\\\/channel\\\/UCa5HkTdmI8U1qCUFuTw8B2g\"]},{\"@type\":\"Person\",\"@id\":\"https:\\\/\\\/darkamazi.info\\\/#\\\/schema\\\/person\\\/5ad3e24553a0567993fa8ed4bd0a776c\",\"name\":\"darka mazi\",\"sameAs\":[\"https:\\\/\\\/darkamazi.info\\\/\"],\"url\":\"https:\\\/\\\/darkamazi.info\\\/archives\\\/author\\\/kurdi\"}]}<\/script>\n<!-- \/ Yoast SEO plugin. -->","seo_head_json":{"title":"Qedera zarok \u00fb ciwan\u00ean Kurdan di nava PKK\u00ea de ten\u00ea mirine - Darka Maz\u00ee","robots":{"index":"index","follow":"follow","max-snippet":"max-snippet:-1","max-image-preview":"max-image-preview:large","max-video-preview":"max-video-preview:-1"},"canonical":"https:\/\/darkamazi.info\/archives\/1042065","og_locale":"en_US","og_type":"article","og_title":"Qedera zarok \u00fb ciwan\u00ean Kurdan di nava PKK\u00ea de ten\u00ea mirine - Darka Maz\u00ee","og_description":"R\u00eaxistina PKK\u00ea li du roj\u00ean rab\u00fbr\u00ee nasnameya 4 \u00e7ekdar\u00ean xwe y\u00ean din \u00eef\u015fa kir ku ew j\u00ee weke bi sedan r\u00eaheval\u00ean wan di berxwedana saxte da ber\u00ea wan daye mirin\u00ea. HPG\u00ea bask\u00ea le\u015fker\u00ee y\u00ea PKK\u00ea roj\u00ean \u015fem\u00ee \u00fb yek\u015fem\u00ee 13 \u00fb 14\/4\/2024\u00ea nasnameya 4 \u00e7ekdar\u00ean xwe s\u00ea j\u00ea jin a\u015fkere kir ku li 9 kan\u00fbn\u00ea [&hellip;]","og_url":"https:\/\/darkamazi.info\/archives\/1042065","og_site_name":"Darka Maz\u00ee","article_publisher":"https:\/\/www.facebook.com\/DarMaziKurmanci","article_published_time":"2024-04-16T07:58:29+00:00","og_image":[{"width":900,"height":497,"url":"https:\/\/darkamazi.info\/file\/2024\/04\/pkk-zarok-kec-ciwan-turkey-kurd-hpg-kck-npg-info.jpg","type":"image\/jpeg"}],"author":"darka mazi","twitter_card":"summary_large_image","twitter_creator":"@DarkaMaziLatini","twitter_site":"@DarkaMaziLatini","twitter_misc":{"Written by":"darka mazi","Est. reading time":"1 minute"},"schema":{"@context":"https:\/\/schema.org","@graph":[{"@type":"Article","@id":"https:\/\/darkamazi.info\/archives\/1042065#article","isPartOf":{"@id":"https:\/\/darkamazi.info\/archives\/1042065"},"author":{"name":"darka mazi","@id":"https:\/\/darkamazi.info\/#\/schema\/person\/5ad3e24553a0567993fa8ed4bd0a776c"},"headline":"Qedera zarok \u00fb ciwan\u00ean Kurdan di nava PKK\u00ea de ten\u00ea mirine","datePublished":"2024-04-16T07:58:29+00:00","mainEntityOfPage":{"@id":"https:\/\/darkamazi.info\/archives\/1042065"},"wordCount":182,"publisher":{"@id":"https:\/\/darkamazi.info\/#organization"},"image":{"@id":"https:\/\/darkamazi.info\/archives\/1042065#primaryimage"},"thumbnailUrl":"https:\/\/darkamazi.info\/file\/2024\/04\/pkk-zarok-kec-ciwan-turkey-kurd-hpg-kck-npg-info.jpg","articleSection":["Kurdistan"],"inLanguage":"en-US"},{"@type":"WebPage","@id":"https:\/\/darkamazi.info\/archives\/1042065","url":"https:\/\/darkamazi.info\/archives\/1042065","name":"Qedera zarok \u00fb ciwan\u00ean Kurdan di nava PKK\u00ea de ten\u00ea mirine - Darka Maz\u00ee","isPartOf":{"@id":"https:\/\/darkamazi.info\/#website"},"primaryImageOfPage":{"@id":"https:\/\/darkamazi.info\/archives\/1042065#primaryimage"},"image":{"@id":"https:\/\/darkamazi.info\/archives\/1042065#primaryimage"},"thumbnailUrl":"https:\/\/darkamazi.info\/file\/2024\/04\/pkk-zarok-kec-ciwan-turkey-kurd-hpg-kck-npg-info.jpg","datePublished":"2024-04-16T07:58:29+00:00","breadcrumb":{"@id":"https:\/\/darkamazi.info\/archives\/1042065#breadcrumb"},"inLanguage":"en-US","potentialAction":[{"@type":"ReadAction","target":["https:\/\/darkamazi.info\/archives\/1042065"]}]},{"@type":"ImageObject","inLanguage":"en-US","@id":"https:\/\/darkamazi.info\/archives\/1042065#primaryimage","url":"https:\/\/darkamazi.info\/file\/2024\/04\/pkk-zarok-kec-ciwan-turkey-kurd-hpg-kck-npg-info.jpg","contentUrl":"https:\/\/darkamazi.info\/file\/2024\/04\/pkk-zarok-kec-ciwan-turkey-kurd-hpg-kck-npg-info.jpg","width":900,"height":497,"caption":"pkk-zarok-kec-ciwan-turkey-kurd-hpg-kck-npg-info"},{"@type":"BreadcrumbList","@id":"https:\/\/darkamazi.info\/archives\/1042065#breadcrumb","itemListElement":[{"@type":"ListItem","position":1,"name":"Home","item":"https:\/\/darkamazi.info\/"},{"@type":"ListItem","position":2,"name":"Qedera zarok \u00fb ciwan\u00ean Kurdan di nava PKK\u00ea de ten\u00ea mirine"}]},{"@type":"WebSite","@id":"https:\/\/darkamazi.info\/#website","url":"https:\/\/darkamazi.info\/","name":"Darka Maz\u00ee","description":"P\u00eageha Zanyariy\u00ean Nebih\u00eest\u00ee","publisher":{"@id":"https:\/\/darkamazi.info\/#organization"},"potentialAction":[{"@type":"SearchAction","target":{"@type":"EntryPoint","urlTemplate":"https:\/\/darkamazi.info\/?s={search_term_string}"},"query-input":{"@type":"PropertyValueSpecification","valueRequired":true,"valueName":"search_term_string"}}],"inLanguage":"en-US"},{"@type":"Organization","@id":"https:\/\/darkamazi.info\/#organization","name":"Darka Maz\u00ee","url":"https:\/\/darkamazi.info\/","logo":{"@type":"ImageObject","inLanguage":"en-US","@id":"https:\/\/darkamazi.info\/#\/schema\/logo\/image\/","url":"https:\/\/darkamazi.info\/file\/2017\/12\/darka-mazi-logo.png","contentUrl":"https:\/\/darkamazi.info\/file\/2017\/12\/darka-mazi-logo.png","width":151,"height":75,"caption":"Darka Maz\u00ee"},"image":{"@id":"https:\/\/darkamazi.info\/#\/schema\/logo\/image\/"},"sameAs":["https:\/\/www.facebook.com\/DarMaziKurmanci","https:\/\/x.com\/DarkaMaziLatini","https:\/\/www.instagram.com\/darkamazi.kurmanci\/","https:\/\/www.youtube.com\/channel\/UCa5HkTdmI8U1qCUFuTw8B2g"]},{"@type":"Person","@id":"https:\/\/darkamazi.info\/#\/schema\/person\/5ad3e24553a0567993fa8ed4bd0a776c","name":"darka mazi","sameAs":["https:\/\/darkamazi.info\/"],"url":"https:\/\/darkamazi.info\/archives\/author\/kurdi"}]}},"_links":{"self":[{"href":"https:\/\/darkamazi.info\/funavuv\/wp\/v2\/posts\/1042065","targetHints":{"allow":["GET"]}}],"collection":[{"href":"https:\/\/darkamazi.info\/funavuv\/wp\/v2\/posts"}],"about":[{"href":"https:\/\/darkamazi.info\/funavuv\/wp\/v2\/types\/post"}],"author":[{"embeddable":true,"href":"https:\/\/darkamazi.info\/funavuv\/wp\/v2\/users\/2"}],"replies":[{"embeddable":true,"href":"https:\/\/darkamazi.info\/funavuv\/wp\/v2\/comments?post=1042065"}],"version-history":[{"count":0,"href":"https:\/\/darkamazi.info\/funavuv\/wp\/v2\/posts\/1042065\/revisions"}],"wp:featuredmedia":[{"embeddable":true,"href":"https:\/\/darkamazi.info\/funavuv\/wp\/v2\/media\/1042066"}],"wp:attachment":[{"href":"https:\/\/darkamazi.info\/funavuv\/wp\/v2\/media?parent=1042065"}],"wp:term":[{"taxonomy":"category","embeddable":true,"href":"https:\/\/darkamazi.info\/funavuv\/wp\/v2\/categories?post=1042065"},{"taxonomy":"post_tag","embeddable":true,"href":"https:\/\/darkamazi.info\/funavuv\/wp\/v2\/tags?post=1042065"}],"curies":[{"name":"wp","href":"https:\/\/api.w.org\/{rel}","templated":true}]}}