{"id":1042151,"date":"2024-04-21T12:17:30","date_gmt":"2024-04-21T09:17:30","guid":{"rendered":"https:\/\/darkamazi.info\/?p=1042151"},"modified":"2024-04-21T12:17:30","modified_gmt":"2024-04-21T09:17:30","slug":"di-derbare-suleyman-salgucak-de-doz-hat-vekirin","status":"publish","type":"post","link":"https:\/\/darkamazi.info\/archives\/1042151","title":{"rendered":"Di derbar\u00ea Suleyman Salgucak de doz hat vekirin"},"content":{"rendered":"<h3 style=\"text-align: justify\"><span style=\"font-family: 'arial black', sans-serif\">Wek t\u00ea zan\u00een, hik\u00fbmeta AKP ji bo ku \u015faredariya \u015eernex\u00ea bi dest bixe, bi hezaran pol\u00ees \u00fb le\u015fkir ji bajar\u00ean din an\u00eeb\u00fbn \u015eernex\u00ea \u00fb ew birib\u00fbn ser sindoqan. Kurd\u00ea bi nav\u00ea Suleyman Salgucak (61 sal\u00ee) yeko yeko ji pol\u00eesan dipirs\u00ee \u00fb digot \u201ckonu\u015f, sen n\u00earel\u00eesin \u2013 Biaxive, tu ji ku y\u00ee?\u201d<\/span><\/h3>\n<h3 style=\"text-align: justify\">Gotin\u00ean xal\u00ea Suleyman di medya civak\u00ee de deng da \u00fb navdar b\u00fb.\u00a0 Ji ber gotin\u00ean Suleyman Salgucak, Serdozgeriya \u015eernex\u00ea doz l\u00ea vekir \u00fb l\u00eapirs\u00een da destp\u00eakirin.<\/h3>\n<h3 style=\"text-align: justify\">Di v\u00ea derbar\u00ea de Par\u00eazer Ramazan Dem\u00eer li ser hesab\u00ea xwe y\u00ea medya civak\u00ee got: \u201cSerdozgeriya \u015eernex\u00ea ji ber gotina \u201cBiaxive, tu ji ku y\u00ee\u201d di derbar\u00ea Ap\u00ea Sil\u00eaman de bi hinceta \u201cQan\u00fbna hilbijartin\u00ea binp\u00ea kiriye\u201d l\u00eapirs\u00een daye destp\u00eakirin.<\/h3>\n<h3 style=\"text-align: justify\">Dixuye ku w\u00ea desthilatdariya Tirkiy\u00ea dev ji kiryar\u00ean xwe \u00fb ji dijminatiya Kurdan bernede \u00fb bi t\u00eak\u00e7\u00fbna xwe ya 31\u00ea Adar\u00ea w\u00ea Kurdan d\u00eesa t\u00eara xwe biper\u00e7iq\u00eene.<\/h3>\n","protected":false},"excerpt":{"rendered":"<p>Wek t\u00ea zan\u00een, hik\u00fbmeta AKP ji bo ku \u015faredariya \u015eernex\u00ea bi dest bixe, bi hezaran pol\u00ees \u00fb le\u015fkir ji bajar\u00ean din an\u00eeb\u00fbn \u015eernex\u00ea \u00fb ew birib\u00fbn ser sindoqan. Kurd\u00ea bi nav\u00ea Suleyman Salgucak (61 sal\u00ee) yeko yeko ji pol\u00eesan dipirs\u00ee \u00fb digot \u201ckonu\u015f, sen n\u00earel\u00eesin \u2013 Biaxive, tu ji ku y\u00ee?\u201d Gotin\u00ean xal\u00ea Suleyman di [&hellip;]<\/p>\n","protected":false},"author":2,"featured_media":1042152,"comment_status":"closed","ping_status":"closed","sticky":false,"template":"","format":"standard","meta":{"footnotes":""},"categories":[33],"tags":[],"class_list":["post-1042151","post","type-post","status-publish","format-standard","has-post-thumbnail","hentry","category-teknolojya"],"blocksy_meta":[],"seo_head":"<!-- This site is optimized with the Yoast SEO plugin v27.5 - https:\/\/yoast.com\/product\/yoast-seo-wordpress\/ -->\n<title>Di derbar\u00ea Suleyman Salgucak de doz hat vekirin - Darka Maz\u00ee<\/title>\n<meta name=\"robots\" content=\"index, follow, max-snippet:-1, max-image-preview:large, max-video-preview:-1\" \/>\n<link rel=\"canonical\" href=\"https:\/\/darkamazi.info\/archives\/1042151\" \/>\n<meta property=\"og:locale\" content=\"en_US\" \/>\n<meta property=\"og:type\" content=\"article\" \/>\n<meta property=\"og:title\" content=\"Di derbar\u00ea Suleyman Salgucak de doz hat vekirin - Darka Maz\u00ee\" \/>\n<meta property=\"og:description\" content=\"Wek t\u00ea zan\u00een, hik\u00fbmeta AKP ji bo ku \u015faredariya \u015eernex\u00ea bi dest bixe, bi hezaran pol\u00ees \u00fb le\u015fkir ji bajar\u00ean din an\u00eeb\u00fbn \u015eernex\u00ea \u00fb ew birib\u00fbn ser sindoqan. Kurd\u00ea bi nav\u00ea Suleyman Salgucak (61 sal\u00ee) yeko yeko ji pol\u00eesan dipirs\u00ee \u00fb digot \u201ckonu\u015f, sen n\u00earel\u00eesin \u2013 Biaxive, tu ji ku y\u00ee?\u201d Gotin\u00ean xal\u00ea Suleyman di [&hellip;]\" \/>\n<meta property=\"og:url\" content=\"https:\/\/darkamazi.info\/archives\/1042151\" \/>\n<meta property=\"og:site_name\" content=\"Darka Maz\u00ee\" \/>\n<meta property=\"article:publisher\" content=\"https:\/\/www.facebook.com\/DarMaziKurmanci\" \/>\n<meta property=\"article:published_time\" content=\"2024-04-21T09:17:30+00:00\" \/>\n<meta property=\"og:image\" content=\"https:\/\/darkamazi.info\/file\/2024\/04\/Suleyman-Salgucak.jpg\" \/>\n\t<meta property=\"og:image:width\" content=\"900\" \/>\n\t<meta property=\"og:image:height\" content=\"497\" \/>\n\t<meta property=\"og:image:type\" content=\"image\/jpeg\" \/>\n<meta name=\"author\" content=\"darka mazi\" \/>\n<meta name=\"twitter:card\" content=\"summary_large_image\" \/>\n<meta name=\"twitter:creator\" content=\"@DarkaMaziLatini\" \/>\n<meta name=\"twitter:site\" content=\"@DarkaMaziLatini\" \/>\n<meta name=\"twitter:label1\" content=\"Written by\" \/>\n\t<meta name=\"twitter:data1\" content=\"darka mazi\" \/>\n\t<meta name=\"twitter:label2\" content=\"Est. reading time\" \/>\n\t<meta name=\"twitter:data2\" content=\"1 minute\" \/>\n<script type=\"application\/ld+json\" class=\"seo-schema-graph\">{\"@context\":\"https:\\\/\\\/schema.org\",\"@graph\":[{\"@type\":\"Article\",\"@id\":\"https:\\\/\\\/darkamazi.info\\\/archives\\\/1042151#article\",\"isPartOf\":{\"@id\":\"https:\\\/\\\/darkamazi.info\\\/archives\\\/1042151\"},\"author\":{\"name\":\"darka mazi\",\"@id\":\"https:\\\/\\\/darkamazi.info\\\/#\\\/schema\\\/person\\\/5ad3e24553a0567993fa8ed4bd0a776c\"},\"headline\":\"Di derbar\u00ea Suleyman Salgucak de doz hat vekirin\",\"datePublished\":\"2024-04-21T09:17:30+00:00\",\"mainEntityOfPage\":{\"@id\":\"https:\\\/\\\/darkamazi.info\\\/archives\\\/1042151\"},\"wordCount\":171,\"publisher\":{\"@id\":\"https:\\\/\\\/darkamazi.info\\\/#organization\"},\"image\":{\"@id\":\"https:\\\/\\\/darkamazi.info\\\/archives\\\/1042151#primaryimage\"},\"thumbnailUrl\":\"https:\\\/\\\/darkamazi.info\\\/darka-content\\\/uploads\\\/2024\\\/04\\\/Suleyman-Salgucak.jpg\",\"articleSection\":[\"Teknolojya\"],\"inLanguage\":\"en-US\"},{\"@type\":\"WebPage\",\"@id\":\"https:\\\/\\\/darkamazi.info\\\/archives\\\/1042151\",\"url\":\"https:\\\/\\\/darkamazi.info\\\/archives\\\/1042151\",\"name\":\"Di derbar\u00ea Suleyman Salgucak de doz hat vekirin - Darka Maz\u00ee\",\"isPartOf\":{\"@id\":\"https:\\\/\\\/darkamazi.info\\\/#website\"},\"primaryImageOfPage\":{\"@id\":\"https:\\\/\\\/darkamazi.info\\\/archives\\\/1042151#primaryimage\"},\"image\":{\"@id\":\"https:\\\/\\\/darkamazi.info\\\/archives\\\/1042151#primaryimage\"},\"thumbnailUrl\":\"https:\\\/\\\/darkamazi.info\\\/darka-content\\\/uploads\\\/2024\\\/04\\\/Suleyman-Salgucak.jpg\",\"datePublished\":\"2024-04-21T09:17:30+00:00\",\"breadcrumb\":{\"@id\":\"https:\\\/\\\/darkamazi.info\\\/archives\\\/1042151#breadcrumb\"},\"inLanguage\":\"en-US\",\"potentialAction\":[{\"@type\":\"ReadAction\",\"target\":[\"https:\\\/\\\/darkamazi.info\\\/archives\\\/1042151\"]}]},{\"@type\":\"ImageObject\",\"inLanguage\":\"en-US\",\"@id\":\"https:\\\/\\\/darkamazi.info\\\/archives\\\/1042151#primaryimage\",\"url\":\"https:\\\/\\\/darkamazi.info\\\/darka-content\\\/uploads\\\/2024\\\/04\\\/Suleyman-Salgucak.jpg\",\"contentUrl\":\"https:\\\/\\\/darkamazi.info\\\/darka-content\\\/uploads\\\/2024\\\/04\\\/Suleyman-Salgucak.jpg\",\"width\":900,\"height\":497,\"caption\":\"Di derbar\u00ea Suleyman Salgucak de doz hat vekirin\"},{\"@type\":\"BreadcrumbList\",\"@id\":\"https:\\\/\\\/darkamazi.info\\\/archives\\\/1042151#breadcrumb\",\"itemListElement\":[{\"@type\":\"ListItem\",\"position\":1,\"name\":\"Home\",\"item\":\"https:\\\/\\\/darkamazi.info\\\/\"},{\"@type\":\"ListItem\",\"position\":2,\"name\":\"Di derbar\u00ea Suleyman Salgucak de doz hat vekirin\"}]},{\"@type\":\"WebSite\",\"@id\":\"https:\\\/\\\/darkamazi.info\\\/#website\",\"url\":\"https:\\\/\\\/darkamazi.info\\\/\",\"name\":\"Darka Maz\u00ee\",\"description\":\"P\u00eageha Zanyariy\u00ean Nebih\u00eest\u00ee\",\"publisher\":{\"@id\":\"https:\\\/\\\/darkamazi.info\\\/#organization\"},\"potentialAction\":[{\"@type\":\"SearchAction\",\"target\":{\"@type\":\"EntryPoint\",\"urlTemplate\":\"https:\\\/\\\/darkamazi.info\\\/?s={search_term_string}\"},\"query-input\":{\"@type\":\"PropertyValueSpecification\",\"valueRequired\":true,\"valueName\":\"search_term_string\"}}],\"inLanguage\":\"en-US\"},{\"@type\":\"Organization\",\"@id\":\"https:\\\/\\\/darkamazi.info\\\/#organization\",\"name\":\"Darka Maz\u00ee\",\"url\":\"https:\\\/\\\/darkamazi.info\\\/\",\"logo\":{\"@type\":\"ImageObject\",\"inLanguage\":\"en-US\",\"@id\":\"https:\\\/\\\/darkamazi.info\\\/#\\\/schema\\\/logo\\\/image\\\/\",\"url\":\"https:\\\/\\\/darkamazi.info\\\/darka-content\\\/uploads\\\/2017\\\/12\\\/darka-mazi-logo.png\",\"contentUrl\":\"https:\\\/\\\/darkamazi.info\\\/darka-content\\\/uploads\\\/2017\\\/12\\\/darka-mazi-logo.png\",\"width\":151,\"height\":75,\"caption\":\"Darka Maz\u00ee\"},\"image\":{\"@id\":\"https:\\\/\\\/darkamazi.info\\\/#\\\/schema\\\/logo\\\/image\\\/\"},\"sameAs\":[\"https:\\\/\\\/www.facebook.com\\\/DarMaziKurmanci\",\"https:\\\/\\\/x.com\\\/DarkaMaziLatini\",\"https:\\\/\\\/www.instagram.com\\\/darkamazi.kurmanci\\\/\",\"https:\\\/\\\/www.youtube.com\\\/channel\\\/UCa5HkTdmI8U1qCUFuTw8B2g\"]},{\"@type\":\"Person\",\"@id\":\"https:\\\/\\\/darkamazi.info\\\/#\\\/schema\\\/person\\\/5ad3e24553a0567993fa8ed4bd0a776c\",\"name\":\"darka mazi\",\"sameAs\":[\"https:\\\/\\\/darkamazi.info\\\/\"],\"url\":\"https:\\\/\\\/darkamazi.info\\\/archives\\\/author\\\/kurdi\"}]}<\/script>\n<!-- \/ Yoast SEO plugin. -->","seo_head_json":{"title":"Di derbar\u00ea Suleyman Salgucak de doz hat vekirin - Darka Maz\u00ee","robots":{"index":"index","follow":"follow","max-snippet":"max-snippet:-1","max-image-preview":"max-image-preview:large","max-video-preview":"max-video-preview:-1"},"canonical":"https:\/\/darkamazi.info\/archives\/1042151","og_locale":"en_US","og_type":"article","og_title":"Di derbar\u00ea Suleyman Salgucak de doz hat vekirin - Darka Maz\u00ee","og_description":"Wek t\u00ea zan\u00een, hik\u00fbmeta AKP ji bo ku \u015faredariya \u015eernex\u00ea bi dest bixe, bi hezaran pol\u00ees \u00fb le\u015fkir ji bajar\u00ean din an\u00eeb\u00fbn \u015eernex\u00ea \u00fb ew birib\u00fbn ser sindoqan. Kurd\u00ea bi nav\u00ea Suleyman Salgucak (61 sal\u00ee) yeko yeko ji pol\u00eesan dipirs\u00ee \u00fb digot \u201ckonu\u015f, sen n\u00earel\u00eesin \u2013 Biaxive, tu ji ku y\u00ee?\u201d Gotin\u00ean xal\u00ea Suleyman di [&hellip;]","og_url":"https:\/\/darkamazi.info\/archives\/1042151","og_site_name":"Darka Maz\u00ee","article_publisher":"https:\/\/www.facebook.com\/DarMaziKurmanci","article_published_time":"2024-04-21T09:17:30+00:00","og_image":[{"width":900,"height":497,"url":"https:\/\/darkamazi.info\/file\/2024\/04\/Suleyman-Salgucak.jpg","type":"image\/jpeg"}],"author":"darka mazi","twitter_card":"summary_large_image","twitter_creator":"@DarkaMaziLatini","twitter_site":"@DarkaMaziLatini","twitter_misc":{"Written by":"darka mazi","Est. reading time":"1 minute"},"schema":{"@context":"https:\/\/schema.org","@graph":[{"@type":"Article","@id":"https:\/\/darkamazi.info\/archives\/1042151#article","isPartOf":{"@id":"https:\/\/darkamazi.info\/archives\/1042151"},"author":{"name":"darka mazi","@id":"https:\/\/darkamazi.info\/#\/schema\/person\/5ad3e24553a0567993fa8ed4bd0a776c"},"headline":"Di derbar\u00ea Suleyman Salgucak de doz hat vekirin","datePublished":"2024-04-21T09:17:30+00:00","mainEntityOfPage":{"@id":"https:\/\/darkamazi.info\/archives\/1042151"},"wordCount":171,"publisher":{"@id":"https:\/\/darkamazi.info\/#organization"},"image":{"@id":"https:\/\/darkamazi.info\/archives\/1042151#primaryimage"},"thumbnailUrl":"https:\/\/darkamazi.info\/file\/2024\/04\/Suleyman-Salgucak.jpg","articleSection":["Teknolojya"],"inLanguage":"en-US"},{"@type":"WebPage","@id":"https:\/\/darkamazi.info\/archives\/1042151","url":"https:\/\/darkamazi.info\/archives\/1042151","name":"Di derbar\u00ea Suleyman Salgucak de doz hat vekirin - Darka Maz\u00ee","isPartOf":{"@id":"https:\/\/darkamazi.info\/#website"},"primaryImageOfPage":{"@id":"https:\/\/darkamazi.info\/archives\/1042151#primaryimage"},"image":{"@id":"https:\/\/darkamazi.info\/archives\/1042151#primaryimage"},"thumbnailUrl":"https:\/\/darkamazi.info\/file\/2024\/04\/Suleyman-Salgucak.jpg","datePublished":"2024-04-21T09:17:30+00:00","breadcrumb":{"@id":"https:\/\/darkamazi.info\/archives\/1042151#breadcrumb"},"inLanguage":"en-US","potentialAction":[{"@type":"ReadAction","target":["https:\/\/darkamazi.info\/archives\/1042151"]}]},{"@type":"ImageObject","inLanguage":"en-US","@id":"https:\/\/darkamazi.info\/archives\/1042151#primaryimage","url":"https:\/\/darkamazi.info\/file\/2024\/04\/Suleyman-Salgucak.jpg","contentUrl":"https:\/\/darkamazi.info\/file\/2024\/04\/Suleyman-Salgucak.jpg","width":900,"height":497,"caption":"Di derbar\u00ea Suleyman Salgucak de doz hat vekirin"},{"@type":"BreadcrumbList","@id":"https:\/\/darkamazi.info\/archives\/1042151#breadcrumb","itemListElement":[{"@type":"ListItem","position":1,"name":"Home","item":"https:\/\/darkamazi.info\/"},{"@type":"ListItem","position":2,"name":"Di derbar\u00ea Suleyman Salgucak de doz hat vekirin"}]},{"@type":"WebSite","@id":"https:\/\/darkamazi.info\/#website","url":"https:\/\/darkamazi.info\/","name":"Darka Maz\u00ee","description":"P\u00eageha Zanyariy\u00ean Nebih\u00eest\u00ee","publisher":{"@id":"https:\/\/darkamazi.info\/#organization"},"potentialAction":[{"@type":"SearchAction","target":{"@type":"EntryPoint","urlTemplate":"https:\/\/darkamazi.info\/?s={search_term_string}"},"query-input":{"@type":"PropertyValueSpecification","valueRequired":true,"valueName":"search_term_string"}}],"inLanguage":"en-US"},{"@type":"Organization","@id":"https:\/\/darkamazi.info\/#organization","name":"Darka Maz\u00ee","url":"https:\/\/darkamazi.info\/","logo":{"@type":"ImageObject","inLanguage":"en-US","@id":"https:\/\/darkamazi.info\/#\/schema\/logo\/image\/","url":"https:\/\/darkamazi.info\/file\/2017\/12\/darka-mazi-logo.png","contentUrl":"https:\/\/darkamazi.info\/file\/2017\/12\/darka-mazi-logo.png","width":151,"height":75,"caption":"Darka Maz\u00ee"},"image":{"@id":"https:\/\/darkamazi.info\/#\/schema\/logo\/image\/"},"sameAs":["https:\/\/www.facebook.com\/DarMaziKurmanci","https:\/\/x.com\/DarkaMaziLatini","https:\/\/www.instagram.com\/darkamazi.kurmanci\/","https:\/\/www.youtube.com\/channel\/UCa5HkTdmI8U1qCUFuTw8B2g"]},{"@type":"Person","@id":"https:\/\/darkamazi.info\/#\/schema\/person\/5ad3e24553a0567993fa8ed4bd0a776c","name":"darka mazi","sameAs":["https:\/\/darkamazi.info\/"],"url":"https:\/\/darkamazi.info\/archives\/author\/kurdi"}]}},"_links":{"self":[{"href":"https:\/\/darkamazi.info\/funavuv\/wp\/v2\/posts\/1042151","targetHints":{"allow":["GET"]}}],"collection":[{"href":"https:\/\/darkamazi.info\/funavuv\/wp\/v2\/posts"}],"about":[{"href":"https:\/\/darkamazi.info\/funavuv\/wp\/v2\/types\/post"}],"author":[{"embeddable":true,"href":"https:\/\/darkamazi.info\/funavuv\/wp\/v2\/users\/2"}],"replies":[{"embeddable":true,"href":"https:\/\/darkamazi.info\/funavuv\/wp\/v2\/comments?post=1042151"}],"version-history":[{"count":0,"href":"https:\/\/darkamazi.info\/funavuv\/wp\/v2\/posts\/1042151\/revisions"}],"wp:featuredmedia":[{"embeddable":true,"href":"https:\/\/darkamazi.info\/funavuv\/wp\/v2\/media\/1042152"}],"wp:attachment":[{"href":"https:\/\/darkamazi.info\/funavuv\/wp\/v2\/media?parent=1042151"}],"wp:term":[{"taxonomy":"category","embeddable":true,"href":"https:\/\/darkamazi.info\/funavuv\/wp\/v2\/categories?post=1042151"},{"taxonomy":"post_tag","embeddable":true,"href":"https:\/\/darkamazi.info\/funavuv\/wp\/v2\/tags?post=1042151"}],"curies":[{"name":"wp","href":"https:\/\/api.w.org\/{rel}","templated":true}]}}