{"id":1042422,"date":"2024-05-07T15:19:27","date_gmt":"2024-05-07T12:19:27","guid":{"rendered":"https:\/\/darkamazi.info\/?p=1042422"},"modified":"2024-05-07T15:19:27","modified_gmt":"2024-05-07T12:19:27","slug":"erdogan-disa-gef-li-rojavaye-kurdistane-xwar","status":"publish","type":"post","link":"https:\/\/darkamazi.info\/archives\/1042422","title":{"rendered":"Erdogan d\u00eesa gef li Rojavay\u00ea Kurdistan\u00ea xwar"},"content":{"rendered":"<h3 style=\"text-align: justify\"><span style=\"font-family: 'arial black', sans-serif\">Recep Tayy\u00eep Erdogan got, \u201cJi ber soz\u00ean ku hevalbend\u00ean me dane \u00fb bi c\u00eeh nean\u00eene, kar\u00ea me y\u00ea ku li S\u00fbriyey\u00ea nivco maye, gava ku dem \u00fb saeta w\u00ea hat teqez em d\u00ea temam bikin\u201d.<\/span><\/h3>\n<h3 style=\"text-align: justify\"><span style=\"font-family: arial, helvetica, sans-serif\">Serokkomar\u00ea Tirkiyey\u00ea Recep Tayy\u00eep Erdogan pi\u015ft\u00ee civana kab\u00eeneya Hik\u00fbmeta Tirkiyey\u00ea axiv\u00ee.<\/span><\/h3>\n<h3 style=\"text-align: justify\"><span style=\"font-family: arial, helvetica, sans-serif\">Erdogan di be\u015feke axaftina xwe de bal ki\u015fand ser serdana xwe ya Bexda \u00fb Hewl\u00ear\u00ea diyar kir ku \u201cserdaneke gelek\u00ee ba\u015f \u00fb er\u00ean\u00ee b\u00fbye\u201d.<\/span><\/h3>\n<h3 style=\"text-align: justify\"><span style=\"font-family: arial, helvetica, sans-serif\">Erdogan da zan\u00een ku di w\u00ea serdan\u00ea de di navbera \u00ceraq \u00fb Tirkiyey\u00ea de 27 peyman hatine \u00eemzekirin.<\/span><\/h3>\n<h3 style=\"text-align: justify\"><span style=\"font-family: arial, helvetica, sans-serif\">Derbar\u00ea r\u00fbbir\u00fbb\u00fbna PKKy\u00ea de j\u00ee Erdogan diyar kir wan bi \u00ceraq\u00ea re li hev kiriye \u00fb wan ji \u00ceraq\u00ea xwestiye ku PKKy\u00ea wek\u00ee \u201cr\u00eaxistineke teror\u00ea\u201d bi nav bikin.<\/span><\/h3>\n<h3 style=\"text-align: justify\"><span style=\"font-family: arial, helvetica, sans-serif\">Herwiha Erdogan d\u00eesa gefa \u00eari\u015f\u00ea li Rojavay\u00ea Kurdistan\u00ea xwar \u00fb got: \u201cHeta heb\u00fbna PKKy\u00ea li bakur\u00ea \u00ceraq\u00ea \u00fb S\u00fbriyey\u00ea hebe d\u00ea ewleh\u00ee tune be.<\/span><\/h3>\n<h3 style=\"text-align: justify\"><span style=\"font-family: arial, helvetica, sans-serif\">\u201cJi ber soz\u00ean ku hevalbend\u00ean me dane \u00fb bi c\u00eeh nean\u00eene kar\u00ea me y\u00ea ku li S\u00fbriyey\u00ea nivco maye, gava ku dem \u00fb saeta w\u00ea hat teqez em d\u00ea temam bikin\u201d.<\/span><\/h3>\n","protected":false},"excerpt":{"rendered":"<p>Recep Tayy\u00eep Erdogan got, \u201cJi ber soz\u00ean ku hevalbend\u00ean me dane \u00fb bi c\u00eeh nean\u00eene, kar\u00ea me y\u00ea ku li S\u00fbriyey\u00ea nivco maye, gava ku dem \u00fb saeta w\u00ea hat teqez em d\u00ea temam bikin\u201d. Serokkomar\u00ea Tirkiyey\u00ea Recep Tayy\u00eep Erdogan pi\u015ft\u00ee civana kab\u00eeneya Hik\u00fbmeta Tirkiyey\u00ea axiv\u00ee. Erdogan di be\u015feke axaftina xwe de bal ki\u015fand ser [&hellip;]<\/p>\n","protected":false},"author":2,"featured_media":1042423,"comment_status":"closed","ping_status":"closed","sticky":false,"template":"","format":"standard","meta":{"footnotes":""},"categories":[29],"tags":[37],"class_list":["post-1042422","post","type-post","status-publish","format-standard","has-post-thumbnail","hentry","category-kurdistan","tag-sereke"],"blocksy_meta":[],"seo_head":"<!-- This site is optimized with the Yoast SEO plugin v27.5 - https:\/\/yoast.com\/product\/yoast-seo-wordpress\/ -->\n<title>Erdogan d\u00eesa gef li Rojavay\u00ea Kurdistan\u00ea xwar - Darka Maz\u00ee<\/title>\n<meta name=\"robots\" content=\"index, follow, max-snippet:-1, max-image-preview:large, max-video-preview:-1\" \/>\n<link rel=\"canonical\" href=\"https:\/\/darkamazi.info\/archives\/1042422\" \/>\n<meta property=\"og:locale\" content=\"en_US\" \/>\n<meta property=\"og:type\" content=\"article\" \/>\n<meta property=\"og:title\" content=\"Erdogan d\u00eesa gef li Rojavay\u00ea Kurdistan\u00ea xwar - Darka Maz\u00ee\" \/>\n<meta property=\"og:description\" content=\"Recep Tayy\u00eep Erdogan got, \u201cJi ber soz\u00ean ku hevalbend\u00ean me dane \u00fb bi c\u00eeh nean\u00eene, kar\u00ea me y\u00ea ku li S\u00fbriyey\u00ea nivco maye, gava ku dem \u00fb saeta w\u00ea hat teqez em d\u00ea temam bikin\u201d. Serokkomar\u00ea Tirkiyey\u00ea Recep Tayy\u00eep Erdogan pi\u015ft\u00ee civana kab\u00eeneya Hik\u00fbmeta Tirkiyey\u00ea axiv\u00ee. Erdogan di be\u015feke axaftina xwe de bal ki\u015fand ser [&hellip;]\" \/>\n<meta property=\"og:url\" content=\"https:\/\/darkamazi.info\/archives\/1042422\" \/>\n<meta property=\"og:site_name\" content=\"Darka Maz\u00ee\" \/>\n<meta property=\"article:publisher\" content=\"https:\/\/www.facebook.com\/DarMaziKurmanci\" \/>\n<meta property=\"article:published_time\" content=\"2024-05-07T12:19:27+00:00\" \/>\n<meta property=\"og:image\" content=\"https:\/\/darkamazi.info\/file\/2024\/05\/Erdogan-Rojava-gef-info.jpg\" \/>\n\t<meta property=\"og:image:width\" content=\"900\" \/>\n\t<meta property=\"og:image:height\" content=\"497\" \/>\n\t<meta property=\"og:image:type\" content=\"image\/jpeg\" \/>\n<meta name=\"author\" content=\"darka mazi\" \/>\n<meta name=\"twitter:card\" content=\"summary_large_image\" \/>\n<meta name=\"twitter:creator\" content=\"@DarkaMaziLatini\" \/>\n<meta name=\"twitter:site\" content=\"@DarkaMaziLatini\" \/>\n<meta name=\"twitter:label1\" content=\"Written by\" \/>\n\t<meta name=\"twitter:data1\" content=\"darka mazi\" \/>\n\t<meta name=\"twitter:label2\" content=\"Est. reading time\" \/>\n\t<meta name=\"twitter:data2\" content=\"1 minute\" \/>\n<script type=\"application\/ld+json\" class=\"seo-schema-graph\">{\"@context\":\"https:\\\/\\\/schema.org\",\"@graph\":[{\"@type\":\"Article\",\"@id\":\"https:\\\/\\\/darkamazi.info\\\/archives\\\/1042422#article\",\"isPartOf\":{\"@id\":\"https:\\\/\\\/darkamazi.info\\\/archives\\\/1042422\"},\"author\":{\"name\":\"darka mazi\",\"@id\":\"https:\\\/\\\/darkamazi.info\\\/#\\\/schema\\\/person\\\/5ad3e24553a0567993fa8ed4bd0a776c\"},\"headline\":\"Erdogan d\u00eesa gef li Rojavay\u00ea Kurdistan\u00ea xwar\",\"datePublished\":\"2024-05-07T12:19:27+00:00\",\"mainEntityOfPage\":{\"@id\":\"https:\\\/\\\/darkamazi.info\\\/archives\\\/1042422\"},\"wordCount\":196,\"publisher\":{\"@id\":\"https:\\\/\\\/darkamazi.info\\\/#organization\"},\"image\":{\"@id\":\"https:\\\/\\\/darkamazi.info\\\/archives\\\/1042422#primaryimage\"},\"thumbnailUrl\":\"https:\\\/\\\/darkamazi.info\\\/darka-content\\\/uploads\\\/2024\\\/05\\\/Erdogan-Rojava-gef-info.jpg\",\"keywords\":[\"sereke\"],\"articleSection\":[\"Kurdistan\"],\"inLanguage\":\"en-US\"},{\"@type\":\"WebPage\",\"@id\":\"https:\\\/\\\/darkamazi.info\\\/archives\\\/1042422\",\"url\":\"https:\\\/\\\/darkamazi.info\\\/archives\\\/1042422\",\"name\":\"Erdogan d\u00eesa gef li Rojavay\u00ea Kurdistan\u00ea xwar - Darka Maz\u00ee\",\"isPartOf\":{\"@id\":\"https:\\\/\\\/darkamazi.info\\\/#website\"},\"primaryImageOfPage\":{\"@id\":\"https:\\\/\\\/darkamazi.info\\\/archives\\\/1042422#primaryimage\"},\"image\":{\"@id\":\"https:\\\/\\\/darkamazi.info\\\/archives\\\/1042422#primaryimage\"},\"thumbnailUrl\":\"https:\\\/\\\/darkamazi.info\\\/darka-content\\\/uploads\\\/2024\\\/05\\\/Erdogan-Rojava-gef-info.jpg\",\"datePublished\":\"2024-05-07T12:19:27+00:00\",\"breadcrumb\":{\"@id\":\"https:\\\/\\\/darkamazi.info\\\/archives\\\/1042422#breadcrumb\"},\"inLanguage\":\"en-US\",\"potentialAction\":[{\"@type\":\"ReadAction\",\"target\":[\"https:\\\/\\\/darkamazi.info\\\/archives\\\/1042422\"]}]},{\"@type\":\"ImageObject\",\"inLanguage\":\"en-US\",\"@id\":\"https:\\\/\\\/darkamazi.info\\\/archives\\\/1042422#primaryimage\",\"url\":\"https:\\\/\\\/darkamazi.info\\\/darka-content\\\/uploads\\\/2024\\\/05\\\/Erdogan-Rojava-gef-info.jpg\",\"contentUrl\":\"https:\\\/\\\/darkamazi.info\\\/darka-content\\\/uploads\\\/2024\\\/05\\\/Erdogan-Rojava-gef-info.jpg\",\"width\":900,\"height\":497,\"caption\":\"Erdogan-Rojava-gef-info\"},{\"@type\":\"BreadcrumbList\",\"@id\":\"https:\\\/\\\/darkamazi.info\\\/archives\\\/1042422#breadcrumb\",\"itemListElement\":[{\"@type\":\"ListItem\",\"position\":1,\"name\":\"Home\",\"item\":\"https:\\\/\\\/darkamazi.info\\\/\"},{\"@type\":\"ListItem\",\"position\":2,\"name\":\"Erdogan d\u00eesa gef li Rojavay\u00ea Kurdistan\u00ea xwar\"}]},{\"@type\":\"WebSite\",\"@id\":\"https:\\\/\\\/darkamazi.info\\\/#website\",\"url\":\"https:\\\/\\\/darkamazi.info\\\/\",\"name\":\"Darka Maz\u00ee\",\"description\":\"P\u00eageha Zanyariy\u00ean Nebih\u00eest\u00ee\",\"publisher\":{\"@id\":\"https:\\\/\\\/darkamazi.info\\\/#organization\"},\"potentialAction\":[{\"@type\":\"SearchAction\",\"target\":{\"@type\":\"EntryPoint\",\"urlTemplate\":\"https:\\\/\\\/darkamazi.info\\\/?s={search_term_string}\"},\"query-input\":{\"@type\":\"PropertyValueSpecification\",\"valueRequired\":true,\"valueName\":\"search_term_string\"}}],\"inLanguage\":\"en-US\"},{\"@type\":\"Organization\",\"@id\":\"https:\\\/\\\/darkamazi.info\\\/#organization\",\"name\":\"Darka Maz\u00ee\",\"url\":\"https:\\\/\\\/darkamazi.info\\\/\",\"logo\":{\"@type\":\"ImageObject\",\"inLanguage\":\"en-US\",\"@id\":\"https:\\\/\\\/darkamazi.info\\\/#\\\/schema\\\/logo\\\/image\\\/\",\"url\":\"https:\\\/\\\/darkamazi.info\\\/darka-content\\\/uploads\\\/2017\\\/12\\\/darka-mazi-logo.png\",\"contentUrl\":\"https:\\\/\\\/darkamazi.info\\\/darka-content\\\/uploads\\\/2017\\\/12\\\/darka-mazi-logo.png\",\"width\":151,\"height\":75,\"caption\":\"Darka Maz\u00ee\"},\"image\":{\"@id\":\"https:\\\/\\\/darkamazi.info\\\/#\\\/schema\\\/logo\\\/image\\\/\"},\"sameAs\":[\"https:\\\/\\\/www.facebook.com\\\/DarMaziKurmanci\",\"https:\\\/\\\/x.com\\\/DarkaMaziLatini\",\"https:\\\/\\\/www.instagram.com\\\/darkamazi.kurmanci\\\/\",\"https:\\\/\\\/www.youtube.com\\\/channel\\\/UCa5HkTdmI8U1qCUFuTw8B2g\"]},{\"@type\":\"Person\",\"@id\":\"https:\\\/\\\/darkamazi.info\\\/#\\\/schema\\\/person\\\/5ad3e24553a0567993fa8ed4bd0a776c\",\"name\":\"darka mazi\",\"sameAs\":[\"https:\\\/\\\/darkamazi.info\\\/\"],\"url\":\"https:\\\/\\\/darkamazi.info\\\/archives\\\/author\\\/kurdi\"}]}<\/script>\n<!-- \/ Yoast SEO plugin. -->","seo_head_json":{"title":"Erdogan d\u00eesa gef li Rojavay\u00ea Kurdistan\u00ea xwar - Darka Maz\u00ee","robots":{"index":"index","follow":"follow","max-snippet":"max-snippet:-1","max-image-preview":"max-image-preview:large","max-video-preview":"max-video-preview:-1"},"canonical":"https:\/\/darkamazi.info\/archives\/1042422","og_locale":"en_US","og_type":"article","og_title":"Erdogan d\u00eesa gef li Rojavay\u00ea Kurdistan\u00ea xwar - Darka Maz\u00ee","og_description":"Recep Tayy\u00eep Erdogan got, \u201cJi ber soz\u00ean ku hevalbend\u00ean me dane \u00fb bi c\u00eeh nean\u00eene, kar\u00ea me y\u00ea ku li S\u00fbriyey\u00ea nivco maye, gava ku dem \u00fb saeta w\u00ea hat teqez em d\u00ea temam bikin\u201d. Serokkomar\u00ea Tirkiyey\u00ea Recep Tayy\u00eep Erdogan pi\u015ft\u00ee civana kab\u00eeneya Hik\u00fbmeta Tirkiyey\u00ea axiv\u00ee. Erdogan di be\u015feke axaftina xwe de bal ki\u015fand ser [&hellip;]","og_url":"https:\/\/darkamazi.info\/archives\/1042422","og_site_name":"Darka Maz\u00ee","article_publisher":"https:\/\/www.facebook.com\/DarMaziKurmanci","article_published_time":"2024-05-07T12:19:27+00:00","og_image":[{"width":900,"height":497,"url":"https:\/\/darkamazi.info\/file\/2024\/05\/Erdogan-Rojava-gef-info.jpg","type":"image\/jpeg"}],"author":"darka mazi","twitter_card":"summary_large_image","twitter_creator":"@DarkaMaziLatini","twitter_site":"@DarkaMaziLatini","twitter_misc":{"Written by":"darka mazi","Est. reading time":"1 minute"},"schema":{"@context":"https:\/\/schema.org","@graph":[{"@type":"Article","@id":"https:\/\/darkamazi.info\/archives\/1042422#article","isPartOf":{"@id":"https:\/\/darkamazi.info\/archives\/1042422"},"author":{"name":"darka mazi","@id":"https:\/\/darkamazi.info\/#\/schema\/person\/5ad3e24553a0567993fa8ed4bd0a776c"},"headline":"Erdogan d\u00eesa gef li Rojavay\u00ea Kurdistan\u00ea xwar","datePublished":"2024-05-07T12:19:27+00:00","mainEntityOfPage":{"@id":"https:\/\/darkamazi.info\/archives\/1042422"},"wordCount":196,"publisher":{"@id":"https:\/\/darkamazi.info\/#organization"},"image":{"@id":"https:\/\/darkamazi.info\/archives\/1042422#primaryimage"},"thumbnailUrl":"https:\/\/darkamazi.info\/file\/2024\/05\/Erdogan-Rojava-gef-info.jpg","keywords":["sereke"],"articleSection":["Kurdistan"],"inLanguage":"en-US"},{"@type":"WebPage","@id":"https:\/\/darkamazi.info\/archives\/1042422","url":"https:\/\/darkamazi.info\/archives\/1042422","name":"Erdogan d\u00eesa gef li Rojavay\u00ea Kurdistan\u00ea xwar - Darka Maz\u00ee","isPartOf":{"@id":"https:\/\/darkamazi.info\/#website"},"primaryImageOfPage":{"@id":"https:\/\/darkamazi.info\/archives\/1042422#primaryimage"},"image":{"@id":"https:\/\/darkamazi.info\/archives\/1042422#primaryimage"},"thumbnailUrl":"https:\/\/darkamazi.info\/file\/2024\/05\/Erdogan-Rojava-gef-info.jpg","datePublished":"2024-05-07T12:19:27+00:00","breadcrumb":{"@id":"https:\/\/darkamazi.info\/archives\/1042422#breadcrumb"},"inLanguage":"en-US","potentialAction":[{"@type":"ReadAction","target":["https:\/\/darkamazi.info\/archives\/1042422"]}]},{"@type":"ImageObject","inLanguage":"en-US","@id":"https:\/\/darkamazi.info\/archives\/1042422#primaryimage","url":"https:\/\/darkamazi.info\/file\/2024\/05\/Erdogan-Rojava-gef-info.jpg","contentUrl":"https:\/\/darkamazi.info\/file\/2024\/05\/Erdogan-Rojava-gef-info.jpg","width":900,"height":497,"caption":"Erdogan-Rojava-gef-info"},{"@type":"BreadcrumbList","@id":"https:\/\/darkamazi.info\/archives\/1042422#breadcrumb","itemListElement":[{"@type":"ListItem","position":1,"name":"Home","item":"https:\/\/darkamazi.info\/"},{"@type":"ListItem","position":2,"name":"Erdogan d\u00eesa gef li Rojavay\u00ea Kurdistan\u00ea xwar"}]},{"@type":"WebSite","@id":"https:\/\/darkamazi.info\/#website","url":"https:\/\/darkamazi.info\/","name":"Darka Maz\u00ee","description":"P\u00eageha Zanyariy\u00ean Nebih\u00eest\u00ee","publisher":{"@id":"https:\/\/darkamazi.info\/#organization"},"potentialAction":[{"@type":"SearchAction","target":{"@type":"EntryPoint","urlTemplate":"https:\/\/darkamazi.info\/?s={search_term_string}"},"query-input":{"@type":"PropertyValueSpecification","valueRequired":true,"valueName":"search_term_string"}}],"inLanguage":"en-US"},{"@type":"Organization","@id":"https:\/\/darkamazi.info\/#organization","name":"Darka Maz\u00ee","url":"https:\/\/darkamazi.info\/","logo":{"@type":"ImageObject","inLanguage":"en-US","@id":"https:\/\/darkamazi.info\/#\/schema\/logo\/image\/","url":"https:\/\/darkamazi.info\/file\/2017\/12\/darka-mazi-logo.png","contentUrl":"https:\/\/darkamazi.info\/file\/2017\/12\/darka-mazi-logo.png","width":151,"height":75,"caption":"Darka Maz\u00ee"},"image":{"@id":"https:\/\/darkamazi.info\/#\/schema\/logo\/image\/"},"sameAs":["https:\/\/www.facebook.com\/DarMaziKurmanci","https:\/\/x.com\/DarkaMaziLatini","https:\/\/www.instagram.com\/darkamazi.kurmanci\/","https:\/\/www.youtube.com\/channel\/UCa5HkTdmI8U1qCUFuTw8B2g"]},{"@type":"Person","@id":"https:\/\/darkamazi.info\/#\/schema\/person\/5ad3e24553a0567993fa8ed4bd0a776c","name":"darka mazi","sameAs":["https:\/\/darkamazi.info\/"],"url":"https:\/\/darkamazi.info\/archives\/author\/kurdi"}]}},"_links":{"self":[{"href":"https:\/\/darkamazi.info\/funavuv\/wp\/v2\/posts\/1042422","targetHints":{"allow":["GET"]}}],"collection":[{"href":"https:\/\/darkamazi.info\/funavuv\/wp\/v2\/posts"}],"about":[{"href":"https:\/\/darkamazi.info\/funavuv\/wp\/v2\/types\/post"}],"author":[{"embeddable":true,"href":"https:\/\/darkamazi.info\/funavuv\/wp\/v2\/users\/2"}],"replies":[{"embeddable":true,"href":"https:\/\/darkamazi.info\/funavuv\/wp\/v2\/comments?post=1042422"}],"version-history":[{"count":0,"href":"https:\/\/darkamazi.info\/funavuv\/wp\/v2\/posts\/1042422\/revisions"}],"wp:featuredmedia":[{"embeddable":true,"href":"https:\/\/darkamazi.info\/funavuv\/wp\/v2\/media\/1042423"}],"wp:attachment":[{"href":"https:\/\/darkamazi.info\/funavuv\/wp\/v2\/media?parent=1042422"}],"wp:term":[{"taxonomy":"category","embeddable":true,"href":"https:\/\/darkamazi.info\/funavuv\/wp\/v2\/categories?post=1042422"},{"taxonomy":"post_tag","embeddable":true,"href":"https:\/\/darkamazi.info\/funavuv\/wp\/v2\/tags?post=1042422"}],"curies":[{"name":"wp","href":"https:\/\/api.w.org\/{rel}","templated":true}]}}