{"id":1042512,"date":"2024-05-12T12:52:42","date_gmt":"2024-05-12T09:52:42","guid":{"rendered":"https:\/\/darkamazi.info\/?p=1042512"},"modified":"2024-05-12T12:52:42","modified_gmt":"2024-05-12T09:52:42","slug":"serok-barzani-leyla-qasim-minakeke-bilind-a-jina-kurd-e","status":"publish","type":"post","link":"https:\/\/darkamazi.info\/archives\/1042512","title":{"rendered":"Serok Barzan\u00ee: Leyla Qasim m\u00eenakeke bilind a jina Kurd e"},"content":{"rendered":"<h3 style=\"text-align: justify\"><span style=\"font-family: 'arial black', sans-serif\">Serok Mes\u00fbd Barzan\u00ee bi boneya 50 saliya bidarvekirina Leyla Qasim \u00fb heval\u00ean w\u00ea peyamek belav kir \u00fb t\u00ea de ragihandin, \u201cLeyla Qasim m\u00eenakeke bilind a jina Kurd e ku \u015feh\u00eedb\u00fbna xwe weke \u015fanaziyek\u00ea qeb\u00fbl kir<\/span><\/h3>\n<h3 style=\"text-align: justify\">Serok Barzan\u00ee di peyama xwe de got: \u201cLeyla Qasim m\u00eenakeke bilind a jina Kurd e ku d\u00eerok ji bo xwe \u00fb gel\u00ea xwe dirust kir. W\u00ea \u015feh\u00eedb\u00fbna xwe wek \u015fanaziyek\u00ea qeb\u00fbl kir, l\u00ea ser\u00ea xwe li ber cellad \u00fb dijmin xwar nekir.\u201d<\/h3>\n<h3 style=\"text-align: justify\">Di peyam\u00ea de hat: \u201cLeyla Qasim \u00fb heval\u00ean w\u00ea ji bo me hem\u00fbyan wane ne ku dilsoziya bi welat, bawer\u00ee \u00fb mirina serbilind\u00ee, ji jiyana koletiy\u00ea bi bihatir e.\u201d<\/h3>\n<h3 style=\"text-align: justify\">Serok Barzan\u00ee got j\u00ee: \u201cBi helkefta 50em\u00een salvegera bidarvekirin \u00fb \u015feh\u00eedkirina Leyla Qasim, Ner\u00eeman Fuad Mest\u00ee, Hesen Hema Re\u015f\u00eed, Azad Sil\u00eaman M\u00eeran \u00fb Cewad Hemewend\u00ee, silav li giyan\u00ea wan \u00fb hem\u00fb \u015feh\u00eed\u00ean r\u00eaya azadiy\u00ea.\u201d<\/h3>\n","protected":false},"excerpt":{"rendered":"<p>Serok Mes\u00fbd Barzan\u00ee bi boneya 50 saliya bidarvekirina Leyla Qasim \u00fb heval\u00ean w\u00ea peyamek belav kir \u00fb t\u00ea de ragihandin, \u201cLeyla Qasim m\u00eenakeke bilind a jina Kurd e ku \u015feh\u00eedb\u00fbna xwe weke \u015fanaziyek\u00ea qeb\u00fbl kir Serok Barzan\u00ee di peyama xwe de got: \u201cLeyla Qasim m\u00eenakeke bilind a jina Kurd e ku d\u00eerok ji bo xwe [&hellip;]<\/p>\n","protected":false},"author":2,"featured_media":1042513,"comment_status":"closed","ping_status":"closed","sticky":false,"template":"","format":"standard","meta":{"footnotes":""},"categories":[29],"tags":[],"class_list":["post-1042512","post","type-post","status-publish","format-standard","has-post-thumbnail","hentry","category-kurdistan"],"blocksy_meta":[],"seo_head":"<!-- This site is optimized with the Yoast SEO plugin v27.5 - https:\/\/yoast.com\/product\/yoast-seo-wordpress\/ -->\n<title>Serok Barzan\u00ee: Leyla Qasim m\u00eenakeke bilind a jina Kurd e - Darka Maz\u00ee<\/title>\n<meta name=\"robots\" content=\"index, follow, max-snippet:-1, max-image-preview:large, max-video-preview:-1\" \/>\n<link rel=\"canonical\" href=\"https:\/\/darkamazi.info\/archives\/1042512\" \/>\n<meta property=\"og:locale\" content=\"en_US\" \/>\n<meta property=\"og:type\" content=\"article\" \/>\n<meta property=\"og:title\" content=\"Serok Barzan\u00ee: Leyla Qasim m\u00eenakeke bilind a jina Kurd e - Darka Maz\u00ee\" \/>\n<meta property=\"og:description\" content=\"Serok Mes\u00fbd Barzan\u00ee bi boneya 50 saliya bidarvekirina Leyla Qasim \u00fb heval\u00ean w\u00ea peyamek belav kir \u00fb t\u00ea de ragihandin, \u201cLeyla Qasim m\u00eenakeke bilind a jina Kurd e ku \u015feh\u00eedb\u00fbna xwe weke \u015fanaziyek\u00ea qeb\u00fbl kir Serok Barzan\u00ee di peyama xwe de got: \u201cLeyla Qasim m\u00eenakeke bilind a jina Kurd e ku d\u00eerok ji bo xwe [&hellip;]\" \/>\n<meta property=\"og:url\" content=\"https:\/\/darkamazi.info\/archives\/1042512\" \/>\n<meta property=\"og:site_name\" content=\"Darka Maz\u00ee\" \/>\n<meta property=\"article:publisher\" content=\"https:\/\/www.facebook.com\/DarMaziKurmanci\" \/>\n<meta property=\"article:published_time\" content=\"2024-05-12T09:52:42+00:00\" \/>\n<meta property=\"og:image\" content=\"https:\/\/darkamazi.info\/file\/2024\/05\/Serok-Helebje-net.jpg\" \/>\n\t<meta property=\"og:image:width\" content=\"900\" \/>\n\t<meta property=\"og:image:height\" content=\"500\" \/>\n\t<meta property=\"og:image:type\" content=\"image\/jpeg\" \/>\n<meta name=\"author\" content=\"darka mazi\" \/>\n<meta name=\"twitter:card\" content=\"summary_large_image\" \/>\n<meta name=\"twitter:creator\" content=\"@DarkaMaziLatini\" \/>\n<meta name=\"twitter:site\" content=\"@DarkaMaziLatini\" \/>\n<meta name=\"twitter:label1\" content=\"Written by\" \/>\n\t<meta name=\"twitter:data1\" content=\"darka mazi\" \/>\n\t<meta name=\"twitter:label2\" content=\"Est. reading time\" \/>\n\t<meta name=\"twitter:data2\" content=\"1 minute\" \/>\n<script type=\"application\/ld+json\" class=\"seo-schema-graph\">{\"@context\":\"https:\\\/\\\/schema.org\",\"@graph\":[{\"@type\":\"Article\",\"@id\":\"https:\\\/\\\/darkamazi.info\\\/archives\\\/1042512#article\",\"isPartOf\":{\"@id\":\"https:\\\/\\\/darkamazi.info\\\/archives\\\/1042512\"},\"author\":{\"name\":\"darka mazi\",\"@id\":\"https:\\\/\\\/darkamazi.info\\\/#\\\/schema\\\/person\\\/5ad3e24553a0567993fa8ed4bd0a776c\"},\"headline\":\"Serok Barzan\u00ee: Leyla Qasim m\u00eenakeke bilind a jina Kurd e\",\"datePublished\":\"2024-05-12T09:52:42+00:00\",\"mainEntityOfPage\":{\"@id\":\"https:\\\/\\\/darkamazi.info\\\/archives\\\/1042512\"},\"wordCount\":163,\"publisher\":{\"@id\":\"https:\\\/\\\/darkamazi.info\\\/#organization\"},\"image\":{\"@id\":\"https:\\\/\\\/darkamazi.info\\\/archives\\\/1042512#primaryimage\"},\"thumbnailUrl\":\"https:\\\/\\\/darkamazi.info\\\/darka-content\\\/uploads\\\/2024\\\/05\\\/Serok-Helebje-net.jpg\",\"articleSection\":[\"Kurdistan\"],\"inLanguage\":\"en-US\"},{\"@type\":\"WebPage\",\"@id\":\"https:\\\/\\\/darkamazi.info\\\/archives\\\/1042512\",\"url\":\"https:\\\/\\\/darkamazi.info\\\/archives\\\/1042512\",\"name\":\"Serok Barzan\u00ee: Leyla Qasim m\u00eenakeke bilind a jina Kurd e - Darka Maz\u00ee\",\"isPartOf\":{\"@id\":\"https:\\\/\\\/darkamazi.info\\\/#website\"},\"primaryImageOfPage\":{\"@id\":\"https:\\\/\\\/darkamazi.info\\\/archives\\\/1042512#primaryimage\"},\"image\":{\"@id\":\"https:\\\/\\\/darkamazi.info\\\/archives\\\/1042512#primaryimage\"},\"thumbnailUrl\":\"https:\\\/\\\/darkamazi.info\\\/darka-content\\\/uploads\\\/2024\\\/05\\\/Serok-Helebje-net.jpg\",\"datePublished\":\"2024-05-12T09:52:42+00:00\",\"breadcrumb\":{\"@id\":\"https:\\\/\\\/darkamazi.info\\\/archives\\\/1042512#breadcrumb\"},\"inLanguage\":\"en-US\",\"potentialAction\":[{\"@type\":\"ReadAction\",\"target\":[\"https:\\\/\\\/darkamazi.info\\\/archives\\\/1042512\"]}]},{\"@type\":\"ImageObject\",\"inLanguage\":\"en-US\",\"@id\":\"https:\\\/\\\/darkamazi.info\\\/archives\\\/1042512#primaryimage\",\"url\":\"https:\\\/\\\/darkamazi.info\\\/darka-content\\\/uploads\\\/2024\\\/05\\\/Serok-Helebje-net.jpg\",\"contentUrl\":\"https:\\\/\\\/darkamazi.info\\\/darka-content\\\/uploads\\\/2024\\\/05\\\/Serok-Helebje-net.jpg\",\"width\":900,\"height\":500,\"caption\":\"Serok Barzan\u00ee: Leyla Qasim m\u00eenakeke bilind a jina Kurd e\"},{\"@type\":\"BreadcrumbList\",\"@id\":\"https:\\\/\\\/darkamazi.info\\\/archives\\\/1042512#breadcrumb\",\"itemListElement\":[{\"@type\":\"ListItem\",\"position\":1,\"name\":\"Home\",\"item\":\"https:\\\/\\\/darkamazi.info\\\/\"},{\"@type\":\"ListItem\",\"position\":2,\"name\":\"Serok Barzan\u00ee: Leyla Qasim m\u00eenakeke bilind a jina Kurd e\"}]},{\"@type\":\"WebSite\",\"@id\":\"https:\\\/\\\/darkamazi.info\\\/#website\",\"url\":\"https:\\\/\\\/darkamazi.info\\\/\",\"name\":\"Darka Maz\u00ee\",\"description\":\"P\u00eageha Zanyariy\u00ean Nebih\u00eest\u00ee\",\"publisher\":{\"@id\":\"https:\\\/\\\/darkamazi.info\\\/#organization\"},\"potentialAction\":[{\"@type\":\"SearchAction\",\"target\":{\"@type\":\"EntryPoint\",\"urlTemplate\":\"https:\\\/\\\/darkamazi.info\\\/?s={search_term_string}\"},\"query-input\":{\"@type\":\"PropertyValueSpecification\",\"valueRequired\":true,\"valueName\":\"search_term_string\"}}],\"inLanguage\":\"en-US\"},{\"@type\":\"Organization\",\"@id\":\"https:\\\/\\\/darkamazi.info\\\/#organization\",\"name\":\"Darka Maz\u00ee\",\"url\":\"https:\\\/\\\/darkamazi.info\\\/\",\"logo\":{\"@type\":\"ImageObject\",\"inLanguage\":\"en-US\",\"@id\":\"https:\\\/\\\/darkamazi.info\\\/#\\\/schema\\\/logo\\\/image\\\/\",\"url\":\"https:\\\/\\\/darkamazi.info\\\/darka-content\\\/uploads\\\/2017\\\/12\\\/darka-mazi-logo.png\",\"contentUrl\":\"https:\\\/\\\/darkamazi.info\\\/darka-content\\\/uploads\\\/2017\\\/12\\\/darka-mazi-logo.png\",\"width\":151,\"height\":75,\"caption\":\"Darka Maz\u00ee\"},\"image\":{\"@id\":\"https:\\\/\\\/darkamazi.info\\\/#\\\/schema\\\/logo\\\/image\\\/\"},\"sameAs\":[\"https:\\\/\\\/www.facebook.com\\\/DarMaziKurmanci\",\"https:\\\/\\\/x.com\\\/DarkaMaziLatini\",\"https:\\\/\\\/www.instagram.com\\\/darkamazi.kurmanci\\\/\",\"https:\\\/\\\/www.youtube.com\\\/channel\\\/UCa5HkTdmI8U1qCUFuTw8B2g\"]},{\"@type\":\"Person\",\"@id\":\"https:\\\/\\\/darkamazi.info\\\/#\\\/schema\\\/person\\\/5ad3e24553a0567993fa8ed4bd0a776c\",\"name\":\"darka mazi\",\"sameAs\":[\"https:\\\/\\\/darkamazi.info\\\/\"],\"url\":\"https:\\\/\\\/darkamazi.info\\\/archives\\\/author\\\/kurdi\"}]}<\/script>\n<!-- \/ Yoast SEO plugin. -->","seo_head_json":{"title":"Serok Barzan\u00ee: Leyla Qasim m\u00eenakeke bilind a jina Kurd e - Darka Maz\u00ee","robots":{"index":"index","follow":"follow","max-snippet":"max-snippet:-1","max-image-preview":"max-image-preview:large","max-video-preview":"max-video-preview:-1"},"canonical":"https:\/\/darkamazi.info\/archives\/1042512","og_locale":"en_US","og_type":"article","og_title":"Serok Barzan\u00ee: Leyla Qasim m\u00eenakeke bilind a jina Kurd e - Darka Maz\u00ee","og_description":"Serok Mes\u00fbd Barzan\u00ee bi boneya 50 saliya bidarvekirina Leyla Qasim \u00fb heval\u00ean w\u00ea peyamek belav kir \u00fb t\u00ea de ragihandin, \u201cLeyla Qasim m\u00eenakeke bilind a jina Kurd e ku \u015feh\u00eedb\u00fbna xwe weke \u015fanaziyek\u00ea qeb\u00fbl kir Serok Barzan\u00ee di peyama xwe de got: \u201cLeyla Qasim m\u00eenakeke bilind a jina Kurd e ku d\u00eerok ji bo xwe [&hellip;]","og_url":"https:\/\/darkamazi.info\/archives\/1042512","og_site_name":"Darka Maz\u00ee","article_publisher":"https:\/\/www.facebook.com\/DarMaziKurmanci","article_published_time":"2024-05-12T09:52:42+00:00","og_image":[{"width":900,"height":500,"url":"https:\/\/darkamazi.info\/file\/2024\/05\/Serok-Helebje-net.jpg","type":"image\/jpeg"}],"author":"darka mazi","twitter_card":"summary_large_image","twitter_creator":"@DarkaMaziLatini","twitter_site":"@DarkaMaziLatini","twitter_misc":{"Written by":"darka mazi","Est. reading time":"1 minute"},"schema":{"@context":"https:\/\/schema.org","@graph":[{"@type":"Article","@id":"https:\/\/darkamazi.info\/archives\/1042512#article","isPartOf":{"@id":"https:\/\/darkamazi.info\/archives\/1042512"},"author":{"name":"darka mazi","@id":"https:\/\/darkamazi.info\/#\/schema\/person\/5ad3e24553a0567993fa8ed4bd0a776c"},"headline":"Serok Barzan\u00ee: Leyla Qasim m\u00eenakeke bilind a jina Kurd e","datePublished":"2024-05-12T09:52:42+00:00","mainEntityOfPage":{"@id":"https:\/\/darkamazi.info\/archives\/1042512"},"wordCount":163,"publisher":{"@id":"https:\/\/darkamazi.info\/#organization"},"image":{"@id":"https:\/\/darkamazi.info\/archives\/1042512#primaryimage"},"thumbnailUrl":"https:\/\/darkamazi.info\/file\/2024\/05\/Serok-Helebje-net.jpg","articleSection":["Kurdistan"],"inLanguage":"en-US"},{"@type":"WebPage","@id":"https:\/\/darkamazi.info\/archives\/1042512","url":"https:\/\/darkamazi.info\/archives\/1042512","name":"Serok Barzan\u00ee: Leyla Qasim m\u00eenakeke bilind a jina Kurd e - Darka Maz\u00ee","isPartOf":{"@id":"https:\/\/darkamazi.info\/#website"},"primaryImageOfPage":{"@id":"https:\/\/darkamazi.info\/archives\/1042512#primaryimage"},"image":{"@id":"https:\/\/darkamazi.info\/archives\/1042512#primaryimage"},"thumbnailUrl":"https:\/\/darkamazi.info\/file\/2024\/05\/Serok-Helebje-net.jpg","datePublished":"2024-05-12T09:52:42+00:00","breadcrumb":{"@id":"https:\/\/darkamazi.info\/archives\/1042512#breadcrumb"},"inLanguage":"en-US","potentialAction":[{"@type":"ReadAction","target":["https:\/\/darkamazi.info\/archives\/1042512"]}]},{"@type":"ImageObject","inLanguage":"en-US","@id":"https:\/\/darkamazi.info\/archives\/1042512#primaryimage","url":"https:\/\/darkamazi.info\/file\/2024\/05\/Serok-Helebje-net.jpg","contentUrl":"https:\/\/darkamazi.info\/file\/2024\/05\/Serok-Helebje-net.jpg","width":900,"height":500,"caption":"Serok Barzan\u00ee: Leyla Qasim m\u00eenakeke bilind a jina Kurd e"},{"@type":"BreadcrumbList","@id":"https:\/\/darkamazi.info\/archives\/1042512#breadcrumb","itemListElement":[{"@type":"ListItem","position":1,"name":"Home","item":"https:\/\/darkamazi.info\/"},{"@type":"ListItem","position":2,"name":"Serok Barzan\u00ee: Leyla Qasim m\u00eenakeke bilind a jina Kurd e"}]},{"@type":"WebSite","@id":"https:\/\/darkamazi.info\/#website","url":"https:\/\/darkamazi.info\/","name":"Darka Maz\u00ee","description":"P\u00eageha Zanyariy\u00ean Nebih\u00eest\u00ee","publisher":{"@id":"https:\/\/darkamazi.info\/#organization"},"potentialAction":[{"@type":"SearchAction","target":{"@type":"EntryPoint","urlTemplate":"https:\/\/darkamazi.info\/?s={search_term_string}"},"query-input":{"@type":"PropertyValueSpecification","valueRequired":true,"valueName":"search_term_string"}}],"inLanguage":"en-US"},{"@type":"Organization","@id":"https:\/\/darkamazi.info\/#organization","name":"Darka Maz\u00ee","url":"https:\/\/darkamazi.info\/","logo":{"@type":"ImageObject","inLanguage":"en-US","@id":"https:\/\/darkamazi.info\/#\/schema\/logo\/image\/","url":"https:\/\/darkamazi.info\/file\/2017\/12\/darka-mazi-logo.png","contentUrl":"https:\/\/darkamazi.info\/file\/2017\/12\/darka-mazi-logo.png","width":151,"height":75,"caption":"Darka Maz\u00ee"},"image":{"@id":"https:\/\/darkamazi.info\/#\/schema\/logo\/image\/"},"sameAs":["https:\/\/www.facebook.com\/DarMaziKurmanci","https:\/\/x.com\/DarkaMaziLatini","https:\/\/www.instagram.com\/darkamazi.kurmanci\/","https:\/\/www.youtube.com\/channel\/UCa5HkTdmI8U1qCUFuTw8B2g"]},{"@type":"Person","@id":"https:\/\/darkamazi.info\/#\/schema\/person\/5ad3e24553a0567993fa8ed4bd0a776c","name":"darka mazi","sameAs":["https:\/\/darkamazi.info\/"],"url":"https:\/\/darkamazi.info\/archives\/author\/kurdi"}]}},"_links":{"self":[{"href":"https:\/\/darkamazi.info\/funavuv\/wp\/v2\/posts\/1042512","targetHints":{"allow":["GET"]}}],"collection":[{"href":"https:\/\/darkamazi.info\/funavuv\/wp\/v2\/posts"}],"about":[{"href":"https:\/\/darkamazi.info\/funavuv\/wp\/v2\/types\/post"}],"author":[{"embeddable":true,"href":"https:\/\/darkamazi.info\/funavuv\/wp\/v2\/users\/2"}],"replies":[{"embeddable":true,"href":"https:\/\/darkamazi.info\/funavuv\/wp\/v2\/comments?post=1042512"}],"version-history":[{"count":0,"href":"https:\/\/darkamazi.info\/funavuv\/wp\/v2\/posts\/1042512\/revisions"}],"wp:featuredmedia":[{"embeddable":true,"href":"https:\/\/darkamazi.info\/funavuv\/wp\/v2\/media\/1042513"}],"wp:attachment":[{"href":"https:\/\/darkamazi.info\/funavuv\/wp\/v2\/media?parent=1042512"}],"wp:term":[{"taxonomy":"category","embeddable":true,"href":"https:\/\/darkamazi.info\/funavuv\/wp\/v2\/categories?post=1042512"},{"taxonomy":"post_tag","embeddable":true,"href":"https:\/\/darkamazi.info\/funavuv\/wp\/v2\/tags?post=1042512"}],"curies":[{"name":"wp","href":"https:\/\/api.w.org\/{rel}","templated":true}]}}