{"id":1042792,"date":"2024-05-28T11:52:51","date_gmt":"2024-05-28T08:52:51","guid":{"rendered":"https:\/\/darkamazi.info\/?p=1042792"},"modified":"2024-05-28T11:52:51","modified_gmt":"2024-05-28T08:52:51","slug":"jin-di-nava-pkke-de-7","status":"publish","type":"post","link":"https:\/\/darkamazi.info\/archives\/1042792","title":{"rendered":"Jin di nava PKK\u00ea de &#8211; \u00ab7\u00bb"},"content":{"rendered":"<h3 style=\"text-align: justify\"><span style=\"font-family: 'arial black', sans-serif\">Y\u00eak ji kadroy\u00ean r\u00eaveber \u00fb d\u00ear\u00een y\u00ean PKK\u00ea ku ji r\u00eaxistin\u00ea veqetiye \u00fb niha li Ewropay\u00ea dim\u00eene, di danp\u00eadan\u00ean xwe de hinek nih\u00eany\u00ean PKK\u00ea \u00fb sitema ku Ocalan li jina Kurd kir\u00ee a\u015fkere dike \u00fb dib\u00eaje: \u201cOcalan li j\u00ear nav\u00ea azadiya jin\u00ea, jin bo berjewend\u00eeya xwe bi karan\u00ee \u00fb h\u00eajan j\u00ee ev yek di PKK\u00ea de dewam dike\u201d.<\/span><\/h3>\n<h3 style=\"text-align: justify\"><span style=\"font-family: arial, helvetica, sans-serif\">\u201cJIN DI NAVA PKK\u00ca DE\u201d nav\u00ea pirt\u00fbkek\u00ea ye ku \u201cNejdet Boldan\u201d bi ziman\u00ea Tirk niv\u00eesandiye \u00fb ji h\u00eala Ho\u015feng ve hatiye wergerandin, ji we\u015fan\u00ean 2022\u00ea ye, serp\u00eahat\u00eeya 10 kadroy\u00ean jin t\u00ea de hatiye dokyoment kirin, y\u00eak j\u00ea ya Newal\u00ea ye.<\/span><\/h3>\n<h3 style=\"text-align: justify\"><span style=\"font-family: arial, helvetica, sans-serif\">Newal ke\u00e7eka ji Wan\u00ea ya Bakur\u00ea Kurdistan\u00ea ye, weke bi hezaran ke\u00e7\u00ean din ew ji boy e\u015fqa welat\u00ea \u015f\u00ear\u00een tevl\u00ee PKK\u00ea dibe, l\u00ea roja ewl rast\u00ee \u015f\u00fbkeke mezin dibe wexta rastiya partiy\u00ea dizane, partiya ku li ser nav\u00ea Kurdan berxwedan\u00ea li dij\u00ee Kurdistan\u00ea bi xwe dike.<\/span><\/h3>\n<h3 style=\"text-align: justify\"><span style=\"font-family: arial, helvetica, sans-serif\">Newal\u00ea di be\u015fa dawiy\u00ea ya danp\u00eadan\u00ean xwe de behsa \u201cjin\u00ea di s\u00eestem\u00ea PKK\u00ea\u201d de dike, her wiha du cur\u00ean PKK\u00ea, PKKe ya mirov Dibh\u00eeze \u00fb PKKe ya ku mirov t\u00ea de dij\u00ee.\u00a0PKKe ya tu Dibh\u00eez\u00ee \u00fb ya tu t\u00eade dij\u00ee pirr ji hev cuda ne<\/span><\/h3>\n<h3 style=\"text-align: justify\"><span style=\"font-family: arial, helvetica, sans-serif\">Newal dib\u00eaje: \u201cBer\u00ee ku ez bi\u00e7me nav PKK\u00ea min wesa hizir dikir ku ez PKK\u00ea nas dikem, l\u00ea dema ez tevl\u00ee b\u00fbm \u00fb di nav de b\u00fbm, min zan\u00ee ku du PKKe hene, ya ku tu Dibh\u00eez\u00ee \u00fb ya ku tu t\u00ea de dij\u00ee. Herdu PKKe j\u00ee pirr ji hev cuda ne, min z\u00fb hest bi w\u00ea yek\u00ea kir ku PKKe bi v\u00ea siyaset \u00fb \u00eedoloj\u00eeya xwe nikare xizmet\u00ea ji Kurd \u00fb Kurdistan\u00ea re bike, gelek \u015fa\u015fiy\u00ean mezin di PKK\u00ea de derbar\u00ea xebata netew\u00ee ya Kurdan \u00fb tex \u00fb \u00e7\u00een\u00ean civaka Kurdistan\u00ee hene\u201d.<\/span><\/h3>\n<h3 style=\"text-align: justify\"><span style=\"font-family: 'arial black', sans-serif;font-size: 18pt;color: #8c0808\">Wez\u00eefeya jin\u00ea di PKK\u00ea de xizmetkirina Ocalan e<\/span><\/h3>\n<h3 style=\"text-align: justify\"><span style=\"font-family: arial, helvetica, sans-serif\">Derbar\u00ea jin\u00ea di s\u00eestem\u00ea PKK\u00ea de, Newal dib\u00eaje: \u201c\u00c7i r\u00eaxistinan \u00fb \u00e7i kesan bi qas\u00ee Ocalan \u00fb PKK\u00ea sitem li jina Kurd nekiriye \u00fb \u00e7i al\u00eeyan j\u00ee bi qas\u00ee wan nav\u00ea jina Kurd kir\u00eat nekiriye, ji ber v\u00ea sedem\u00ea bi sedan ke\u00e7 \u00fb jin\u00ean Kurdan PKKe ji ber v\u00ea d\u00fb r\u00fbyatiy\u00ea h\u00ealan \u00fb veqetiyan\u201d.<\/span><\/h3>\n<h3 style=\"text-align: justify\"><span style=\"font-family: arial, helvetica, sans-serif\">Newal got: \u201cMixabin h\u00eajan j\u00ee di PKK\u00ea de h\u00eaza jin\u00ea \u015fa\u015f t\u00ea bi kar an\u00een, loma j\u00ee heya roja me ya \u00eero xebata jin\u00ea \u00e7i encamek bi dest nexistiye\u201d .<\/span><\/h3>\n<h3 style=\"text-align: justify\"><span style=\"font-family: arial, helvetica, sans-serif\">Newal derbar\u00ea \u00eedoloj\u00ee \u00fb xebata ku Ocalan \u00fb PKK\u00ea li ser jin\u00ea ferz kir\u00ee dib\u00eaje: \u201cOcalan\u00ee ji boy berjewendiy\u00ean xwe p\u00eelanek mezin li ser jina Kurd g\u00eara, bi kurtas\u00ee ji bil\u00ee b\u00fbyer \u00fb destdir\u00eajiy\u00ean \u015fexs\u00ea Ocalan li gel hinek jinan, w\u00ee weke r\u00eaxistin j\u00ee li \u015f\u00fbna h\u00eaza jin\u00ea bo azad\u00eeya Kurdistan\u00ea bi kar b\u00eene, li dij\u00ee zilaman bi kar an\u00ee \u00fb ev yek bi zaneb\u00fbn di xul\u00ean perwerdehiy\u00ea de dihate encam day\u00een\u201d.<\/span><\/h3>\n<h3 style=\"text-align: justify\"><span style=\"font-family: 'arial black', sans-serif;font-size: 18pt;color: #8c0808\">Gelek jin b\u00fbyne qurbaniy\u00ean dest\u00ea Ocalan<\/span><\/h3>\n<h3 style=\"text-align: justify\"><span style=\"font-family: arial, helvetica, sans-serif\">Newal her wiha diyar kir, jin ji ber h\u00eaz\u00ea bi Ocalan ve dihatin gir\u00eadan, ji ber ku di PKK\u00ea de ten\u00ea Ocalan bi h\u00eaz b\u00fb \u00fb jin\u00ea j\u00ee pi\u015fta xwe bi v\u00ea h\u00eaz\u00ea gerim dikir, l\u00ea s\u00eestema Ocalan ew b\u00fb ku div\u00ea hem\u00fb h\u00eaza jin\u00ea bo parastina Ocalan \u00fb PKK\u00ea were bikaran\u00een \u00fb Ocalan d\u00eesa jin weku \u00e7ekek li dij\u00ee zilaman bo bih\u00eazkirina xwe bi karan\u00ee.<\/span><\/h3>\n<h3 style=\"text-align: justify\"><span style=\"font-family: arial, helvetica, sans-serif\">Newal dib\u00eaje: \u201cBi kurtas\u00ee gelek jin b\u00fbyne qurbaniy\u00ean dest\u00ea Ocalan \u00fb s\u00eestem\u00ea PKK\u00ea, di PKK\u00ea de jin weke metiryalek bo berjewendiy\u00ean takekes\u00ee \u00fb siyas\u00ee hatiye bikaran\u00een, berevaj\u00ee v\u00ea jin di PKK\u00ea de rast\u00ee zordar\u00eeyek mezin hatiye \u00fb h\u00eajan j\u00ee ev yek berdewame. Min bi \u00e7av\u00ean xwe gelek ti\u015ft d\u00eetine \u00fb kan\u00ea \u00e7awa pirs di navbera jin \u00fb zilaman de di berjewend\u00eeya zilaman de dihatin yekal\u00ee kirin\u201d.<\/span><\/h3>\n<h3 style=\"text-align: justify\"><span style=\"font-family: 'arial black', sans-serif;font-size: 18pt;color: #8c0808\">Ez veqetiyam pi\u015ft\u00ee bo min \u00eespat b\u00fby PKKe \u00ead\u00ee ya xizmeta dijimn\u00ee dike<\/span><\/h3>\n<h3 style=\"text-align: justify\"><span style=\"font-family: arial, helvetica, sans-serif\">Newal dib\u00eaje: \u201cEz li sala 2001\u00ea ji PKK\u00ea cudab\u00fbm, pi\u015ft\u00ee min hest kir\u00ee ku \u00ead\u00ee ev r\u00eaxistin ya xizmeta dijimn\u00ea Kurdistan\u00ea dike \u00fb \u00e7i ti\u015ftek\u00ee bo Kurd \u00fb Kurdistan\u00ea naxwaze, her ev b\u00fb sedem ku ez ji PKK\u00ea veqetim\u201d.<\/span><\/h3>\n<h3 style=\"text-align: justify\"><span style=\"font-family: arial, helvetica, sans-serif\">Di be\u015f\u00ean bih\u00ean de em\u00ea hinek ji nih\u00eaniy\u00ean din y\u00ean Ocalan \u00fb PKK\u00ea ji danp\u00eadan\u00ean kadroyeka din ya bi nav\u00ea \u201cPel\u00een\u201d bib\u00eajin.<\/span><\/h3>\n","protected":false},"excerpt":{"rendered":"<p>Y\u00eak ji kadroy\u00ean r\u00eaveber \u00fb d\u00ear\u00een y\u00ean PKK\u00ea ku ji r\u00eaxistin\u00ea veqetiye \u00fb niha li Ewropay\u00ea dim\u00eene, di danp\u00eadan\u00ean xwe de hinek nih\u00eany\u00ean PKK\u00ea \u00fb sitema ku Ocalan li jina Kurd kir\u00ee a\u015fkere dike \u00fb dib\u00eaje: \u201cOcalan li j\u00ear nav\u00ea azadiya jin\u00ea, jin bo berjewend\u00eeya xwe bi karan\u00ee \u00fb h\u00eajan j\u00ee ev yek di PKK\u00ea [&hellip;]<\/p>\n","protected":false},"author":2,"featured_media":1042793,"comment_status":"closed","ping_status":"closed","sticky":false,"template":"","format":"standard","meta":{"footnotes":""},"categories":[67],"tags":[],"class_list":["post-1042792","post","type-post","status-publish","format-standard","has-post-thumbnail","hentry","category-namilke"],"blocksy_meta":[],"seo_head":"<!-- This site is optimized with the Yoast SEO plugin v27.5 - https:\/\/yoast.com\/product\/yoast-seo-wordpress\/ -->\n<title>Jin di nava PKK\u00ea de - \u00ab7\u00bb - Darka Maz\u00ee<\/title>\n<meta name=\"robots\" content=\"index, follow, max-snippet:-1, max-image-preview:large, max-video-preview:-1\" \/>\n<link rel=\"canonical\" href=\"https:\/\/darkamazi.info\/archives\/1042792\" \/>\n<meta property=\"og:locale\" content=\"en_US\" \/>\n<meta property=\"og:type\" content=\"article\" \/>\n<meta property=\"og:title\" content=\"Jin di nava PKK\u00ea de - \u00ab7\u00bb - Darka Maz\u00ee\" \/>\n<meta property=\"og:description\" content=\"Y\u00eak ji kadroy\u00ean r\u00eaveber \u00fb d\u00ear\u00een y\u00ean PKK\u00ea ku ji r\u00eaxistin\u00ea veqetiye \u00fb niha li Ewropay\u00ea dim\u00eene, di danp\u00eadan\u00ean xwe de hinek nih\u00eany\u00ean PKK\u00ea \u00fb sitema ku Ocalan li jina Kurd kir\u00ee a\u015fkere dike \u00fb dib\u00eaje: \u201cOcalan li j\u00ear nav\u00ea azadiya jin\u00ea, jin bo berjewend\u00eeya xwe bi karan\u00ee \u00fb h\u00eajan j\u00ee ev yek di PKK\u00ea [&hellip;]\" \/>\n<meta property=\"og:url\" content=\"https:\/\/darkamazi.info\/archives\/1042792\" \/>\n<meta property=\"og:site_name\" content=\"Darka Maz\u00ee\" \/>\n<meta property=\"article:publisher\" content=\"https:\/\/www.facebook.com\/DarMaziKurmanci\" \/>\n<meta property=\"article:published_time\" content=\"2024-05-28T08:52:51+00:00\" \/>\n<meta property=\"og:image\" content=\"https:\/\/darkamazi.info\/file\/2024\/05\/pkk-jin-7-info.jpg\" \/>\n\t<meta property=\"og:image:width\" content=\"900\" \/>\n\t<meta property=\"og:image:height\" content=\"497\" \/>\n\t<meta property=\"og:image:type\" content=\"image\/jpeg\" \/>\n<meta name=\"author\" content=\"darka mazi\" \/>\n<meta name=\"twitter:card\" content=\"summary_large_image\" \/>\n<meta name=\"twitter:creator\" content=\"@DarkaMaziLatini\" \/>\n<meta name=\"twitter:site\" content=\"@DarkaMaziLatini\" \/>\n<meta name=\"twitter:label1\" content=\"Written by\" \/>\n\t<meta name=\"twitter:data1\" content=\"darka mazi\" \/>\n\t<meta name=\"twitter:label2\" content=\"Est. reading time\" \/>\n\t<meta name=\"twitter:data2\" content=\"4 minutes\" \/>\n<script type=\"application\/ld+json\" class=\"seo-schema-graph\">{\"@context\":\"https:\\\/\\\/schema.org\",\"@graph\":[{\"@type\":\"Article\",\"@id\":\"https:\\\/\\\/darkamazi.info\\\/archives\\\/1042792#article\",\"isPartOf\":{\"@id\":\"https:\\\/\\\/darkamazi.info\\\/archives\\\/1042792\"},\"author\":{\"name\":\"darka mazi\",\"@id\":\"https:\\\/\\\/darkamazi.info\\\/#\\\/schema\\\/person\\\/5ad3e24553a0567993fa8ed4bd0a776c\"},\"headline\":\"Jin di nava PKK\u00ea de &#8211; \u00ab7\u00bb\",\"datePublished\":\"2024-05-28T08:52:51+00:00\",\"mainEntityOfPage\":{\"@id\":\"https:\\\/\\\/darkamazi.info\\\/archives\\\/1042792\"},\"wordCount\":741,\"publisher\":{\"@id\":\"https:\\\/\\\/darkamazi.info\\\/#organization\"},\"image\":{\"@id\":\"https:\\\/\\\/darkamazi.info\\\/archives\\\/1042792#primaryimage\"},\"thumbnailUrl\":\"https:\\\/\\\/darkamazi.info\\\/darka-content\\\/uploads\\\/2024\\\/05\\\/pkk-jin-7-info.jpg\",\"articleSection\":[\"Nam\u00eelke\"],\"inLanguage\":\"en-US\"},{\"@type\":\"WebPage\",\"@id\":\"https:\\\/\\\/darkamazi.info\\\/archives\\\/1042792\",\"url\":\"https:\\\/\\\/darkamazi.info\\\/archives\\\/1042792\",\"name\":\"Jin di nava PKK\u00ea de - \u00ab7\u00bb - Darka Maz\u00ee\",\"isPartOf\":{\"@id\":\"https:\\\/\\\/darkamazi.info\\\/#website\"},\"primaryImageOfPage\":{\"@id\":\"https:\\\/\\\/darkamazi.info\\\/archives\\\/1042792#primaryimage\"},\"image\":{\"@id\":\"https:\\\/\\\/darkamazi.info\\\/archives\\\/1042792#primaryimage\"},\"thumbnailUrl\":\"https:\\\/\\\/darkamazi.info\\\/darka-content\\\/uploads\\\/2024\\\/05\\\/pkk-jin-7-info.jpg\",\"datePublished\":\"2024-05-28T08:52:51+00:00\",\"breadcrumb\":{\"@id\":\"https:\\\/\\\/darkamazi.info\\\/archives\\\/1042792#breadcrumb\"},\"inLanguage\":\"en-US\",\"potentialAction\":[{\"@type\":\"ReadAction\",\"target\":[\"https:\\\/\\\/darkamazi.info\\\/archives\\\/1042792\"]}]},{\"@type\":\"ImageObject\",\"inLanguage\":\"en-US\",\"@id\":\"https:\\\/\\\/darkamazi.info\\\/archives\\\/1042792#primaryimage\",\"url\":\"https:\\\/\\\/darkamazi.info\\\/darka-content\\\/uploads\\\/2024\\\/05\\\/pkk-jin-7-info.jpg\",\"contentUrl\":\"https:\\\/\\\/darkamazi.info\\\/darka-content\\\/uploads\\\/2024\\\/05\\\/pkk-jin-7-info.jpg\",\"width\":900,\"height\":497,\"caption\":\"pkk-jin-7-info\"},{\"@type\":\"BreadcrumbList\",\"@id\":\"https:\\\/\\\/darkamazi.info\\\/archives\\\/1042792#breadcrumb\",\"itemListElement\":[{\"@type\":\"ListItem\",\"position\":1,\"name\":\"Home\",\"item\":\"https:\\\/\\\/darkamazi.info\\\/\"},{\"@type\":\"ListItem\",\"position\":2,\"name\":\"Jin di nava PKK\u00ea de &#8211; \u00ab7\u00bb\"}]},{\"@type\":\"WebSite\",\"@id\":\"https:\\\/\\\/darkamazi.info\\\/#website\",\"url\":\"https:\\\/\\\/darkamazi.info\\\/\",\"name\":\"Darka Maz\u00ee\",\"description\":\"P\u00eageha Zanyariy\u00ean Nebih\u00eest\u00ee\",\"publisher\":{\"@id\":\"https:\\\/\\\/darkamazi.info\\\/#organization\"},\"potentialAction\":[{\"@type\":\"SearchAction\",\"target\":{\"@type\":\"EntryPoint\",\"urlTemplate\":\"https:\\\/\\\/darkamazi.info\\\/?s={search_term_string}\"},\"query-input\":{\"@type\":\"PropertyValueSpecification\",\"valueRequired\":true,\"valueName\":\"search_term_string\"}}],\"inLanguage\":\"en-US\"},{\"@type\":\"Organization\",\"@id\":\"https:\\\/\\\/darkamazi.info\\\/#organization\",\"name\":\"Darka Maz\u00ee\",\"url\":\"https:\\\/\\\/darkamazi.info\\\/\",\"logo\":{\"@type\":\"ImageObject\",\"inLanguage\":\"en-US\",\"@id\":\"https:\\\/\\\/darkamazi.info\\\/#\\\/schema\\\/logo\\\/image\\\/\",\"url\":\"https:\\\/\\\/darkamazi.info\\\/darka-content\\\/uploads\\\/2017\\\/12\\\/darka-mazi-logo.png\",\"contentUrl\":\"https:\\\/\\\/darkamazi.info\\\/darka-content\\\/uploads\\\/2017\\\/12\\\/darka-mazi-logo.png\",\"width\":151,\"height\":75,\"caption\":\"Darka Maz\u00ee\"},\"image\":{\"@id\":\"https:\\\/\\\/darkamazi.info\\\/#\\\/schema\\\/logo\\\/image\\\/\"},\"sameAs\":[\"https:\\\/\\\/www.facebook.com\\\/DarMaziKurmanci\",\"https:\\\/\\\/x.com\\\/DarkaMaziLatini\",\"https:\\\/\\\/www.instagram.com\\\/darkamazi.kurmanci\\\/\",\"https:\\\/\\\/www.youtube.com\\\/channel\\\/UCa5HkTdmI8U1qCUFuTw8B2g\"]},{\"@type\":\"Person\",\"@id\":\"https:\\\/\\\/darkamazi.info\\\/#\\\/schema\\\/person\\\/5ad3e24553a0567993fa8ed4bd0a776c\",\"name\":\"darka mazi\",\"sameAs\":[\"https:\\\/\\\/darkamazi.info\\\/\"],\"url\":\"https:\\\/\\\/darkamazi.info\\\/archives\\\/author\\\/kurdi\"}]}<\/script>\n<!-- \/ Yoast SEO plugin. -->","seo_head_json":{"title":"Jin di nava PKK\u00ea de - \u00ab7\u00bb - Darka Maz\u00ee","robots":{"index":"index","follow":"follow","max-snippet":"max-snippet:-1","max-image-preview":"max-image-preview:large","max-video-preview":"max-video-preview:-1"},"canonical":"https:\/\/darkamazi.info\/archives\/1042792","og_locale":"en_US","og_type":"article","og_title":"Jin di nava PKK\u00ea de - \u00ab7\u00bb - Darka Maz\u00ee","og_description":"Y\u00eak ji kadroy\u00ean r\u00eaveber \u00fb d\u00ear\u00een y\u00ean PKK\u00ea ku ji r\u00eaxistin\u00ea veqetiye \u00fb niha li Ewropay\u00ea dim\u00eene, di danp\u00eadan\u00ean xwe de hinek nih\u00eany\u00ean PKK\u00ea \u00fb sitema ku Ocalan li jina Kurd kir\u00ee a\u015fkere dike \u00fb dib\u00eaje: \u201cOcalan li j\u00ear nav\u00ea azadiya jin\u00ea, jin bo berjewend\u00eeya xwe bi karan\u00ee \u00fb h\u00eajan j\u00ee ev yek di PKK\u00ea [&hellip;]","og_url":"https:\/\/darkamazi.info\/archives\/1042792","og_site_name":"Darka Maz\u00ee","article_publisher":"https:\/\/www.facebook.com\/DarMaziKurmanci","article_published_time":"2024-05-28T08:52:51+00:00","og_image":[{"width":900,"height":497,"url":"https:\/\/darkamazi.info\/file\/2024\/05\/pkk-jin-7-info.jpg","type":"image\/jpeg"}],"author":"darka mazi","twitter_card":"summary_large_image","twitter_creator":"@DarkaMaziLatini","twitter_site":"@DarkaMaziLatini","twitter_misc":{"Written by":"darka mazi","Est. reading time":"4 minutes"},"schema":{"@context":"https:\/\/schema.org","@graph":[{"@type":"Article","@id":"https:\/\/darkamazi.info\/archives\/1042792#article","isPartOf":{"@id":"https:\/\/darkamazi.info\/archives\/1042792"},"author":{"name":"darka mazi","@id":"https:\/\/darkamazi.info\/#\/schema\/person\/5ad3e24553a0567993fa8ed4bd0a776c"},"headline":"Jin di nava PKK\u00ea de &#8211; \u00ab7\u00bb","datePublished":"2024-05-28T08:52:51+00:00","mainEntityOfPage":{"@id":"https:\/\/darkamazi.info\/archives\/1042792"},"wordCount":741,"publisher":{"@id":"https:\/\/darkamazi.info\/#organization"},"image":{"@id":"https:\/\/darkamazi.info\/archives\/1042792#primaryimage"},"thumbnailUrl":"https:\/\/darkamazi.info\/file\/2024\/05\/pkk-jin-7-info.jpg","articleSection":["Nam\u00eelke"],"inLanguage":"en-US"},{"@type":"WebPage","@id":"https:\/\/darkamazi.info\/archives\/1042792","url":"https:\/\/darkamazi.info\/archives\/1042792","name":"Jin di nava PKK\u00ea de - \u00ab7\u00bb - Darka Maz\u00ee","isPartOf":{"@id":"https:\/\/darkamazi.info\/#website"},"primaryImageOfPage":{"@id":"https:\/\/darkamazi.info\/archives\/1042792#primaryimage"},"image":{"@id":"https:\/\/darkamazi.info\/archives\/1042792#primaryimage"},"thumbnailUrl":"https:\/\/darkamazi.info\/file\/2024\/05\/pkk-jin-7-info.jpg","datePublished":"2024-05-28T08:52:51+00:00","breadcrumb":{"@id":"https:\/\/darkamazi.info\/archives\/1042792#breadcrumb"},"inLanguage":"en-US","potentialAction":[{"@type":"ReadAction","target":["https:\/\/darkamazi.info\/archives\/1042792"]}]},{"@type":"ImageObject","inLanguage":"en-US","@id":"https:\/\/darkamazi.info\/archives\/1042792#primaryimage","url":"https:\/\/darkamazi.info\/file\/2024\/05\/pkk-jin-7-info.jpg","contentUrl":"https:\/\/darkamazi.info\/file\/2024\/05\/pkk-jin-7-info.jpg","width":900,"height":497,"caption":"pkk-jin-7-info"},{"@type":"BreadcrumbList","@id":"https:\/\/darkamazi.info\/archives\/1042792#breadcrumb","itemListElement":[{"@type":"ListItem","position":1,"name":"Home","item":"https:\/\/darkamazi.info\/"},{"@type":"ListItem","position":2,"name":"Jin di nava PKK\u00ea de &#8211; \u00ab7\u00bb"}]},{"@type":"WebSite","@id":"https:\/\/darkamazi.info\/#website","url":"https:\/\/darkamazi.info\/","name":"Darka Maz\u00ee","description":"P\u00eageha Zanyariy\u00ean Nebih\u00eest\u00ee","publisher":{"@id":"https:\/\/darkamazi.info\/#organization"},"potentialAction":[{"@type":"SearchAction","target":{"@type":"EntryPoint","urlTemplate":"https:\/\/darkamazi.info\/?s={search_term_string}"},"query-input":{"@type":"PropertyValueSpecification","valueRequired":true,"valueName":"search_term_string"}}],"inLanguage":"en-US"},{"@type":"Organization","@id":"https:\/\/darkamazi.info\/#organization","name":"Darka Maz\u00ee","url":"https:\/\/darkamazi.info\/","logo":{"@type":"ImageObject","inLanguage":"en-US","@id":"https:\/\/darkamazi.info\/#\/schema\/logo\/image\/","url":"https:\/\/darkamazi.info\/file\/2017\/12\/darka-mazi-logo.png","contentUrl":"https:\/\/darkamazi.info\/file\/2017\/12\/darka-mazi-logo.png","width":151,"height":75,"caption":"Darka Maz\u00ee"},"image":{"@id":"https:\/\/darkamazi.info\/#\/schema\/logo\/image\/"},"sameAs":["https:\/\/www.facebook.com\/DarMaziKurmanci","https:\/\/x.com\/DarkaMaziLatini","https:\/\/www.instagram.com\/darkamazi.kurmanci\/","https:\/\/www.youtube.com\/channel\/UCa5HkTdmI8U1qCUFuTw8B2g"]},{"@type":"Person","@id":"https:\/\/darkamazi.info\/#\/schema\/person\/5ad3e24553a0567993fa8ed4bd0a776c","name":"darka mazi","sameAs":["https:\/\/darkamazi.info\/"],"url":"https:\/\/darkamazi.info\/archives\/author\/kurdi"}]}},"_links":{"self":[{"href":"https:\/\/darkamazi.info\/funavuv\/wp\/v2\/posts\/1042792","targetHints":{"allow":["GET"]}}],"collection":[{"href":"https:\/\/darkamazi.info\/funavuv\/wp\/v2\/posts"}],"about":[{"href":"https:\/\/darkamazi.info\/funavuv\/wp\/v2\/types\/post"}],"author":[{"embeddable":true,"href":"https:\/\/darkamazi.info\/funavuv\/wp\/v2\/users\/2"}],"replies":[{"embeddable":true,"href":"https:\/\/darkamazi.info\/funavuv\/wp\/v2\/comments?post=1042792"}],"version-history":[{"count":0,"href":"https:\/\/darkamazi.info\/funavuv\/wp\/v2\/posts\/1042792\/revisions"}],"wp:featuredmedia":[{"embeddable":true,"href":"https:\/\/darkamazi.info\/funavuv\/wp\/v2\/media\/1042793"}],"wp:attachment":[{"href":"https:\/\/darkamazi.info\/funavuv\/wp\/v2\/media?parent=1042792"}],"wp:term":[{"taxonomy":"category","embeddable":true,"href":"https:\/\/darkamazi.info\/funavuv\/wp\/v2\/categories?post=1042792"},{"taxonomy":"post_tag","embeddable":true,"href":"https:\/\/darkamazi.info\/funavuv\/wp\/v2\/tags?post=1042792"}],"curies":[{"name":"wp","href":"https:\/\/api.w.org\/{rel}","templated":true}]}}