{"id":1042862,"date":"2024-06-01T18:16:51","date_gmt":"2024-06-01T15:16:51","guid":{"rendered":"https:\/\/darkamazi.info\/?p=1042862"},"modified":"2024-06-01T18:17:48","modified_gmt":"2024-06-01T15:17:48","slug":"artesa-iraqe-4-kecen-ereb-yen-pkke-revandin-vegerandin","status":"publish","type":"post","link":"https:\/\/darkamazi.info\/archives\/1042862","title":{"rendered":"Art\u00ea\u015fa \u00ceraq\u00ea 4 ke\u00e7\u00ean Ereb y\u00ean PKK\u00ea revand\u00een, vegerandin"},"content":{"rendered":"<h3 style=\"text-align: justify\"><span style=\"font-family: 'arial black', sans-serif\">Art\u00ea\u015fa \u00ceraq\u00ea 4 ke\u00e7\u00ean ku beriya 3 rojan PKK\u00ea ji komelgeha \u201cUm Z\u00eeban\u201d revand\u00een, vegerandin \u00fb pi\u015ft\u00ee \u00eefadey\u00ean wan ji h\u00eala dadwer\u00ea lekol\u00een\u00ea ve hatine wergirtin, veger\u00een mal\u00ean xwe.<\/span><\/h3>\n<h3 style=\"text-align: justify\"><span style=\"font-family: arial, helvetica, sans-serif\">Roja \u00e7ar\u015fem\u00ee 29\\5\\2024\u00ea 5 ke\u00e7\u00ean temena wan di navbera 13 bo 15 saliy\u00ea de ku ji hozeka Ereb ya n\u00ee\u015ftec\u00eeha komelgeha \u201cUm Z\u00eeban\u201d ya li s\u00eenor\u00ea \u015eengal\u00ea ne, ji h\u00eala PKK\u00ea ve hatb\u00fbn revandin, pi\u015ftre aloz\u00ee derket \u00fb ciwan\u00ean w\u00ea hoz\u00ea \u00fb kes \u00fb kar\u00ean wan ke\u00e7an \u00e7ek helgirtin \u00fb kar\u00ea \u015fer\u00ee li dij\u00ee PKK\u00ea kirin.<\/span><\/h3>\n<h3 style=\"text-align: justify\"><span style=\"font-family: arial, helvetica, sans-serif\">\u00c7avkaniy\u00ean Darka Maz\u00ee a\u015fkere kirin, duh roja \u00een\u00ee 30\/5\/2024\u00ea fermandar\u00ea firqeya 20 ya art\u00ea\u015fa \u00ceraq\u00ea Es\u00eel Hemze derbar\u00ea \u00e7aren\u00fbsa wan ke\u00e7an li baregeha YB\u015e\u00ea ya li Xanes\u00fbr\u00ea bi Serhet Efr\u00een\u00ee, berpirs\u00ea p\u00eawendiy\u00ean YB\u015e\u00ea civya \u00fb derbar\u00ea vegerandina wan ke\u00e7an ji \u00e7iyay\u00ea \u015eengal\u00ea gih\u00ee\u015ftin r\u00eakkeftin\u00ea.<\/span><\/h3>\n<h3 style=\"text-align: justify\"><span style=\"font-family: arial, helvetica, sans-serif\">Destn\u00ee\u015fan kir, berpirs\u00ea p\u00eawendiy\u00ean YB\u015e\u00ea gef xwarin ku heger ew ke\u00e7 naxwazin vegerin tu h\u00eazek nikare wan ji \u00e7iyay\u00ea \u015eengal\u00ea bibe.<\/span><\/h3>\n<h3 style=\"text-align: justify\"><span style=\"font-family: arial, helvetica, sans-serif\">Li gor\u00ee \u00e7avkaniy\u00ean me, ji sercema 5 ke\u00e7\u00ean revand\u00ee 4 j\u00ea hatin vegerandin \u00fb pa\u015f ku \u00eefadey\u00ean wan ji h\u00eala dadwer\u00ea lekol\u00eenan y\u00ea Beac ve hatine standin, bo mal\u00ean wan hatin vegerandin.<\/span><\/h3>\n<h3 style=\"text-align: justify\"><span style=\"font-family: 'arial black', sans-serif;color: #8c0808\">Ke\u00e7\u00ean ku hatine vegerandin nav\u00ean wan wisaye:<\/span><\/h3>\n<blockquote>\n<h3><span style=\"font-family: 'arial black', sans-serif;color: #808080\">Rehef Nasir Casim jidaykb\u00fbya 2012.<\/span><\/h3>\n<h3><span style=\"font-family: 'arial black', sans-serif;color: #808080\">\u015eahe Sem\u00eer Him\u00ead\u00ee jidaykb\u00fbya 2013.<\/span><\/h3>\n<h3><span style=\"font-family: 'arial black', sans-serif;color: #808080\">Dua Ewad Mihemed jidaykb\u00fbya 2013.<\/span><\/h3>\n<h3><span style=\"font-family: 'arial black', sans-serif;color: #808080\">Muna Miyeser Casim jidaykb\u00fbya 2013.<\/span><\/h3>\n<\/blockquote>\n<div style=\"width: 1080px;\" class=\"darka-video\"><video class=\"darka-video-shortcode\" id=\"video-1042862-1\" width=\"1080\" height=\"1080\" preload=\"metadata\" controls=\"controls\"><source type=\"video\/mp4\" src=\"https:\/\/darkamazi.info\/file\/2024\/06\/4-kecen-Ereb-yen-PKKe-revandin.mp4?_=1\" \/><a href=\"https:\/\/darkamazi.info\/file\/2024\/06\/4-kecen-Ereb-yen-PKKe-revandin.mp4\">https:\/\/darkamazi.info\/file\/2024\/06\/4-kecen-Ereb-yen-PKKe-revandin.mp4<\/a><\/video><\/div>\n<h3 style=\"text-align: justify\"><span style=\"font-family: arial, helvetica, sans-serif\">R\u00eaxistina PKK\u00ea bi nav\u00ea encumen\u00ean jinan, ke\u00e7\u00ean temen bi\u00e7\u00fbk y\u00ean \u015eengal\u00ea \u00fb derd\u00fbra w\u00ea dixap\u00eene \u00fb pi\u015ftre wan ke\u00e7an li beranber\u00ee kojmey\u00ea 100 heya 200 dolaran erikdar dikin \u00fb tevl\u00ee kom\u00ean xwe y\u00ean \u00e7ekdar dike.<\/span><\/h3>\n","protected":false},"excerpt":{"rendered":"<p>Art\u00ea\u015fa \u00ceraq\u00ea 4 ke\u00e7\u00ean ku beriya 3 rojan PKK\u00ea ji komelgeha \u201cUm Z\u00eeban\u201d revand\u00een, vegerandin \u00fb pi\u015ft\u00ee \u00eefadey\u00ean wan ji h\u00eala dadwer\u00ea lekol\u00een\u00ea ve hatine wergirtin, veger\u00een mal\u00ean xwe. Roja \u00e7ar\u015fem\u00ee 29\\5\\2024\u00ea 5 ke\u00e7\u00ean temena wan di navbera 13 bo 15 saliy\u00ea de ku ji hozeka Ereb ya n\u00ee\u015ftec\u00eeha komelgeha \u201cUm Z\u00eeban\u201d ya li s\u00eenor\u00ea [&hellip;]<\/p>\n","protected":false},"author":2,"featured_media":1042863,"comment_status":"closed","ping_status":"closed","sticky":false,"template":"","format":"video","meta":{"footnotes":""},"categories":[29],"tags":[],"class_list":["post-1042862","post","type-post","status-publish","format-video","has-post-thumbnail","hentry","category-kurdistan","post_format-post-format-video"],"blocksy_meta":[],"seo_head":"<!-- This site is optimized with the Yoast SEO plugin v27.5 - https:\/\/yoast.com\/product\/yoast-seo-wordpress\/ -->\n<title>Art\u00ea\u015fa \u00ceraq\u00ea 4 ke\u00e7\u00ean Ereb y\u00ean PKK\u00ea revand\u00een, vegerandin - Darka Maz\u00ee<\/title>\n<meta name=\"robots\" content=\"index, follow, max-snippet:-1, max-image-preview:large, max-video-preview:-1\" \/>\n<link rel=\"canonical\" href=\"https:\/\/darkamazi.info\/archives\/1042862\" \/>\n<meta property=\"og:locale\" content=\"en_US\" \/>\n<meta property=\"og:type\" content=\"article\" \/>\n<meta property=\"og:title\" content=\"Art\u00ea\u015fa \u00ceraq\u00ea 4 ke\u00e7\u00ean Ereb y\u00ean PKK\u00ea revand\u00een, vegerandin - Darka Maz\u00ee\" \/>\n<meta property=\"og:description\" content=\"Art\u00ea\u015fa \u00ceraq\u00ea 4 ke\u00e7\u00ean ku beriya 3 rojan PKK\u00ea ji komelgeha \u201cUm Z\u00eeban\u201d revand\u00een, vegerandin \u00fb pi\u015ft\u00ee \u00eefadey\u00ean wan ji h\u00eala dadwer\u00ea lekol\u00een\u00ea ve hatine wergirtin, veger\u00een mal\u00ean xwe. Roja \u00e7ar\u015fem\u00ee 2952024\u00ea 5 ke\u00e7\u00ean temena wan di navbera 13 bo 15 saliy\u00ea de ku ji hozeka Ereb ya n\u00ee\u015ftec\u00eeha komelgeha \u201cUm Z\u00eeban\u201d ya li s\u00eenor\u00ea [&hellip;]\" \/>\n<meta property=\"og:url\" content=\"https:\/\/darkamazi.info\/archives\/1042862\" \/>\n<meta property=\"og:site_name\" content=\"Darka Maz\u00ee\" \/>\n<meta property=\"article:publisher\" content=\"https:\/\/www.facebook.com\/DarMaziKurmanci\" \/>\n<meta property=\"article:published_time\" content=\"2024-06-01T15:16:51+00:00\" \/>\n<meta property=\"article:modified_time\" content=\"2024-06-01T15:17:48+00:00\" \/>\n<meta property=\"og:image\" content=\"https:\/\/darkamazi.info\/file\/2024\/06\/4-kecen-Ereb-yen-PKKe-revandin-info.jpg\" \/>\n\t<meta property=\"og:image:width\" content=\"900\" \/>\n\t<meta property=\"og:image:height\" content=\"497\" \/>\n\t<meta property=\"og:image:type\" content=\"image\/jpeg\" \/>\n<meta name=\"author\" content=\"darka mazi\" \/>\n<meta name=\"twitter:card\" content=\"summary_large_image\" \/>\n<meta name=\"twitter:creator\" content=\"@DarkaMaziLatini\" \/>\n<meta name=\"twitter:site\" content=\"@DarkaMaziLatini\" \/>\n<meta name=\"twitter:label1\" content=\"Written by\" \/>\n\t<meta name=\"twitter:data1\" content=\"darka mazi\" \/>\n\t<meta name=\"twitter:label2\" content=\"Est. reading time\" \/>\n\t<meta name=\"twitter:data2\" content=\"2 minutes\" \/>\n<script type=\"application\/ld+json\" class=\"seo-schema-graph\">{\"@context\":\"https:\\\/\\\/schema.org\",\"@graph\":[{\"@type\":\"Article\",\"@id\":\"https:\\\/\\\/darkamazi.info\\\/archives\\\/1042862#article\",\"isPartOf\":{\"@id\":\"https:\\\/\\\/darkamazi.info\\\/archives\\\/1042862\"},\"author\":{\"name\":\"darka mazi\",\"@id\":\"https:\\\/\\\/darkamazi.info\\\/#\\\/schema\\\/person\\\/5ad3e24553a0567993fa8ed4bd0a776c\"},\"headline\":\"Art\u00ea\u015fa \u00ceraq\u00ea 4 ke\u00e7\u00ean Ereb y\u00ean PKK\u00ea revand\u00een, vegerandin\",\"datePublished\":\"2024-06-01T15:16:51+00:00\",\"dateModified\":\"2024-06-01T15:17:48+00:00\",\"mainEntityOfPage\":{\"@id\":\"https:\\\/\\\/darkamazi.info\\\/archives\\\/1042862\"},\"wordCount\":306,\"publisher\":{\"@id\":\"https:\\\/\\\/darkamazi.info\\\/#organization\"},\"image\":{\"@id\":\"https:\\\/\\\/darkamazi.info\\\/archives\\\/1042862#primaryimage\"},\"thumbnailUrl\":\"https:\\\/\\\/darkamazi.info\\\/darka-content\\\/uploads\\\/2024\\\/06\\\/4-kecen-Ereb-yen-PKKe-revandin-info.jpg\",\"articleSection\":[\"Kurdistan\"],\"inLanguage\":\"en-US\"},{\"@type\":\"WebPage\",\"@id\":\"https:\\\/\\\/darkamazi.info\\\/archives\\\/1042862\",\"url\":\"https:\\\/\\\/darkamazi.info\\\/archives\\\/1042862\",\"name\":\"Art\u00ea\u015fa \u00ceraq\u00ea 4 ke\u00e7\u00ean Ereb y\u00ean PKK\u00ea revand\u00een, vegerandin - Darka Maz\u00ee\",\"isPartOf\":{\"@id\":\"https:\\\/\\\/darkamazi.info\\\/#website\"},\"primaryImageOfPage\":{\"@id\":\"https:\\\/\\\/darkamazi.info\\\/archives\\\/1042862#primaryimage\"},\"image\":{\"@id\":\"https:\\\/\\\/darkamazi.info\\\/archives\\\/1042862#primaryimage\"},\"thumbnailUrl\":\"https:\\\/\\\/darkamazi.info\\\/darka-content\\\/uploads\\\/2024\\\/06\\\/4-kecen-Ereb-yen-PKKe-revandin-info.jpg\",\"datePublished\":\"2024-06-01T15:16:51+00:00\",\"dateModified\":\"2024-06-01T15:17:48+00:00\",\"breadcrumb\":{\"@id\":\"https:\\\/\\\/darkamazi.info\\\/archives\\\/1042862#breadcrumb\"},\"inLanguage\":\"en-US\",\"potentialAction\":[{\"@type\":\"ReadAction\",\"target\":[\"https:\\\/\\\/darkamazi.info\\\/archives\\\/1042862\"]}]},{\"@type\":\"ImageObject\",\"inLanguage\":\"en-US\",\"@id\":\"https:\\\/\\\/darkamazi.info\\\/archives\\\/1042862#primaryimage\",\"url\":\"https:\\\/\\\/darkamazi.info\\\/darka-content\\\/uploads\\\/2024\\\/06\\\/4-kecen-Ereb-yen-PKKe-revandin-info.jpg\",\"contentUrl\":\"https:\\\/\\\/darkamazi.info\\\/darka-content\\\/uploads\\\/2024\\\/06\\\/4-kecen-Ereb-yen-PKKe-revandin-info.jpg\",\"width\":900,\"height\":497,\"caption\":\"4 ke\u00e7\u00ean Ereb y\u00ean PKK\u00ea revand\u00een-info\"},{\"@type\":\"BreadcrumbList\",\"@id\":\"https:\\\/\\\/darkamazi.info\\\/archives\\\/1042862#breadcrumb\",\"itemListElement\":[{\"@type\":\"ListItem\",\"position\":1,\"name\":\"Home\",\"item\":\"https:\\\/\\\/darkamazi.info\\\/\"},{\"@type\":\"ListItem\",\"position\":2,\"name\":\"Art\u00ea\u015fa \u00ceraq\u00ea 4 ke\u00e7\u00ean Ereb y\u00ean PKK\u00ea revand\u00een, vegerandin\"}]},{\"@type\":\"WebSite\",\"@id\":\"https:\\\/\\\/darkamazi.info\\\/#website\",\"url\":\"https:\\\/\\\/darkamazi.info\\\/\",\"name\":\"Darka Maz\u00ee\",\"description\":\"P\u00eageha Zanyariy\u00ean Nebih\u00eest\u00ee\",\"publisher\":{\"@id\":\"https:\\\/\\\/darkamazi.info\\\/#organization\"},\"potentialAction\":[{\"@type\":\"SearchAction\",\"target\":{\"@type\":\"EntryPoint\",\"urlTemplate\":\"https:\\\/\\\/darkamazi.info\\\/?s={search_term_string}\"},\"query-input\":{\"@type\":\"PropertyValueSpecification\",\"valueRequired\":true,\"valueName\":\"search_term_string\"}}],\"inLanguage\":\"en-US\"},{\"@type\":\"Organization\",\"@id\":\"https:\\\/\\\/darkamazi.info\\\/#organization\",\"name\":\"Darka Maz\u00ee\",\"url\":\"https:\\\/\\\/darkamazi.info\\\/\",\"logo\":{\"@type\":\"ImageObject\",\"inLanguage\":\"en-US\",\"@id\":\"https:\\\/\\\/darkamazi.info\\\/#\\\/schema\\\/logo\\\/image\\\/\",\"url\":\"https:\\\/\\\/darkamazi.info\\\/darka-content\\\/uploads\\\/2017\\\/12\\\/darka-mazi-logo.png\",\"contentUrl\":\"https:\\\/\\\/darkamazi.info\\\/darka-content\\\/uploads\\\/2017\\\/12\\\/darka-mazi-logo.png\",\"width\":151,\"height\":75,\"caption\":\"Darka Maz\u00ee\"},\"image\":{\"@id\":\"https:\\\/\\\/darkamazi.info\\\/#\\\/schema\\\/logo\\\/image\\\/\"},\"sameAs\":[\"https:\\\/\\\/www.facebook.com\\\/DarMaziKurmanci\",\"https:\\\/\\\/x.com\\\/DarkaMaziLatini\",\"https:\\\/\\\/www.instagram.com\\\/darkamazi.kurmanci\\\/\",\"https:\\\/\\\/www.youtube.com\\\/channel\\\/UCa5HkTdmI8U1qCUFuTw8B2g\"]},{\"@type\":\"Person\",\"@id\":\"https:\\\/\\\/darkamazi.info\\\/#\\\/schema\\\/person\\\/5ad3e24553a0567993fa8ed4bd0a776c\",\"name\":\"darka mazi\",\"sameAs\":[\"https:\\\/\\\/darkamazi.info\\\/\"],\"url\":\"https:\\\/\\\/darkamazi.info\\\/archives\\\/author\\\/kurdi\"}]}<\/script>\n<!-- \/ Yoast SEO plugin. -->","seo_head_json":{"title":"Art\u00ea\u015fa \u00ceraq\u00ea 4 ke\u00e7\u00ean Ereb y\u00ean PKK\u00ea revand\u00een, vegerandin - Darka Maz\u00ee","robots":{"index":"index","follow":"follow","max-snippet":"max-snippet:-1","max-image-preview":"max-image-preview:large","max-video-preview":"max-video-preview:-1"},"canonical":"https:\/\/darkamazi.info\/archives\/1042862","og_locale":"en_US","og_type":"article","og_title":"Art\u00ea\u015fa \u00ceraq\u00ea 4 ke\u00e7\u00ean Ereb y\u00ean PKK\u00ea revand\u00een, vegerandin - Darka Maz\u00ee","og_description":"Art\u00ea\u015fa \u00ceraq\u00ea 4 ke\u00e7\u00ean ku beriya 3 rojan PKK\u00ea ji komelgeha \u201cUm Z\u00eeban\u201d revand\u00een, vegerandin \u00fb pi\u015ft\u00ee \u00eefadey\u00ean wan ji h\u00eala dadwer\u00ea lekol\u00een\u00ea ve hatine wergirtin, veger\u00een mal\u00ean xwe. Roja \u00e7ar\u015fem\u00ee 2952024\u00ea 5 ke\u00e7\u00ean temena wan di navbera 13 bo 15 saliy\u00ea de ku ji hozeka Ereb ya n\u00ee\u015ftec\u00eeha komelgeha \u201cUm Z\u00eeban\u201d ya li s\u00eenor\u00ea [&hellip;]","og_url":"https:\/\/darkamazi.info\/archives\/1042862","og_site_name":"Darka Maz\u00ee","article_publisher":"https:\/\/www.facebook.com\/DarMaziKurmanci","article_published_time":"2024-06-01T15:16:51+00:00","article_modified_time":"2024-06-01T15:17:48+00:00","og_image":[{"width":900,"height":497,"url":"https:\/\/darkamazi.info\/file\/2024\/06\/4-kecen-Ereb-yen-PKKe-revandin-info.jpg","type":"image\/jpeg"}],"author":"darka mazi","twitter_card":"summary_large_image","twitter_creator":"@DarkaMaziLatini","twitter_site":"@DarkaMaziLatini","twitter_misc":{"Written by":"darka mazi","Est. reading time":"2 minutes"},"schema":{"@context":"https:\/\/schema.org","@graph":[{"@type":"Article","@id":"https:\/\/darkamazi.info\/archives\/1042862#article","isPartOf":{"@id":"https:\/\/darkamazi.info\/archives\/1042862"},"author":{"name":"darka mazi","@id":"https:\/\/darkamazi.info\/#\/schema\/person\/5ad3e24553a0567993fa8ed4bd0a776c"},"headline":"Art\u00ea\u015fa \u00ceraq\u00ea 4 ke\u00e7\u00ean Ereb y\u00ean PKK\u00ea revand\u00een, vegerandin","datePublished":"2024-06-01T15:16:51+00:00","dateModified":"2024-06-01T15:17:48+00:00","mainEntityOfPage":{"@id":"https:\/\/darkamazi.info\/archives\/1042862"},"wordCount":306,"publisher":{"@id":"https:\/\/darkamazi.info\/#organization"},"image":{"@id":"https:\/\/darkamazi.info\/archives\/1042862#primaryimage"},"thumbnailUrl":"https:\/\/darkamazi.info\/file\/2024\/06\/4-kecen-Ereb-yen-PKKe-revandin-info.jpg","articleSection":["Kurdistan"],"inLanguage":"en-US"},{"@type":"WebPage","@id":"https:\/\/darkamazi.info\/archives\/1042862","url":"https:\/\/darkamazi.info\/archives\/1042862","name":"Art\u00ea\u015fa \u00ceraq\u00ea 4 ke\u00e7\u00ean Ereb y\u00ean PKK\u00ea revand\u00een, vegerandin - Darka Maz\u00ee","isPartOf":{"@id":"https:\/\/darkamazi.info\/#website"},"primaryImageOfPage":{"@id":"https:\/\/darkamazi.info\/archives\/1042862#primaryimage"},"image":{"@id":"https:\/\/darkamazi.info\/archives\/1042862#primaryimage"},"thumbnailUrl":"https:\/\/darkamazi.info\/file\/2024\/06\/4-kecen-Ereb-yen-PKKe-revandin-info.jpg","datePublished":"2024-06-01T15:16:51+00:00","dateModified":"2024-06-01T15:17:48+00:00","breadcrumb":{"@id":"https:\/\/darkamazi.info\/archives\/1042862#breadcrumb"},"inLanguage":"en-US","potentialAction":[{"@type":"ReadAction","target":["https:\/\/darkamazi.info\/archives\/1042862"]}]},{"@type":"ImageObject","inLanguage":"en-US","@id":"https:\/\/darkamazi.info\/archives\/1042862#primaryimage","url":"https:\/\/darkamazi.info\/file\/2024\/06\/4-kecen-Ereb-yen-PKKe-revandin-info.jpg","contentUrl":"https:\/\/darkamazi.info\/file\/2024\/06\/4-kecen-Ereb-yen-PKKe-revandin-info.jpg","width":900,"height":497,"caption":"4 ke\u00e7\u00ean Ereb y\u00ean PKK\u00ea revand\u00een-info"},{"@type":"BreadcrumbList","@id":"https:\/\/darkamazi.info\/archives\/1042862#breadcrumb","itemListElement":[{"@type":"ListItem","position":1,"name":"Home","item":"https:\/\/darkamazi.info\/"},{"@type":"ListItem","position":2,"name":"Art\u00ea\u015fa \u00ceraq\u00ea 4 ke\u00e7\u00ean Ereb y\u00ean PKK\u00ea revand\u00een, vegerandin"}]},{"@type":"WebSite","@id":"https:\/\/darkamazi.info\/#website","url":"https:\/\/darkamazi.info\/","name":"Darka Maz\u00ee","description":"P\u00eageha Zanyariy\u00ean Nebih\u00eest\u00ee","publisher":{"@id":"https:\/\/darkamazi.info\/#organization"},"potentialAction":[{"@type":"SearchAction","target":{"@type":"EntryPoint","urlTemplate":"https:\/\/darkamazi.info\/?s={search_term_string}"},"query-input":{"@type":"PropertyValueSpecification","valueRequired":true,"valueName":"search_term_string"}}],"inLanguage":"en-US"},{"@type":"Organization","@id":"https:\/\/darkamazi.info\/#organization","name":"Darka Maz\u00ee","url":"https:\/\/darkamazi.info\/","logo":{"@type":"ImageObject","inLanguage":"en-US","@id":"https:\/\/darkamazi.info\/#\/schema\/logo\/image\/","url":"https:\/\/darkamazi.info\/file\/2017\/12\/darka-mazi-logo.png","contentUrl":"https:\/\/darkamazi.info\/file\/2017\/12\/darka-mazi-logo.png","width":151,"height":75,"caption":"Darka Maz\u00ee"},"image":{"@id":"https:\/\/darkamazi.info\/#\/schema\/logo\/image\/"},"sameAs":["https:\/\/www.facebook.com\/DarMaziKurmanci","https:\/\/x.com\/DarkaMaziLatini","https:\/\/www.instagram.com\/darkamazi.kurmanci\/","https:\/\/www.youtube.com\/channel\/UCa5HkTdmI8U1qCUFuTw8B2g"]},{"@type":"Person","@id":"https:\/\/darkamazi.info\/#\/schema\/person\/5ad3e24553a0567993fa8ed4bd0a776c","name":"darka mazi","sameAs":["https:\/\/darkamazi.info\/"],"url":"https:\/\/darkamazi.info\/archives\/author\/kurdi"}]}},"_links":{"self":[{"href":"https:\/\/darkamazi.info\/funavuv\/wp\/v2\/posts\/1042862","targetHints":{"allow":["GET"]}}],"collection":[{"href":"https:\/\/darkamazi.info\/funavuv\/wp\/v2\/posts"}],"about":[{"href":"https:\/\/darkamazi.info\/funavuv\/wp\/v2\/types\/post"}],"author":[{"embeddable":true,"href":"https:\/\/darkamazi.info\/funavuv\/wp\/v2\/users\/2"}],"replies":[{"embeddable":true,"href":"https:\/\/darkamazi.info\/funavuv\/wp\/v2\/comments?post=1042862"}],"version-history":[{"count":0,"href":"https:\/\/darkamazi.info\/funavuv\/wp\/v2\/posts\/1042862\/revisions"}],"wp:featuredmedia":[{"embeddable":true,"href":"https:\/\/darkamazi.info\/funavuv\/wp\/v2\/media\/1042863"}],"wp:attachment":[{"href":"https:\/\/darkamazi.info\/funavuv\/wp\/v2\/media?parent=1042862"}],"wp:term":[{"taxonomy":"category","embeddable":true,"href":"https:\/\/darkamazi.info\/funavuv\/wp\/v2\/categories?post=1042862"},{"taxonomy":"post_tag","embeddable":true,"href":"https:\/\/darkamazi.info\/funavuv\/wp\/v2\/tags?post=1042862"}],"curies":[{"name":"wp","href":"https:\/\/api.w.org\/{rel}","templated":true}]}}