{"id":1043107,"date":"2024-06-20T11:48:43","date_gmt":"2024-06-20T08:48:43","guid":{"rendered":"https:\/\/darkamazi.info\/?p=1043107"},"modified":"2024-06-20T11:48:43","modified_gmt":"2024-06-20T08:48:43","slug":"ny-hsde-u-ypge-di-2023an-de-460-zarok-revandine-u-tevli-xwe-kirine","status":"publish","type":"post","link":"https:\/\/darkamazi.info\/archives\/1043107","title":{"rendered":"NY: HSD\u00ea \u00fb YPG\u00ea di 2023an de 460 zarok revandine \u00fb tevl\u00ee xwe kirine"},"content":{"rendered":"<h3 style=\"text-align: justify\"><span style=\"font-family: 'arial black', sans-serif\">Sekreter\u00ea Gi\u015ft\u00ee y\u00ea Netewey\u00ean Yekb\u00fby\u00ee, e\u015fkere kir ku H\u00eaz\u00ean S\u00fbriyeya Demokrat\u00eek (HSD) \u00fb partiy\u00ean din \u00ean gir\u00eaday\u00ee w\u00ea bi sedan zarok li her\u00eam\u00ean di bin kontrola xwe de revandine \u00fb birin le\u015fkeriy\u00ea.<\/span><\/h3>\n<h3 style=\"text-align: justify\"><span style=\"font-family: arial, helvetica, sans-serif\">Antonio Guterres di rapora xwe ya bi sernav\u00ea &#8220;Zarok \u00fb Pev\u00e7\u00fbn\u00ean \u00c7ekdar&#8221; de ku di 3\u00ea Hez\u00eerana 2024an de hat we\u015fandin de got ku H\u00eaz\u00ean S\u00fbriyeya Demokrat\u00eek \u00fb partiy\u00ean gir\u00eaday\u00ee w\u00ea li her\u00eam\u00ean ku di bin kontrola wan de ne, 462 zarok di sala 2023an de revandine \u00fb le\u015fker kirin.<\/span><\/h3>\n<h3 style=\"text-align: justify\"><span style=\"font-family: 'arial black', sans-serif;color: #8c0808\">Doz\u00ean revandin\u00ea wiha ne:<\/span><\/h3>\n<h3 style=\"text-align: justify\"><span style=\"font-family: 'arial black', sans-serif;color: #808080\">H\u00eaz\u00ean S\u00fbriyeya Demokrat\u00eek (HSD) (231) zarok.<\/span><\/h3>\n<h3 style=\"text-align: justify\"><span style=\"font-family: 'arial black', sans-serif;color: #808080\">Yek\u00eeney\u00ean Parastina Gel \u00fb Jin\u00ea (YPG-YPJ) 203 zarok.<\/span><\/h3>\n<h3 style=\"text-align: justify\"><span style=\"font-family: 'arial black', sans-serif;color: #808080\">H\u00eaz\u00ean Ewlekariya Hundir\u00een\/ Asay\u00ee\u015fa Yek\u00eetiya Demokrat\u00eek (PYD) 27 zarok.<\/span><\/h3>\n<h3 style=\"text-align: justify\"><span style=\"font-family: 'arial black', sans-serif;color: #808080\">Partiy\u00ean din \u00ean gir\u00eaday\u00ee H\u00eaz\u00ean S\u00fbriyeya Demokrat\u00eek (HSD) zarokek tevl\u00ee xwe kirin.<\/span><\/h3>\n<h3 style=\"text-align: justify\"><span style=\"font-family: arial, helvetica, sans-serif\">Guterres di rapora xwe de amaje bi w\u00ea yek\u00ea j\u00ee kir, ku di dawiya sala 2023an de, e\u015fkere b\u00fb ku H\u00eaz\u00ean S\u00fbriya Demokrat\u00eek (HSD) z\u00eadetir\u00ee 800 zarok, di nav wan de zarok\u00ean biyan\u00ee, li kamp\u00ean El-Hol\u00ea \u00fb Roj y\u00ean li Rojavay\u00ea Kurdistan\u00ea \u00fb bakur\u00ea rojhilat\u00ea S\u00fbriy\u00ea girtine.<\/span><\/h3>\n<h3 style=\"text-align: justify\"><span style=\"font-family: arial, helvetica, sans-serif\">Sekreter\u00ea Gi\u015ft\u00ee y\u00ea Netew\u00ean Yekb\u00fby\u00ee amaje bi w\u00ea yek\u00ea j\u00ee kir, ku heta niha n\u00eaz\u00eek\u00ee 29 hezar zarok\u00ean ku p\u00eawendiya wan bi DAI\u015e\u00ea re heye, li kamp\u00ean El-Hol\u00ea \u00fb Roj \u00ean di bin kontrola H\u00eaz\u00ean S\u00fbriya Demokrat\u00eek de ne.<\/span><\/h3>\n<h3 style=\"text-align: justify\"><span style=\"font-family: arial, helvetica, sans-serif\">Sekreter\u00ea Gi\u015ft\u00ee y\u00ea Netew\u00ean Yekgirt\u00ee Ant\u00f3nio Guterres n\u00eegeraniya xwe derbar\u00ea tecn\u00eedkirin \u00fb bikaran\u00eena zarokan li ser dest\u00ean H\u00eaz\u00ean S\u00fbriya Demokrat\u00eek (HSD) an\u00ee ziman \u00fb daxwaza c\u00eebic\u00eekirina Peymana 2019an ya ku ji aliy\u00ea Mazl\u00fbm Ebd\u00ee \u00fb Virginia Gamba n\u00fbnera Netew\u00ean Yekgirt\u00ee ve ji boy bidaw\u00eekirin \u00fb nehi\u015ftina le\u015fkerkirina zarok\u00ean di bin temen\u00ea 18 sal\u00ee de, \u00fb ne bikaran\u00eena wan di operasyon\u00ean le\u015fker\u00ee de hatiye \u00eemzekirin.<\/span><\/h3>\n","protected":false},"excerpt":{"rendered":"<p>Sekreter\u00ea Gi\u015ft\u00ee y\u00ea Netewey\u00ean Yekb\u00fby\u00ee, e\u015fkere kir ku H\u00eaz\u00ean S\u00fbriyeya Demokrat\u00eek (HSD) \u00fb partiy\u00ean din \u00ean gir\u00eaday\u00ee w\u00ea bi sedan zarok li her\u00eam\u00ean di bin kontrola xwe de revandine \u00fb birin le\u015fkeriy\u00ea. Antonio Guterres di rapora xwe ya bi sernav\u00ea &#8220;Zarok \u00fb Pev\u00e7\u00fbn\u00ean \u00c7ekdar&#8221; de ku di 3\u00ea Hez\u00eerana 2024an de hat we\u015fandin de got [&hellip;]<\/p>\n","protected":false},"author":2,"featured_media":1043108,"comment_status":"closed","ping_status":"closed","sticky":false,"template":"","format":"standard","meta":{"footnotes":""},"categories":[29],"tags":[69,37],"class_list":["post-1043107","post","type-post","status-publish","format-standard","has-post-thumbnail","hentry","category-kurdistan","tag-mazlum-ebdi","tag-sereke"],"blocksy_meta":[],"seo_head":"<!-- This site is optimized with the Yoast SEO plugin v27.5 - https:\/\/yoast.com\/product\/yoast-seo-wordpress\/ -->\n<title>NY: HSD\u00ea \u00fb YPG\u00ea di 2023an de 460 zarok revandine \u00fb tevl\u00ee xwe kirine - Darka Maz\u00ee<\/title>\n<meta name=\"robots\" content=\"index, follow, max-snippet:-1, max-image-preview:large, max-video-preview:-1\" \/>\n<link rel=\"canonical\" href=\"https:\/\/darkamazi.info\/archives\/1043107\" \/>\n<meta property=\"og:locale\" content=\"en_US\" \/>\n<meta property=\"og:type\" content=\"article\" \/>\n<meta property=\"og:title\" content=\"NY: HSD\u00ea \u00fb YPG\u00ea di 2023an de 460 zarok revandine \u00fb tevl\u00ee xwe kirine - Darka Maz\u00ee\" \/>\n<meta property=\"og:description\" content=\"Sekreter\u00ea Gi\u015ft\u00ee y\u00ea Netewey\u00ean Yekb\u00fby\u00ee, e\u015fkere kir ku H\u00eaz\u00ean S\u00fbriyeya Demokrat\u00eek (HSD) \u00fb partiy\u00ean din \u00ean gir\u00eaday\u00ee w\u00ea bi sedan zarok li her\u00eam\u00ean di bin kontrola xwe de revandine \u00fb birin le\u015fkeriy\u00ea. Antonio Guterres di rapora xwe ya bi sernav\u00ea &#8220;Zarok \u00fb Pev\u00e7\u00fbn\u00ean \u00c7ekdar&#8221; de ku di 3\u00ea Hez\u00eerana 2024an de hat we\u015fandin de got [&hellip;]\" \/>\n<meta property=\"og:url\" content=\"https:\/\/darkamazi.info\/archives\/1043107\" \/>\n<meta property=\"og:site_name\" content=\"Darka Maz\u00ee\" \/>\n<meta property=\"article:publisher\" content=\"https:\/\/www.facebook.com\/DarMaziKurmanci\" \/>\n<meta property=\"article:published_time\" content=\"2024-06-20T08:48:43+00:00\" \/>\n<meta property=\"og:image\" content=\"https:\/\/darkamazi.info\/file\/2024\/06\/UN-PKK-YPG-QSD-SDF-Info.jpg\" \/>\n\t<meta property=\"og:image:width\" content=\"900\" \/>\n\t<meta property=\"og:image:height\" content=\"500\" \/>\n\t<meta property=\"og:image:type\" content=\"image\/jpeg\" \/>\n<meta name=\"author\" content=\"darka mazi\" \/>\n<meta name=\"twitter:card\" content=\"summary_large_image\" \/>\n<meta name=\"twitter:creator\" content=\"@DarkaMaziLatini\" \/>\n<meta name=\"twitter:site\" content=\"@DarkaMaziLatini\" \/>\n<meta name=\"twitter:label1\" content=\"Written by\" \/>\n\t<meta name=\"twitter:data1\" content=\"darka mazi\" \/>\n\t<meta name=\"twitter:label2\" content=\"Est. reading time\" \/>\n\t<meta name=\"twitter:data2\" content=\"2 minutes\" \/>\n<script type=\"application\/ld+json\" class=\"seo-schema-graph\">{\"@context\":\"https:\\\/\\\/schema.org\",\"@graph\":[{\"@type\":\"Article\",\"@id\":\"https:\\\/\\\/darkamazi.info\\\/archives\\\/1043107#article\",\"isPartOf\":{\"@id\":\"https:\\\/\\\/darkamazi.info\\\/archives\\\/1043107\"},\"author\":{\"name\":\"darka mazi\",\"@id\":\"https:\\\/\\\/darkamazi.info\\\/#\\\/schema\\\/person\\\/5ad3e24553a0567993fa8ed4bd0a776c\"},\"headline\":\"NY: HSD\u00ea \u00fb YPG\u00ea di 2023an de 460 zarok revandine \u00fb tevl\u00ee xwe kirine\",\"datePublished\":\"2024-06-20T08:48:43+00:00\",\"mainEntityOfPage\":{\"@id\":\"https:\\\/\\\/darkamazi.info\\\/archives\\\/1043107\"},\"wordCount\":350,\"publisher\":{\"@id\":\"https:\\\/\\\/darkamazi.info\\\/#organization\"},\"image\":{\"@id\":\"https:\\\/\\\/darkamazi.info\\\/archives\\\/1043107#primaryimage\"},\"thumbnailUrl\":\"https:\\\/\\\/darkamazi.info\\\/darka-content\\\/uploads\\\/2024\\\/06\\\/UN-PKK-YPG-QSD-SDF-Info.jpg\",\"keywords\":[\"Mazl\u00fbm Ebd\u00ee\",\"sereke\"],\"articleSection\":[\"Kurdistan\"],\"inLanguage\":\"en-US\"},{\"@type\":\"WebPage\",\"@id\":\"https:\\\/\\\/darkamazi.info\\\/archives\\\/1043107\",\"url\":\"https:\\\/\\\/darkamazi.info\\\/archives\\\/1043107\",\"name\":\"NY: HSD\u00ea \u00fb YPG\u00ea di 2023an de 460 zarok revandine \u00fb tevl\u00ee xwe kirine - Darka Maz\u00ee\",\"isPartOf\":{\"@id\":\"https:\\\/\\\/darkamazi.info\\\/#website\"},\"primaryImageOfPage\":{\"@id\":\"https:\\\/\\\/darkamazi.info\\\/archives\\\/1043107#primaryimage\"},\"image\":{\"@id\":\"https:\\\/\\\/darkamazi.info\\\/archives\\\/1043107#primaryimage\"},\"thumbnailUrl\":\"https:\\\/\\\/darkamazi.info\\\/darka-content\\\/uploads\\\/2024\\\/06\\\/UN-PKK-YPG-QSD-SDF-Info.jpg\",\"datePublished\":\"2024-06-20T08:48:43+00:00\",\"breadcrumb\":{\"@id\":\"https:\\\/\\\/darkamazi.info\\\/archives\\\/1043107#breadcrumb\"},\"inLanguage\":\"en-US\",\"potentialAction\":[{\"@type\":\"ReadAction\",\"target\":[\"https:\\\/\\\/darkamazi.info\\\/archives\\\/1043107\"]}]},{\"@type\":\"ImageObject\",\"inLanguage\":\"en-US\",\"@id\":\"https:\\\/\\\/darkamazi.info\\\/archives\\\/1043107#primaryimage\",\"url\":\"https:\\\/\\\/darkamazi.info\\\/darka-content\\\/uploads\\\/2024\\\/06\\\/UN-PKK-YPG-QSD-SDF-Info.jpg\",\"contentUrl\":\"https:\\\/\\\/darkamazi.info\\\/darka-content\\\/uploads\\\/2024\\\/06\\\/UN-PKK-YPG-QSD-SDF-Info.jpg\",\"width\":900,\"height\":500,\"caption\":\"UN-PKK-YPG-QSD-SDF-Net\"},{\"@type\":\"BreadcrumbList\",\"@id\":\"https:\\\/\\\/darkamazi.info\\\/archives\\\/1043107#breadcrumb\",\"itemListElement\":[{\"@type\":\"ListItem\",\"position\":1,\"name\":\"Home\",\"item\":\"https:\\\/\\\/darkamazi.info\\\/\"},{\"@type\":\"ListItem\",\"position\":2,\"name\":\"NY: HSD\u00ea \u00fb YPG\u00ea di 2023an de 460 zarok revandine \u00fb tevl\u00ee xwe kirine\"}]},{\"@type\":\"WebSite\",\"@id\":\"https:\\\/\\\/darkamazi.info\\\/#website\",\"url\":\"https:\\\/\\\/darkamazi.info\\\/\",\"name\":\"Darka Maz\u00ee\",\"description\":\"P\u00eageha Zanyariy\u00ean Nebih\u00eest\u00ee\",\"publisher\":{\"@id\":\"https:\\\/\\\/darkamazi.info\\\/#organization\"},\"potentialAction\":[{\"@type\":\"SearchAction\",\"target\":{\"@type\":\"EntryPoint\",\"urlTemplate\":\"https:\\\/\\\/darkamazi.info\\\/?s={search_term_string}\"},\"query-input\":{\"@type\":\"PropertyValueSpecification\",\"valueRequired\":true,\"valueName\":\"search_term_string\"}}],\"inLanguage\":\"en-US\"},{\"@type\":\"Organization\",\"@id\":\"https:\\\/\\\/darkamazi.info\\\/#organization\",\"name\":\"Darka Maz\u00ee\",\"url\":\"https:\\\/\\\/darkamazi.info\\\/\",\"logo\":{\"@type\":\"ImageObject\",\"inLanguage\":\"en-US\",\"@id\":\"https:\\\/\\\/darkamazi.info\\\/#\\\/schema\\\/logo\\\/image\\\/\",\"url\":\"https:\\\/\\\/darkamazi.info\\\/darka-content\\\/uploads\\\/2017\\\/12\\\/darka-mazi-logo.png\",\"contentUrl\":\"https:\\\/\\\/darkamazi.info\\\/darka-content\\\/uploads\\\/2017\\\/12\\\/darka-mazi-logo.png\",\"width\":151,\"height\":75,\"caption\":\"Darka Maz\u00ee\"},\"image\":{\"@id\":\"https:\\\/\\\/darkamazi.info\\\/#\\\/schema\\\/logo\\\/image\\\/\"},\"sameAs\":[\"https:\\\/\\\/www.facebook.com\\\/DarMaziKurmanci\",\"https:\\\/\\\/x.com\\\/DarkaMaziLatini\",\"https:\\\/\\\/www.instagram.com\\\/darkamazi.kurmanci\\\/\",\"https:\\\/\\\/www.youtube.com\\\/channel\\\/UCa5HkTdmI8U1qCUFuTw8B2g\"]},{\"@type\":\"Person\",\"@id\":\"https:\\\/\\\/darkamazi.info\\\/#\\\/schema\\\/person\\\/5ad3e24553a0567993fa8ed4bd0a776c\",\"name\":\"darka mazi\",\"sameAs\":[\"https:\\\/\\\/darkamazi.info\\\/\"],\"url\":\"https:\\\/\\\/darkamazi.info\\\/archives\\\/author\\\/kurdi\"}]}<\/script>\n<!-- \/ Yoast SEO plugin. -->","seo_head_json":{"title":"NY: HSD\u00ea \u00fb YPG\u00ea di 2023an de 460 zarok revandine \u00fb tevl\u00ee xwe kirine - Darka Maz\u00ee","robots":{"index":"index","follow":"follow","max-snippet":"max-snippet:-1","max-image-preview":"max-image-preview:large","max-video-preview":"max-video-preview:-1"},"canonical":"https:\/\/darkamazi.info\/archives\/1043107","og_locale":"en_US","og_type":"article","og_title":"NY: HSD\u00ea \u00fb YPG\u00ea di 2023an de 460 zarok revandine \u00fb tevl\u00ee xwe kirine - Darka Maz\u00ee","og_description":"Sekreter\u00ea Gi\u015ft\u00ee y\u00ea Netewey\u00ean Yekb\u00fby\u00ee, e\u015fkere kir ku H\u00eaz\u00ean S\u00fbriyeya Demokrat\u00eek (HSD) \u00fb partiy\u00ean din \u00ean gir\u00eaday\u00ee w\u00ea bi sedan zarok li her\u00eam\u00ean di bin kontrola xwe de revandine \u00fb birin le\u015fkeriy\u00ea. Antonio Guterres di rapora xwe ya bi sernav\u00ea &#8220;Zarok \u00fb Pev\u00e7\u00fbn\u00ean \u00c7ekdar&#8221; de ku di 3\u00ea Hez\u00eerana 2024an de hat we\u015fandin de got [&hellip;]","og_url":"https:\/\/darkamazi.info\/archives\/1043107","og_site_name":"Darka Maz\u00ee","article_publisher":"https:\/\/www.facebook.com\/DarMaziKurmanci","article_published_time":"2024-06-20T08:48:43+00:00","og_image":[{"width":900,"height":500,"url":"https:\/\/darkamazi.info\/file\/2024\/06\/UN-PKK-YPG-QSD-SDF-Info.jpg","type":"image\/jpeg"}],"author":"darka mazi","twitter_card":"summary_large_image","twitter_creator":"@DarkaMaziLatini","twitter_site":"@DarkaMaziLatini","twitter_misc":{"Written by":"darka mazi","Est. reading time":"2 minutes"},"schema":{"@context":"https:\/\/schema.org","@graph":[{"@type":"Article","@id":"https:\/\/darkamazi.info\/archives\/1043107#article","isPartOf":{"@id":"https:\/\/darkamazi.info\/archives\/1043107"},"author":{"name":"darka mazi","@id":"https:\/\/darkamazi.info\/#\/schema\/person\/5ad3e24553a0567993fa8ed4bd0a776c"},"headline":"NY: HSD\u00ea \u00fb YPG\u00ea di 2023an de 460 zarok revandine \u00fb tevl\u00ee xwe kirine","datePublished":"2024-06-20T08:48:43+00:00","mainEntityOfPage":{"@id":"https:\/\/darkamazi.info\/archives\/1043107"},"wordCount":350,"publisher":{"@id":"https:\/\/darkamazi.info\/#organization"},"image":{"@id":"https:\/\/darkamazi.info\/archives\/1043107#primaryimage"},"thumbnailUrl":"https:\/\/darkamazi.info\/file\/2024\/06\/UN-PKK-YPG-QSD-SDF-Info.jpg","keywords":["Mazl\u00fbm Ebd\u00ee","sereke"],"articleSection":["Kurdistan"],"inLanguage":"en-US"},{"@type":"WebPage","@id":"https:\/\/darkamazi.info\/archives\/1043107","url":"https:\/\/darkamazi.info\/archives\/1043107","name":"NY: HSD\u00ea \u00fb YPG\u00ea di 2023an de 460 zarok revandine \u00fb tevl\u00ee xwe kirine - Darka Maz\u00ee","isPartOf":{"@id":"https:\/\/darkamazi.info\/#website"},"primaryImageOfPage":{"@id":"https:\/\/darkamazi.info\/archives\/1043107#primaryimage"},"image":{"@id":"https:\/\/darkamazi.info\/archives\/1043107#primaryimage"},"thumbnailUrl":"https:\/\/darkamazi.info\/file\/2024\/06\/UN-PKK-YPG-QSD-SDF-Info.jpg","datePublished":"2024-06-20T08:48:43+00:00","breadcrumb":{"@id":"https:\/\/darkamazi.info\/archives\/1043107#breadcrumb"},"inLanguage":"en-US","potentialAction":[{"@type":"ReadAction","target":["https:\/\/darkamazi.info\/archives\/1043107"]}]},{"@type":"ImageObject","inLanguage":"en-US","@id":"https:\/\/darkamazi.info\/archives\/1043107#primaryimage","url":"https:\/\/darkamazi.info\/file\/2024\/06\/UN-PKK-YPG-QSD-SDF-Info.jpg","contentUrl":"https:\/\/darkamazi.info\/file\/2024\/06\/UN-PKK-YPG-QSD-SDF-Info.jpg","width":900,"height":500,"caption":"UN-PKK-YPG-QSD-SDF-Net"},{"@type":"BreadcrumbList","@id":"https:\/\/darkamazi.info\/archives\/1043107#breadcrumb","itemListElement":[{"@type":"ListItem","position":1,"name":"Home","item":"https:\/\/darkamazi.info\/"},{"@type":"ListItem","position":2,"name":"NY: HSD\u00ea \u00fb YPG\u00ea di 2023an de 460 zarok revandine \u00fb tevl\u00ee xwe kirine"}]},{"@type":"WebSite","@id":"https:\/\/darkamazi.info\/#website","url":"https:\/\/darkamazi.info\/","name":"Darka Maz\u00ee","description":"P\u00eageha Zanyariy\u00ean Nebih\u00eest\u00ee","publisher":{"@id":"https:\/\/darkamazi.info\/#organization"},"potentialAction":[{"@type":"SearchAction","target":{"@type":"EntryPoint","urlTemplate":"https:\/\/darkamazi.info\/?s={search_term_string}"},"query-input":{"@type":"PropertyValueSpecification","valueRequired":true,"valueName":"search_term_string"}}],"inLanguage":"en-US"},{"@type":"Organization","@id":"https:\/\/darkamazi.info\/#organization","name":"Darka Maz\u00ee","url":"https:\/\/darkamazi.info\/","logo":{"@type":"ImageObject","inLanguage":"en-US","@id":"https:\/\/darkamazi.info\/#\/schema\/logo\/image\/","url":"https:\/\/darkamazi.info\/file\/2017\/12\/darka-mazi-logo.png","contentUrl":"https:\/\/darkamazi.info\/file\/2017\/12\/darka-mazi-logo.png","width":151,"height":75,"caption":"Darka Maz\u00ee"},"image":{"@id":"https:\/\/darkamazi.info\/#\/schema\/logo\/image\/"},"sameAs":["https:\/\/www.facebook.com\/DarMaziKurmanci","https:\/\/x.com\/DarkaMaziLatini","https:\/\/www.instagram.com\/darkamazi.kurmanci\/","https:\/\/www.youtube.com\/channel\/UCa5HkTdmI8U1qCUFuTw8B2g"]},{"@type":"Person","@id":"https:\/\/darkamazi.info\/#\/schema\/person\/5ad3e24553a0567993fa8ed4bd0a776c","name":"darka mazi","sameAs":["https:\/\/darkamazi.info\/"],"url":"https:\/\/darkamazi.info\/archives\/author\/kurdi"}]}},"_links":{"self":[{"href":"https:\/\/darkamazi.info\/funavuv\/wp\/v2\/posts\/1043107","targetHints":{"allow":["GET"]}}],"collection":[{"href":"https:\/\/darkamazi.info\/funavuv\/wp\/v2\/posts"}],"about":[{"href":"https:\/\/darkamazi.info\/funavuv\/wp\/v2\/types\/post"}],"author":[{"embeddable":true,"href":"https:\/\/darkamazi.info\/funavuv\/wp\/v2\/users\/2"}],"replies":[{"embeddable":true,"href":"https:\/\/darkamazi.info\/funavuv\/wp\/v2\/comments?post=1043107"}],"version-history":[{"count":0,"href":"https:\/\/darkamazi.info\/funavuv\/wp\/v2\/posts\/1043107\/revisions"}],"wp:featuredmedia":[{"embeddable":true,"href":"https:\/\/darkamazi.info\/funavuv\/wp\/v2\/media\/1043108"}],"wp:attachment":[{"href":"https:\/\/darkamazi.info\/funavuv\/wp\/v2\/media?parent=1043107"}],"wp:term":[{"taxonomy":"category","embeddable":true,"href":"https:\/\/darkamazi.info\/funavuv\/wp\/v2\/categories?post=1043107"},{"taxonomy":"post_tag","embeddable":true,"href":"https:\/\/darkamazi.info\/funavuv\/wp\/v2\/tags?post=1043107"}],"curies":[{"name":"wp","href":"https:\/\/api.w.org\/{rel}","templated":true}]}}