{"id":1043151,"date":"2024-06-23T12:31:29","date_gmt":"2024-06-23T09:31:29","guid":{"rendered":"https:\/\/darkamazi.info\/?p=1043151"},"modified":"2024-06-23T12:34:10","modified_gmt":"2024-06-23T09:34:10","slug":"cekdaren-pkke-bijiskek-li-bajare-heseke-revandin","status":"publish","type":"post","link":"https:\/\/darkamazi.info\/archives\/1043151","title":{"rendered":"\u00c7ekdar\u00ean PYD\u2019\u00ea bij\u00ee\u015fkek li bajar\u00ea Hesek\u00ea revandin"},"content":{"rendered":"<h3 style=\"text-align: justify\"><span style=\"font-family: 'arial black', sans-serif\">\u00cero 23.06.2024\u00ea \u00e7apemeniya Rojavay\u00ea Kurdistan\u00ea ragehand ku li bajar\u00ea Hesek\u00ea, \u00e7ekdar\u00ean PYD&#8217;\u00ea (Partiya Yekitiya Demokrat\u00eek) ku bask\u00ea PKK&#8217;\u00ea y\u00ea Rojavay\u00ea Kurdistan\u00ea ye, bij\u00ee\u015fkek ji bo c\u00eeheke nediyar revandine.<\/span><\/h3>\n<h3 style=\"text-align: justify\">V\u00ea \u00e7ar\u00e7ovey\u00ea de tora S\u00fbr\u00ee ya Maf\u00ean Mirovan beyanameyek belav kir \u00fb ragehand, \u00e7ekdar\u00ean PYD&#8217;\u00ea li nav\u00e7eya Tel Eswed a li bakur\u00ea bajar\u00ea Hesek\u00ea, bij\u00ee\u015fkek\u00ee bi nav\u00ea Ebdula Salih li kl\u00een\u00eeka w\u00ee ew girtine \u00fb ew bij\u00ee\u015fke ji bo c\u00eeheke nediyar birine \u00fb h\u00een sedem\u00ea girtina w\u00ee nehatiye zan\u00een.<\/h3>\n<h3 style=\"text-align: justify\">Li gor zanyariyan di heyama du meh\u00ean bor\u00ee de \u00e7ekdar\u00ean PYD-PKK&#8217;\u00ea li Rojavay\u00ea Kurdistan\u00ea 15 \u00e7alakvan\u00ean siyas\u00ee \u00fb rojnamevan ji bo c\u00eeh\u00ean nediyar revandine \u00fb heta naha \u00e7areniv\u00eesa wan nediyare.<\/h3>\n","protected":false},"excerpt":{"rendered":"<p>\u00cero 23.06.2024\u00ea \u00e7apemeniya Rojavay\u00ea Kurdistan\u00ea ragehand ku li bajar\u00ea Hesek\u00ea, \u00e7ekdar\u00ean PYD&#8217;\u00ea (Partiya Yekitiya Demokrat\u00eek) ku bask\u00ea PKK&#8217;\u00ea y\u00ea Rojavay\u00ea Kurdistan\u00ea ye, bij\u00ee\u015fkek ji bo c\u00eeheke nediyar revandine. V\u00ea \u00e7ar\u00e7ovey\u00ea de tora S\u00fbr\u00ee ya Maf\u00ean Mirovan beyanameyek belav kir \u00fb ragehand, \u00e7ekdar\u00ean PYD&#8217;\u00ea li nav\u00e7eya Tel Eswed a li bakur\u00ea bajar\u00ea Hesek\u00ea, bij\u00ee\u015fkek\u00ee bi nav\u00ea [&hellip;]<\/p>\n","protected":false},"author":2,"featured_media":1043152,"comment_status":"closed","ping_status":"closed","sticky":false,"template":"","format":"standard","meta":{"footnotes":""},"categories":[29],"tags":[37],"class_list":["post-1043151","post","type-post","status-publish","format-standard","has-post-thumbnail","hentry","category-kurdistan","tag-sereke"],"blocksy_meta":[],"seo_head":"<!-- This site is optimized with the Yoast SEO plugin v27.5 - https:\/\/yoast.com\/product\/yoast-seo-wordpress\/ -->\n<title>\u00c7ekdar\u00ean PYD\u2019\u00ea bij\u00ee\u015fkek li bajar\u00ea Hesek\u00ea revandin - Darka Maz\u00ee<\/title>\n<meta name=\"robots\" content=\"index, follow, max-snippet:-1, max-image-preview:large, max-video-preview:-1\" \/>\n<link rel=\"canonical\" href=\"https:\/\/darkamazi.info\/archives\/1043151\" \/>\n<meta property=\"og:locale\" content=\"en_US\" \/>\n<meta property=\"og:type\" content=\"article\" \/>\n<meta property=\"og:title\" content=\"\u00c7ekdar\u00ean PYD\u2019\u00ea bij\u00ee\u015fkek li bajar\u00ea Hesek\u00ea revandin - Darka Maz\u00ee\" \/>\n<meta property=\"og:description\" content=\"\u00cero 23.06.2024\u00ea \u00e7apemeniya Rojavay\u00ea Kurdistan\u00ea ragehand ku li bajar\u00ea Hesek\u00ea, \u00e7ekdar\u00ean PYD&#8217;\u00ea (Partiya Yekitiya Demokrat\u00eek) ku bask\u00ea PKK&#8217;\u00ea y\u00ea Rojavay\u00ea Kurdistan\u00ea ye, bij\u00ee\u015fkek ji bo c\u00eeheke nediyar revandine. V\u00ea \u00e7ar\u00e7ovey\u00ea de tora S\u00fbr\u00ee ya Maf\u00ean Mirovan beyanameyek belav kir \u00fb ragehand, \u00e7ekdar\u00ean PYD&#8217;\u00ea li nav\u00e7eya Tel Eswed a li bakur\u00ea bajar\u00ea Hesek\u00ea, bij\u00ee\u015fkek\u00ee bi nav\u00ea [&hellip;]\" \/>\n<meta property=\"og:url\" content=\"https:\/\/darkamazi.info\/archives\/1043151\" \/>\n<meta property=\"og:site_name\" content=\"Darka Maz\u00ee\" \/>\n<meta property=\"article:publisher\" content=\"https:\/\/www.facebook.com\/DarMaziKurmanci\" \/>\n<meta property=\"article:published_time\" content=\"2024-06-23T09:31:29+00:00\" \/>\n<meta property=\"article:modified_time\" content=\"2024-06-23T09:34:10+00:00\" \/>\n<meta property=\"og:image\" content=\"https:\/\/darkamazi.info\/file\/2024\/06\/zarok-revandin-1.jpg\" \/>\n\t<meta property=\"og:image:width\" content=\"900\" \/>\n\t<meta property=\"og:image:height\" content=\"497\" \/>\n\t<meta property=\"og:image:type\" content=\"image\/jpeg\" \/>\n<meta name=\"author\" content=\"darka mazi\" \/>\n<meta name=\"twitter:card\" content=\"summary_large_image\" \/>\n<meta name=\"twitter:creator\" content=\"@DarkaMaziLatini\" \/>\n<meta name=\"twitter:site\" content=\"@DarkaMaziLatini\" \/>\n<meta name=\"twitter:label1\" content=\"Written by\" \/>\n\t<meta name=\"twitter:data1\" content=\"darka mazi\" \/>\n\t<meta name=\"twitter:label2\" content=\"Est. reading time\" \/>\n\t<meta name=\"twitter:data2\" content=\"1 minute\" \/>\n<script type=\"application\/ld+json\" class=\"seo-schema-graph\">{\"@context\":\"https:\\\/\\\/schema.org\",\"@graph\":[{\"@type\":\"Article\",\"@id\":\"https:\\\/\\\/darkamazi.info\\\/archives\\\/1043151#article\",\"isPartOf\":{\"@id\":\"https:\\\/\\\/darkamazi.info\\\/archives\\\/1043151\"},\"author\":{\"name\":\"darka mazi\",\"@id\":\"https:\\\/\\\/darkamazi.info\\\/#\\\/schema\\\/person\\\/5ad3e24553a0567993fa8ed4bd0a776c\"},\"headline\":\"\u00c7ekdar\u00ean PYD\u2019\u00ea bij\u00ee\u015fkek li bajar\u00ea Hesek\u00ea revandin\",\"datePublished\":\"2024-06-23T09:31:29+00:00\",\"dateModified\":\"2024-06-23T09:34:10+00:00\",\"mainEntityOfPage\":{\"@id\":\"https:\\\/\\\/darkamazi.info\\\/archives\\\/1043151\"},\"wordCount\":131,\"publisher\":{\"@id\":\"https:\\\/\\\/darkamazi.info\\\/#organization\"},\"image\":{\"@id\":\"https:\\\/\\\/darkamazi.info\\\/archives\\\/1043151#primaryimage\"},\"thumbnailUrl\":\"https:\\\/\\\/darkamazi.info\\\/darka-content\\\/uploads\\\/2024\\\/06\\\/zarok-revandin-1.jpg\",\"keywords\":[\"sereke\"],\"articleSection\":[\"Kurdistan\"],\"inLanguage\":\"en-US\"},{\"@type\":\"WebPage\",\"@id\":\"https:\\\/\\\/darkamazi.info\\\/archives\\\/1043151\",\"url\":\"https:\\\/\\\/darkamazi.info\\\/archives\\\/1043151\",\"name\":\"\u00c7ekdar\u00ean PYD\u2019\u00ea bij\u00ee\u015fkek li bajar\u00ea Hesek\u00ea revandin - Darka Maz\u00ee\",\"isPartOf\":{\"@id\":\"https:\\\/\\\/darkamazi.info\\\/#website\"},\"primaryImageOfPage\":{\"@id\":\"https:\\\/\\\/darkamazi.info\\\/archives\\\/1043151#primaryimage\"},\"image\":{\"@id\":\"https:\\\/\\\/darkamazi.info\\\/archives\\\/1043151#primaryimage\"},\"thumbnailUrl\":\"https:\\\/\\\/darkamazi.info\\\/darka-content\\\/uploads\\\/2024\\\/06\\\/zarok-revandin-1.jpg\",\"datePublished\":\"2024-06-23T09:31:29+00:00\",\"dateModified\":\"2024-06-23T09:34:10+00:00\",\"breadcrumb\":{\"@id\":\"https:\\\/\\\/darkamazi.info\\\/archives\\\/1043151#breadcrumb\"},\"inLanguage\":\"en-US\",\"potentialAction\":[{\"@type\":\"ReadAction\",\"target\":[\"https:\\\/\\\/darkamazi.info\\\/archives\\\/1043151\"]}]},{\"@type\":\"ImageObject\",\"inLanguage\":\"en-US\",\"@id\":\"https:\\\/\\\/darkamazi.info\\\/archives\\\/1043151#primaryimage\",\"url\":\"https:\\\/\\\/darkamazi.info\\\/darka-content\\\/uploads\\\/2024\\\/06\\\/zarok-revandin-1.jpg\",\"contentUrl\":\"https:\\\/\\\/darkamazi.info\\\/darka-content\\\/uploads\\\/2024\\\/06\\\/zarok-revandin-1.jpg\",\"width\":900,\"height\":497,\"caption\":\"\u00c7ekdar\u00ean PKK\u2019\u00ea bij\u00ee\u015fkek li bajar\u00ea Hesek\u00ea revandin\"},{\"@type\":\"BreadcrumbList\",\"@id\":\"https:\\\/\\\/darkamazi.info\\\/archives\\\/1043151#breadcrumb\",\"itemListElement\":[{\"@type\":\"ListItem\",\"position\":1,\"name\":\"Home\",\"item\":\"https:\\\/\\\/darkamazi.info\\\/\"},{\"@type\":\"ListItem\",\"position\":2,\"name\":\"\u00c7ekdar\u00ean PYD\u2019\u00ea bij\u00ee\u015fkek li bajar\u00ea Hesek\u00ea revandin\"}]},{\"@type\":\"WebSite\",\"@id\":\"https:\\\/\\\/darkamazi.info\\\/#website\",\"url\":\"https:\\\/\\\/darkamazi.info\\\/\",\"name\":\"Darka Maz\u00ee\",\"description\":\"P\u00eageha Zanyariy\u00ean Nebih\u00eest\u00ee\",\"publisher\":{\"@id\":\"https:\\\/\\\/darkamazi.info\\\/#organization\"},\"potentialAction\":[{\"@type\":\"SearchAction\",\"target\":{\"@type\":\"EntryPoint\",\"urlTemplate\":\"https:\\\/\\\/darkamazi.info\\\/?s={search_term_string}\"},\"query-input\":{\"@type\":\"PropertyValueSpecification\",\"valueRequired\":true,\"valueName\":\"search_term_string\"}}],\"inLanguage\":\"en-US\"},{\"@type\":\"Organization\",\"@id\":\"https:\\\/\\\/darkamazi.info\\\/#organization\",\"name\":\"Darka Maz\u00ee\",\"url\":\"https:\\\/\\\/darkamazi.info\\\/\",\"logo\":{\"@type\":\"ImageObject\",\"inLanguage\":\"en-US\",\"@id\":\"https:\\\/\\\/darkamazi.info\\\/#\\\/schema\\\/logo\\\/image\\\/\",\"url\":\"https:\\\/\\\/darkamazi.info\\\/darka-content\\\/uploads\\\/2017\\\/12\\\/darka-mazi-logo.png\",\"contentUrl\":\"https:\\\/\\\/darkamazi.info\\\/darka-content\\\/uploads\\\/2017\\\/12\\\/darka-mazi-logo.png\",\"width\":151,\"height\":75,\"caption\":\"Darka Maz\u00ee\"},\"image\":{\"@id\":\"https:\\\/\\\/darkamazi.info\\\/#\\\/schema\\\/logo\\\/image\\\/\"},\"sameAs\":[\"https:\\\/\\\/www.facebook.com\\\/DarMaziKurmanci\",\"https:\\\/\\\/x.com\\\/DarkaMaziLatini\",\"https:\\\/\\\/www.instagram.com\\\/darkamazi.kurmanci\\\/\",\"https:\\\/\\\/www.youtube.com\\\/channel\\\/UCa5HkTdmI8U1qCUFuTw8B2g\"]},{\"@type\":\"Person\",\"@id\":\"https:\\\/\\\/darkamazi.info\\\/#\\\/schema\\\/person\\\/5ad3e24553a0567993fa8ed4bd0a776c\",\"name\":\"darka mazi\",\"sameAs\":[\"https:\\\/\\\/darkamazi.info\\\/\"],\"url\":\"https:\\\/\\\/darkamazi.info\\\/archives\\\/author\\\/kurdi\"}]}<\/script>\n<!-- \/ Yoast SEO plugin. -->","seo_head_json":{"title":"\u00c7ekdar\u00ean PYD\u2019\u00ea bij\u00ee\u015fkek li bajar\u00ea Hesek\u00ea revandin - Darka Maz\u00ee","robots":{"index":"index","follow":"follow","max-snippet":"max-snippet:-1","max-image-preview":"max-image-preview:large","max-video-preview":"max-video-preview:-1"},"canonical":"https:\/\/darkamazi.info\/archives\/1043151","og_locale":"en_US","og_type":"article","og_title":"\u00c7ekdar\u00ean PYD\u2019\u00ea bij\u00ee\u015fkek li bajar\u00ea Hesek\u00ea revandin - Darka Maz\u00ee","og_description":"\u00cero 23.06.2024\u00ea \u00e7apemeniya Rojavay\u00ea Kurdistan\u00ea ragehand ku li bajar\u00ea Hesek\u00ea, \u00e7ekdar\u00ean PYD&#8217;\u00ea (Partiya Yekitiya Demokrat\u00eek) ku bask\u00ea PKK&#8217;\u00ea y\u00ea Rojavay\u00ea Kurdistan\u00ea ye, bij\u00ee\u015fkek ji bo c\u00eeheke nediyar revandine. V\u00ea \u00e7ar\u00e7ovey\u00ea de tora S\u00fbr\u00ee ya Maf\u00ean Mirovan beyanameyek belav kir \u00fb ragehand, \u00e7ekdar\u00ean PYD&#8217;\u00ea li nav\u00e7eya Tel Eswed a li bakur\u00ea bajar\u00ea Hesek\u00ea, bij\u00ee\u015fkek\u00ee bi nav\u00ea [&hellip;]","og_url":"https:\/\/darkamazi.info\/archives\/1043151","og_site_name":"Darka Maz\u00ee","article_publisher":"https:\/\/www.facebook.com\/DarMaziKurmanci","article_published_time":"2024-06-23T09:31:29+00:00","article_modified_time":"2024-06-23T09:34:10+00:00","og_image":[{"width":900,"height":497,"url":"https:\/\/darkamazi.info\/file\/2024\/06\/zarok-revandin-1.jpg","type":"image\/jpeg"}],"author":"darka mazi","twitter_card":"summary_large_image","twitter_creator":"@DarkaMaziLatini","twitter_site":"@DarkaMaziLatini","twitter_misc":{"Written by":"darka mazi","Est. reading time":"1 minute"},"schema":{"@context":"https:\/\/schema.org","@graph":[{"@type":"Article","@id":"https:\/\/darkamazi.info\/archives\/1043151#article","isPartOf":{"@id":"https:\/\/darkamazi.info\/archives\/1043151"},"author":{"name":"darka mazi","@id":"https:\/\/darkamazi.info\/#\/schema\/person\/5ad3e24553a0567993fa8ed4bd0a776c"},"headline":"\u00c7ekdar\u00ean PYD\u2019\u00ea bij\u00ee\u015fkek li bajar\u00ea Hesek\u00ea revandin","datePublished":"2024-06-23T09:31:29+00:00","dateModified":"2024-06-23T09:34:10+00:00","mainEntityOfPage":{"@id":"https:\/\/darkamazi.info\/archives\/1043151"},"wordCount":131,"publisher":{"@id":"https:\/\/darkamazi.info\/#organization"},"image":{"@id":"https:\/\/darkamazi.info\/archives\/1043151#primaryimage"},"thumbnailUrl":"https:\/\/darkamazi.info\/file\/2024\/06\/zarok-revandin-1.jpg","keywords":["sereke"],"articleSection":["Kurdistan"],"inLanguage":"en-US"},{"@type":"WebPage","@id":"https:\/\/darkamazi.info\/archives\/1043151","url":"https:\/\/darkamazi.info\/archives\/1043151","name":"\u00c7ekdar\u00ean PYD\u2019\u00ea bij\u00ee\u015fkek li bajar\u00ea Hesek\u00ea revandin - Darka Maz\u00ee","isPartOf":{"@id":"https:\/\/darkamazi.info\/#website"},"primaryImageOfPage":{"@id":"https:\/\/darkamazi.info\/archives\/1043151#primaryimage"},"image":{"@id":"https:\/\/darkamazi.info\/archives\/1043151#primaryimage"},"thumbnailUrl":"https:\/\/darkamazi.info\/file\/2024\/06\/zarok-revandin-1.jpg","datePublished":"2024-06-23T09:31:29+00:00","dateModified":"2024-06-23T09:34:10+00:00","breadcrumb":{"@id":"https:\/\/darkamazi.info\/archives\/1043151#breadcrumb"},"inLanguage":"en-US","potentialAction":[{"@type":"ReadAction","target":["https:\/\/darkamazi.info\/archives\/1043151"]}]},{"@type":"ImageObject","inLanguage":"en-US","@id":"https:\/\/darkamazi.info\/archives\/1043151#primaryimage","url":"https:\/\/darkamazi.info\/file\/2024\/06\/zarok-revandin-1.jpg","contentUrl":"https:\/\/darkamazi.info\/file\/2024\/06\/zarok-revandin-1.jpg","width":900,"height":497,"caption":"\u00c7ekdar\u00ean PKK\u2019\u00ea bij\u00ee\u015fkek li bajar\u00ea Hesek\u00ea revandin"},{"@type":"BreadcrumbList","@id":"https:\/\/darkamazi.info\/archives\/1043151#breadcrumb","itemListElement":[{"@type":"ListItem","position":1,"name":"Home","item":"https:\/\/darkamazi.info\/"},{"@type":"ListItem","position":2,"name":"\u00c7ekdar\u00ean PYD\u2019\u00ea bij\u00ee\u015fkek li bajar\u00ea Hesek\u00ea revandin"}]},{"@type":"WebSite","@id":"https:\/\/darkamazi.info\/#website","url":"https:\/\/darkamazi.info\/","name":"Darka Maz\u00ee","description":"P\u00eageha Zanyariy\u00ean Nebih\u00eest\u00ee","publisher":{"@id":"https:\/\/darkamazi.info\/#organization"},"potentialAction":[{"@type":"SearchAction","target":{"@type":"EntryPoint","urlTemplate":"https:\/\/darkamazi.info\/?s={search_term_string}"},"query-input":{"@type":"PropertyValueSpecification","valueRequired":true,"valueName":"search_term_string"}}],"inLanguage":"en-US"},{"@type":"Organization","@id":"https:\/\/darkamazi.info\/#organization","name":"Darka Maz\u00ee","url":"https:\/\/darkamazi.info\/","logo":{"@type":"ImageObject","inLanguage":"en-US","@id":"https:\/\/darkamazi.info\/#\/schema\/logo\/image\/","url":"https:\/\/darkamazi.info\/file\/2017\/12\/darka-mazi-logo.png","contentUrl":"https:\/\/darkamazi.info\/file\/2017\/12\/darka-mazi-logo.png","width":151,"height":75,"caption":"Darka Maz\u00ee"},"image":{"@id":"https:\/\/darkamazi.info\/#\/schema\/logo\/image\/"},"sameAs":["https:\/\/www.facebook.com\/DarMaziKurmanci","https:\/\/x.com\/DarkaMaziLatini","https:\/\/www.instagram.com\/darkamazi.kurmanci\/","https:\/\/www.youtube.com\/channel\/UCa5HkTdmI8U1qCUFuTw8B2g"]},{"@type":"Person","@id":"https:\/\/darkamazi.info\/#\/schema\/person\/5ad3e24553a0567993fa8ed4bd0a776c","name":"darka mazi","sameAs":["https:\/\/darkamazi.info\/"],"url":"https:\/\/darkamazi.info\/archives\/author\/kurdi"}]}},"_links":{"self":[{"href":"https:\/\/darkamazi.info\/funavuv\/wp\/v2\/posts\/1043151","targetHints":{"allow":["GET"]}}],"collection":[{"href":"https:\/\/darkamazi.info\/funavuv\/wp\/v2\/posts"}],"about":[{"href":"https:\/\/darkamazi.info\/funavuv\/wp\/v2\/types\/post"}],"author":[{"embeddable":true,"href":"https:\/\/darkamazi.info\/funavuv\/wp\/v2\/users\/2"}],"replies":[{"embeddable":true,"href":"https:\/\/darkamazi.info\/funavuv\/wp\/v2\/comments?post=1043151"}],"version-history":[{"count":0,"href":"https:\/\/darkamazi.info\/funavuv\/wp\/v2\/posts\/1043151\/revisions"}],"wp:featuredmedia":[{"embeddable":true,"href":"https:\/\/darkamazi.info\/funavuv\/wp\/v2\/media\/1043152"}],"wp:attachment":[{"href":"https:\/\/darkamazi.info\/funavuv\/wp\/v2\/media?parent=1043151"}],"wp:term":[{"taxonomy":"category","embeddable":true,"href":"https:\/\/darkamazi.info\/funavuv\/wp\/v2\/categories?post=1043151"},{"taxonomy":"post_tag","embeddable":true,"href":"https:\/\/darkamazi.info\/funavuv\/wp\/v2\/tags?post=1043151"}],"curies":[{"name":"wp","href":"https:\/\/api.w.org\/{rel}","templated":true}]}}