{"id":1043981,"date":"2024-08-11T20:40:22","date_gmt":"2024-08-11T17:40:22","guid":{"rendered":"https:\/\/darkamazi.info\/?p=1043981"},"modified":"2024-08-11T20:41:18","modified_gmt":"2024-08-11T17:41:18","slug":"pkke-hejmareke-ciwanen-herema-kurdistane-bi-nave-ewropaye-xapandin-u-birine-qendile","status":"publish","type":"post","link":"https:\/\/darkamazi.info\/archives\/1043981","title":{"rendered":"PKK\u00ea hejmareke ciwan\u00ean Her\u00eama Kurdistan\u00ea bi nav\u00ea Ewropay\u00ea xapandin \u00fb birine Qend\u00eel\u00ea"},"content":{"rendered":"<h3 style=\"text-align: justify\"><span style=\"font-family: 'arial black', sans-serif\">R\u00eaxistin\u00ean PKK\u00ea hejmareke ciwan\u00ean Kurd y\u00ean ji Ba\u015f\u00fbr \u00fb Rojhilata Kurdistan\u00ea xapandin \u00fb li j\u00ear nav\u00ea veguhestina wan bo Ewropay\u00ea birin Qend\u00eel\u00ea \u00fb li wir tevl\u00ee xul\u00ean perwerdeya le\u015fkir\u00ee kirine.<\/span><\/h3>\n<h3 style=\"text-align: justify\"><span style=\"font-family: arial, helvetica, sans-serif\">\u00c7avkaniy\u00ean p\u00eageha Darka Maz\u00ee y\u00ean li Ba\u015f\u00fbr\u00ea Kurdistan\u00ea a\u015fkere kirin, roja 4 T\u00eermeha \u00eesal 2024\u00ea daw\u00ee bi de xul\u00ean perwerdeya le\u015fker\u00ee li binara Qend\u00eel\u00ea \u00fb K\u00eale\u015f\u00een\u00ea an\u00ee, di her xulek\u00ea de 15 heya 20 ciwanan be\u015fdarb\u00fbn \u00fb piran\u00ee j\u00ea ji Rojihlat \u00fb Ba\u015f\u00fbr\u00ea Kurdistan\u00ea ne.<\/span><\/h3>\n<h3 style=\"text-align: justify\"><span style=\"font-family: arial, helvetica, sans-serif\">\u00c7avkaniy\u00ean me destn\u00ee\u015fan kirin, organ\u00ean PKK\u00ea ev ciwan xapanidb\u00fbn \u00fb li j\u00ear nav\u00ea veguhestina wan bo Ewropay\u00ea, ew k\u00ea\u015f\u00ee Qend\u00eel\u00ea \u00fb xin\u00eare kirne \u00fb li wir bi dar\u00ea zor\u00ea tevl\u00ee xul\u00ean \u00e7ekdar\u00ee kirine.<\/span><\/h3>\n<h3 style=\"text-align: justify\"><span style=\"font-family: arial, helvetica, sans-serif\">Agahiy\u00ean dest\u00ea me tesp\u00eet kirine ku t\u00ea \u00e7aver\u00eakirin hejmareke wan ciwan\u00ean ku tevl\u00ee xul\u00ean \u00e7ekdar\u00ee b\u00fbne, bi hinek G\u00ear\u00eelay\u00ean PKK\u00ea re \u00fb hevaheng\u00eeya Sipay\u00ea Pasdaran di nava xaka \u00ceran\u00ea re di s\u00eenor\u00ea par\u00eazgeh\u00eeya Urmiy\u00ea re derbas\u00ee Bakur\u00ea Kurdistan\u00ea \u00fb her\u00eam\u00ean Serhed \u00fb D\u00earsm\u00ea bibin.<\/span><\/h3>\n<h3 style=\"text-align: justify\"><span style=\"font-family: arial, helvetica, sans-serif\">R\u00eaxistina PKK\u00ea bi sedema wendahiy\u00ean w\u00ea y\u00ean mezin ku rojane \u00e7ekdar\u00ean w\u00ea t\u00ean ku\u015ftin, her wiha lewazb\u00fbna asta tevl\u00ee b\u00fbna \u015fervan\u00ean n\u00fb bo r\u00eaxistin\u00ea, pena biriye revandin \u00fb xapandina ciwan\u00ean Kurdan ji her \u00e7ar per\u00e7ey\u00ean Kurdistan\u00ea, ji boy v\u00ea j\u00ee organ\u00ean PKK\u00ea di sala rab\u00fbr\u00ee 2023an de hejmareka ciwanana li j\u00ear nav\u00ea veguhestina wan bo Ewropay\u00ea xapandin, ew k\u00ea\u015f\u00ee \u00e7iya kirin \u00fb tevl\u00ee xul\u00ean perwerdeya le\u015fkir\u00ee b\u00fbn \u00fb h\u00eajan ew bi na\u00e7ar\u00ee di nav r\u00eaxistin\u00ea de ma ne.<\/span><\/h3>\n","protected":false},"excerpt":{"rendered":"<p>R\u00eaxistin\u00ean PKK\u00ea hejmareke ciwan\u00ean Kurd y\u00ean ji Ba\u015f\u00fbr \u00fb Rojhilata Kurdistan\u00ea xapandin \u00fb li j\u00ear nav\u00ea veguhestina wan bo Ewropay\u00ea birin Qend\u00eel\u00ea \u00fb li wir tevl\u00ee xul\u00ean perwerdeya le\u015fkir\u00ee kirine. \u00c7avkaniy\u00ean p\u00eageha Darka Maz\u00ee y\u00ean li Ba\u015f\u00fbr\u00ea Kurdistan\u00ea a\u015fkere kirin, roja 4 T\u00eermeha \u00eesal 2024\u00ea daw\u00ee bi de xul\u00ean perwerdeya le\u015fker\u00ee li binara Qend\u00eel\u00ea \u00fb [&hellip;]<\/p>\n","protected":false},"author":2,"featured_media":1043982,"comment_status":"closed","ping_status":"closed","sticky":false,"template":"","format":"standard","meta":{"footnotes":""},"categories":[40],"tags":[],"class_list":["post-1043981","post","type-post","status-publish","format-standard","has-post-thumbnail","hentry","category-niheni"],"blocksy_meta":[],"seo_head":"<!-- This site is optimized with the Yoast SEO plugin v27.5 - https:\/\/yoast.com\/product\/yoast-seo-wordpress\/ -->\n<title>PKK\u00ea hejmareke ciwan\u00ean Her\u00eama Kurdistan\u00ea bi nav\u00ea Ewropay\u00ea xapandin \u00fb birine Qend\u00eel\u00ea - Darka Maz\u00ee<\/title>\n<meta name=\"robots\" content=\"index, follow, max-snippet:-1, max-image-preview:large, max-video-preview:-1\" \/>\n<link rel=\"canonical\" href=\"https:\/\/darkamazi.info\/archives\/1043981\" \/>\n<meta property=\"og:locale\" content=\"en_US\" \/>\n<meta property=\"og:type\" content=\"article\" \/>\n<meta property=\"og:title\" content=\"PKK\u00ea hejmareke ciwan\u00ean Her\u00eama Kurdistan\u00ea bi nav\u00ea Ewropay\u00ea xapandin \u00fb birine Qend\u00eel\u00ea - Darka Maz\u00ee\" \/>\n<meta property=\"og:description\" content=\"R\u00eaxistin\u00ean PKK\u00ea hejmareke ciwan\u00ean Kurd y\u00ean ji Ba\u015f\u00fbr \u00fb Rojhilata Kurdistan\u00ea xapandin \u00fb li j\u00ear nav\u00ea veguhestina wan bo Ewropay\u00ea birin Qend\u00eel\u00ea \u00fb li wir tevl\u00ee xul\u00ean perwerdeya le\u015fkir\u00ee kirine. \u00c7avkaniy\u00ean p\u00eageha Darka Maz\u00ee y\u00ean li Ba\u015f\u00fbr\u00ea Kurdistan\u00ea a\u015fkere kirin, roja 4 T\u00eermeha \u00eesal 2024\u00ea daw\u00ee bi de xul\u00ean perwerdeya le\u015fker\u00ee li binara Qend\u00eel\u00ea \u00fb [&hellip;]\" \/>\n<meta property=\"og:url\" content=\"https:\/\/darkamazi.info\/archives\/1043981\" \/>\n<meta property=\"og:site_name\" content=\"Darka Maz\u00ee\" \/>\n<meta property=\"article:publisher\" content=\"https:\/\/www.facebook.com\/DarMaziKurmanci\" \/>\n<meta property=\"article:published_time\" content=\"2024-08-11T17:40:22+00:00\" \/>\n<meta property=\"article:modified_time\" content=\"2024-08-11T17:41:18+00:00\" \/>\n<meta property=\"og:image\" content=\"https:\/\/darkamazi.info\/file\/2024\/08\/PKK-Qendil-Info.jpg\" \/>\n\t<meta property=\"og:image:width\" content=\"900\" \/>\n\t<meta property=\"og:image:height\" content=\"500\" \/>\n\t<meta property=\"og:image:type\" content=\"image\/jpeg\" \/>\n<meta name=\"author\" content=\"darka mazi\" \/>\n<meta name=\"twitter:card\" content=\"summary_large_image\" \/>\n<meta name=\"twitter:creator\" content=\"@DarkaMaziLatini\" \/>\n<meta name=\"twitter:site\" content=\"@DarkaMaziLatini\" \/>\n<meta name=\"twitter:label1\" content=\"Written by\" \/>\n\t<meta name=\"twitter:data1\" content=\"darka mazi\" \/>\n\t<meta name=\"twitter:label2\" content=\"Est. reading time\" \/>\n\t<meta name=\"twitter:data2\" content=\"2 minutes\" \/>\n<script type=\"application\/ld+json\" class=\"seo-schema-graph\">{\"@context\":\"https:\\\/\\\/schema.org\",\"@graph\":[{\"@type\":\"Article\",\"@id\":\"https:\\\/\\\/darkamazi.info\\\/archives\\\/1043981#article\",\"isPartOf\":{\"@id\":\"https:\\\/\\\/darkamazi.info\\\/archives\\\/1043981\"},\"author\":{\"name\":\"darka mazi\",\"@id\":\"https:\\\/\\\/darkamazi.info\\\/#\\\/schema\\\/person\\\/5ad3e24553a0567993fa8ed4bd0a776c\"},\"headline\":\"PKK\u00ea hejmareke ciwan\u00ean Her\u00eama Kurdistan\u00ea bi nav\u00ea Ewropay\u00ea xapandin \u00fb birine Qend\u00eel\u00ea\",\"datePublished\":\"2024-08-11T17:40:22+00:00\",\"dateModified\":\"2024-08-11T17:41:18+00:00\",\"mainEntityOfPage\":{\"@id\":\"https:\\\/\\\/darkamazi.info\\\/archives\\\/1043981\"},\"wordCount\":294,\"publisher\":{\"@id\":\"https:\\\/\\\/darkamazi.info\\\/#organization\"},\"image\":{\"@id\":\"https:\\\/\\\/darkamazi.info\\\/archives\\\/1043981#primaryimage\"},\"thumbnailUrl\":\"https:\\\/\\\/darkamazi.info\\\/darka-content\\\/uploads\\\/2024\\\/08\\\/PKK-Qendil-Info.jpg\",\"articleSection\":[\"Nih\u00ean\u00ee\"],\"inLanguage\":\"en-US\"},{\"@type\":\"WebPage\",\"@id\":\"https:\\\/\\\/darkamazi.info\\\/archives\\\/1043981\",\"url\":\"https:\\\/\\\/darkamazi.info\\\/archives\\\/1043981\",\"name\":\"PKK\u00ea hejmareke ciwan\u00ean Her\u00eama Kurdistan\u00ea bi nav\u00ea Ewropay\u00ea xapandin \u00fb birine Qend\u00eel\u00ea - Darka Maz\u00ee\",\"isPartOf\":{\"@id\":\"https:\\\/\\\/darkamazi.info\\\/#website\"},\"primaryImageOfPage\":{\"@id\":\"https:\\\/\\\/darkamazi.info\\\/archives\\\/1043981#primaryimage\"},\"image\":{\"@id\":\"https:\\\/\\\/darkamazi.info\\\/archives\\\/1043981#primaryimage\"},\"thumbnailUrl\":\"https:\\\/\\\/darkamazi.info\\\/darka-content\\\/uploads\\\/2024\\\/08\\\/PKK-Qendil-Info.jpg\",\"datePublished\":\"2024-08-11T17:40:22+00:00\",\"dateModified\":\"2024-08-11T17:41:18+00:00\",\"breadcrumb\":{\"@id\":\"https:\\\/\\\/darkamazi.info\\\/archives\\\/1043981#breadcrumb\"},\"inLanguage\":\"en-US\",\"potentialAction\":[{\"@type\":\"ReadAction\",\"target\":[\"https:\\\/\\\/darkamazi.info\\\/archives\\\/1043981\"]}]},{\"@type\":\"ImageObject\",\"inLanguage\":\"en-US\",\"@id\":\"https:\\\/\\\/darkamazi.info\\\/archives\\\/1043981#primaryimage\",\"url\":\"https:\\\/\\\/darkamazi.info\\\/darka-content\\\/uploads\\\/2024\\\/08\\\/PKK-Qendil-Info.jpg\",\"contentUrl\":\"https:\\\/\\\/darkamazi.info\\\/darka-content\\\/uploads\\\/2024\\\/08\\\/PKK-Qendil-Info.jpg\",\"width\":900,\"height\":500,\"caption\":\"PKK-Qendil-Net\"},{\"@type\":\"BreadcrumbList\",\"@id\":\"https:\\\/\\\/darkamazi.info\\\/archives\\\/1043981#breadcrumb\",\"itemListElement\":[{\"@type\":\"ListItem\",\"position\":1,\"name\":\"Home\",\"item\":\"https:\\\/\\\/darkamazi.info\\\/\"},{\"@type\":\"ListItem\",\"position\":2,\"name\":\"PKK\u00ea hejmareke ciwan\u00ean Her\u00eama Kurdistan\u00ea bi nav\u00ea Ewropay\u00ea xapandin \u00fb birine Qend\u00eel\u00ea\"}]},{\"@type\":\"WebSite\",\"@id\":\"https:\\\/\\\/darkamazi.info\\\/#website\",\"url\":\"https:\\\/\\\/darkamazi.info\\\/\",\"name\":\"Darka Maz\u00ee\",\"description\":\"P\u00eageha Zanyariy\u00ean Nebih\u00eest\u00ee\",\"publisher\":{\"@id\":\"https:\\\/\\\/darkamazi.info\\\/#organization\"},\"potentialAction\":[{\"@type\":\"SearchAction\",\"target\":{\"@type\":\"EntryPoint\",\"urlTemplate\":\"https:\\\/\\\/darkamazi.info\\\/?s={search_term_string}\"},\"query-input\":{\"@type\":\"PropertyValueSpecification\",\"valueRequired\":true,\"valueName\":\"search_term_string\"}}],\"inLanguage\":\"en-US\"},{\"@type\":\"Organization\",\"@id\":\"https:\\\/\\\/darkamazi.info\\\/#organization\",\"name\":\"Darka Maz\u00ee\",\"url\":\"https:\\\/\\\/darkamazi.info\\\/\",\"logo\":{\"@type\":\"ImageObject\",\"inLanguage\":\"en-US\",\"@id\":\"https:\\\/\\\/darkamazi.info\\\/#\\\/schema\\\/logo\\\/image\\\/\",\"url\":\"https:\\\/\\\/darkamazi.info\\\/darka-content\\\/uploads\\\/2017\\\/12\\\/darka-mazi-logo.png\",\"contentUrl\":\"https:\\\/\\\/darkamazi.info\\\/darka-content\\\/uploads\\\/2017\\\/12\\\/darka-mazi-logo.png\",\"width\":151,\"height\":75,\"caption\":\"Darka Maz\u00ee\"},\"image\":{\"@id\":\"https:\\\/\\\/darkamazi.info\\\/#\\\/schema\\\/logo\\\/image\\\/\"},\"sameAs\":[\"https:\\\/\\\/www.facebook.com\\\/DarMaziKurmanci\",\"https:\\\/\\\/x.com\\\/DarkaMaziLatini\",\"https:\\\/\\\/www.instagram.com\\\/darkamazi.kurmanci\\\/\",\"https:\\\/\\\/www.youtube.com\\\/channel\\\/UCa5HkTdmI8U1qCUFuTw8B2g\"]},{\"@type\":\"Person\",\"@id\":\"https:\\\/\\\/darkamazi.info\\\/#\\\/schema\\\/person\\\/5ad3e24553a0567993fa8ed4bd0a776c\",\"name\":\"darka mazi\",\"sameAs\":[\"https:\\\/\\\/darkamazi.info\\\/\"],\"url\":\"https:\\\/\\\/darkamazi.info\\\/archives\\\/author\\\/kurdi\"}]}<\/script>\n<!-- \/ Yoast SEO plugin. -->","seo_head_json":{"title":"PKK\u00ea hejmareke ciwan\u00ean Her\u00eama Kurdistan\u00ea bi nav\u00ea Ewropay\u00ea xapandin \u00fb birine Qend\u00eel\u00ea - Darka Maz\u00ee","robots":{"index":"index","follow":"follow","max-snippet":"max-snippet:-1","max-image-preview":"max-image-preview:large","max-video-preview":"max-video-preview:-1"},"canonical":"https:\/\/darkamazi.info\/archives\/1043981","og_locale":"en_US","og_type":"article","og_title":"PKK\u00ea hejmareke ciwan\u00ean Her\u00eama Kurdistan\u00ea bi nav\u00ea Ewropay\u00ea xapandin \u00fb birine Qend\u00eel\u00ea - Darka Maz\u00ee","og_description":"R\u00eaxistin\u00ean PKK\u00ea hejmareke ciwan\u00ean Kurd y\u00ean ji Ba\u015f\u00fbr \u00fb Rojhilata Kurdistan\u00ea xapandin \u00fb li j\u00ear nav\u00ea veguhestina wan bo Ewropay\u00ea birin Qend\u00eel\u00ea \u00fb li wir tevl\u00ee xul\u00ean perwerdeya le\u015fkir\u00ee kirine. \u00c7avkaniy\u00ean p\u00eageha Darka Maz\u00ee y\u00ean li Ba\u015f\u00fbr\u00ea Kurdistan\u00ea a\u015fkere kirin, roja 4 T\u00eermeha \u00eesal 2024\u00ea daw\u00ee bi de xul\u00ean perwerdeya le\u015fker\u00ee li binara Qend\u00eel\u00ea \u00fb [&hellip;]","og_url":"https:\/\/darkamazi.info\/archives\/1043981","og_site_name":"Darka Maz\u00ee","article_publisher":"https:\/\/www.facebook.com\/DarMaziKurmanci","article_published_time":"2024-08-11T17:40:22+00:00","article_modified_time":"2024-08-11T17:41:18+00:00","og_image":[{"width":900,"height":500,"url":"https:\/\/darkamazi.info\/file\/2024\/08\/PKK-Qendil-Info.jpg","type":"image\/jpeg"}],"author":"darka mazi","twitter_card":"summary_large_image","twitter_creator":"@DarkaMaziLatini","twitter_site":"@DarkaMaziLatini","twitter_misc":{"Written by":"darka mazi","Est. reading time":"2 minutes"},"schema":{"@context":"https:\/\/schema.org","@graph":[{"@type":"Article","@id":"https:\/\/darkamazi.info\/archives\/1043981#article","isPartOf":{"@id":"https:\/\/darkamazi.info\/archives\/1043981"},"author":{"name":"darka mazi","@id":"https:\/\/darkamazi.info\/#\/schema\/person\/5ad3e24553a0567993fa8ed4bd0a776c"},"headline":"PKK\u00ea hejmareke ciwan\u00ean Her\u00eama Kurdistan\u00ea bi nav\u00ea Ewropay\u00ea xapandin \u00fb birine Qend\u00eel\u00ea","datePublished":"2024-08-11T17:40:22+00:00","dateModified":"2024-08-11T17:41:18+00:00","mainEntityOfPage":{"@id":"https:\/\/darkamazi.info\/archives\/1043981"},"wordCount":294,"publisher":{"@id":"https:\/\/darkamazi.info\/#organization"},"image":{"@id":"https:\/\/darkamazi.info\/archives\/1043981#primaryimage"},"thumbnailUrl":"https:\/\/darkamazi.info\/file\/2024\/08\/PKK-Qendil-Info.jpg","articleSection":["Nih\u00ean\u00ee"],"inLanguage":"en-US"},{"@type":"WebPage","@id":"https:\/\/darkamazi.info\/archives\/1043981","url":"https:\/\/darkamazi.info\/archives\/1043981","name":"PKK\u00ea hejmareke ciwan\u00ean Her\u00eama Kurdistan\u00ea bi nav\u00ea Ewropay\u00ea xapandin \u00fb birine Qend\u00eel\u00ea - Darka Maz\u00ee","isPartOf":{"@id":"https:\/\/darkamazi.info\/#website"},"primaryImageOfPage":{"@id":"https:\/\/darkamazi.info\/archives\/1043981#primaryimage"},"image":{"@id":"https:\/\/darkamazi.info\/archives\/1043981#primaryimage"},"thumbnailUrl":"https:\/\/darkamazi.info\/file\/2024\/08\/PKK-Qendil-Info.jpg","datePublished":"2024-08-11T17:40:22+00:00","dateModified":"2024-08-11T17:41:18+00:00","breadcrumb":{"@id":"https:\/\/darkamazi.info\/archives\/1043981#breadcrumb"},"inLanguage":"en-US","potentialAction":[{"@type":"ReadAction","target":["https:\/\/darkamazi.info\/archives\/1043981"]}]},{"@type":"ImageObject","inLanguage":"en-US","@id":"https:\/\/darkamazi.info\/archives\/1043981#primaryimage","url":"https:\/\/darkamazi.info\/file\/2024\/08\/PKK-Qendil-Info.jpg","contentUrl":"https:\/\/darkamazi.info\/file\/2024\/08\/PKK-Qendil-Info.jpg","width":900,"height":500,"caption":"PKK-Qendil-Net"},{"@type":"BreadcrumbList","@id":"https:\/\/darkamazi.info\/archives\/1043981#breadcrumb","itemListElement":[{"@type":"ListItem","position":1,"name":"Home","item":"https:\/\/darkamazi.info\/"},{"@type":"ListItem","position":2,"name":"PKK\u00ea hejmareke ciwan\u00ean Her\u00eama Kurdistan\u00ea bi nav\u00ea Ewropay\u00ea xapandin \u00fb birine Qend\u00eel\u00ea"}]},{"@type":"WebSite","@id":"https:\/\/darkamazi.info\/#website","url":"https:\/\/darkamazi.info\/","name":"Darka Maz\u00ee","description":"P\u00eageha Zanyariy\u00ean Nebih\u00eest\u00ee","publisher":{"@id":"https:\/\/darkamazi.info\/#organization"},"potentialAction":[{"@type":"SearchAction","target":{"@type":"EntryPoint","urlTemplate":"https:\/\/darkamazi.info\/?s={search_term_string}"},"query-input":{"@type":"PropertyValueSpecification","valueRequired":true,"valueName":"search_term_string"}}],"inLanguage":"en-US"},{"@type":"Organization","@id":"https:\/\/darkamazi.info\/#organization","name":"Darka Maz\u00ee","url":"https:\/\/darkamazi.info\/","logo":{"@type":"ImageObject","inLanguage":"en-US","@id":"https:\/\/darkamazi.info\/#\/schema\/logo\/image\/","url":"https:\/\/darkamazi.info\/file\/2017\/12\/darka-mazi-logo.png","contentUrl":"https:\/\/darkamazi.info\/file\/2017\/12\/darka-mazi-logo.png","width":151,"height":75,"caption":"Darka Maz\u00ee"},"image":{"@id":"https:\/\/darkamazi.info\/#\/schema\/logo\/image\/"},"sameAs":["https:\/\/www.facebook.com\/DarMaziKurmanci","https:\/\/x.com\/DarkaMaziLatini","https:\/\/www.instagram.com\/darkamazi.kurmanci\/","https:\/\/www.youtube.com\/channel\/UCa5HkTdmI8U1qCUFuTw8B2g"]},{"@type":"Person","@id":"https:\/\/darkamazi.info\/#\/schema\/person\/5ad3e24553a0567993fa8ed4bd0a776c","name":"darka mazi","sameAs":["https:\/\/darkamazi.info\/"],"url":"https:\/\/darkamazi.info\/archives\/author\/kurdi"}]}},"_links":{"self":[{"href":"https:\/\/darkamazi.info\/funavuv\/wp\/v2\/posts\/1043981","targetHints":{"allow":["GET"]}}],"collection":[{"href":"https:\/\/darkamazi.info\/funavuv\/wp\/v2\/posts"}],"about":[{"href":"https:\/\/darkamazi.info\/funavuv\/wp\/v2\/types\/post"}],"author":[{"embeddable":true,"href":"https:\/\/darkamazi.info\/funavuv\/wp\/v2\/users\/2"}],"replies":[{"embeddable":true,"href":"https:\/\/darkamazi.info\/funavuv\/wp\/v2\/comments?post=1043981"}],"version-history":[{"count":0,"href":"https:\/\/darkamazi.info\/funavuv\/wp\/v2\/posts\/1043981\/revisions"}],"wp:featuredmedia":[{"embeddable":true,"href":"https:\/\/darkamazi.info\/funavuv\/wp\/v2\/media\/1043982"}],"wp:attachment":[{"href":"https:\/\/darkamazi.info\/funavuv\/wp\/v2\/media?parent=1043981"}],"wp:term":[{"taxonomy":"category","embeddable":true,"href":"https:\/\/darkamazi.info\/funavuv\/wp\/v2\/categories?post=1043981"},{"taxonomy":"post_tag","embeddable":true,"href":"https:\/\/darkamazi.info\/funavuv\/wp\/v2\/tags?post=1043981"}],"curies":[{"name":"wp","href":"https:\/\/api.w.org\/{rel}","templated":true}]}}