{"id":1045409,"date":"2024-11-06T12:59:05","date_gmt":"2024-11-06T09:59:05","guid":{"rendered":"https:\/\/darkamazi.info\/?p=1045409"},"modified":"2024-11-06T12:59:05","modified_gmt":"2024-11-06T09:59:05","slug":"riya-bazirganiya-maddeyen-hisber-ya-pkke-ku-di-silemaniye-re-derbas-dibe-askere-bu","status":"publish","type":"post","link":"https:\/\/darkamazi.info\/archives\/1045409","title":{"rendered":"R\u00eeya bazirgan\u00eeya maddey\u00ean hi\u015fber ya PKK\u00ea ku di Sil\u00eamaniy\u00ea re derbas dibe, a\u015fkere b\u00fb"},"content":{"rendered":"<h3 style=\"text-align: justify\"><span style=\"font-family: 'arial black', sans-serif\">R\u00eeya her\u00ee gir\u00eeng y\u00ean bazirgan\u00eeya maddey\u00ean hi\u015fber ya r\u00eaxistina PKK\u00ea a\u015fkere b\u00fb ku di Sil\u00eamaniy\u00ea re bo Kerk\u00fbk\u00ea \u00fb kampa Mexm\u00fbr\u00ea, pi\u015ftire Sin\u00fbn\u00ea \u00fb bo Rojava Kurdistan\u00ea derbas dibe, Darka Maz\u00ee nav\u00ean kes\u00ean ku v\u00ea bazirgany\u00ea j\u00ee organ\u00eeze dikin, destxistine.<\/span><\/h3>\n<h3 style=\"text-align: justify\"><span style=\"font-family: arial, helvetica, sans-serif\">\u00c7avkaniy\u00ean taybet y\u00ean Darka Maz\u00ee agahiy\u00ean her\u00ee gir\u00eeng derbar\u00ea bazirgan\u00eeya PKK\u00ea ya maddey\u00ean hi\u015fber bi taybet\u00ee ticareta \u201cmaddey\u00ea Kir\u00eastal \u00fb heb\u00ean Keptagon \u00ea\u201d dest xistine, her wiha r\u00eey\u00ean derbaskirin\u00ea \u00fb nav\u00ean kes\u00ean ku v\u00ea bazirganiy\u00ea organ\u00eeze dikin.<\/span><\/h3>\n<h3 style=\"text-align: justify\"><span style=\"font-family: arial, helvetica, sans-serif\">Bazirgan\u00eeya hi\u015fber\u00ea bi y\u00eak ji \u00e7avkaniy\u00ean sereke y\u00ean PKK\u00ea bo destxistina pereyan t\u00ea hesab kirin, PKKe tiranz\u00eata v\u00ea bazirganiy\u00ea ye li n\u00eavbera welat\u00ean \u00ceran, \u00ceraq \u00fb S\u00fbry\u00ea \u00fb her wiha bi r\u00eeya r\u00eaxistin\u00ean w\u00ea y\u00ean li Ewropay\u00ea j\u00ee PKK\u00ea destek\u00ee her\u00ee berz di belavkirina hi\u015fber\u00ea de li welat\u00ean Ewropay\u00ea heye, PKKe qas\u00ee 3 milyar dolaran salane ji v\u00ea ticaret\u00ea dest t\u00eaxe.<\/span><\/h3>\n<h3 style=\"text-align: justify\"><span style=\"font-family: 'arial black', sans-serif;font-size: 18pt;color: #8c0707\">PKKe maddey\u00ea hi\u015fber ji ku debas\u00ee Sil\u00eamaniy\u00ea dike?<\/span><\/h3>\n<h3 style=\"text-align: justify\"><span style=\"font-family: arial, helvetica, sans-serif\">Li gor\u00ee agahiy\u00ean dest\u00ea me, r\u00eaxistina PKK\u00ea maddey\u00ea hi\u015fber ji cor\u00ea \u201cKir\u00eestal\u201d ji \u00ceran\u00ea derbas\u00ee nava xaka \u00ceraq\u00ea dike \u00fb bi r\u00eeya h\u00eala veguhestin\u00ea ya ji \u201cSil\u00eamaniy\u00ea \u2013 Kerk\u00fbk\u00ea \u2013 Kampa Mexm\u00fbr \u2013 \u015eengal \u2013 Sin\u00fbn\u00ea\u201d derbas\u00ee Bakur\u00ea Rojhilata S\u00fbry\u00ea dike.<\/span><\/h3>\n<h3 style=\"text-align: justify\"><span style=\"font-family: arial, helvetica, sans-serif\">\u00c7avkaniy\u00ean me a\u015fkere kirin, her y\u00eak ji kes\u00ean bi nav\u00ean \u201c&#8217;Arif Qeyran\u00ee\u201d ku nav\u00ea w\u00ee y\u00ea dirist Xalid Xud\u00eada \u015e\u00eebo ye \u00fb \u201cT\u00eer\u00eaj\u201d ku nav\u00ea w\u00ee y\u00ea dirist Sebah M\u00eerza Ehmed His\u00ean e \u00fb ev herdu kes berpirs\u00ean YB\u015e\u00ea ne, ew n\u00eez\u00ee kes\u00ea bi nav\u00ea \u201cMezl\u00fbm Ros\u201d y\u00ea fermandar\u00ea gi\u015ft\u00ee y\u00ea PKK\u00ea y\u00ea \u015eengal\u00ea ne, Arif Qeyran\u00ee \u00fb T\u00eer\u00eaj bazirgan\u00eeya maddey\u00ean hi\u015fber\u00ea li bajarok\u00ea Sin\u00fbn\u00ea li s\u00eenor\u00ea \u015eengal\u00ea organ\u00eeze dikin.<\/span><\/h3>\n<h3 style=\"text-align: justify\"><span style=\"font-family: 'arial black', sans-serif;color: #8c0707;font-size: 18pt\">PKKe v\u00ea bazirganiy\u00ea bi \u00e7end r\u00eeyan encam dide?<\/span><\/h3>\n<h3 style=\"text-align: justify\"><span style=\"font-family: arial, helvetica, sans-serif\">Darka Maz\u00ee ji \u00e7avkaniy\u00ean xwe y\u00ean li \u015eengal\u00ea \u00fb her\u00eam\u00ean ku li j\u00ear kontrola PKK\u00ea de ne h\u00een b\u00fb ku PKKe bazirgan\u00eeya hi\u015fber\u00ea li n\u00eavbera \u00ceraq\u00ea \u00fb S\u00fbry\u00ea bi du r\u00eeyan encan dide:<\/span><\/h3>\n<h3 style=\"text-align: justify\"><span style=\"font-family: arial, helvetica, sans-serif\">Yekem: Bi r\u00eeya s\u00eenoran \u00fb li vir ew kadroy\u00ean PKK\u00ea y\u00ean ku pispor\u00eeya wan li her\u00eam\u00ean s\u00eenor\u00ee heye maddey\u00ea hi\u015fber derbas\u00ee s\u00fbriy\u00ea \u00fb Rojava Kurdistan\u00ea dikin.<\/span><\/h3>\n<h3 style=\"text-align: justify\"><span style=\"font-family: arial, helvetica, sans-serif\">Duyem: PKKe bi dironan maddey\u00ea hi\u015fber derbas\u00ee aliy\u00ea Rojava Kurdistan\u00ea dike ku wan dironan kar\u00eena hilgirtina 3 heya 5 k\u00eelogram\u00ean maddey\u00ea hi\u015fber hene.<\/span><\/h3>\n<h3 style=\"text-align: justify\"><span style=\"font-family: 'arial black', sans-serif;font-size: 18pt;color: #8c0707\">PKKe 3 milyar dolaran salane ji bazirgan\u00eeya maddey\u00ea hi\u015fber\u00ea dest t\u00eaxe?<\/span><\/h3>\n<h3 style=\"text-align: justify\"><span style=\"font-family: arial, helvetica, sans-serif\">Di v\u00ea derbar\u00ea de navenda Ewrop\u00ee ya li d\u00fbv\u00e7\u00fbna melefa maddey\u00ean hi\u015fber \u00fb h\u00eeb\u00fbna hi\u015fber\u00ea ku bi <a href=\"http:\/\/www.emcdda.europa.eu\/\">\u00abEMCDDA\u00bb<\/a> t\u00ea nas kirin, di rapora xwe ya sala 2019an de ku li gel saz\u00eeya pol\u00ees\u00ean Ewropay\u00ea \u00abEuropol\u00bb \u00ea amade kirb\u00fb dib\u00eaje: \u201cBazirganiya her\u00ee berfireh ya maddey\u00ean hi\u015fber\u00ea li Ewropay\u00ea PKKe encam dide\u201d.<\/span><\/h3>\n<h3 style=\"text-align: justify\"><span style=\"font-family: arial, helvetica, sans-serif\">Navenda <a href=\"http:\/\/www.emcdda.europa.eu\/\">\u00abEMCDDA\u00bb<\/a> e\u015fkere kirb\u00fb, PKKe bi milyar\u00ean dolaran ji bazirganiya hi\u015fber\u00ea \u00fb veguhastina w\u00ea li navbera wilat\u00ean Ewropay\u00ea ji sala 2012\u00ea heya sala 2019\u00ea bi dest xistine.<\/span><\/h3>\n<h3 style=\"text-align: justify\"><span style=\"font-family: arial, helvetica, sans-serif\">Di rapor\u00ea de hatb\u00fb: PKKe ji sala 2002 di kategoriya Yek\u00eat\u00eeya Ewropay\u00ea ya teror\u00ea da ye, v\u00ea r\u00eaxistin\u00ea destek\u00ee her\u00ee berz di bazirganiya maddey\u00ea hi\u015fber\u00ea li Ewropay\u00ea da heye \u00fb bi r\u00eaya w\u00ea bazirgan\u00eeya neme\u015fro ya PKK\u00ea, bazar\u00ea hi\u015fber\u00ea li Ewropay\u00ea z\u00eade karaye.<\/span><\/h3>\n<h3 style=\"text-align: justify\"><span style=\"font-family: arial, helvetica, sans-serif\">Europol \u00ea j\u00ee di rapor\u00ean xwe y\u00ean ber\u00ea da, tesb\u00eet kirb\u00fb ku PKKe ji bazirgan\u00eeya maddey\u00ea hi\u015fber\u00ea salane n\u00eaz\u00ee 3 milyar dolaran dest t\u00eaxe, her wiha gotb\u00fb ku \u201cPKKe ne ten\u00ea bi bazirganiya hi\u015fber\u00ea s\u00fb\u00e7bare, l\u00ea bel\u00ea ew\u00ea dest di rak\u00ea\u015fana zaroyan j\u00ee di c\u00eehana maddey\u00ea hi\u015fber\u00ea de heye\u201d.<\/span><\/h3>\n","protected":false},"excerpt":{"rendered":"<p>R\u00eeya her\u00ee gir\u00eeng y\u00ean bazirgan\u00eeya maddey\u00ean hi\u015fber ya r\u00eaxistina PKK\u00ea a\u015fkere b\u00fb ku di Sil\u00eamaniy\u00ea re bo Kerk\u00fbk\u00ea \u00fb kampa Mexm\u00fbr\u00ea, pi\u015ftire Sin\u00fbn\u00ea \u00fb bo Rojava Kurdistan\u00ea derbas dibe, Darka Maz\u00ee nav\u00ean kes\u00ean ku v\u00ea bazirgany\u00ea j\u00ee organ\u00eeze dikin, destxistine. \u00c7avkaniy\u00ean taybet y\u00ean Darka Maz\u00ee agahiy\u00ean her\u00ee gir\u00eeng derbar\u00ea bazirgan\u00eeya PKK\u00ea ya maddey\u00ean hi\u015fber bi [&hellip;]<\/p>\n","protected":false},"author":2,"featured_media":1045410,"comment_status":"closed","ping_status":"closed","sticky":false,"template":"","format":"standard","meta":{"footnotes":""},"categories":[40],"tags":[37],"class_list":["post-1045409","post","type-post","status-publish","format-standard","has-post-thumbnail","hentry","category-niheni","tag-sereke"],"blocksy_meta":[],"seo_head":"<!-- This site is optimized with the Yoast SEO plugin v27.5 - https:\/\/yoast.com\/product\/yoast-seo-wordpress\/ -->\n<title>R\u00eeya bazirgan\u00eeya maddey\u00ean hi\u015fber ya PKK\u00ea ku di Sil\u00eamaniy\u00ea re derbas dibe, a\u015fkere b\u00fb - Darka Maz\u00ee<\/title>\n<meta name=\"robots\" content=\"index, follow, max-snippet:-1, max-image-preview:large, max-video-preview:-1\" \/>\n<link rel=\"canonical\" href=\"https:\/\/darkamazi.info\/archives\/1045409\" \/>\n<meta property=\"og:locale\" content=\"en_US\" \/>\n<meta property=\"og:type\" content=\"article\" \/>\n<meta property=\"og:title\" content=\"R\u00eeya bazirgan\u00eeya maddey\u00ean hi\u015fber ya PKK\u00ea ku di Sil\u00eamaniy\u00ea re derbas dibe, a\u015fkere b\u00fb - Darka Maz\u00ee\" \/>\n<meta property=\"og:description\" content=\"R\u00eeya her\u00ee gir\u00eeng y\u00ean bazirgan\u00eeya maddey\u00ean hi\u015fber ya r\u00eaxistina PKK\u00ea a\u015fkere b\u00fb ku di Sil\u00eamaniy\u00ea re bo Kerk\u00fbk\u00ea \u00fb kampa Mexm\u00fbr\u00ea, pi\u015ftire Sin\u00fbn\u00ea \u00fb bo Rojava Kurdistan\u00ea derbas dibe, Darka Maz\u00ee nav\u00ean kes\u00ean ku v\u00ea bazirgany\u00ea j\u00ee organ\u00eeze dikin, destxistine. \u00c7avkaniy\u00ean taybet y\u00ean Darka Maz\u00ee agahiy\u00ean her\u00ee gir\u00eeng derbar\u00ea bazirgan\u00eeya PKK\u00ea ya maddey\u00ean hi\u015fber bi [&hellip;]\" \/>\n<meta property=\"og:url\" content=\"https:\/\/darkamazi.info\/archives\/1045409\" \/>\n<meta property=\"og:site_name\" content=\"Darka Maz\u00ee\" \/>\n<meta property=\"article:publisher\" content=\"https:\/\/www.facebook.com\/DarMaziKurmanci\" \/>\n<meta property=\"article:published_time\" content=\"2024-11-06T09:59:05+00:00\" \/>\n<meta property=\"og:image\" content=\"https:\/\/darkamazi.info\/file\/2024\/11\/PKK-Drugs-Sulaymani-Kirkuk-rojava-maxmour-Info.jpg\" \/>\n\t<meta property=\"og:image:width\" content=\"900\" \/>\n\t<meta property=\"og:image:height\" content=\"500\" \/>\n\t<meta property=\"og:image:type\" content=\"image\/jpeg\" \/>\n<meta name=\"author\" content=\"darka mazi\" \/>\n<meta name=\"twitter:card\" content=\"summary_large_image\" \/>\n<meta name=\"twitter:creator\" content=\"@DarkaMaziLatini\" \/>\n<meta name=\"twitter:site\" content=\"@DarkaMaziLatini\" \/>\n<meta name=\"twitter:label1\" content=\"Written by\" \/>\n\t<meta name=\"twitter:data1\" content=\"darka mazi\" \/>\n\t<meta name=\"twitter:label2\" content=\"Est. reading time\" \/>\n\t<meta name=\"twitter:data2\" content=\"3 minutes\" \/>\n<script type=\"application\/ld+json\" class=\"seo-schema-graph\">{\"@context\":\"https:\\\/\\\/schema.org\",\"@graph\":[{\"@type\":\"Article\",\"@id\":\"https:\\\/\\\/darkamazi.info\\\/archives\\\/1045409#article\",\"isPartOf\":{\"@id\":\"https:\\\/\\\/darkamazi.info\\\/archives\\\/1045409\"},\"author\":{\"name\":\"darka mazi\",\"@id\":\"https:\\\/\\\/darkamazi.info\\\/#\\\/schema\\\/person\\\/5ad3e24553a0567993fa8ed4bd0a776c\"},\"headline\":\"R\u00eeya bazirgan\u00eeya maddey\u00ean hi\u015fber ya PKK\u00ea ku di Sil\u00eamaniy\u00ea re derbas dibe, a\u015fkere b\u00fb\",\"datePublished\":\"2024-11-06T09:59:05+00:00\",\"mainEntityOfPage\":{\"@id\":\"https:\\\/\\\/darkamazi.info\\\/archives\\\/1045409\"},\"wordCount\":664,\"publisher\":{\"@id\":\"https:\\\/\\\/darkamazi.info\\\/#organization\"},\"image\":{\"@id\":\"https:\\\/\\\/darkamazi.info\\\/archives\\\/1045409#primaryimage\"},\"thumbnailUrl\":\"https:\\\/\\\/darkamazi.info\\\/darka-content\\\/uploads\\\/2024\\\/11\\\/PKK-Drugs-Sulaymani-Kirkuk-rojava-maxmour-Info.jpg\",\"keywords\":[\"sereke\"],\"articleSection\":[\"Nih\u00ean\u00ee\"],\"inLanguage\":\"en-US\"},{\"@type\":\"WebPage\",\"@id\":\"https:\\\/\\\/darkamazi.info\\\/archives\\\/1045409\",\"url\":\"https:\\\/\\\/darkamazi.info\\\/archives\\\/1045409\",\"name\":\"R\u00eeya bazirgan\u00eeya maddey\u00ean hi\u015fber ya PKK\u00ea ku di Sil\u00eamaniy\u00ea re derbas dibe, a\u015fkere b\u00fb - Darka Maz\u00ee\",\"isPartOf\":{\"@id\":\"https:\\\/\\\/darkamazi.info\\\/#website\"},\"primaryImageOfPage\":{\"@id\":\"https:\\\/\\\/darkamazi.info\\\/archives\\\/1045409#primaryimage\"},\"image\":{\"@id\":\"https:\\\/\\\/darkamazi.info\\\/archives\\\/1045409#primaryimage\"},\"thumbnailUrl\":\"https:\\\/\\\/darkamazi.info\\\/darka-content\\\/uploads\\\/2024\\\/11\\\/PKK-Drugs-Sulaymani-Kirkuk-rojava-maxmour-Info.jpg\",\"datePublished\":\"2024-11-06T09:59:05+00:00\",\"breadcrumb\":{\"@id\":\"https:\\\/\\\/darkamazi.info\\\/archives\\\/1045409#breadcrumb\"},\"inLanguage\":\"en-US\",\"potentialAction\":[{\"@type\":\"ReadAction\",\"target\":[\"https:\\\/\\\/darkamazi.info\\\/archives\\\/1045409\"]}]},{\"@type\":\"ImageObject\",\"inLanguage\":\"en-US\",\"@id\":\"https:\\\/\\\/darkamazi.info\\\/archives\\\/1045409#primaryimage\",\"url\":\"https:\\\/\\\/darkamazi.info\\\/darka-content\\\/uploads\\\/2024\\\/11\\\/PKK-Drugs-Sulaymani-Kirkuk-rojava-maxmour-Info.jpg\",\"contentUrl\":\"https:\\\/\\\/darkamazi.info\\\/darka-content\\\/uploads\\\/2024\\\/11\\\/PKK-Drugs-Sulaymani-Kirkuk-rojava-maxmour-Info.jpg\",\"width\":900,\"height\":500,\"caption\":\"PKK-Drugs-Sulaymani-Kirkuk-rojava-maxmour-Info\"},{\"@type\":\"BreadcrumbList\",\"@id\":\"https:\\\/\\\/darkamazi.info\\\/archives\\\/1045409#breadcrumb\",\"itemListElement\":[{\"@type\":\"ListItem\",\"position\":1,\"name\":\"Home\",\"item\":\"https:\\\/\\\/darkamazi.info\\\/\"},{\"@type\":\"ListItem\",\"position\":2,\"name\":\"R\u00eeya bazirgan\u00eeya maddey\u00ean hi\u015fber ya PKK\u00ea ku di Sil\u00eamaniy\u00ea re derbas dibe, a\u015fkere b\u00fb\"}]},{\"@type\":\"WebSite\",\"@id\":\"https:\\\/\\\/darkamazi.info\\\/#website\",\"url\":\"https:\\\/\\\/darkamazi.info\\\/\",\"name\":\"Darka Maz\u00ee\",\"description\":\"P\u00eageha Zanyariy\u00ean Nebih\u00eest\u00ee\",\"publisher\":{\"@id\":\"https:\\\/\\\/darkamazi.info\\\/#organization\"},\"potentialAction\":[{\"@type\":\"SearchAction\",\"target\":{\"@type\":\"EntryPoint\",\"urlTemplate\":\"https:\\\/\\\/darkamazi.info\\\/?s={search_term_string}\"},\"query-input\":{\"@type\":\"PropertyValueSpecification\",\"valueRequired\":true,\"valueName\":\"search_term_string\"}}],\"inLanguage\":\"en-US\"},{\"@type\":\"Organization\",\"@id\":\"https:\\\/\\\/darkamazi.info\\\/#organization\",\"name\":\"Darka Maz\u00ee\",\"url\":\"https:\\\/\\\/darkamazi.info\\\/\",\"logo\":{\"@type\":\"ImageObject\",\"inLanguage\":\"en-US\",\"@id\":\"https:\\\/\\\/darkamazi.info\\\/#\\\/schema\\\/logo\\\/image\\\/\",\"url\":\"https:\\\/\\\/darkamazi.info\\\/darka-content\\\/uploads\\\/2017\\\/12\\\/darka-mazi-logo.png\",\"contentUrl\":\"https:\\\/\\\/darkamazi.info\\\/darka-content\\\/uploads\\\/2017\\\/12\\\/darka-mazi-logo.png\",\"width\":151,\"height\":75,\"caption\":\"Darka Maz\u00ee\"},\"image\":{\"@id\":\"https:\\\/\\\/darkamazi.info\\\/#\\\/schema\\\/logo\\\/image\\\/\"},\"sameAs\":[\"https:\\\/\\\/www.facebook.com\\\/DarMaziKurmanci\",\"https:\\\/\\\/x.com\\\/DarkaMaziLatini\",\"https:\\\/\\\/www.instagram.com\\\/darkamazi.kurmanci\\\/\",\"https:\\\/\\\/www.youtube.com\\\/channel\\\/UCa5HkTdmI8U1qCUFuTw8B2g\"]},{\"@type\":\"Person\",\"@id\":\"https:\\\/\\\/darkamazi.info\\\/#\\\/schema\\\/person\\\/5ad3e24553a0567993fa8ed4bd0a776c\",\"name\":\"darka mazi\",\"sameAs\":[\"https:\\\/\\\/darkamazi.info\\\/\"],\"url\":\"https:\\\/\\\/darkamazi.info\\\/archives\\\/author\\\/kurdi\"}]}<\/script>\n<!-- \/ Yoast SEO plugin. -->","seo_head_json":{"title":"R\u00eeya bazirgan\u00eeya maddey\u00ean hi\u015fber ya PKK\u00ea ku di Sil\u00eamaniy\u00ea re derbas dibe, a\u015fkere b\u00fb - Darka Maz\u00ee","robots":{"index":"index","follow":"follow","max-snippet":"max-snippet:-1","max-image-preview":"max-image-preview:large","max-video-preview":"max-video-preview:-1"},"canonical":"https:\/\/darkamazi.info\/archives\/1045409","og_locale":"en_US","og_type":"article","og_title":"R\u00eeya bazirgan\u00eeya maddey\u00ean hi\u015fber ya PKK\u00ea ku di Sil\u00eamaniy\u00ea re derbas dibe, a\u015fkere b\u00fb - Darka Maz\u00ee","og_description":"R\u00eeya her\u00ee gir\u00eeng y\u00ean bazirgan\u00eeya maddey\u00ean hi\u015fber ya r\u00eaxistina PKK\u00ea a\u015fkere b\u00fb ku di Sil\u00eamaniy\u00ea re bo Kerk\u00fbk\u00ea \u00fb kampa Mexm\u00fbr\u00ea, pi\u015ftire Sin\u00fbn\u00ea \u00fb bo Rojava Kurdistan\u00ea derbas dibe, Darka Maz\u00ee nav\u00ean kes\u00ean ku v\u00ea bazirgany\u00ea j\u00ee organ\u00eeze dikin, destxistine. \u00c7avkaniy\u00ean taybet y\u00ean Darka Maz\u00ee agahiy\u00ean her\u00ee gir\u00eeng derbar\u00ea bazirgan\u00eeya PKK\u00ea ya maddey\u00ean hi\u015fber bi [&hellip;]","og_url":"https:\/\/darkamazi.info\/archives\/1045409","og_site_name":"Darka Maz\u00ee","article_publisher":"https:\/\/www.facebook.com\/DarMaziKurmanci","article_published_time":"2024-11-06T09:59:05+00:00","og_image":[{"width":900,"height":500,"url":"https:\/\/darkamazi.info\/file\/2024\/11\/PKK-Drugs-Sulaymani-Kirkuk-rojava-maxmour-Info.jpg","type":"image\/jpeg"}],"author":"darka mazi","twitter_card":"summary_large_image","twitter_creator":"@DarkaMaziLatini","twitter_site":"@DarkaMaziLatini","twitter_misc":{"Written by":"darka mazi","Est. reading time":"3 minutes"},"schema":{"@context":"https:\/\/schema.org","@graph":[{"@type":"Article","@id":"https:\/\/darkamazi.info\/archives\/1045409#article","isPartOf":{"@id":"https:\/\/darkamazi.info\/archives\/1045409"},"author":{"name":"darka mazi","@id":"https:\/\/darkamazi.info\/#\/schema\/person\/5ad3e24553a0567993fa8ed4bd0a776c"},"headline":"R\u00eeya bazirgan\u00eeya maddey\u00ean hi\u015fber ya PKK\u00ea ku di Sil\u00eamaniy\u00ea re derbas dibe, a\u015fkere b\u00fb","datePublished":"2024-11-06T09:59:05+00:00","mainEntityOfPage":{"@id":"https:\/\/darkamazi.info\/archives\/1045409"},"wordCount":664,"publisher":{"@id":"https:\/\/darkamazi.info\/#organization"},"image":{"@id":"https:\/\/darkamazi.info\/archives\/1045409#primaryimage"},"thumbnailUrl":"https:\/\/darkamazi.info\/file\/2024\/11\/PKK-Drugs-Sulaymani-Kirkuk-rojava-maxmour-Info.jpg","keywords":["sereke"],"articleSection":["Nih\u00ean\u00ee"],"inLanguage":"en-US"},{"@type":"WebPage","@id":"https:\/\/darkamazi.info\/archives\/1045409","url":"https:\/\/darkamazi.info\/archives\/1045409","name":"R\u00eeya bazirgan\u00eeya maddey\u00ean hi\u015fber ya PKK\u00ea ku di Sil\u00eamaniy\u00ea re derbas dibe, a\u015fkere b\u00fb - Darka Maz\u00ee","isPartOf":{"@id":"https:\/\/darkamazi.info\/#website"},"primaryImageOfPage":{"@id":"https:\/\/darkamazi.info\/archives\/1045409#primaryimage"},"image":{"@id":"https:\/\/darkamazi.info\/archives\/1045409#primaryimage"},"thumbnailUrl":"https:\/\/darkamazi.info\/file\/2024\/11\/PKK-Drugs-Sulaymani-Kirkuk-rojava-maxmour-Info.jpg","datePublished":"2024-11-06T09:59:05+00:00","breadcrumb":{"@id":"https:\/\/darkamazi.info\/archives\/1045409#breadcrumb"},"inLanguage":"en-US","potentialAction":[{"@type":"ReadAction","target":["https:\/\/darkamazi.info\/archives\/1045409"]}]},{"@type":"ImageObject","inLanguage":"en-US","@id":"https:\/\/darkamazi.info\/archives\/1045409#primaryimage","url":"https:\/\/darkamazi.info\/file\/2024\/11\/PKK-Drugs-Sulaymani-Kirkuk-rojava-maxmour-Info.jpg","contentUrl":"https:\/\/darkamazi.info\/file\/2024\/11\/PKK-Drugs-Sulaymani-Kirkuk-rojava-maxmour-Info.jpg","width":900,"height":500,"caption":"PKK-Drugs-Sulaymani-Kirkuk-rojava-maxmour-Info"},{"@type":"BreadcrumbList","@id":"https:\/\/darkamazi.info\/archives\/1045409#breadcrumb","itemListElement":[{"@type":"ListItem","position":1,"name":"Home","item":"https:\/\/darkamazi.info\/"},{"@type":"ListItem","position":2,"name":"R\u00eeya bazirgan\u00eeya maddey\u00ean hi\u015fber ya PKK\u00ea ku di Sil\u00eamaniy\u00ea re derbas dibe, a\u015fkere b\u00fb"}]},{"@type":"WebSite","@id":"https:\/\/darkamazi.info\/#website","url":"https:\/\/darkamazi.info\/","name":"Darka Maz\u00ee","description":"P\u00eageha Zanyariy\u00ean Nebih\u00eest\u00ee","publisher":{"@id":"https:\/\/darkamazi.info\/#organization"},"potentialAction":[{"@type":"SearchAction","target":{"@type":"EntryPoint","urlTemplate":"https:\/\/darkamazi.info\/?s={search_term_string}"},"query-input":{"@type":"PropertyValueSpecification","valueRequired":true,"valueName":"search_term_string"}}],"inLanguage":"en-US"},{"@type":"Organization","@id":"https:\/\/darkamazi.info\/#organization","name":"Darka Maz\u00ee","url":"https:\/\/darkamazi.info\/","logo":{"@type":"ImageObject","inLanguage":"en-US","@id":"https:\/\/darkamazi.info\/#\/schema\/logo\/image\/","url":"https:\/\/darkamazi.info\/file\/2017\/12\/darka-mazi-logo.png","contentUrl":"https:\/\/darkamazi.info\/file\/2017\/12\/darka-mazi-logo.png","width":151,"height":75,"caption":"Darka Maz\u00ee"},"image":{"@id":"https:\/\/darkamazi.info\/#\/schema\/logo\/image\/"},"sameAs":["https:\/\/www.facebook.com\/DarMaziKurmanci","https:\/\/x.com\/DarkaMaziLatini","https:\/\/www.instagram.com\/darkamazi.kurmanci\/","https:\/\/www.youtube.com\/channel\/UCa5HkTdmI8U1qCUFuTw8B2g"]},{"@type":"Person","@id":"https:\/\/darkamazi.info\/#\/schema\/person\/5ad3e24553a0567993fa8ed4bd0a776c","name":"darka mazi","sameAs":["https:\/\/darkamazi.info\/"],"url":"https:\/\/darkamazi.info\/archives\/author\/kurdi"}]}},"_links":{"self":[{"href":"https:\/\/darkamazi.info\/funavuv\/wp\/v2\/posts\/1045409","targetHints":{"allow":["GET"]}}],"collection":[{"href":"https:\/\/darkamazi.info\/funavuv\/wp\/v2\/posts"}],"about":[{"href":"https:\/\/darkamazi.info\/funavuv\/wp\/v2\/types\/post"}],"author":[{"embeddable":true,"href":"https:\/\/darkamazi.info\/funavuv\/wp\/v2\/users\/2"}],"replies":[{"embeddable":true,"href":"https:\/\/darkamazi.info\/funavuv\/wp\/v2\/comments?post=1045409"}],"version-history":[{"count":0,"href":"https:\/\/darkamazi.info\/funavuv\/wp\/v2\/posts\/1045409\/revisions"}],"wp:featuredmedia":[{"embeddable":true,"href":"https:\/\/darkamazi.info\/funavuv\/wp\/v2\/media\/1045410"}],"wp:attachment":[{"href":"https:\/\/darkamazi.info\/funavuv\/wp\/v2\/media?parent=1045409"}],"wp:term":[{"taxonomy":"category","embeddable":true,"href":"https:\/\/darkamazi.info\/funavuv\/wp\/v2\/categories?post=1045409"},{"taxonomy":"post_tag","embeddable":true,"href":"https:\/\/darkamazi.info\/funavuv\/wp\/v2\/tags?post=1045409"}],"curies":[{"name":"wp","href":"https:\/\/api.w.org\/{rel}","templated":true}]}}