{"id":1045967,"date":"2024-12-07T21:05:53","date_gmt":"2024-12-07T18:05:53","guid":{"rendered":"https:\/\/darkamazi.info\/?p=1045967"},"modified":"2024-12-07T21:05:53","modified_gmt":"2024-12-07T18:05:53","slug":"tirkiyeye-kustina-berpirseka-dina-pkke-li-silemaniye-eskere-kir","status":"publish","type":"post","link":"https:\/\/darkamazi.info\/archives\/1045967","title":{"rendered":"Tirkiyey\u00ea ku\u015ftina berpirseka dina PKK\u2019\u00ea li Sil\u00eamaniy\u00ea e\u015fkere kir"},"content":{"rendered":"<h3 style=\"text-align: justify\"><span style=\"font-family: 'arial black', sans-serif\">Te\u015fk\u00eelata \u00eestixbarata netewey\u00ee ya Tirkiyey\u00ea (M\u00ceT)\u00ea Murvet Gulsevera bi kod nav\u00ea &#8220;Jiyan Herdem&#8221; ku yek ji berpirsyar\u00ean PKK\u2019\u00ea b\u00fbye li Sil\u00eamaniy\u00ea ku\u015ft.<\/span><\/h3>\n<h3 style=\"text-align: justify\">Li gor agahiy\u00ean di medyaya Tirkiyey\u00ea de hat\u00een parvekirin, Gulsever di sala 1992an da tevl\u00ee ref\u00ean PKK\u2019\u00ea b\u00fbye \u00fb t\u00eakiliy\u00ean bih\u00eaz bi bir\u00eavebir\u00ean payebilind\u00ean PKK\u2019\u00ea re heb\u00fbne.<\/h3>\n<h3 style=\"text-align: justify\">\u00c7avkaniy\u00ean medyay\u00ee didin e\u015fkere kirin, Gulsever li her\u00eama P\u00eancew\u00een\u00ea ya ser bi bajar\u00ea Sil\u00eamaniy\u00ea \u00e7alak\u00ee dikir, pi\u015ft\u00ee ku cih\u00ea w\u00ea ji aliy\u00ea M\u00eet\u00ea ve hatiye tesb\u00eetkirin, M\u00eet\u00ea dest bi operasyon\u00ea kir \u00fb li bajar\u00ea Sil\u00eamaniy\u00ea Gulsever ku\u015ft.<\/h3>\n<h3 style=\"text-align: justify\">Medyaya Tirkiyey\u00ea her wiha e\u015fkere kiriye, Gulsever\u00ea li \u00c7olwar\u00ea M\u00eard\u00een, \u015eirnex \u00fb S\u00eart\u00ea dij\u00ee h\u00eaz\u00ean ewlehiy\u00ea y\u00ean Tirkiyey\u00ea \u00e7alakiy\u00ean \u00e7ekdar\u00ee kirine \u00fb li S\u00fbriyey\u00ea li ba Abdulla Ocalan perwerdeya \u00e7ekdar\u00ee \u00fb \u00eedeoloj\u00eek d\u00eetiye.<\/h3>\n<h3 style=\"text-align: justify\">Ev di demek\u00ee de ye ku p\u00ea\u015f 7 rojan, anku di 30\/11\/2024an de \u00e7apemeniya PKK\u2019\u00ea ku\u015ftina v\u00ea berpirsa xwe e\u015fkere kirib\u00fb, \u00fb ragihandib\u00fb ew di 30\u00ee Mijdara sala 2023 de hatiye ku\u015ftin.<\/h3>\n","protected":false},"excerpt":{"rendered":"<p>Te\u015fk\u00eelata \u00eestixbarata netewey\u00ee ya Tirkiyey\u00ea (M\u00ceT)\u00ea Murvet Gulsevera bi kod nav\u00ea &#8220;Jiyan Herdem&#8221; ku yek ji berpirsyar\u00ean PKK\u2019\u00ea b\u00fbye li Sil\u00eamaniy\u00ea ku\u015ft. Li gor agahiy\u00ean di medyaya Tirkiyey\u00ea de hat\u00een parvekirin, Gulsever di sala 1992an da tevl\u00ee ref\u00ean PKK\u2019\u00ea b\u00fbye \u00fb t\u00eakiliy\u00ean bih\u00eaz bi bir\u00eavebir\u00ean payebilind\u00ean PKK\u2019\u00ea re heb\u00fbne. \u00c7avkaniy\u00ean medyay\u00ee didin e\u015fkere kirin, Gulsever [&hellip;]<\/p>\n","protected":false},"author":2,"featured_media":1045968,"comment_status":"closed","ping_status":"closed","sticky":false,"template":"","format":"standard","meta":{"footnotes":""},"categories":[29],"tags":[37],"class_list":["post-1045967","post","type-post","status-publish","format-standard","has-post-thumbnail","hentry","category-kurdistan","tag-sereke"],"blocksy_meta":[],"seo_head":"<!-- This site is optimized with the Yoast SEO plugin v27.5 - https:\/\/yoast.com\/product\/yoast-seo-wordpress\/ -->\n<title>Tirkiyey\u00ea ku\u015ftina berpirseka dina PKK\u2019\u00ea li Sil\u00eamaniy\u00ea e\u015fkere kir - Darka Maz\u00ee<\/title>\n<meta name=\"robots\" content=\"index, follow, max-snippet:-1, max-image-preview:large, max-video-preview:-1\" \/>\n<link rel=\"canonical\" href=\"https:\/\/darkamazi.info\/archives\/1045967\" \/>\n<meta property=\"og:locale\" content=\"en_US\" \/>\n<meta property=\"og:type\" content=\"article\" \/>\n<meta property=\"og:title\" content=\"Tirkiyey\u00ea ku\u015ftina berpirseka dina PKK\u2019\u00ea li Sil\u00eamaniy\u00ea e\u015fkere kir - Darka Maz\u00ee\" \/>\n<meta property=\"og:description\" content=\"Te\u015fk\u00eelata \u00eestixbarata netewey\u00ee ya Tirkiyey\u00ea (M\u00ceT)\u00ea Murvet Gulsevera bi kod nav\u00ea &#8220;Jiyan Herdem&#8221; ku yek ji berpirsyar\u00ean PKK\u2019\u00ea b\u00fbye li Sil\u00eamaniy\u00ea ku\u015ft. Li gor agahiy\u00ean di medyaya Tirkiyey\u00ea de hat\u00een parvekirin, Gulsever di sala 1992an da tevl\u00ee ref\u00ean PKK\u2019\u00ea b\u00fbye \u00fb t\u00eakiliy\u00ean bih\u00eaz bi bir\u00eavebir\u00ean payebilind\u00ean PKK\u2019\u00ea re heb\u00fbne. \u00c7avkaniy\u00ean medyay\u00ee didin e\u015fkere kirin, Gulsever [&hellip;]\" \/>\n<meta property=\"og:url\" content=\"https:\/\/darkamazi.info\/archives\/1045967\" \/>\n<meta property=\"og:site_name\" content=\"Darka Maz\u00ee\" \/>\n<meta property=\"article:publisher\" content=\"https:\/\/www.facebook.com\/DarMaziKurmanci\" \/>\n<meta property=\"article:published_time\" content=\"2024-12-07T18:05:53+00:00\" \/>\n<meta property=\"og:image\" content=\"https:\/\/darkamazi.info\/file\/2024\/12\/jiyan-herdem.jpg\" \/>\n\t<meta property=\"og:image:width\" content=\"900\" \/>\n\t<meta property=\"og:image:height\" content=\"497\" \/>\n\t<meta property=\"og:image:type\" content=\"image\/jpeg\" \/>\n<meta name=\"author\" content=\"darka mazi\" \/>\n<meta name=\"twitter:card\" content=\"summary_large_image\" \/>\n<meta name=\"twitter:creator\" content=\"@DarkaMaziLatini\" \/>\n<meta name=\"twitter:site\" content=\"@DarkaMaziLatini\" \/>\n<meta name=\"twitter:label1\" content=\"Written by\" \/>\n\t<meta name=\"twitter:data1\" content=\"darka mazi\" \/>\n\t<meta name=\"twitter:label2\" content=\"Est. reading time\" \/>\n\t<meta name=\"twitter:data2\" content=\"1 minute\" \/>\n<script type=\"application\/ld+json\" class=\"seo-schema-graph\">{\"@context\":\"https:\\\/\\\/schema.org\",\"@graph\":[{\"@type\":\"Article\",\"@id\":\"https:\\\/\\\/darkamazi.info\\\/archives\\\/1045967#article\",\"isPartOf\":{\"@id\":\"https:\\\/\\\/darkamazi.info\\\/archives\\\/1045967\"},\"author\":{\"name\":\"darka mazi\",\"@id\":\"https:\\\/\\\/darkamazi.info\\\/#\\\/schema\\\/person\\\/5ad3e24553a0567993fa8ed4bd0a776c\"},\"headline\":\"Tirkiyey\u00ea ku\u015ftina berpirseka dina PKK\u2019\u00ea li Sil\u00eamaniy\u00ea e\u015fkere kir\",\"datePublished\":\"2024-12-07T18:05:53+00:00\",\"mainEntityOfPage\":{\"@id\":\"https:\\\/\\\/darkamazi.info\\\/archives\\\/1045967\"},\"wordCount\":198,\"publisher\":{\"@id\":\"https:\\\/\\\/darkamazi.info\\\/#organization\"},\"image\":{\"@id\":\"https:\\\/\\\/darkamazi.info\\\/archives\\\/1045967#primaryimage\"},\"thumbnailUrl\":\"https:\\\/\\\/darkamazi.info\\\/darka-content\\\/uploads\\\/2024\\\/12\\\/jiyan-herdem.jpg\",\"keywords\":[\"sereke\"],\"articleSection\":[\"Kurdistan\"],\"inLanguage\":\"en-US\"},{\"@type\":\"WebPage\",\"@id\":\"https:\\\/\\\/darkamazi.info\\\/archives\\\/1045967\",\"url\":\"https:\\\/\\\/darkamazi.info\\\/archives\\\/1045967\",\"name\":\"Tirkiyey\u00ea ku\u015ftina berpirseka dina PKK\u2019\u00ea li Sil\u00eamaniy\u00ea e\u015fkere kir - Darka Maz\u00ee\",\"isPartOf\":{\"@id\":\"https:\\\/\\\/darkamazi.info\\\/#website\"},\"primaryImageOfPage\":{\"@id\":\"https:\\\/\\\/darkamazi.info\\\/archives\\\/1045967#primaryimage\"},\"image\":{\"@id\":\"https:\\\/\\\/darkamazi.info\\\/archives\\\/1045967#primaryimage\"},\"thumbnailUrl\":\"https:\\\/\\\/darkamazi.info\\\/darka-content\\\/uploads\\\/2024\\\/12\\\/jiyan-herdem.jpg\",\"datePublished\":\"2024-12-07T18:05:53+00:00\",\"breadcrumb\":{\"@id\":\"https:\\\/\\\/darkamazi.info\\\/archives\\\/1045967#breadcrumb\"},\"inLanguage\":\"en-US\",\"potentialAction\":[{\"@type\":\"ReadAction\",\"target\":[\"https:\\\/\\\/darkamazi.info\\\/archives\\\/1045967\"]}]},{\"@type\":\"ImageObject\",\"inLanguage\":\"en-US\",\"@id\":\"https:\\\/\\\/darkamazi.info\\\/archives\\\/1045967#primaryimage\",\"url\":\"https:\\\/\\\/darkamazi.info\\\/darka-content\\\/uploads\\\/2024\\\/12\\\/jiyan-herdem.jpg\",\"contentUrl\":\"https:\\\/\\\/darkamazi.info\\\/darka-content\\\/uploads\\\/2024\\\/12\\\/jiyan-herdem.jpg\",\"width\":900,\"height\":497,\"caption\":\"Tirkiyey\u00ea ku\u015ftina berpirseka dina PKK\u2019\u00ea li Sil\u00eamaniy\u00ea e\u015fkere kir\"},{\"@type\":\"BreadcrumbList\",\"@id\":\"https:\\\/\\\/darkamazi.info\\\/archives\\\/1045967#breadcrumb\",\"itemListElement\":[{\"@type\":\"ListItem\",\"position\":1,\"name\":\"Home\",\"item\":\"https:\\\/\\\/darkamazi.info\\\/\"},{\"@type\":\"ListItem\",\"position\":2,\"name\":\"Tirkiyey\u00ea ku\u015ftina berpirseka dina PKK\u2019\u00ea li Sil\u00eamaniy\u00ea e\u015fkere kir\"}]},{\"@type\":\"WebSite\",\"@id\":\"https:\\\/\\\/darkamazi.info\\\/#website\",\"url\":\"https:\\\/\\\/darkamazi.info\\\/\",\"name\":\"Darka Maz\u00ee\",\"description\":\"P\u00eageha Zanyariy\u00ean Nebih\u00eest\u00ee\",\"publisher\":{\"@id\":\"https:\\\/\\\/darkamazi.info\\\/#organization\"},\"potentialAction\":[{\"@type\":\"SearchAction\",\"target\":{\"@type\":\"EntryPoint\",\"urlTemplate\":\"https:\\\/\\\/darkamazi.info\\\/?s={search_term_string}\"},\"query-input\":{\"@type\":\"PropertyValueSpecification\",\"valueRequired\":true,\"valueName\":\"search_term_string\"}}],\"inLanguage\":\"en-US\"},{\"@type\":\"Organization\",\"@id\":\"https:\\\/\\\/darkamazi.info\\\/#organization\",\"name\":\"Darka Maz\u00ee\",\"url\":\"https:\\\/\\\/darkamazi.info\\\/\",\"logo\":{\"@type\":\"ImageObject\",\"inLanguage\":\"en-US\",\"@id\":\"https:\\\/\\\/darkamazi.info\\\/#\\\/schema\\\/logo\\\/image\\\/\",\"url\":\"https:\\\/\\\/darkamazi.info\\\/darka-content\\\/uploads\\\/2017\\\/12\\\/darka-mazi-logo.png\",\"contentUrl\":\"https:\\\/\\\/darkamazi.info\\\/darka-content\\\/uploads\\\/2017\\\/12\\\/darka-mazi-logo.png\",\"width\":151,\"height\":75,\"caption\":\"Darka Maz\u00ee\"},\"image\":{\"@id\":\"https:\\\/\\\/darkamazi.info\\\/#\\\/schema\\\/logo\\\/image\\\/\"},\"sameAs\":[\"https:\\\/\\\/www.facebook.com\\\/DarMaziKurmanci\",\"https:\\\/\\\/x.com\\\/DarkaMaziLatini\",\"https:\\\/\\\/www.instagram.com\\\/darkamazi.kurmanci\\\/\",\"https:\\\/\\\/www.youtube.com\\\/channel\\\/UCa5HkTdmI8U1qCUFuTw8B2g\"]},{\"@type\":\"Person\",\"@id\":\"https:\\\/\\\/darkamazi.info\\\/#\\\/schema\\\/person\\\/5ad3e24553a0567993fa8ed4bd0a776c\",\"name\":\"darka mazi\",\"sameAs\":[\"https:\\\/\\\/darkamazi.info\\\/\"],\"url\":\"https:\\\/\\\/darkamazi.info\\\/archives\\\/author\\\/kurdi\"}]}<\/script>\n<!-- \/ Yoast SEO plugin. -->","seo_head_json":{"title":"Tirkiyey\u00ea ku\u015ftina berpirseka dina PKK\u2019\u00ea li Sil\u00eamaniy\u00ea e\u015fkere kir - Darka Maz\u00ee","robots":{"index":"index","follow":"follow","max-snippet":"max-snippet:-1","max-image-preview":"max-image-preview:large","max-video-preview":"max-video-preview:-1"},"canonical":"https:\/\/darkamazi.info\/archives\/1045967","og_locale":"en_US","og_type":"article","og_title":"Tirkiyey\u00ea ku\u015ftina berpirseka dina PKK\u2019\u00ea li Sil\u00eamaniy\u00ea e\u015fkere kir - Darka Maz\u00ee","og_description":"Te\u015fk\u00eelata \u00eestixbarata netewey\u00ee ya Tirkiyey\u00ea (M\u00ceT)\u00ea Murvet Gulsevera bi kod nav\u00ea &#8220;Jiyan Herdem&#8221; ku yek ji berpirsyar\u00ean PKK\u2019\u00ea b\u00fbye li Sil\u00eamaniy\u00ea ku\u015ft. Li gor agahiy\u00ean di medyaya Tirkiyey\u00ea de hat\u00een parvekirin, Gulsever di sala 1992an da tevl\u00ee ref\u00ean PKK\u2019\u00ea b\u00fbye \u00fb t\u00eakiliy\u00ean bih\u00eaz bi bir\u00eavebir\u00ean payebilind\u00ean PKK\u2019\u00ea re heb\u00fbne. \u00c7avkaniy\u00ean medyay\u00ee didin e\u015fkere kirin, Gulsever [&hellip;]","og_url":"https:\/\/darkamazi.info\/archives\/1045967","og_site_name":"Darka Maz\u00ee","article_publisher":"https:\/\/www.facebook.com\/DarMaziKurmanci","article_published_time":"2024-12-07T18:05:53+00:00","og_image":[{"width":900,"height":497,"url":"https:\/\/darkamazi.info\/file\/2024\/12\/jiyan-herdem.jpg","type":"image\/jpeg"}],"author":"darka mazi","twitter_card":"summary_large_image","twitter_creator":"@DarkaMaziLatini","twitter_site":"@DarkaMaziLatini","twitter_misc":{"Written by":"darka mazi","Est. reading time":"1 minute"},"schema":{"@context":"https:\/\/schema.org","@graph":[{"@type":"Article","@id":"https:\/\/darkamazi.info\/archives\/1045967#article","isPartOf":{"@id":"https:\/\/darkamazi.info\/archives\/1045967"},"author":{"name":"darka mazi","@id":"https:\/\/darkamazi.info\/#\/schema\/person\/5ad3e24553a0567993fa8ed4bd0a776c"},"headline":"Tirkiyey\u00ea ku\u015ftina berpirseka dina PKK\u2019\u00ea li Sil\u00eamaniy\u00ea e\u015fkere kir","datePublished":"2024-12-07T18:05:53+00:00","mainEntityOfPage":{"@id":"https:\/\/darkamazi.info\/archives\/1045967"},"wordCount":198,"publisher":{"@id":"https:\/\/darkamazi.info\/#organization"},"image":{"@id":"https:\/\/darkamazi.info\/archives\/1045967#primaryimage"},"thumbnailUrl":"https:\/\/darkamazi.info\/file\/2024\/12\/jiyan-herdem.jpg","keywords":["sereke"],"articleSection":["Kurdistan"],"inLanguage":"en-US"},{"@type":"WebPage","@id":"https:\/\/darkamazi.info\/archives\/1045967","url":"https:\/\/darkamazi.info\/archives\/1045967","name":"Tirkiyey\u00ea ku\u015ftina berpirseka dina PKK\u2019\u00ea li Sil\u00eamaniy\u00ea e\u015fkere kir - Darka Maz\u00ee","isPartOf":{"@id":"https:\/\/darkamazi.info\/#website"},"primaryImageOfPage":{"@id":"https:\/\/darkamazi.info\/archives\/1045967#primaryimage"},"image":{"@id":"https:\/\/darkamazi.info\/archives\/1045967#primaryimage"},"thumbnailUrl":"https:\/\/darkamazi.info\/file\/2024\/12\/jiyan-herdem.jpg","datePublished":"2024-12-07T18:05:53+00:00","breadcrumb":{"@id":"https:\/\/darkamazi.info\/archives\/1045967#breadcrumb"},"inLanguage":"en-US","potentialAction":[{"@type":"ReadAction","target":["https:\/\/darkamazi.info\/archives\/1045967"]}]},{"@type":"ImageObject","inLanguage":"en-US","@id":"https:\/\/darkamazi.info\/archives\/1045967#primaryimage","url":"https:\/\/darkamazi.info\/file\/2024\/12\/jiyan-herdem.jpg","contentUrl":"https:\/\/darkamazi.info\/file\/2024\/12\/jiyan-herdem.jpg","width":900,"height":497,"caption":"Tirkiyey\u00ea ku\u015ftina berpirseka dina PKK\u2019\u00ea li Sil\u00eamaniy\u00ea e\u015fkere kir"},{"@type":"BreadcrumbList","@id":"https:\/\/darkamazi.info\/archives\/1045967#breadcrumb","itemListElement":[{"@type":"ListItem","position":1,"name":"Home","item":"https:\/\/darkamazi.info\/"},{"@type":"ListItem","position":2,"name":"Tirkiyey\u00ea ku\u015ftina berpirseka dina PKK\u2019\u00ea li Sil\u00eamaniy\u00ea e\u015fkere kir"}]},{"@type":"WebSite","@id":"https:\/\/darkamazi.info\/#website","url":"https:\/\/darkamazi.info\/","name":"Darka Maz\u00ee","description":"P\u00eageha Zanyariy\u00ean Nebih\u00eest\u00ee","publisher":{"@id":"https:\/\/darkamazi.info\/#organization"},"potentialAction":[{"@type":"SearchAction","target":{"@type":"EntryPoint","urlTemplate":"https:\/\/darkamazi.info\/?s={search_term_string}"},"query-input":{"@type":"PropertyValueSpecification","valueRequired":true,"valueName":"search_term_string"}}],"inLanguage":"en-US"},{"@type":"Organization","@id":"https:\/\/darkamazi.info\/#organization","name":"Darka Maz\u00ee","url":"https:\/\/darkamazi.info\/","logo":{"@type":"ImageObject","inLanguage":"en-US","@id":"https:\/\/darkamazi.info\/#\/schema\/logo\/image\/","url":"https:\/\/darkamazi.info\/file\/2017\/12\/darka-mazi-logo.png","contentUrl":"https:\/\/darkamazi.info\/file\/2017\/12\/darka-mazi-logo.png","width":151,"height":75,"caption":"Darka Maz\u00ee"},"image":{"@id":"https:\/\/darkamazi.info\/#\/schema\/logo\/image\/"},"sameAs":["https:\/\/www.facebook.com\/DarMaziKurmanci","https:\/\/x.com\/DarkaMaziLatini","https:\/\/www.instagram.com\/darkamazi.kurmanci\/","https:\/\/www.youtube.com\/channel\/UCa5HkTdmI8U1qCUFuTw8B2g"]},{"@type":"Person","@id":"https:\/\/darkamazi.info\/#\/schema\/person\/5ad3e24553a0567993fa8ed4bd0a776c","name":"darka mazi","sameAs":["https:\/\/darkamazi.info\/"],"url":"https:\/\/darkamazi.info\/archives\/author\/kurdi"}]}},"_links":{"self":[{"href":"https:\/\/darkamazi.info\/funavuv\/wp\/v2\/posts\/1045967","targetHints":{"allow":["GET"]}}],"collection":[{"href":"https:\/\/darkamazi.info\/funavuv\/wp\/v2\/posts"}],"about":[{"href":"https:\/\/darkamazi.info\/funavuv\/wp\/v2\/types\/post"}],"author":[{"embeddable":true,"href":"https:\/\/darkamazi.info\/funavuv\/wp\/v2\/users\/2"}],"replies":[{"embeddable":true,"href":"https:\/\/darkamazi.info\/funavuv\/wp\/v2\/comments?post=1045967"}],"version-history":[{"count":0,"href":"https:\/\/darkamazi.info\/funavuv\/wp\/v2\/posts\/1045967\/revisions"}],"wp:featuredmedia":[{"embeddable":true,"href":"https:\/\/darkamazi.info\/funavuv\/wp\/v2\/media\/1045968"}],"wp:attachment":[{"href":"https:\/\/darkamazi.info\/funavuv\/wp\/v2\/media?parent=1045967"}],"wp:term":[{"taxonomy":"category","embeddable":true,"href":"https:\/\/darkamazi.info\/funavuv\/wp\/v2\/categories?post=1045967"},{"taxonomy":"post_tag","embeddable":true,"href":"https:\/\/darkamazi.info\/funavuv\/wp\/v2\/tags?post=1045967"}],"curies":[{"name":"wp","href":"https:\/\/api.w.org\/{rel}","templated":true}]}}