{"id":1046045,"date":"2024-12-11T19:46:39","date_gmt":"2024-12-11T16:46:39","guid":{"rendered":"https:\/\/darkamazi.info\/?p=1046045"},"modified":"2024-12-11T19:46:39","modified_gmt":"2024-12-11T16:46:39","slug":"li-rojavaye-kurdistane-xwedi-derkevin-u-siyaseta-pkke-red-bikin","status":"publish","type":"post","link":"https:\/\/darkamazi.info\/archives\/1046045","title":{"rendered":"Li rojavay\u00ea Kurdistan\u00ea xwed\u00ee derkevin \u00fb siyaseta PKK\u00ea red bikin"},"content":{"rendered":"<h3 style=\"text-align: justify\"><span style=\"font-family: 'arial black', sans-serif\">Kurd \u00fb taybet\u00ee aliy\u00ean siyas\u00ee li rojavay\u00ea Kurdistan\u00ea li himber berpirsiyariyek d\u00eerok\u00ee ne. Siyaseta PKK\u00ea ne li her\u00eama Kurdistana rojava, l\u00ea li dever\u00ean wek D\u00earezor\u00ea \u00fb cih\u00ean din ku ne Kurdistan\u00ea \u015fer dike \u00fb hewldide li berxwe bide. L\u00ea ev yek dibe sedem\u00ea t\u00eak\u00e7\u00fbna HSD\u00ea \u00fb bi dehan \u015fervan\u00ean kurd bi uxira ne ti\u015ftek\u00ee de jiyana xwe ji dest didin.<\/span><\/h3>\n<h3 style=\"text-align: justify\">Gerek b\u00ea zan\u00een ku, her aliyek yan dezgeh\u00ea ku, st\u00fby\u00ea xwe ji siyaseta PKK\u00ea re bitew\u00eene d\u00ea li himber ku\u015ftin \u00fb talankirina kurda berpirsiyar be. PKK behsa \u00e7etey\u00ean \u00e7ekdar\u00ean Tirkiye ve gir\u00eaday\u00ee dike \u00fb di medya xwe de banga pi\u015fgiryan dike. Her roj xwep\u00ea\u015fedanek\u00ee li welat\u00ean Ewropa \u00fb her\u00eam\u00ean di bin deste xwe de xwep\u00ea\u015fandana dike. Ev propagandeyek valeye. PKK li gel dezgeh\u00ean dewleta tirk di nava hemahengiyek\u00ee de ye. Ji aliyek\u00ee v\u00ea yeke dike ji aliyek din ne li ber ti\u015ftek\u00ee de bere zarok\u00ean xelk\u00ea dide ku\u015ftin\u00ea.<\/h3>\n<h3 style=\"text-align: justify\">Gelo sibeh\u00ee serok\u00ea PKK\u00ea, Ocalan li gora daxwaziya dewlet\u00ea bangek\u00ee bike, d\u00ea rew\u015f \u00e7ewebe? D\u00ea hing\u00ea j\u00ee PKK behsa dewleta Tirk bike? Bawer bikin d\u00ea ew bi xwe dewsa van \u00e7etey\u00ean behsa wan dikin bigrin \u00fb ter\u00f6re li dij\u00ea Kurdan p\u00eakb\u00eenin.<\/h3>\n<h3 style=\"text-align: justify\">Veca ya rast ewe ku, li rojavay\u00ea Kurdistan\u00ea h\u00eaz\u00ean gir\u00eaday\u00ee HSD\/YPG bi biryarek radikal xwe ji hem\u00fb dever\u00ean ku, ne Kurdistane veki\u015fin \u00fb PYD banga yekitiyek nav mala kurd bike. Bila ENKS \u00fb PYD yekitiya xwe ya siyas\u00ee ragih\u00eenin \u00fb YPG \u00fb P\u00ea\u015fmergey\u00ean Roj bibin yekdest \u00fb xaka Kurdistan\u00ea bipar\u00eazin. D\u00ea hing\u00ea cihan \u00fb dewlet\u00ean wek Amerika \u00fb hem\u00fb be\u015f\u00ean Kurdistan\u00ee bi germ\u00ee pi\u015fgiriya wan bikin \u00fb w\u00ea serbikevin. D\u00ea hing\u00ea li rojavay\u00ea Kurdistan\u00ea bibin xwed\u00ea st\u00fbyek Kurdistan\u00ee \u00fb di bin siha Ala Kurdistan\u00ea de xaka xwe bipar\u00eazin.<\/h3>\n<h3 style=\"text-align: justify\">Ji v\u00ea p\u00eave tu r\u00ea li p\u00ea\u015fiya kurd\u00ean rojavay\u00ea Kurdistan\u00ee t\u00fcneye.\u00a0 Ev yek ne tene ji bo rojavay\u00ea Kurdistan\u00ea herweha ji bo hem\u00fb be\u015f\u00ean Kurdistan\u00ea gelek\u00ee gir\u00eeng e.<\/h3>\n<h3 style=\"text-align: justify\">Eger PYD v\u00ea berpirsiyariya d\u00eerok\u00ee p\u00eakneyne , d\u00ea di taritiya siyaseta PKK\u00ea de vemire \u00fb bibe sedem\u00ea t\u00eak\u00e7\u00fbna tevgera azadixwaz li rojavay\u00ea Kurdistan\u00ea. Ev rew\u015fa ku \u00eero destday\u00ee ji bo rojavay\u00ea Kurdistan\u00ea firsendek z\u00ear\u00eene. Eger ev firsend neye bi karanin d\u00ea roj\u00ean xirabtir li p\u00ea\u015fiya kurd\u00ean rojavay\u00ea Kurdistan\u00ea bin.<\/h3>\n<h3 style=\"text-align: justify\">Her aliyek siyas\u00ee, kurdek ni\u015ftimanperwer gerek yekitiya nav mala kurd li rojavay\u00ea Kurdistan\u00ea bipar\u00eaze \u00fb di v\u00ea derbar\u00ea de bang li PYD\u00ea bikin. Red kirina siyaseta PKK\u00ea li rojavay\u00ea Kurdistan\u00ea azadiya her\u00eama Kurdistana Rojava li gel xwe t\u00eene.<\/h3>\n<h3 style=\"text-align: justify\">ROJEVAKURD<\/h3>\n","protected":false},"excerpt":{"rendered":"<p>Kurd \u00fb taybet\u00ee aliy\u00ean siyas\u00ee li rojavay\u00ea Kurdistan\u00ea li himber berpirsiyariyek d\u00eerok\u00ee ne. Siyaseta PKK\u00ea ne li her\u00eama Kurdistana rojava, l\u00ea li dever\u00ean wek D\u00earezor\u00ea \u00fb cih\u00ean din ku ne Kurdistan\u00ea \u015fer dike \u00fb hewldide li berxwe bide. L\u00ea ev yek dibe sedem\u00ea t\u00eak\u00e7\u00fbna HSD\u00ea \u00fb bi dehan \u015fervan\u00ean kurd bi uxira ne ti\u015ftek\u00ee de [&hellip;]<\/p>\n","protected":false},"author":2,"featured_media":1046046,"comment_status":"closed","ping_status":"closed","sticky":false,"template":"","format":"standard","meta":{"footnotes":""},"categories":[29],"tags":[37],"class_list":["post-1046045","post","type-post","status-publish","format-standard","has-post-thumbnail","hentry","category-kurdistan","tag-sereke"],"blocksy_meta":[],"seo_head":"<!-- This site is optimized with the Yoast SEO plugin v27.5 - https:\/\/yoast.com\/product\/yoast-seo-wordpress\/ -->\n<title>Li rojavay\u00ea Kurdistan\u00ea xwed\u00ee derkevin \u00fb siyaseta PKK\u00ea red bikin - Darka Maz\u00ee<\/title>\n<meta name=\"robots\" content=\"index, follow, max-snippet:-1, max-image-preview:large, max-video-preview:-1\" \/>\n<link rel=\"canonical\" href=\"https:\/\/darkamazi.info\/archives\/1046045\" \/>\n<meta property=\"og:locale\" content=\"en_US\" \/>\n<meta property=\"og:type\" content=\"article\" \/>\n<meta property=\"og:title\" content=\"Li rojavay\u00ea Kurdistan\u00ea xwed\u00ee derkevin \u00fb siyaseta PKK\u00ea red bikin - Darka Maz\u00ee\" \/>\n<meta property=\"og:description\" content=\"Kurd \u00fb taybet\u00ee aliy\u00ean siyas\u00ee li rojavay\u00ea Kurdistan\u00ea li himber berpirsiyariyek d\u00eerok\u00ee ne. Siyaseta PKK\u00ea ne li her\u00eama Kurdistana rojava, l\u00ea li dever\u00ean wek D\u00earezor\u00ea \u00fb cih\u00ean din ku ne Kurdistan\u00ea \u015fer dike \u00fb hewldide li berxwe bide. L\u00ea ev yek dibe sedem\u00ea t\u00eak\u00e7\u00fbna HSD\u00ea \u00fb bi dehan \u015fervan\u00ean kurd bi uxira ne ti\u015ftek\u00ee de [&hellip;]\" \/>\n<meta property=\"og:url\" content=\"https:\/\/darkamazi.info\/archives\/1046045\" \/>\n<meta property=\"og:site_name\" content=\"Darka Maz\u00ee\" \/>\n<meta property=\"article:publisher\" content=\"https:\/\/www.facebook.com\/DarMaziKurmanci\" \/>\n<meta property=\"article:published_time\" content=\"2024-12-11T16:46:39+00:00\" \/>\n<meta property=\"og:image\" content=\"https:\/\/darkamazi.info\/file\/2024\/12\/kurdistana-azad.jpg\" \/>\n\t<meta property=\"og:image:width\" content=\"900\" \/>\n\t<meta property=\"og:image:height\" content=\"497\" \/>\n\t<meta property=\"og:image:type\" content=\"image\/jpeg\" \/>\n<meta name=\"author\" content=\"darka mazi\" \/>\n<meta name=\"twitter:card\" content=\"summary_large_image\" \/>\n<meta name=\"twitter:creator\" content=\"@DarkaMaziLatini\" \/>\n<meta name=\"twitter:site\" content=\"@DarkaMaziLatini\" \/>\n<meta name=\"twitter:label1\" content=\"Written by\" \/>\n\t<meta name=\"twitter:data1\" content=\"darka mazi\" \/>\n\t<meta name=\"twitter:label2\" content=\"Est. reading time\" \/>\n\t<meta name=\"twitter:data2\" content=\"2 minutes\" \/>\n<script type=\"application\/ld+json\" class=\"seo-schema-graph\">{\"@context\":\"https:\\\/\\\/schema.org\",\"@graph\":[{\"@type\":\"Article\",\"@id\":\"https:\\\/\\\/darkamazi.info\\\/archives\\\/1046045#article\",\"isPartOf\":{\"@id\":\"https:\\\/\\\/darkamazi.info\\\/archives\\\/1046045\"},\"author\":{\"name\":\"darka mazi\",\"@id\":\"https:\\\/\\\/darkamazi.info\\\/#\\\/schema\\\/person\\\/5ad3e24553a0567993fa8ed4bd0a776c\"},\"headline\":\"Li rojavay\u00ea Kurdistan\u00ea xwed\u00ee derkevin \u00fb siyaseta PKK\u00ea red bikin\",\"datePublished\":\"2024-12-11T16:46:39+00:00\",\"mainEntityOfPage\":{\"@id\":\"https:\\\/\\\/darkamazi.info\\\/archives\\\/1046045\"},\"wordCount\":448,\"publisher\":{\"@id\":\"https:\\\/\\\/darkamazi.info\\\/#organization\"},\"image\":{\"@id\":\"https:\\\/\\\/darkamazi.info\\\/archives\\\/1046045#primaryimage\"},\"thumbnailUrl\":\"https:\\\/\\\/darkamazi.info\\\/darka-content\\\/uploads\\\/2024\\\/12\\\/kurdistana-azad.jpg\",\"keywords\":[\"sereke\"],\"articleSection\":[\"Kurdistan\"],\"inLanguage\":\"en-US\"},{\"@type\":\"WebPage\",\"@id\":\"https:\\\/\\\/darkamazi.info\\\/archives\\\/1046045\",\"url\":\"https:\\\/\\\/darkamazi.info\\\/archives\\\/1046045\",\"name\":\"Li rojavay\u00ea Kurdistan\u00ea xwed\u00ee derkevin \u00fb siyaseta PKK\u00ea red bikin - Darka Maz\u00ee\",\"isPartOf\":{\"@id\":\"https:\\\/\\\/darkamazi.info\\\/#website\"},\"primaryImageOfPage\":{\"@id\":\"https:\\\/\\\/darkamazi.info\\\/archives\\\/1046045#primaryimage\"},\"image\":{\"@id\":\"https:\\\/\\\/darkamazi.info\\\/archives\\\/1046045#primaryimage\"},\"thumbnailUrl\":\"https:\\\/\\\/darkamazi.info\\\/darka-content\\\/uploads\\\/2024\\\/12\\\/kurdistana-azad.jpg\",\"datePublished\":\"2024-12-11T16:46:39+00:00\",\"breadcrumb\":{\"@id\":\"https:\\\/\\\/darkamazi.info\\\/archives\\\/1046045#breadcrumb\"},\"inLanguage\":\"en-US\",\"potentialAction\":[{\"@type\":\"ReadAction\",\"target\":[\"https:\\\/\\\/darkamazi.info\\\/archives\\\/1046045\"]}]},{\"@type\":\"ImageObject\",\"inLanguage\":\"en-US\",\"@id\":\"https:\\\/\\\/darkamazi.info\\\/archives\\\/1046045#primaryimage\",\"url\":\"https:\\\/\\\/darkamazi.info\\\/darka-content\\\/uploads\\\/2024\\\/12\\\/kurdistana-azad.jpg\",\"contentUrl\":\"https:\\\/\\\/darkamazi.info\\\/darka-content\\\/uploads\\\/2024\\\/12\\\/kurdistana-azad.jpg\",\"width\":900,\"height\":497,\"caption\":\"Li rojavay\u00ea Kurdistan\u00ea xwed\u00ee derkevin \u00fb siyaseta PKK\u00ea red bikin\"},{\"@type\":\"BreadcrumbList\",\"@id\":\"https:\\\/\\\/darkamazi.info\\\/archives\\\/1046045#breadcrumb\",\"itemListElement\":[{\"@type\":\"ListItem\",\"position\":1,\"name\":\"Home\",\"item\":\"https:\\\/\\\/darkamazi.info\\\/\"},{\"@type\":\"ListItem\",\"position\":2,\"name\":\"Li rojavay\u00ea Kurdistan\u00ea xwed\u00ee derkevin \u00fb siyaseta PKK\u00ea red bikin\"}]},{\"@type\":\"WebSite\",\"@id\":\"https:\\\/\\\/darkamazi.info\\\/#website\",\"url\":\"https:\\\/\\\/darkamazi.info\\\/\",\"name\":\"Darka Maz\u00ee\",\"description\":\"P\u00eageha Zanyariy\u00ean Nebih\u00eest\u00ee\",\"publisher\":{\"@id\":\"https:\\\/\\\/darkamazi.info\\\/#organization\"},\"potentialAction\":[{\"@type\":\"SearchAction\",\"target\":{\"@type\":\"EntryPoint\",\"urlTemplate\":\"https:\\\/\\\/darkamazi.info\\\/?s={search_term_string}\"},\"query-input\":{\"@type\":\"PropertyValueSpecification\",\"valueRequired\":true,\"valueName\":\"search_term_string\"}}],\"inLanguage\":\"en-US\"},{\"@type\":\"Organization\",\"@id\":\"https:\\\/\\\/darkamazi.info\\\/#organization\",\"name\":\"Darka Maz\u00ee\",\"url\":\"https:\\\/\\\/darkamazi.info\\\/\",\"logo\":{\"@type\":\"ImageObject\",\"inLanguage\":\"en-US\",\"@id\":\"https:\\\/\\\/darkamazi.info\\\/#\\\/schema\\\/logo\\\/image\\\/\",\"url\":\"https:\\\/\\\/darkamazi.info\\\/darka-content\\\/uploads\\\/2017\\\/12\\\/darka-mazi-logo.png\",\"contentUrl\":\"https:\\\/\\\/darkamazi.info\\\/darka-content\\\/uploads\\\/2017\\\/12\\\/darka-mazi-logo.png\",\"width\":151,\"height\":75,\"caption\":\"Darka Maz\u00ee\"},\"image\":{\"@id\":\"https:\\\/\\\/darkamazi.info\\\/#\\\/schema\\\/logo\\\/image\\\/\"},\"sameAs\":[\"https:\\\/\\\/www.facebook.com\\\/DarMaziKurmanci\",\"https:\\\/\\\/x.com\\\/DarkaMaziLatini\",\"https:\\\/\\\/www.instagram.com\\\/darkamazi.kurmanci\\\/\",\"https:\\\/\\\/www.youtube.com\\\/channel\\\/UCa5HkTdmI8U1qCUFuTw8B2g\"]},{\"@type\":\"Person\",\"@id\":\"https:\\\/\\\/darkamazi.info\\\/#\\\/schema\\\/person\\\/5ad3e24553a0567993fa8ed4bd0a776c\",\"name\":\"darka mazi\",\"sameAs\":[\"https:\\\/\\\/darkamazi.info\\\/\"],\"url\":\"https:\\\/\\\/darkamazi.info\\\/archives\\\/author\\\/kurdi\"}]}<\/script>\n<!-- \/ Yoast SEO plugin. -->","seo_head_json":{"title":"Li rojavay\u00ea Kurdistan\u00ea xwed\u00ee derkevin \u00fb siyaseta PKK\u00ea red bikin - Darka Maz\u00ee","robots":{"index":"index","follow":"follow","max-snippet":"max-snippet:-1","max-image-preview":"max-image-preview:large","max-video-preview":"max-video-preview:-1"},"canonical":"https:\/\/darkamazi.info\/archives\/1046045","og_locale":"en_US","og_type":"article","og_title":"Li rojavay\u00ea Kurdistan\u00ea xwed\u00ee derkevin \u00fb siyaseta PKK\u00ea red bikin - Darka Maz\u00ee","og_description":"Kurd \u00fb taybet\u00ee aliy\u00ean siyas\u00ee li rojavay\u00ea Kurdistan\u00ea li himber berpirsiyariyek d\u00eerok\u00ee ne. Siyaseta PKK\u00ea ne li her\u00eama Kurdistana rojava, l\u00ea li dever\u00ean wek D\u00earezor\u00ea \u00fb cih\u00ean din ku ne Kurdistan\u00ea \u015fer dike \u00fb hewldide li berxwe bide. L\u00ea ev yek dibe sedem\u00ea t\u00eak\u00e7\u00fbna HSD\u00ea \u00fb bi dehan \u015fervan\u00ean kurd bi uxira ne ti\u015ftek\u00ee de [&hellip;]","og_url":"https:\/\/darkamazi.info\/archives\/1046045","og_site_name":"Darka Maz\u00ee","article_publisher":"https:\/\/www.facebook.com\/DarMaziKurmanci","article_published_time":"2024-12-11T16:46:39+00:00","og_image":[{"width":900,"height":497,"url":"https:\/\/darkamazi.info\/file\/2024\/12\/kurdistana-azad.jpg","type":"image\/jpeg"}],"author":"darka mazi","twitter_card":"summary_large_image","twitter_creator":"@DarkaMaziLatini","twitter_site":"@DarkaMaziLatini","twitter_misc":{"Written by":"darka mazi","Est. reading time":"2 minutes"},"schema":{"@context":"https:\/\/schema.org","@graph":[{"@type":"Article","@id":"https:\/\/darkamazi.info\/archives\/1046045#article","isPartOf":{"@id":"https:\/\/darkamazi.info\/archives\/1046045"},"author":{"name":"darka mazi","@id":"https:\/\/darkamazi.info\/#\/schema\/person\/5ad3e24553a0567993fa8ed4bd0a776c"},"headline":"Li rojavay\u00ea Kurdistan\u00ea xwed\u00ee derkevin \u00fb siyaseta PKK\u00ea red bikin","datePublished":"2024-12-11T16:46:39+00:00","mainEntityOfPage":{"@id":"https:\/\/darkamazi.info\/archives\/1046045"},"wordCount":448,"publisher":{"@id":"https:\/\/darkamazi.info\/#organization"},"image":{"@id":"https:\/\/darkamazi.info\/archives\/1046045#primaryimage"},"thumbnailUrl":"https:\/\/darkamazi.info\/file\/2024\/12\/kurdistana-azad.jpg","keywords":["sereke"],"articleSection":["Kurdistan"],"inLanguage":"en-US"},{"@type":"WebPage","@id":"https:\/\/darkamazi.info\/archives\/1046045","url":"https:\/\/darkamazi.info\/archives\/1046045","name":"Li rojavay\u00ea Kurdistan\u00ea xwed\u00ee derkevin \u00fb siyaseta PKK\u00ea red bikin - Darka Maz\u00ee","isPartOf":{"@id":"https:\/\/darkamazi.info\/#website"},"primaryImageOfPage":{"@id":"https:\/\/darkamazi.info\/archives\/1046045#primaryimage"},"image":{"@id":"https:\/\/darkamazi.info\/archives\/1046045#primaryimage"},"thumbnailUrl":"https:\/\/darkamazi.info\/file\/2024\/12\/kurdistana-azad.jpg","datePublished":"2024-12-11T16:46:39+00:00","breadcrumb":{"@id":"https:\/\/darkamazi.info\/archives\/1046045#breadcrumb"},"inLanguage":"en-US","potentialAction":[{"@type":"ReadAction","target":["https:\/\/darkamazi.info\/archives\/1046045"]}]},{"@type":"ImageObject","inLanguage":"en-US","@id":"https:\/\/darkamazi.info\/archives\/1046045#primaryimage","url":"https:\/\/darkamazi.info\/file\/2024\/12\/kurdistana-azad.jpg","contentUrl":"https:\/\/darkamazi.info\/file\/2024\/12\/kurdistana-azad.jpg","width":900,"height":497,"caption":"Li rojavay\u00ea Kurdistan\u00ea xwed\u00ee derkevin \u00fb siyaseta PKK\u00ea red bikin"},{"@type":"BreadcrumbList","@id":"https:\/\/darkamazi.info\/archives\/1046045#breadcrumb","itemListElement":[{"@type":"ListItem","position":1,"name":"Home","item":"https:\/\/darkamazi.info\/"},{"@type":"ListItem","position":2,"name":"Li rojavay\u00ea Kurdistan\u00ea xwed\u00ee derkevin \u00fb siyaseta PKK\u00ea red bikin"}]},{"@type":"WebSite","@id":"https:\/\/darkamazi.info\/#website","url":"https:\/\/darkamazi.info\/","name":"Darka Maz\u00ee","description":"P\u00eageha Zanyariy\u00ean Nebih\u00eest\u00ee","publisher":{"@id":"https:\/\/darkamazi.info\/#organization"},"potentialAction":[{"@type":"SearchAction","target":{"@type":"EntryPoint","urlTemplate":"https:\/\/darkamazi.info\/?s={search_term_string}"},"query-input":{"@type":"PropertyValueSpecification","valueRequired":true,"valueName":"search_term_string"}}],"inLanguage":"en-US"},{"@type":"Organization","@id":"https:\/\/darkamazi.info\/#organization","name":"Darka Maz\u00ee","url":"https:\/\/darkamazi.info\/","logo":{"@type":"ImageObject","inLanguage":"en-US","@id":"https:\/\/darkamazi.info\/#\/schema\/logo\/image\/","url":"https:\/\/darkamazi.info\/file\/2017\/12\/darka-mazi-logo.png","contentUrl":"https:\/\/darkamazi.info\/file\/2017\/12\/darka-mazi-logo.png","width":151,"height":75,"caption":"Darka Maz\u00ee"},"image":{"@id":"https:\/\/darkamazi.info\/#\/schema\/logo\/image\/"},"sameAs":["https:\/\/www.facebook.com\/DarMaziKurmanci","https:\/\/x.com\/DarkaMaziLatini","https:\/\/www.instagram.com\/darkamazi.kurmanci\/","https:\/\/www.youtube.com\/channel\/UCa5HkTdmI8U1qCUFuTw8B2g"]},{"@type":"Person","@id":"https:\/\/darkamazi.info\/#\/schema\/person\/5ad3e24553a0567993fa8ed4bd0a776c","name":"darka mazi","sameAs":["https:\/\/darkamazi.info\/"],"url":"https:\/\/darkamazi.info\/archives\/author\/kurdi"}]}},"_links":{"self":[{"href":"https:\/\/darkamazi.info\/funavuv\/wp\/v2\/posts\/1046045","targetHints":{"allow":["GET"]}}],"collection":[{"href":"https:\/\/darkamazi.info\/funavuv\/wp\/v2\/posts"}],"about":[{"href":"https:\/\/darkamazi.info\/funavuv\/wp\/v2\/types\/post"}],"author":[{"embeddable":true,"href":"https:\/\/darkamazi.info\/funavuv\/wp\/v2\/users\/2"}],"replies":[{"embeddable":true,"href":"https:\/\/darkamazi.info\/funavuv\/wp\/v2\/comments?post=1046045"}],"version-history":[{"count":0,"href":"https:\/\/darkamazi.info\/funavuv\/wp\/v2\/posts\/1046045\/revisions"}],"wp:featuredmedia":[{"embeddable":true,"href":"https:\/\/darkamazi.info\/funavuv\/wp\/v2\/media\/1046046"}],"wp:attachment":[{"href":"https:\/\/darkamazi.info\/funavuv\/wp\/v2\/media?parent=1046045"}],"wp:term":[{"taxonomy":"category","embeddable":true,"href":"https:\/\/darkamazi.info\/funavuv\/wp\/v2\/categories?post=1046045"},{"taxonomy":"post_tag","embeddable":true,"href":"https:\/\/darkamazi.info\/funavuv\/wp\/v2\/tags?post=1046045"}],"curies":[{"name":"wp","href":"https:\/\/api.w.org\/{rel}","templated":true}]}}