{"id":1046067,"date":"2024-12-12T18:10:42","date_gmt":"2024-12-12T15:10:42","guid":{"rendered":"https:\/\/darkamazi.info\/?p=1046067"},"modified":"2024-12-12T18:10:42","modified_gmt":"2024-12-12T15:10:42","slug":"mazlum-ebdi-me-operasyonen-li-diji-daise-rawestandin","status":"publish","type":"post","link":"https:\/\/darkamazi.info\/archives\/1046067","title":{"rendered":"Mazl\u00fbm Ebd\u00ee: Me operasyon\u00ean li dij\u00ee DA\u00ce\u015e\u00ea rawestandin..!"},"content":{"rendered":"<h3 style=\"text-align: justify\"><span style=\"font-family: 'arial black', sans-serif\">Mazl\u00fbm Ebd\u00ee diyar kir ku tev\u00ee lihevkirina di navbera Art\u00ea\u015fa Netewey\u00ee ya S\u00fbriyey\u00ea \u00fb DYAy\u00ea de pev\u00e7\u00fbn didomin, Mazl\u00fbm Ebd\u00ee ragihand ku ji ber \u00ear\u00ee\u015fan wan operasyon\u00ean li dij\u00ee DAI\u015e\u2019\u00ea rawestandiye.<\/span><\/h3>\n<h3 style=\"text-align: justify\">Ebd\u00ee ji Sky News re j\u00ee dax\u00fbyakirin ku, DAI\u015e dest bi s\u00fbdwergirtina ji aloz\u00ee \u00fb nakokiy\u00ean pi\u015ft\u00ee r\u00fbxana Be\u015far Esed kir.<\/h3>\n<h3 style=\"text-align: justify\">Mazl\u00fbm Ebd\u00ee got, \u201cDAI\u015e niha li biyabana S\u00fbriy\u00ea bih\u00eaztir b\u00fbye. Ew ber\u00ea xwe li dever\u00ean d\u00fbr vedi\u015fartib\u00fbn, l\u00ea niha azadiya wan z\u00eadetir e, ji ber ku ti pirsgir\u00eak\u00ean wan bi kom\u00ean din re n\u00eenin \u00fb bi wan re nakevin nakokiy\u00ea. Li her\u00eam\u00ean di bin kontrola me de j\u00ee \u00e7alakiy\u00ean wan z\u00eade b\u00fbn. \u201cTen\u00ea \u00e7end roj ber\u00ea s\u00ea endam\u00ean H\u00eaz\u00ean Ewlekariya Hundir\u00een di \u00ear\u00ee\u015feke DAI\u015e\u00ea de li Hesek\u00ea mirin,\u201d<\/h3>\n<h3 style=\"text-align: justify\">Fermandar\u00ea Gi\u015ft\u00ee y\u00ea HSD\u2019\u00ea Mazl\u00fbm Ebd\u00ee j\u00ee diyar kir ku ji ber gef \u00fb \u00ear\u00ee\u015f\u00ean kom\u00ean \u00e7ekdar \u00ean ku Tirkiye pi\u015ftgiriya wan dike, operasyon\u00ean li dij\u00ee DAI\u015e\u2019\u00ea rawestandine.<\/h3>\n","protected":false},"excerpt":{"rendered":"<p>Mazl\u00fbm Ebd\u00ee diyar kir ku tev\u00ee lihevkirina di navbera Art\u00ea\u015fa Netewey\u00ee ya S\u00fbriyey\u00ea \u00fb DYAy\u00ea de pev\u00e7\u00fbn didomin, Mazl\u00fbm Ebd\u00ee ragihand ku ji ber \u00ear\u00ee\u015fan wan operasyon\u00ean li dij\u00ee DAI\u015e\u2019\u00ea rawestandiye. Ebd\u00ee ji Sky News re j\u00ee dax\u00fbyakirin ku, DAI\u015e dest bi s\u00fbdwergirtina ji aloz\u00ee \u00fb nakokiy\u00ean pi\u015ft\u00ee r\u00fbxana Be\u015far Esed kir. Mazl\u00fbm Ebd\u00ee got, [&hellip;]<\/p>\n","protected":false},"author":2,"featured_media":1046068,"comment_status":"closed","ping_status":"closed","sticky":false,"template":"","format":"standard","meta":{"footnotes":""},"categories":[29],"tags":[37],"class_list":["post-1046067","post","type-post","status-publish","format-standard","has-post-thumbnail","hentry","category-kurdistan","tag-sereke"],"blocksy_meta":[],"seo_head":"<!-- This site is optimized with the Yoast SEO plugin v27.5 - https:\/\/yoast.com\/product\/yoast-seo-wordpress\/ -->\n<title>Mazl\u00fbm Ebd\u00ee: Me operasyon\u00ean li dij\u00ee DA\u00ce\u015e\u00ea rawestandin..! - Darka Maz\u00ee<\/title>\n<meta name=\"robots\" content=\"index, follow, max-snippet:-1, max-image-preview:large, max-video-preview:-1\" \/>\n<link rel=\"canonical\" href=\"https:\/\/darkamazi.info\/archives\/1046067\" \/>\n<meta property=\"og:locale\" content=\"en_US\" \/>\n<meta property=\"og:type\" content=\"article\" \/>\n<meta property=\"og:title\" content=\"Mazl\u00fbm Ebd\u00ee: Me operasyon\u00ean li dij\u00ee DA\u00ce\u015e\u00ea rawestandin..! - Darka Maz\u00ee\" \/>\n<meta property=\"og:description\" content=\"Mazl\u00fbm Ebd\u00ee diyar kir ku tev\u00ee lihevkirina di navbera Art\u00ea\u015fa Netewey\u00ee ya S\u00fbriyey\u00ea \u00fb DYAy\u00ea de pev\u00e7\u00fbn didomin, Mazl\u00fbm Ebd\u00ee ragihand ku ji ber \u00ear\u00ee\u015fan wan operasyon\u00ean li dij\u00ee DAI\u015e\u2019\u00ea rawestandiye. Ebd\u00ee ji Sky News re j\u00ee dax\u00fbyakirin ku, DAI\u015e dest bi s\u00fbdwergirtina ji aloz\u00ee \u00fb nakokiy\u00ean pi\u015ft\u00ee r\u00fbxana Be\u015far Esed kir. Mazl\u00fbm Ebd\u00ee got, [&hellip;]\" \/>\n<meta property=\"og:url\" content=\"https:\/\/darkamazi.info\/archives\/1046067\" \/>\n<meta property=\"og:site_name\" content=\"Darka Maz\u00ee\" \/>\n<meta property=\"article:publisher\" content=\"https:\/\/www.facebook.com\/DarMaziKurmanci\" \/>\n<meta property=\"article:published_time\" content=\"2024-12-12T15:10:42+00:00\" \/>\n<meta property=\"og:image\" content=\"https:\/\/darkamazi.info\/file\/2024\/12\/Mezlum-Ebdi-2022-1.jpg\" \/>\n\t<meta property=\"og:image:width\" content=\"781\" \/>\n\t<meta property=\"og:image:height\" content=\"439\" \/>\n\t<meta property=\"og:image:type\" content=\"image\/jpeg\" \/>\n<meta name=\"author\" content=\"darka mazi\" \/>\n<meta name=\"twitter:card\" content=\"summary_large_image\" \/>\n<meta name=\"twitter:creator\" content=\"@DarkaMaziLatini\" \/>\n<meta name=\"twitter:site\" content=\"@DarkaMaziLatini\" \/>\n<meta name=\"twitter:label1\" content=\"Written by\" \/>\n\t<meta name=\"twitter:data1\" content=\"darka mazi\" \/>\n\t<meta name=\"twitter:label2\" content=\"Est. reading time\" \/>\n\t<meta name=\"twitter:data2\" content=\"1 minute\" \/>\n<script type=\"application\/ld+json\" class=\"seo-schema-graph\">{\"@context\":\"https:\\\/\\\/schema.org\",\"@graph\":[{\"@type\":\"Article\",\"@id\":\"https:\\\/\\\/darkamazi.info\\\/archives\\\/1046067#article\",\"isPartOf\":{\"@id\":\"https:\\\/\\\/darkamazi.info\\\/archives\\\/1046067\"},\"author\":{\"name\":\"darka mazi\",\"@id\":\"https:\\\/\\\/darkamazi.info\\\/#\\\/schema\\\/person\\\/5ad3e24553a0567993fa8ed4bd0a776c\"},\"headline\":\"Mazl\u00fbm Ebd\u00ee: Me operasyon\u00ean li dij\u00ee DA\u00ce\u015e\u00ea rawestandin..!\",\"datePublished\":\"2024-12-12T15:10:42+00:00\",\"mainEntityOfPage\":{\"@id\":\"https:\\\/\\\/darkamazi.info\\\/archives\\\/1046067\"},\"wordCount\":196,\"publisher\":{\"@id\":\"https:\\\/\\\/darkamazi.info\\\/#organization\"},\"image\":{\"@id\":\"https:\\\/\\\/darkamazi.info\\\/archives\\\/1046067#primaryimage\"},\"thumbnailUrl\":\"https:\\\/\\\/darkamazi.info\\\/darka-content\\\/uploads\\\/2024\\\/12\\\/Mezlum-Ebdi-2022-1.jpg\",\"keywords\":[\"sereke\"],\"articleSection\":[\"Kurdistan\"],\"inLanguage\":\"en-US\"},{\"@type\":\"WebPage\",\"@id\":\"https:\\\/\\\/darkamazi.info\\\/archives\\\/1046067\",\"url\":\"https:\\\/\\\/darkamazi.info\\\/archives\\\/1046067\",\"name\":\"Mazl\u00fbm Ebd\u00ee: Me operasyon\u00ean li dij\u00ee DA\u00ce\u015e\u00ea rawestandin..! - Darka Maz\u00ee\",\"isPartOf\":{\"@id\":\"https:\\\/\\\/darkamazi.info\\\/#website\"},\"primaryImageOfPage\":{\"@id\":\"https:\\\/\\\/darkamazi.info\\\/archives\\\/1046067#primaryimage\"},\"image\":{\"@id\":\"https:\\\/\\\/darkamazi.info\\\/archives\\\/1046067#primaryimage\"},\"thumbnailUrl\":\"https:\\\/\\\/darkamazi.info\\\/darka-content\\\/uploads\\\/2024\\\/12\\\/Mezlum-Ebdi-2022-1.jpg\",\"datePublished\":\"2024-12-12T15:10:42+00:00\",\"breadcrumb\":{\"@id\":\"https:\\\/\\\/darkamazi.info\\\/archives\\\/1046067#breadcrumb\"},\"inLanguage\":\"en-US\",\"potentialAction\":[{\"@type\":\"ReadAction\",\"target\":[\"https:\\\/\\\/darkamazi.info\\\/archives\\\/1046067\"]}]},{\"@type\":\"ImageObject\",\"inLanguage\":\"en-US\",\"@id\":\"https:\\\/\\\/darkamazi.info\\\/archives\\\/1046067#primaryimage\",\"url\":\"https:\\\/\\\/darkamazi.info\\\/darka-content\\\/uploads\\\/2024\\\/12\\\/Mezlum-Ebdi-2022-1.jpg\",\"contentUrl\":\"https:\\\/\\\/darkamazi.info\\\/darka-content\\\/uploads\\\/2024\\\/12\\\/Mezlum-Ebdi-2022-1.jpg\",\"width\":781,\"height\":439,\"caption\":\"Mazl\u00fbm Ebd\u00ee: Me operasyon\u00ean li dij\u00ee DA\u00ce\u015e\u00ea rawestandin..!\"},{\"@type\":\"BreadcrumbList\",\"@id\":\"https:\\\/\\\/darkamazi.info\\\/archives\\\/1046067#breadcrumb\",\"itemListElement\":[{\"@type\":\"ListItem\",\"position\":1,\"name\":\"Home\",\"item\":\"https:\\\/\\\/darkamazi.info\\\/\"},{\"@type\":\"ListItem\",\"position\":2,\"name\":\"Mazl\u00fbm Ebd\u00ee: Me operasyon\u00ean li dij\u00ee DA\u00ce\u015e\u00ea rawestandin..!\"}]},{\"@type\":\"WebSite\",\"@id\":\"https:\\\/\\\/darkamazi.info\\\/#website\",\"url\":\"https:\\\/\\\/darkamazi.info\\\/\",\"name\":\"Darka Maz\u00ee\",\"description\":\"P\u00eageha Zanyariy\u00ean Nebih\u00eest\u00ee\",\"publisher\":{\"@id\":\"https:\\\/\\\/darkamazi.info\\\/#organization\"},\"potentialAction\":[{\"@type\":\"SearchAction\",\"target\":{\"@type\":\"EntryPoint\",\"urlTemplate\":\"https:\\\/\\\/darkamazi.info\\\/?s={search_term_string}\"},\"query-input\":{\"@type\":\"PropertyValueSpecification\",\"valueRequired\":true,\"valueName\":\"search_term_string\"}}],\"inLanguage\":\"en-US\"},{\"@type\":\"Organization\",\"@id\":\"https:\\\/\\\/darkamazi.info\\\/#organization\",\"name\":\"Darka Maz\u00ee\",\"url\":\"https:\\\/\\\/darkamazi.info\\\/\",\"logo\":{\"@type\":\"ImageObject\",\"inLanguage\":\"en-US\",\"@id\":\"https:\\\/\\\/darkamazi.info\\\/#\\\/schema\\\/logo\\\/image\\\/\",\"url\":\"https:\\\/\\\/darkamazi.info\\\/darka-content\\\/uploads\\\/2017\\\/12\\\/darka-mazi-logo.png\",\"contentUrl\":\"https:\\\/\\\/darkamazi.info\\\/darka-content\\\/uploads\\\/2017\\\/12\\\/darka-mazi-logo.png\",\"width\":151,\"height\":75,\"caption\":\"Darka Maz\u00ee\"},\"image\":{\"@id\":\"https:\\\/\\\/darkamazi.info\\\/#\\\/schema\\\/logo\\\/image\\\/\"},\"sameAs\":[\"https:\\\/\\\/www.facebook.com\\\/DarMaziKurmanci\",\"https:\\\/\\\/x.com\\\/DarkaMaziLatini\",\"https:\\\/\\\/www.instagram.com\\\/darkamazi.kurmanci\\\/\",\"https:\\\/\\\/www.youtube.com\\\/channel\\\/UCa5HkTdmI8U1qCUFuTw8B2g\"]},{\"@type\":\"Person\",\"@id\":\"https:\\\/\\\/darkamazi.info\\\/#\\\/schema\\\/person\\\/5ad3e24553a0567993fa8ed4bd0a776c\",\"name\":\"darka mazi\",\"sameAs\":[\"https:\\\/\\\/darkamazi.info\\\/\"],\"url\":\"https:\\\/\\\/darkamazi.info\\\/archives\\\/author\\\/kurdi\"}]}<\/script>\n<!-- \/ Yoast SEO plugin. -->","seo_head_json":{"title":"Mazl\u00fbm Ebd\u00ee: Me operasyon\u00ean li dij\u00ee DA\u00ce\u015e\u00ea rawestandin..! - Darka Maz\u00ee","robots":{"index":"index","follow":"follow","max-snippet":"max-snippet:-1","max-image-preview":"max-image-preview:large","max-video-preview":"max-video-preview:-1"},"canonical":"https:\/\/darkamazi.info\/archives\/1046067","og_locale":"en_US","og_type":"article","og_title":"Mazl\u00fbm Ebd\u00ee: Me operasyon\u00ean li dij\u00ee DA\u00ce\u015e\u00ea rawestandin..! - Darka Maz\u00ee","og_description":"Mazl\u00fbm Ebd\u00ee diyar kir ku tev\u00ee lihevkirina di navbera Art\u00ea\u015fa Netewey\u00ee ya S\u00fbriyey\u00ea \u00fb DYAy\u00ea de pev\u00e7\u00fbn didomin, Mazl\u00fbm Ebd\u00ee ragihand ku ji ber \u00ear\u00ee\u015fan wan operasyon\u00ean li dij\u00ee DAI\u015e\u2019\u00ea rawestandiye. Ebd\u00ee ji Sky News re j\u00ee dax\u00fbyakirin ku, DAI\u015e dest bi s\u00fbdwergirtina ji aloz\u00ee \u00fb nakokiy\u00ean pi\u015ft\u00ee r\u00fbxana Be\u015far Esed kir. Mazl\u00fbm Ebd\u00ee got, [&hellip;]","og_url":"https:\/\/darkamazi.info\/archives\/1046067","og_site_name":"Darka Maz\u00ee","article_publisher":"https:\/\/www.facebook.com\/DarMaziKurmanci","article_published_time":"2024-12-12T15:10:42+00:00","og_image":[{"width":781,"height":439,"url":"https:\/\/darkamazi.info\/file\/2024\/12\/Mezlum-Ebdi-2022-1.jpg","type":"image\/jpeg"}],"author":"darka mazi","twitter_card":"summary_large_image","twitter_creator":"@DarkaMaziLatini","twitter_site":"@DarkaMaziLatini","twitter_misc":{"Written by":"darka mazi","Est. reading time":"1 minute"},"schema":{"@context":"https:\/\/schema.org","@graph":[{"@type":"Article","@id":"https:\/\/darkamazi.info\/archives\/1046067#article","isPartOf":{"@id":"https:\/\/darkamazi.info\/archives\/1046067"},"author":{"name":"darka mazi","@id":"https:\/\/darkamazi.info\/#\/schema\/person\/5ad3e24553a0567993fa8ed4bd0a776c"},"headline":"Mazl\u00fbm Ebd\u00ee: Me operasyon\u00ean li dij\u00ee DA\u00ce\u015e\u00ea rawestandin..!","datePublished":"2024-12-12T15:10:42+00:00","mainEntityOfPage":{"@id":"https:\/\/darkamazi.info\/archives\/1046067"},"wordCount":196,"publisher":{"@id":"https:\/\/darkamazi.info\/#organization"},"image":{"@id":"https:\/\/darkamazi.info\/archives\/1046067#primaryimage"},"thumbnailUrl":"https:\/\/darkamazi.info\/file\/2024\/12\/Mezlum-Ebdi-2022-1.jpg","keywords":["sereke"],"articleSection":["Kurdistan"],"inLanguage":"en-US"},{"@type":"WebPage","@id":"https:\/\/darkamazi.info\/archives\/1046067","url":"https:\/\/darkamazi.info\/archives\/1046067","name":"Mazl\u00fbm Ebd\u00ee: Me operasyon\u00ean li dij\u00ee DA\u00ce\u015e\u00ea rawestandin..! - Darka Maz\u00ee","isPartOf":{"@id":"https:\/\/darkamazi.info\/#website"},"primaryImageOfPage":{"@id":"https:\/\/darkamazi.info\/archives\/1046067#primaryimage"},"image":{"@id":"https:\/\/darkamazi.info\/archives\/1046067#primaryimage"},"thumbnailUrl":"https:\/\/darkamazi.info\/file\/2024\/12\/Mezlum-Ebdi-2022-1.jpg","datePublished":"2024-12-12T15:10:42+00:00","breadcrumb":{"@id":"https:\/\/darkamazi.info\/archives\/1046067#breadcrumb"},"inLanguage":"en-US","potentialAction":[{"@type":"ReadAction","target":["https:\/\/darkamazi.info\/archives\/1046067"]}]},{"@type":"ImageObject","inLanguage":"en-US","@id":"https:\/\/darkamazi.info\/archives\/1046067#primaryimage","url":"https:\/\/darkamazi.info\/file\/2024\/12\/Mezlum-Ebdi-2022-1.jpg","contentUrl":"https:\/\/darkamazi.info\/file\/2024\/12\/Mezlum-Ebdi-2022-1.jpg","width":781,"height":439,"caption":"Mazl\u00fbm Ebd\u00ee: Me operasyon\u00ean li dij\u00ee DA\u00ce\u015e\u00ea rawestandin..!"},{"@type":"BreadcrumbList","@id":"https:\/\/darkamazi.info\/archives\/1046067#breadcrumb","itemListElement":[{"@type":"ListItem","position":1,"name":"Home","item":"https:\/\/darkamazi.info\/"},{"@type":"ListItem","position":2,"name":"Mazl\u00fbm Ebd\u00ee: Me operasyon\u00ean li dij\u00ee DA\u00ce\u015e\u00ea rawestandin..!"}]},{"@type":"WebSite","@id":"https:\/\/darkamazi.info\/#website","url":"https:\/\/darkamazi.info\/","name":"Darka Maz\u00ee","description":"P\u00eageha Zanyariy\u00ean Nebih\u00eest\u00ee","publisher":{"@id":"https:\/\/darkamazi.info\/#organization"},"potentialAction":[{"@type":"SearchAction","target":{"@type":"EntryPoint","urlTemplate":"https:\/\/darkamazi.info\/?s={search_term_string}"},"query-input":{"@type":"PropertyValueSpecification","valueRequired":true,"valueName":"search_term_string"}}],"inLanguage":"en-US"},{"@type":"Organization","@id":"https:\/\/darkamazi.info\/#organization","name":"Darka Maz\u00ee","url":"https:\/\/darkamazi.info\/","logo":{"@type":"ImageObject","inLanguage":"en-US","@id":"https:\/\/darkamazi.info\/#\/schema\/logo\/image\/","url":"https:\/\/darkamazi.info\/file\/2017\/12\/darka-mazi-logo.png","contentUrl":"https:\/\/darkamazi.info\/file\/2017\/12\/darka-mazi-logo.png","width":151,"height":75,"caption":"Darka Maz\u00ee"},"image":{"@id":"https:\/\/darkamazi.info\/#\/schema\/logo\/image\/"},"sameAs":["https:\/\/www.facebook.com\/DarMaziKurmanci","https:\/\/x.com\/DarkaMaziLatini","https:\/\/www.instagram.com\/darkamazi.kurmanci\/","https:\/\/www.youtube.com\/channel\/UCa5HkTdmI8U1qCUFuTw8B2g"]},{"@type":"Person","@id":"https:\/\/darkamazi.info\/#\/schema\/person\/5ad3e24553a0567993fa8ed4bd0a776c","name":"darka mazi","sameAs":["https:\/\/darkamazi.info\/"],"url":"https:\/\/darkamazi.info\/archives\/author\/kurdi"}]}},"_links":{"self":[{"href":"https:\/\/darkamazi.info\/funavuv\/wp\/v2\/posts\/1046067","targetHints":{"allow":["GET"]}}],"collection":[{"href":"https:\/\/darkamazi.info\/funavuv\/wp\/v2\/posts"}],"about":[{"href":"https:\/\/darkamazi.info\/funavuv\/wp\/v2\/types\/post"}],"author":[{"embeddable":true,"href":"https:\/\/darkamazi.info\/funavuv\/wp\/v2\/users\/2"}],"replies":[{"embeddable":true,"href":"https:\/\/darkamazi.info\/funavuv\/wp\/v2\/comments?post=1046067"}],"version-history":[{"count":0,"href":"https:\/\/darkamazi.info\/funavuv\/wp\/v2\/posts\/1046067\/revisions"}],"wp:featuredmedia":[{"embeddable":true,"href":"https:\/\/darkamazi.info\/funavuv\/wp\/v2\/media\/1046068"}],"wp:attachment":[{"href":"https:\/\/darkamazi.info\/funavuv\/wp\/v2\/media?parent=1046067"}],"wp:term":[{"taxonomy":"category","embeddable":true,"href":"https:\/\/darkamazi.info\/funavuv\/wp\/v2\/categories?post=1046067"},{"taxonomy":"post_tag","embeddable":true,"href":"https:\/\/darkamazi.info\/funavuv\/wp\/v2\/tags?post=1046067"}],"curies":[{"name":"wp","href":"https:\/\/api.w.org\/{rel}","templated":true}]}}