{"id":1046083,"date":"2024-12-14T14:50:14","date_gmt":"2024-12-14T11:50:14","guid":{"rendered":"https:\/\/darkamazi.info\/?p=1046083"},"modified":"2024-12-14T14:50:14","modified_gmt":"2024-12-14T11:50:14","slug":"li-rojava-u-suriye-xeta-siyasi-ya-serok-barzani-serkeft","status":"publish","type":"post","link":"https:\/\/darkamazi.info\/archives\/1046083","title":{"rendered":"Li Rojava \u00fb S\u00fbriy\u00ea, Xeta Siyas\u00ee ya Serok Barzan\u00ee Serkeft&#8230;"},"content":{"rendered":"<h3 style=\"text-align: justify\"><span style=\"font-family: 'arial black', sans-serif\">Bi derketina Be\u015far Esed di 8 \u00ea Kan\u00fbna P\u00ea\u015f\u00een de ji S\u00fbriy\u00ea \u00fb t\u00eaketina muhalefet\u00ea bo \u015eam\u00ea, qonaxeke n\u00fb li Rojhilata Nav\u00een dest p\u00ea kir. Di kr\u00eeza Rojhilata Nav\u00een de ku bi dagirkirina Kuweyt\u00ea ji aliy\u00ea Saddam Huseyin ve di Tebaxa 1990 \u00ee de derket hol\u00ea, heta niha ev gurankar\u00ee berdewam dikin.\u00a0 Dagirkirina Kuweyt\u00ea, b\u00fbyer\u00ean 11 \u00ea \u00celon\u00ea li Emer\u00eeka, t\u00eak\u00e7\u00fbna rej\u00eema Saddam di N\u00eesana 2003an de \u00fb Bihara Ereb\u00ee ji gava her\u00ee gir\u00eeng a v\u00ea prosey\u00ea b\u00fbn. \u00db t\u00eak\u00e7\u00fbna rej\u00eema Esed j\u00ee yek ji bilindtir\u00een qonax\u00ean v\u00ea prosey\u00ea ye.<\/span><\/h3>\n<h3 style=\"text-align: center\"><span style=\"font-family: 'arial black', sans-serif;color: #8c0a0a\">Serok Barzan\u00ee di t\u00eak\u00e7\u00fbna herdu rej\u00eem\u00ean dag\u00eerker de rol l\u00eest<\/span><\/h3>\n<h3 style=\"text-align: justify\">Di van 34 sal\u00ean kr\u00eeza Rojhilata Nav\u00een de, gelek dewlet \u00fb dezgeh li qada siyas\u00ee de heb\u00fbn. K\u00eam kesayet\u00ee \u00fb serokan heta niha \u015fahid\u00ee v\u00ea prosey\u00ea kirine \u00fb di navenda siyaset\u00ea de cih girtine. Serok Barzan\u00ee yek ji wan serok\u00ean e ku \u015fahid\u00ee tevahiya prosesa kr\u00eeza Rojhilata Nav\u00een kiriye \u00fb di s\u00eeyaseta her\u00eam\u00ea de xwed\u00ee cihek\u00ee d\u00eeyarker e. Heta em dikarin b\u00eajin ew yek ji kes\u00ean her\u00ee gir\u00eeng b\u00fb di t\u00eak\u00e7\u00fbna herdu partiy\u00ean Baas de ku li ser bingeh\u00ea \u00e7ewisandina Kurdistan\u00ea \u00fb dijmindariya Kurdan ava bib\u00fbn.<\/h3>\n<h3 style=\"text-align: justify\">Xeta Serok Barzan\u00ee li hember\u00ee rej\u00eema Saddam rast b\u00fb. Ew xwed\u00ee t\u00eageha dan\u00fbstan\u00ea b\u00fb l\u00ea vebijarka \u015fer\u00ea \u00e7ekdar\u00ee j\u00ee tu car\u00ee ji dest dernexist. Saddam vebij\u00earka dan\u00fbstan\u00ea ne pejirand. Encam Serok di t\u00eak\u00e7\u00fbna w\u00ee de roleke giring l\u00eest. H\u00ea z\u00eadetir, general\u00ea xaneni\u015f\u00een y\u00ea Emer\u00eek\u00ee \u00fb Waliy\u00ea siv\u00eel y\u00ea p\u00ea\u015f\u00ee y\u00ea Iraq\u00ea Jay Garner got: &#8220;Ger rol\u00ea Serok Mes\u00fbd Barzan\u00ee tune ba, rej\u00eema Saddam nedihat t\u00eakbirin.&#8221;<\/h3>\n<h3 style=\"text-align: justify\">\u00db 20 sal pi\u015ft\u00ee w\u00ea, di 10 \u00ea Kan\u00fbna P\u00ea\u015f\u00een a 2024 an de, heyeta Muzakerey\u00ea ya S\u00fbriy\u00ea di daxuyaniyek\u00ea xwe de got &#8220;Serok Barzan\u00ee roleke gir\u00eeng di t\u00eak\u00e7\u00fbna rej\u00eema Esed de heb\u00fb&#8221; \u00fb spasiya w\u00ee kirin.<\/h3>\n<h3 style=\"text-align: center\"><span style=\"color: #8c0a0a;font-family: 'arial black', sans-serif\">P\u00ea\u015fb\u00een\u00eey\u00ean s\u00eeyas\u00ee y\u00ean Serok Barzan\u00ee di Qonaxa Bihara Ereb de j\u00ee Rast Derketin&#8230;<\/span><\/h3>\n<h3 style=\"text-align: justify\">Ji 1990 \u00ee heta niha, dikarin b\u00eajin siyaseta gi\u015ft\u00ee ya PDK di bin p\u00ea\u015fengiya Serok Barzan\u00ee de serkeft\u00ee b\u00fbye. Bi taybet\u00ee pi\u015ft\u00ee sala 2011\u00ea \u00fb bi Bihara Ereb\u00ee re, p\u00ea\u015fb\u00eeniy\u00ean Serok Barzan\u00ee ji bo Rojava rast derketin. Serok Barzan\u00ee e\u015fkere got ku \u201cji bo Kurdan \u00ean li Rojava al\u00eekariya rej\u00eema Esed kirin siyaseteke \u015fa\u015f b\u00fb \u00fb div\u00ea Kurd bi qas\u00ee h\u00eaza xwe serbixwe bim\u00eenin, t\u00eakil\u00ee bi muhalefet\u00ea re deynin \u00fb d\u00eetineke ku vebijarka Tirkiyey\u00ea bi temam\u00ee red nake n\u00ee\u015fan bidin.\u201d<\/h3>\n<h3 style=\"text-align: justify\">Bi ku\u015ftina Mi\u015fel Temo di 7 \u00ea \u00c7ir\u00eeya p\u00ea\u015f\u00ee 2011an de, Serok Barzan\u00ee tam f\u00eam kir ku armanca rej\u00eema \u015eam\u00ea \u00e7i ye. Pi\u015ft\u00ee cinayeta Temo, rej\u00eema Esed Serok Barzan\u00ee bo \u015eam\u00ea vexwand. Sedema vexwendin\u00ea ew b\u00fb ku di b\u00fbyer\u00ean S\u00fbriy\u00ea de bi hev re tevbigerin \u00fb Kurdan n\u00eaz\u00ee rej\u00eem\u00ea bikin. Serok Barzan\u00ee vexwendina Esed red kir \u00fb ne \u00e7\u00fb. Ew\u00ee d\u00eet ku rej\u00eema Esed rej\u00eemeke mehk\u00fbm bi t\u00eak\u00e7\u00fbn\u00ea ye \u00fb ji Kurdan re p\u00eaw\u00eest nake ku Kurd emr\u00ea v\u00ea rej\u00eem\u00ee dir\u00eaj bikin.<\/h3>\n<h3 style=\"text-align: center\"><span style=\"color: #8c0a0a;font-family: 'arial black', sans-serif\">Serok Barzan\u00ee hem\u00fb tecrubeya PDK\u2019\u00ea kir bin xizmeta Rojava de<\/span><\/h3>\n<h3 style=\"text-align: justify\">Cih\u00ea v\u00ea yek\u00ea, Serok Barzan\u00ee siyaseteke ji bo yek\u00eetiya Kurdan destn\u00ee\u015fan kir. P\u00ea\u015f\u00ee bo xurtkirina tevger\u00ean siyas\u00ee y\u00ean lawaz li Rojava \u00fb t\u00eakiliy\u00ean wan \u00ean derve gav av\u00eatin. Hewl\u00ear kir navendeke sereke ya ku partiy\u00ean Rojava j\u00ea s\u00fbd wergirin. Hem\u00fb partiy\u00ean siyas\u00ee, PYD j\u00ee di nav de, li Hewl\u00ear\u00ea bicih b\u00fbn. Kes\u00ean wek\u00ee Aldar Xel\u00eel, \u00celhan Ehmed \u00fb Salih Muslim di cih\u00ean her\u00ee l\u00fbks \u00ean Hewl\u00ear\u00ea de hatin m\u00eavandar kirin. Ewleh\u00eeya wan hat girtin, \u00fb b\u00eay\u00ee pasaport\u00ean wan hebin mecal\u00ea bikar\u00eena firokxaneyan ji wan re hat dab\u00eenkirin.<\/h3>\n<h3 style=\"text-align: justify\">Herwiha, di desp\u00eak\u00ea de bo PYD\u2019\u00ea gelek hevd\u00eetin\u00ean bi h\u00eaz\u00ean dewlet\u00ean Rojava re, bi taybet\u00ee bi diplomat\u00ean Emer\u00eeka \u00fb Ewropay\u00ea re organ\u00eeze kirin. T\u00eakil\u00ee bi Tirkiyey\u00ea re j\u00ee hatin kirin.<\/h3>\n<h3 style=\"text-align: justify\">Gava El Nusra di sala 2012 an de dest bi dagirkirina Ser\u00ea Kaniy\u00ea kir, al\u00eekariya \u00e7ek \u00fb hem\u00fb c\u00fbre p\u00eaw\u00eest\u00ee hatin dab\u00een kirin. Nexwe\u015fxaney\u00ean Hewl\u00ear\u00ea ji bo bir\u00eendar\u00ean \u015fer hatin vekirin.<\/h3>\n<h3 style=\"text-align: justify\">L\u00ea Serok Barzan\u00ee dizan\u00ee ku bi pi\u015ftgiriya ji derve, hem\u00ee \u015fol name\u015fin. Lewra ya her\u00ee ba\u015f yek\u00eet\u00eeya h\u00eaz\u00ean Rojava \u00e7\u00eakirin \u00fb en\u00eeyek\u00ee netewey\u00ee damezrandin b\u00fb, ji bo v\u00ea aramaca serke j\u00ee Serok hem\u00fb \u015f\u00eeyan\u00ean xwe p\u00ea\u015fk\u00ea\u015f\u00ee Rojava Kir.<\/h3>\n<h3 style=\"text-align: center\"><span style=\"color: #8c0a0a;font-family: 'arial black', sans-serif\">Peymana Hewl\u00ear\u00ea h\u00ea j\u00ee belgeyeke \u00e7areseriy\u00ea ye ji bo Rojava<\/span><\/h3>\n<h3 style=\"text-align: justify\">Peymana Hewl\u00ear\u00ea di 11 \u00ea T\u00eermeha 2011 an de di navbera ENKS\u2019\u00ea \u00fb PYD\u2019\u00ea de hate \u00eemzakirin. V\u00ea peyman\u00ea pren\u00ees\u00eep, \u00e7awan\u00ee \u00fb berpirsiyar\u00ee, maf \u00fb erk\u00ean hevpar destn\u00ee\u015fan dikir. Biryara avakirina &#8220;Konseya Bilind a Kurd&#8221; dikar\u00eeb\u00fb qeder\u00ea Rojava biguhr\u00eene. Ger Peymana Hewl\u00ear\u00ea bihata c\u00eebic\u00eekirin, ne rej\u00eema Esed ewqas emr\u00ea xwe dir\u00eaj dikir \u00fb ne j\u00ee Rojava ewqas ko\u00e7 \u00fb ziyan did\u00eet.<\/h3>\n<h3 style=\"text-align: justify\">H\u00eaz\u00ean ku Peymana Hewl\u00ear\u00ea asteng kirin, PKK, \u00ceran, p\u00eakhatey\u00ean \u015e\u00eea, R\u00fbsya \u00fb hinek lob\u00eey\u00ean di nav dewlet\u00ean rojavay\u00ee de b\u00fbn. R\u00eaveberiya PYD\u2019\u00ea li Rojava, cih\u00ea ku ji t\u00eageha PKK\u2019\u00ea derbas bibe, wek baskek\u00ee PKK\u2019\u00ea tevgeriya \u00fb Peymana Hewl\u00ear\u00ea nehat c\u00eebic\u00eekirin. PKK\u2019\u00ea terc\u00eeh kir ku Rojava bik\u015f\u00eene nav macereyeke \u00eedeoloj\u00eek ya b\u00eayhude ku niha nav\u00ea w\u00ea j\u00ee nam\u00eene, wek kanton\u00ean b\u00eawate.<\/h3>\n<h3 style=\"text-align: justify\">Serok Barzan\u00ee p\u00eavajoya ku bi Bihara Ereb\u00ee dest p\u00ea kir, did\u00eet \u00fb ne ten\u00ea ji bo Rojava, l\u00ea ji bo Kurdan j\u00ee p\u00ea\u015fengiya gav\u00ean yek\u00eetiy\u00ea kir. Nameyek ji bo Serok\u00ea KCK\u2019\u00ea y\u00ea w\u00ea dem\u00ea Murad Qaray\u0131lan r\u00eakir \u00fb kar\u00ean kongreya netewey\u00ee dest p\u00ea kirin.<\/h3>\n<h3 style=\"text-align: justify\">L\u00ea careke din ew cepheya bi serk\u00ea\u015fiya \u00ceran\u00ea ku li jor nave wan hate gotin, ji civ\u00een\u00ean yek\u00eetiya Kurdan gelek\u00ee aciz b\u00fbn. Asteng\u00ean \u0130mral\u00eey\u00ea weke kota ji bo \u00e7ep\u00ea Tirk daxwazkirin, derxist\u00ee, lihevkirina Cem\u00eel Bay\u0131k bi \u00ceran\u00ea re, ev hem\u00fb hewl\u00ean xerabker r\u00ea nedan ku ti\u015ftek ba\u015f bo Rojava \u00e7\u00eabibe.<\/h3>\n<h3 style=\"text-align: justify\">Herdu stratejiy\u00ean ku Serok Barzan\u00ee mimariya wan kir, \u00eero j\u00ee bo \u00e7areser\u00eeya pirsgir\u00eakan roleke er\u00ean\u00ee dil\u00eezin.<\/h3>\n<h3 style=\"text-align: justify\">Rexm\u00ea hem\u00fb asteng\u00ee \u00fb r\u00eagir\u00eey\u00ean PKK\u2019\u00ea j\u00ee, Serok Barzan\u00ee di dema dagirkirina Koban\u00ea de d\u00eesa yekitiya Kurdan esas girt, Peymana Duhok\u00ea hate \u00e7\u00eakirin, \u00fb P\u00ea\u015fmerge \u015fandin Koban\u00ea. \u00db ya her\u00ee gir\u00eeng, Serok Barzan\u00ee h\u00eaz\u00ean hevpeyman an\u00een Rojavay\u00ea Kurdistan\u00ea. Heke \u00cero, h\u00eaz\u00ean Emer\u00eek\u00ee li Rojava hebin ev yek bi xebata Serok Barzan\u00ee \u00e7\u00eab\u00fb ye.<\/h3>\n<h3 style=\"text-align: justify\">Di sala 2013an de, ji bo r\u00ea li p\u00ea\u015f\u00eeya ko\u00e7ber\u00eey Kurdan bo Lubnan, \u00dbrdin \u00fb Tirkiyey\u00ea bigire, hik\u00fbmeta Her\u00eama Kurdistan\u00ea, rexm\u00ee hem\u00fb tengasiy\u00ean abor\u00ee j\u00ee, daxwaz kir ku Kurd\u00ean Rojava derbas\u00ee Ba\u015f\u00fbr bibin \u00fb 200 hezar rojavay\u00ee hatin c\u00eebic\u00ee kirin. Ev j\u00ee gaveke rast b\u00fb. \u00cero, li Ba\u015f\u00fbr ji Qami\u015floy\u00ea z\u00eadetir rojavay\u00ee hene \u00fb ev j\u00ee demografiy\u00ea dipar\u00eaze.<\/h3>\n<h3 style=\"text-align: justify\">PKK di hem\u00fb p\u00eavajoy\u00ea de dijmin\u00ee li Serok Barzan\u00ee kir, hinek m\u00eel\u00eetan an\u00een ser telev\u00eezyonan da li dij\u00ee Serok Barzan\u00ee bipeyivin. L\u00ea Serok Barzan\u00ee, bi hem\u00fb dijminiya PKK\u2019\u00ea re, pi\u015ftgiriya Rojava kir. Di sala 2019an de li hember\u00ee operasyona Efr\u00een\u00ea got: &#8220;Em \u00ea her ti\u015ft\u00ea di dest\u00ea me were bikin da ku gel\u00ea Rojava rast\u00ee karesat\u00ea neh\u00ea.&#8221;<\/h3>\n<h3 style=\"text-align: justify\">Li dij\u00ee operasyon\u00ean Ser\u00ea Kaniy\u00ea derket. Li dij\u00ee guhertina demografiya Efr\u00een\u00ea derket. Her cure al\u00eekariya mad\u00ee ji bo Rojava p\u00ea\u015fk\u00ea\u015f kir.<\/h3>\n<h3 style=\"text-align: justify\">\u00cero, p\u00ea\u015fve\u00e7\u00fbn\u00ean S\u00fbriy\u00ea \u00fb Rojava li gor\u00ee p\u00ea\u015fb\u00een\u00ee \u00fb siyaseta Serok Barzan\u00ee hatine \u015f\u00eawekirin. \u00db hem\u00fb ti\u015ft\u00ea ku PKK ji bo Rojava p\u00ea\u015fb\u00een\u00ee kirib\u00fb, t\u00eak \u00e7\u00fbn. PKK\u2019\u00ea ber\u00eeya du heyva digot &#8220;ENKS alaya \u00e7eteyan hildaye&#8221;, niha PKK mecbur ma ku v\u00ea alay\u00ea bi ferm\u00ee qeb\u00fbl bike \u00fb dezgeh \u00fb saz\u00eey\u00ean r\u00eaveber\u00eeya xweser daliq\u00eene. Wan j\u00ee wek Esad, kes\u00ean weke Colan\u00ee wek \u00e7ete bi nav dikir, niha navbeynkara di\u015f\u00eene da bi Colan\u00ee re dan\u00fbstandin \u00e7\u00eabike. D\u00eesa ji Serok Barzan\u00ee daxwaz dikin rol\u00ea xwe bil\u00eeze.<\/h3>\n<h3 style=\"text-align: justify\">Bel\u00ea, ger PKK stratejiya ku Serok Barzan\u00ee di sala 2011 an de ji bo Rojava p\u00ea\u015fniyaz kirib\u00fb, asteng nekiriba, da \u00eero p\u00eavajoya S\u00fbriy\u00ea \u00fb Rojava di poz\u00eesyoneke gelek ba\u015ftir de ba.<\/h3>\n","protected":false},"excerpt":{"rendered":"<p>Bi derketina Be\u015far Esed di 8 \u00ea Kan\u00fbna P\u00ea\u015f\u00een de ji S\u00fbriy\u00ea \u00fb t\u00eaketina muhalefet\u00ea bo \u015eam\u00ea, qonaxeke n\u00fb li Rojhilata Nav\u00een dest p\u00ea kir. Di kr\u00eeza Rojhilata Nav\u00een de ku bi dagirkirina Kuweyt\u00ea ji aliy\u00ea Saddam Huseyin ve di Tebaxa 1990 \u00ee de derket hol\u00ea, heta niha ev gurankar\u00ee berdewam dikin.\u00a0 Dagirkirina Kuweyt\u00ea, b\u00fbyer\u00ean [&hellip;]<\/p>\n","protected":false},"author":2,"featured_media":1046084,"comment_status":"closed","ping_status":"closed","sticky":false,"template":"","format":"standard","meta":{"footnotes":""},"categories":[5],"tags":[37],"class_list":["post-1046083","post","type-post","status-publish","format-standard","has-post-thumbnail","hentry","category-aburi","tag-sereke"],"blocksy_meta":[],"seo_head":"<!-- This site is optimized with the Yoast SEO plugin v27.5 - https:\/\/yoast.com\/product\/yoast-seo-wordpress\/ -->\n<title>Li Rojava \u00fb S\u00fbriy\u00ea, Xeta Siyas\u00ee ya Serok Barzan\u00ee Serkeft... - Darka Maz\u00ee<\/title>\n<meta name=\"robots\" content=\"index, follow, max-snippet:-1, max-image-preview:large, max-video-preview:-1\" \/>\n<link rel=\"canonical\" href=\"https:\/\/darkamazi.info\/archives\/1046083\" \/>\n<meta property=\"og:locale\" content=\"en_US\" \/>\n<meta property=\"og:type\" content=\"article\" \/>\n<meta property=\"og:title\" content=\"Li Rojava \u00fb S\u00fbriy\u00ea, Xeta Siyas\u00ee ya Serok Barzan\u00ee Serkeft... - Darka Maz\u00ee\" \/>\n<meta property=\"og:description\" content=\"Bi derketina Be\u015far Esed di 8 \u00ea Kan\u00fbna P\u00ea\u015f\u00een de ji S\u00fbriy\u00ea \u00fb t\u00eaketina muhalefet\u00ea bo \u015eam\u00ea, qonaxeke n\u00fb li Rojhilata Nav\u00een dest p\u00ea kir. Di kr\u00eeza Rojhilata Nav\u00een de ku bi dagirkirina Kuweyt\u00ea ji aliy\u00ea Saddam Huseyin ve di Tebaxa 1990 \u00ee de derket hol\u00ea, heta niha ev gurankar\u00ee berdewam dikin.\u00a0 Dagirkirina Kuweyt\u00ea, b\u00fbyer\u00ean [&hellip;]\" \/>\n<meta property=\"og:url\" content=\"https:\/\/darkamazi.info\/archives\/1046083\" \/>\n<meta property=\"og:site_name\" content=\"Darka Maz\u00ee\" \/>\n<meta property=\"article:publisher\" content=\"https:\/\/www.facebook.com\/DarMaziKurmanci\" \/>\n<meta property=\"article:published_time\" content=\"2024-12-14T11:50:14+00:00\" \/>\n<meta property=\"og:image\" content=\"https:\/\/darkamazi.info\/file\/2024\/12\/serok-barzani.jpg\" \/>\n\t<meta property=\"og:image:width\" content=\"900\" \/>\n\t<meta property=\"og:image:height\" content=\"497\" \/>\n\t<meta property=\"og:image:type\" content=\"image\/jpeg\" \/>\n<meta name=\"author\" content=\"darka mazi\" \/>\n<meta name=\"twitter:card\" content=\"summary_large_image\" \/>\n<meta name=\"twitter:creator\" content=\"@DarkaMaziLatini\" \/>\n<meta name=\"twitter:site\" content=\"@DarkaMaziLatini\" \/>\n<meta name=\"twitter:label1\" content=\"Written by\" \/>\n\t<meta name=\"twitter:data1\" content=\"darka mazi\" \/>\n\t<meta name=\"twitter:label2\" content=\"Est. reading time\" \/>\n\t<meta name=\"twitter:data2\" content=\"6 minutes\" \/>\n<script type=\"application\/ld+json\" class=\"seo-schema-graph\">{\"@context\":\"https:\\\/\\\/schema.org\",\"@graph\":[{\"@type\":\"Article\",\"@id\":\"https:\\\/\\\/darkamazi.info\\\/archives\\\/1046083#article\",\"isPartOf\":{\"@id\":\"https:\\\/\\\/darkamazi.info\\\/archives\\\/1046083\"},\"author\":{\"name\":\"darka mazi\",\"@id\":\"https:\\\/\\\/darkamazi.info\\\/#\\\/schema\\\/person\\\/5ad3e24553a0567993fa8ed4bd0a776c\"},\"headline\":\"Li Rojava \u00fb S\u00fbriy\u00ea, Xeta Siyas\u00ee ya Serok Barzan\u00ee Serkeft&#8230;\",\"datePublished\":\"2024-12-14T11:50:14+00:00\",\"mainEntityOfPage\":{\"@id\":\"https:\\\/\\\/darkamazi.info\\\/archives\\\/1046083\"},\"wordCount\":1436,\"publisher\":{\"@id\":\"https:\\\/\\\/darkamazi.info\\\/#organization\"},\"image\":{\"@id\":\"https:\\\/\\\/darkamazi.info\\\/archives\\\/1046083#primaryimage\"},\"thumbnailUrl\":\"https:\\\/\\\/darkamazi.info\\\/darka-content\\\/uploads\\\/2024\\\/12\\\/serok-barzani.jpg\",\"keywords\":[\"sereke\"],\"articleSection\":[\"Abur\u00ee\"],\"inLanguage\":\"en-US\"},{\"@type\":\"WebPage\",\"@id\":\"https:\\\/\\\/darkamazi.info\\\/archives\\\/1046083\",\"url\":\"https:\\\/\\\/darkamazi.info\\\/archives\\\/1046083\",\"name\":\"Li Rojava \u00fb S\u00fbriy\u00ea, Xeta Siyas\u00ee ya Serok Barzan\u00ee Serkeft... - Darka Maz\u00ee\",\"isPartOf\":{\"@id\":\"https:\\\/\\\/darkamazi.info\\\/#website\"},\"primaryImageOfPage\":{\"@id\":\"https:\\\/\\\/darkamazi.info\\\/archives\\\/1046083#primaryimage\"},\"image\":{\"@id\":\"https:\\\/\\\/darkamazi.info\\\/archives\\\/1046083#primaryimage\"},\"thumbnailUrl\":\"https:\\\/\\\/darkamazi.info\\\/darka-content\\\/uploads\\\/2024\\\/12\\\/serok-barzani.jpg\",\"datePublished\":\"2024-12-14T11:50:14+00:00\",\"breadcrumb\":{\"@id\":\"https:\\\/\\\/darkamazi.info\\\/archives\\\/1046083#breadcrumb\"},\"inLanguage\":\"en-US\",\"potentialAction\":[{\"@type\":\"ReadAction\",\"target\":[\"https:\\\/\\\/darkamazi.info\\\/archives\\\/1046083\"]}]},{\"@type\":\"ImageObject\",\"inLanguage\":\"en-US\",\"@id\":\"https:\\\/\\\/darkamazi.info\\\/archives\\\/1046083#primaryimage\",\"url\":\"https:\\\/\\\/darkamazi.info\\\/darka-content\\\/uploads\\\/2024\\\/12\\\/serok-barzani.jpg\",\"contentUrl\":\"https:\\\/\\\/darkamazi.info\\\/darka-content\\\/uploads\\\/2024\\\/12\\\/serok-barzani.jpg\",\"width\":900,\"height\":497,\"caption\":\"Li Rojava \u00fb S\u00fbriy\u00ea, Xeta Siyas\u00ee ya Serok Barzan\u00ee Serkeft...\"},{\"@type\":\"BreadcrumbList\",\"@id\":\"https:\\\/\\\/darkamazi.info\\\/archives\\\/1046083#breadcrumb\",\"itemListElement\":[{\"@type\":\"ListItem\",\"position\":1,\"name\":\"Home\",\"item\":\"https:\\\/\\\/darkamazi.info\\\/\"},{\"@type\":\"ListItem\",\"position\":2,\"name\":\"Li Rojava \u00fb S\u00fbriy\u00ea, Xeta Siyas\u00ee ya Serok Barzan\u00ee Serkeft&#8230;\"}]},{\"@type\":\"WebSite\",\"@id\":\"https:\\\/\\\/darkamazi.info\\\/#website\",\"url\":\"https:\\\/\\\/darkamazi.info\\\/\",\"name\":\"Darka Maz\u00ee\",\"description\":\"P\u00eageha Zanyariy\u00ean Nebih\u00eest\u00ee\",\"publisher\":{\"@id\":\"https:\\\/\\\/darkamazi.info\\\/#organization\"},\"potentialAction\":[{\"@type\":\"SearchAction\",\"target\":{\"@type\":\"EntryPoint\",\"urlTemplate\":\"https:\\\/\\\/darkamazi.info\\\/?s={search_term_string}\"},\"query-input\":{\"@type\":\"PropertyValueSpecification\",\"valueRequired\":true,\"valueName\":\"search_term_string\"}}],\"inLanguage\":\"en-US\"},{\"@type\":\"Organization\",\"@id\":\"https:\\\/\\\/darkamazi.info\\\/#organization\",\"name\":\"Darka Maz\u00ee\",\"url\":\"https:\\\/\\\/darkamazi.info\\\/\",\"logo\":{\"@type\":\"ImageObject\",\"inLanguage\":\"en-US\",\"@id\":\"https:\\\/\\\/darkamazi.info\\\/#\\\/schema\\\/logo\\\/image\\\/\",\"url\":\"https:\\\/\\\/darkamazi.info\\\/darka-content\\\/uploads\\\/2017\\\/12\\\/darka-mazi-logo.png\",\"contentUrl\":\"https:\\\/\\\/darkamazi.info\\\/darka-content\\\/uploads\\\/2017\\\/12\\\/darka-mazi-logo.png\",\"width\":151,\"height\":75,\"caption\":\"Darka Maz\u00ee\"},\"image\":{\"@id\":\"https:\\\/\\\/darkamazi.info\\\/#\\\/schema\\\/logo\\\/image\\\/\"},\"sameAs\":[\"https:\\\/\\\/www.facebook.com\\\/DarMaziKurmanci\",\"https:\\\/\\\/x.com\\\/DarkaMaziLatini\",\"https:\\\/\\\/www.instagram.com\\\/darkamazi.kurmanci\\\/\",\"https:\\\/\\\/www.youtube.com\\\/channel\\\/UCa5HkTdmI8U1qCUFuTw8B2g\"]},{\"@type\":\"Person\",\"@id\":\"https:\\\/\\\/darkamazi.info\\\/#\\\/schema\\\/person\\\/5ad3e24553a0567993fa8ed4bd0a776c\",\"name\":\"darka mazi\",\"sameAs\":[\"https:\\\/\\\/darkamazi.info\\\/\"],\"url\":\"https:\\\/\\\/darkamazi.info\\\/archives\\\/author\\\/kurdi\"}]}<\/script>\n<!-- \/ Yoast SEO plugin. -->","seo_head_json":{"title":"Li Rojava \u00fb S\u00fbriy\u00ea, Xeta Siyas\u00ee ya Serok Barzan\u00ee Serkeft... - Darka Maz\u00ee","robots":{"index":"index","follow":"follow","max-snippet":"max-snippet:-1","max-image-preview":"max-image-preview:large","max-video-preview":"max-video-preview:-1"},"canonical":"https:\/\/darkamazi.info\/archives\/1046083","og_locale":"en_US","og_type":"article","og_title":"Li Rojava \u00fb S\u00fbriy\u00ea, Xeta Siyas\u00ee ya Serok Barzan\u00ee Serkeft... - Darka Maz\u00ee","og_description":"Bi derketina Be\u015far Esed di 8 \u00ea Kan\u00fbna P\u00ea\u015f\u00een de ji S\u00fbriy\u00ea \u00fb t\u00eaketina muhalefet\u00ea bo \u015eam\u00ea, qonaxeke n\u00fb li Rojhilata Nav\u00een dest p\u00ea kir. Di kr\u00eeza Rojhilata Nav\u00een de ku bi dagirkirina Kuweyt\u00ea ji aliy\u00ea Saddam Huseyin ve di Tebaxa 1990 \u00ee de derket hol\u00ea, heta niha ev gurankar\u00ee berdewam dikin.\u00a0 Dagirkirina Kuweyt\u00ea, b\u00fbyer\u00ean [&hellip;]","og_url":"https:\/\/darkamazi.info\/archives\/1046083","og_site_name":"Darka Maz\u00ee","article_publisher":"https:\/\/www.facebook.com\/DarMaziKurmanci","article_published_time":"2024-12-14T11:50:14+00:00","og_image":[{"width":900,"height":497,"url":"https:\/\/darkamazi.info\/file\/2024\/12\/serok-barzani.jpg","type":"image\/jpeg"}],"author":"darka mazi","twitter_card":"summary_large_image","twitter_creator":"@DarkaMaziLatini","twitter_site":"@DarkaMaziLatini","twitter_misc":{"Written by":"darka mazi","Est. reading time":"6 minutes"},"schema":{"@context":"https:\/\/schema.org","@graph":[{"@type":"Article","@id":"https:\/\/darkamazi.info\/archives\/1046083#article","isPartOf":{"@id":"https:\/\/darkamazi.info\/archives\/1046083"},"author":{"name":"darka mazi","@id":"https:\/\/darkamazi.info\/#\/schema\/person\/5ad3e24553a0567993fa8ed4bd0a776c"},"headline":"Li Rojava \u00fb S\u00fbriy\u00ea, Xeta Siyas\u00ee ya Serok Barzan\u00ee Serkeft&#8230;","datePublished":"2024-12-14T11:50:14+00:00","mainEntityOfPage":{"@id":"https:\/\/darkamazi.info\/archives\/1046083"},"wordCount":1436,"publisher":{"@id":"https:\/\/darkamazi.info\/#organization"},"image":{"@id":"https:\/\/darkamazi.info\/archives\/1046083#primaryimage"},"thumbnailUrl":"https:\/\/darkamazi.info\/file\/2024\/12\/serok-barzani.jpg","keywords":["sereke"],"articleSection":["Abur\u00ee"],"inLanguage":"en-US"},{"@type":"WebPage","@id":"https:\/\/darkamazi.info\/archives\/1046083","url":"https:\/\/darkamazi.info\/archives\/1046083","name":"Li Rojava \u00fb S\u00fbriy\u00ea, Xeta Siyas\u00ee ya Serok Barzan\u00ee Serkeft... - Darka Maz\u00ee","isPartOf":{"@id":"https:\/\/darkamazi.info\/#website"},"primaryImageOfPage":{"@id":"https:\/\/darkamazi.info\/archives\/1046083#primaryimage"},"image":{"@id":"https:\/\/darkamazi.info\/archives\/1046083#primaryimage"},"thumbnailUrl":"https:\/\/darkamazi.info\/file\/2024\/12\/serok-barzani.jpg","datePublished":"2024-12-14T11:50:14+00:00","breadcrumb":{"@id":"https:\/\/darkamazi.info\/archives\/1046083#breadcrumb"},"inLanguage":"en-US","potentialAction":[{"@type":"ReadAction","target":["https:\/\/darkamazi.info\/archives\/1046083"]}]},{"@type":"ImageObject","inLanguage":"en-US","@id":"https:\/\/darkamazi.info\/archives\/1046083#primaryimage","url":"https:\/\/darkamazi.info\/file\/2024\/12\/serok-barzani.jpg","contentUrl":"https:\/\/darkamazi.info\/file\/2024\/12\/serok-barzani.jpg","width":900,"height":497,"caption":"Li Rojava \u00fb S\u00fbriy\u00ea, Xeta Siyas\u00ee ya Serok Barzan\u00ee Serkeft..."},{"@type":"BreadcrumbList","@id":"https:\/\/darkamazi.info\/archives\/1046083#breadcrumb","itemListElement":[{"@type":"ListItem","position":1,"name":"Home","item":"https:\/\/darkamazi.info\/"},{"@type":"ListItem","position":2,"name":"Li Rojava \u00fb S\u00fbriy\u00ea, Xeta Siyas\u00ee ya Serok Barzan\u00ee Serkeft&#8230;"}]},{"@type":"WebSite","@id":"https:\/\/darkamazi.info\/#website","url":"https:\/\/darkamazi.info\/","name":"Darka Maz\u00ee","description":"P\u00eageha Zanyariy\u00ean Nebih\u00eest\u00ee","publisher":{"@id":"https:\/\/darkamazi.info\/#organization"},"potentialAction":[{"@type":"SearchAction","target":{"@type":"EntryPoint","urlTemplate":"https:\/\/darkamazi.info\/?s={search_term_string}"},"query-input":{"@type":"PropertyValueSpecification","valueRequired":true,"valueName":"search_term_string"}}],"inLanguage":"en-US"},{"@type":"Organization","@id":"https:\/\/darkamazi.info\/#organization","name":"Darka Maz\u00ee","url":"https:\/\/darkamazi.info\/","logo":{"@type":"ImageObject","inLanguage":"en-US","@id":"https:\/\/darkamazi.info\/#\/schema\/logo\/image\/","url":"https:\/\/darkamazi.info\/file\/2017\/12\/darka-mazi-logo.png","contentUrl":"https:\/\/darkamazi.info\/file\/2017\/12\/darka-mazi-logo.png","width":151,"height":75,"caption":"Darka Maz\u00ee"},"image":{"@id":"https:\/\/darkamazi.info\/#\/schema\/logo\/image\/"},"sameAs":["https:\/\/www.facebook.com\/DarMaziKurmanci","https:\/\/x.com\/DarkaMaziLatini","https:\/\/www.instagram.com\/darkamazi.kurmanci\/","https:\/\/www.youtube.com\/channel\/UCa5HkTdmI8U1qCUFuTw8B2g"]},{"@type":"Person","@id":"https:\/\/darkamazi.info\/#\/schema\/person\/5ad3e24553a0567993fa8ed4bd0a776c","name":"darka mazi","sameAs":["https:\/\/darkamazi.info\/"],"url":"https:\/\/darkamazi.info\/archives\/author\/kurdi"}]}},"_links":{"self":[{"href":"https:\/\/darkamazi.info\/funavuv\/wp\/v2\/posts\/1046083","targetHints":{"allow":["GET"]}}],"collection":[{"href":"https:\/\/darkamazi.info\/funavuv\/wp\/v2\/posts"}],"about":[{"href":"https:\/\/darkamazi.info\/funavuv\/wp\/v2\/types\/post"}],"author":[{"embeddable":true,"href":"https:\/\/darkamazi.info\/funavuv\/wp\/v2\/users\/2"}],"replies":[{"embeddable":true,"href":"https:\/\/darkamazi.info\/funavuv\/wp\/v2\/comments?post=1046083"}],"version-history":[{"count":0,"href":"https:\/\/darkamazi.info\/funavuv\/wp\/v2\/posts\/1046083\/revisions"}],"wp:featuredmedia":[{"embeddable":true,"href":"https:\/\/darkamazi.info\/funavuv\/wp\/v2\/media\/1046084"}],"wp:attachment":[{"href":"https:\/\/darkamazi.info\/funavuv\/wp\/v2\/media?parent=1046083"}],"wp:term":[{"taxonomy":"category","embeddable":true,"href":"https:\/\/darkamazi.info\/funavuv\/wp\/v2\/categories?post=1046083"},{"taxonomy":"post_tag","embeddable":true,"href":"https:\/\/darkamazi.info\/funavuv\/wp\/v2\/tags?post=1046083"}],"curies":[{"name":"wp","href":"https:\/\/api.w.org\/{rel}","templated":true}]}}