{"id":1046092,"date":"2024-12-14T17:51:31","date_gmt":"2024-12-14T14:51:31","guid":{"rendered":"https:\/\/darkamazi.info\/?p=1046092"},"modified":"2024-12-14T17:51:31","modified_gmt":"2024-12-14T14:51:31","slug":"di-sala-2024e-de-tirkiye-10-u-297-kes-bi-sedema-pkke-girtine","status":"publish","type":"post","link":"https:\/\/darkamazi.info\/archives\/1046092","title":{"rendered":"Di sala 2024\u00ea de Tirkiy\u00ea 10 \u00fb 297 kes bi sedema PKK\u00ea girtine"},"content":{"rendered":"<h3 style=\"text-align: justify\"><span style=\"font-family: 'arial black', sans-serif\">Dewleta Tirk di \u00eesal 2024\u00ea de 10 hezar \u00fb 297 kes li nava Tirkiy\u00ea bi sedema PKK\u00ea bin\u00e7av kirine, her wiha di operasyon\u00ean ewlehiy\u00ea de 779 PKKey\u00ee ku\u015ftine.<\/span><\/h3>\n<h3 style=\"text-align: justify\"><span style=\"font-family: arial, helvetica, sans-serif\">Ajansa Anadoluy\u00ea ku medyaya ferm\u00ee ya dewlet\u00ea ye, \u00eero roja \u015fem\u00ee 14\/12\/2024\u00ea belav kir ku di \u00eesal\u00ea de 44 hezar \u00fb 882 operasyon li dij\u00ee PKK\u00ea li Tirkiy\u00ea hatine encam day\u00een, di van operasyonan de 10 hezar \u00fb 297 kes hatine desteser kirin.<\/span><\/h3>\n<h3 style=\"text-align: justify\"><span style=\"font-family: arial, helvetica, sans-serif\">Her wiha destn\u00ee\u015fan kir, di operasyon\u00ean ewlehiy\u00ea y\u00ean sala 2024\u00ea de 779 PKKey\u00ee li nav Tirkiy\u00ea hatine ku\u015ftin.<\/span><\/h3>\n<h3 style=\"text-align: justify\"><span style=\"font-family: arial, helvetica, sans-serif\">Hat ragihandin, di \u00e7ar\u00e7oveya operasyon\u00ean 2024\u00ea de, 38 endam \u00fb kes\u00ean gir\u00eeng y\u00ean PKK\u00ea ku di l\u00eesta kes\u00ean l\u00eager\u00een li ser de ne, hatine ku\u015ftin.<\/span><\/h3>\n","protected":false},"excerpt":{"rendered":"<p>Dewleta Tirk di \u00eesal 2024\u00ea de 10 hezar \u00fb 297 kes li nava Tirkiy\u00ea bi sedema PKK\u00ea bin\u00e7av kirine, her wiha di operasyon\u00ean ewlehiy\u00ea de 779 PKKey\u00ee ku\u015ftine. Ajansa Anadoluy\u00ea ku medyaya ferm\u00ee ya dewlet\u00ea ye, \u00eero roja \u015fem\u00ee 14\/12\/2024\u00ea belav kir ku di \u00eesal\u00ea de 44 hezar \u00fb 882 operasyon li dij\u00ee PKK\u00ea li [&hellip;]<\/p>\n","protected":false},"author":2,"featured_media":1046093,"comment_status":"closed","ping_status":"closed","sticky":false,"template":"","format":"standard","meta":{"footnotes":""},"categories":[31],"tags":[37],"class_list":["post-1046092","post","type-post","status-publish","format-standard","has-post-thumbnail","hentry","category-rojhelata-navin","tag-sereke"],"blocksy_meta":[],"seo_head":"<!-- This site is optimized with the Yoast SEO plugin v27.5 - https:\/\/yoast.com\/product\/yoast-seo-wordpress\/ -->\n<title>Di sala 2024\u00ea de Tirkiy\u00ea 10 \u00fb 297 kes bi sedema PKK\u00ea girtine - Darka Maz\u00ee<\/title>\n<meta name=\"robots\" content=\"index, follow, max-snippet:-1, max-image-preview:large, max-video-preview:-1\" \/>\n<link rel=\"canonical\" href=\"https:\/\/darkamazi.info\/archives\/1046092\" \/>\n<meta property=\"og:locale\" content=\"en_US\" \/>\n<meta property=\"og:type\" content=\"article\" \/>\n<meta property=\"og:title\" content=\"Di sala 2024\u00ea de Tirkiy\u00ea 10 \u00fb 297 kes bi sedema PKK\u00ea girtine - Darka Maz\u00ee\" \/>\n<meta property=\"og:description\" content=\"Dewleta Tirk di \u00eesal 2024\u00ea de 10 hezar \u00fb 297 kes li nava Tirkiy\u00ea bi sedema PKK\u00ea bin\u00e7av kirine, her wiha di operasyon\u00ean ewlehiy\u00ea de 779 PKKey\u00ee ku\u015ftine. Ajansa Anadoluy\u00ea ku medyaya ferm\u00ee ya dewlet\u00ea ye, \u00eero roja \u015fem\u00ee 14\/12\/2024\u00ea belav kir ku di \u00eesal\u00ea de 44 hezar \u00fb 882 operasyon li dij\u00ee PKK\u00ea li [&hellip;]\" \/>\n<meta property=\"og:url\" content=\"https:\/\/darkamazi.info\/archives\/1046092\" \/>\n<meta property=\"og:site_name\" content=\"Darka Maz\u00ee\" \/>\n<meta property=\"article:publisher\" content=\"https:\/\/www.facebook.com\/DarMaziKurmanci\" \/>\n<meta property=\"article:published_time\" content=\"2024-12-14T14:51:31+00:00\" \/>\n<meta property=\"og:image\" content=\"https:\/\/darkamazi.info\/file\/2024\/12\/Turkey-Amar-PKK-In.jpg\" \/>\n\t<meta property=\"og:image:width\" content=\"864\" \/>\n\t<meta property=\"og:image:height\" content=\"486\" \/>\n\t<meta property=\"og:image:type\" content=\"image\/jpeg\" \/>\n<meta name=\"author\" content=\"darka mazi\" \/>\n<meta name=\"twitter:card\" content=\"summary_large_image\" \/>\n<meta name=\"twitter:creator\" content=\"@DarkaMaziLatini\" \/>\n<meta name=\"twitter:site\" content=\"@DarkaMaziLatini\" \/>\n<meta name=\"twitter:label1\" content=\"Written by\" \/>\n\t<meta name=\"twitter:data1\" content=\"darka mazi\" \/>\n\t<meta name=\"twitter:label2\" content=\"Est. reading time\" \/>\n\t<meta name=\"twitter:data2\" content=\"1 minute\" \/>\n<script type=\"application\/ld+json\" class=\"seo-schema-graph\">{\"@context\":\"https:\\\/\\\/schema.org\",\"@graph\":[{\"@type\":\"Article\",\"@id\":\"https:\\\/\\\/darkamazi.info\\\/archives\\\/1046092#article\",\"isPartOf\":{\"@id\":\"https:\\\/\\\/darkamazi.info\\\/archives\\\/1046092\"},\"author\":{\"name\":\"darka mazi\",\"@id\":\"https:\\\/\\\/darkamazi.info\\\/#\\\/schema\\\/person\\\/5ad3e24553a0567993fa8ed4bd0a776c\"},\"headline\":\"Di sala 2024\u00ea de Tirkiy\u00ea 10 \u00fb 297 kes bi sedema PKK\u00ea girtine\",\"datePublished\":\"2024-12-14T14:51:31+00:00\",\"mainEntityOfPage\":{\"@id\":\"https:\\\/\\\/darkamazi.info\\\/archives\\\/1046092\"},\"wordCount\":124,\"publisher\":{\"@id\":\"https:\\\/\\\/darkamazi.info\\\/#organization\"},\"image\":{\"@id\":\"https:\\\/\\\/darkamazi.info\\\/archives\\\/1046092#primaryimage\"},\"thumbnailUrl\":\"https:\\\/\\\/darkamazi.info\\\/darka-content\\\/uploads\\\/2024\\\/12\\\/Turkey-Amar-PKK-In.jpg\",\"keywords\":[\"sereke\"],\"articleSection\":[\"Rojhelata nav\u00een\"],\"inLanguage\":\"en-US\"},{\"@type\":\"WebPage\",\"@id\":\"https:\\\/\\\/darkamazi.info\\\/archives\\\/1046092\",\"url\":\"https:\\\/\\\/darkamazi.info\\\/archives\\\/1046092\",\"name\":\"Di sala 2024\u00ea de Tirkiy\u00ea 10 \u00fb 297 kes bi sedema PKK\u00ea girtine - Darka Maz\u00ee\",\"isPartOf\":{\"@id\":\"https:\\\/\\\/darkamazi.info\\\/#website\"},\"primaryImageOfPage\":{\"@id\":\"https:\\\/\\\/darkamazi.info\\\/archives\\\/1046092#primaryimage\"},\"image\":{\"@id\":\"https:\\\/\\\/darkamazi.info\\\/archives\\\/1046092#primaryimage\"},\"thumbnailUrl\":\"https:\\\/\\\/darkamazi.info\\\/darka-content\\\/uploads\\\/2024\\\/12\\\/Turkey-Amar-PKK-In.jpg\",\"datePublished\":\"2024-12-14T14:51:31+00:00\",\"breadcrumb\":{\"@id\":\"https:\\\/\\\/darkamazi.info\\\/archives\\\/1046092#breadcrumb\"},\"inLanguage\":\"en-US\",\"potentialAction\":[{\"@type\":\"ReadAction\",\"target\":[\"https:\\\/\\\/darkamazi.info\\\/archives\\\/1046092\"]}]},{\"@type\":\"ImageObject\",\"inLanguage\":\"en-US\",\"@id\":\"https:\\\/\\\/darkamazi.info\\\/archives\\\/1046092#primaryimage\",\"url\":\"https:\\\/\\\/darkamazi.info\\\/darka-content\\\/uploads\\\/2024\\\/12\\\/Turkey-Amar-PKK-In.jpg\",\"contentUrl\":\"https:\\\/\\\/darkamazi.info\\\/darka-content\\\/uploads\\\/2024\\\/12\\\/Turkey-Amar-PKK-In.jpg\",\"width\":864,\"height\":486,\"caption\":\"Turkey-Amar-PKK-In\"},{\"@type\":\"BreadcrumbList\",\"@id\":\"https:\\\/\\\/darkamazi.info\\\/archives\\\/1046092#breadcrumb\",\"itemListElement\":[{\"@type\":\"ListItem\",\"position\":1,\"name\":\"Home\",\"item\":\"https:\\\/\\\/darkamazi.info\\\/\"},{\"@type\":\"ListItem\",\"position\":2,\"name\":\"Di sala 2024\u00ea de Tirkiy\u00ea 10 \u00fb 297 kes bi sedema PKK\u00ea girtine\"}]},{\"@type\":\"WebSite\",\"@id\":\"https:\\\/\\\/darkamazi.info\\\/#website\",\"url\":\"https:\\\/\\\/darkamazi.info\\\/\",\"name\":\"Darka Maz\u00ee\",\"description\":\"P\u00eageha Zanyariy\u00ean Nebih\u00eest\u00ee\",\"publisher\":{\"@id\":\"https:\\\/\\\/darkamazi.info\\\/#organization\"},\"potentialAction\":[{\"@type\":\"SearchAction\",\"target\":{\"@type\":\"EntryPoint\",\"urlTemplate\":\"https:\\\/\\\/darkamazi.info\\\/?s={search_term_string}\"},\"query-input\":{\"@type\":\"PropertyValueSpecification\",\"valueRequired\":true,\"valueName\":\"search_term_string\"}}],\"inLanguage\":\"en-US\"},{\"@type\":\"Organization\",\"@id\":\"https:\\\/\\\/darkamazi.info\\\/#organization\",\"name\":\"Darka Maz\u00ee\",\"url\":\"https:\\\/\\\/darkamazi.info\\\/\",\"logo\":{\"@type\":\"ImageObject\",\"inLanguage\":\"en-US\",\"@id\":\"https:\\\/\\\/darkamazi.info\\\/#\\\/schema\\\/logo\\\/image\\\/\",\"url\":\"https:\\\/\\\/darkamazi.info\\\/darka-content\\\/uploads\\\/2017\\\/12\\\/darka-mazi-logo.png\",\"contentUrl\":\"https:\\\/\\\/darkamazi.info\\\/darka-content\\\/uploads\\\/2017\\\/12\\\/darka-mazi-logo.png\",\"width\":151,\"height\":75,\"caption\":\"Darka Maz\u00ee\"},\"image\":{\"@id\":\"https:\\\/\\\/darkamazi.info\\\/#\\\/schema\\\/logo\\\/image\\\/\"},\"sameAs\":[\"https:\\\/\\\/www.facebook.com\\\/DarMaziKurmanci\",\"https:\\\/\\\/x.com\\\/DarkaMaziLatini\",\"https:\\\/\\\/www.instagram.com\\\/darkamazi.kurmanci\\\/\",\"https:\\\/\\\/www.youtube.com\\\/channel\\\/UCa5HkTdmI8U1qCUFuTw8B2g\"]},{\"@type\":\"Person\",\"@id\":\"https:\\\/\\\/darkamazi.info\\\/#\\\/schema\\\/person\\\/5ad3e24553a0567993fa8ed4bd0a776c\",\"name\":\"darka mazi\",\"sameAs\":[\"https:\\\/\\\/darkamazi.info\\\/\"],\"url\":\"https:\\\/\\\/darkamazi.info\\\/archives\\\/author\\\/kurdi\"}]}<\/script>\n<!-- \/ Yoast SEO plugin. -->","seo_head_json":{"title":"Di sala 2024\u00ea de Tirkiy\u00ea 10 \u00fb 297 kes bi sedema PKK\u00ea girtine - Darka Maz\u00ee","robots":{"index":"index","follow":"follow","max-snippet":"max-snippet:-1","max-image-preview":"max-image-preview:large","max-video-preview":"max-video-preview:-1"},"canonical":"https:\/\/darkamazi.info\/archives\/1046092","og_locale":"en_US","og_type":"article","og_title":"Di sala 2024\u00ea de Tirkiy\u00ea 10 \u00fb 297 kes bi sedema PKK\u00ea girtine - Darka Maz\u00ee","og_description":"Dewleta Tirk di \u00eesal 2024\u00ea de 10 hezar \u00fb 297 kes li nava Tirkiy\u00ea bi sedema PKK\u00ea bin\u00e7av kirine, her wiha di operasyon\u00ean ewlehiy\u00ea de 779 PKKey\u00ee ku\u015ftine. Ajansa Anadoluy\u00ea ku medyaya ferm\u00ee ya dewlet\u00ea ye, \u00eero roja \u015fem\u00ee 14\/12\/2024\u00ea belav kir ku di \u00eesal\u00ea de 44 hezar \u00fb 882 operasyon li dij\u00ee PKK\u00ea li [&hellip;]","og_url":"https:\/\/darkamazi.info\/archives\/1046092","og_site_name":"Darka Maz\u00ee","article_publisher":"https:\/\/www.facebook.com\/DarMaziKurmanci","article_published_time":"2024-12-14T14:51:31+00:00","og_image":[{"width":864,"height":486,"url":"https:\/\/darkamazi.info\/file\/2024\/12\/Turkey-Amar-PKK-In.jpg","type":"image\/jpeg"}],"author":"darka mazi","twitter_card":"summary_large_image","twitter_creator":"@DarkaMaziLatini","twitter_site":"@DarkaMaziLatini","twitter_misc":{"Written by":"darka mazi","Est. reading time":"1 minute"},"schema":{"@context":"https:\/\/schema.org","@graph":[{"@type":"Article","@id":"https:\/\/darkamazi.info\/archives\/1046092#article","isPartOf":{"@id":"https:\/\/darkamazi.info\/archives\/1046092"},"author":{"name":"darka mazi","@id":"https:\/\/darkamazi.info\/#\/schema\/person\/5ad3e24553a0567993fa8ed4bd0a776c"},"headline":"Di sala 2024\u00ea de Tirkiy\u00ea 10 \u00fb 297 kes bi sedema PKK\u00ea girtine","datePublished":"2024-12-14T14:51:31+00:00","mainEntityOfPage":{"@id":"https:\/\/darkamazi.info\/archives\/1046092"},"wordCount":124,"publisher":{"@id":"https:\/\/darkamazi.info\/#organization"},"image":{"@id":"https:\/\/darkamazi.info\/archives\/1046092#primaryimage"},"thumbnailUrl":"https:\/\/darkamazi.info\/file\/2024\/12\/Turkey-Amar-PKK-In.jpg","keywords":["sereke"],"articleSection":["Rojhelata nav\u00een"],"inLanguage":"en-US"},{"@type":"WebPage","@id":"https:\/\/darkamazi.info\/archives\/1046092","url":"https:\/\/darkamazi.info\/archives\/1046092","name":"Di sala 2024\u00ea de Tirkiy\u00ea 10 \u00fb 297 kes bi sedema PKK\u00ea girtine - Darka Maz\u00ee","isPartOf":{"@id":"https:\/\/darkamazi.info\/#website"},"primaryImageOfPage":{"@id":"https:\/\/darkamazi.info\/archives\/1046092#primaryimage"},"image":{"@id":"https:\/\/darkamazi.info\/archives\/1046092#primaryimage"},"thumbnailUrl":"https:\/\/darkamazi.info\/file\/2024\/12\/Turkey-Amar-PKK-In.jpg","datePublished":"2024-12-14T14:51:31+00:00","breadcrumb":{"@id":"https:\/\/darkamazi.info\/archives\/1046092#breadcrumb"},"inLanguage":"en-US","potentialAction":[{"@type":"ReadAction","target":["https:\/\/darkamazi.info\/archives\/1046092"]}]},{"@type":"ImageObject","inLanguage":"en-US","@id":"https:\/\/darkamazi.info\/archives\/1046092#primaryimage","url":"https:\/\/darkamazi.info\/file\/2024\/12\/Turkey-Amar-PKK-In.jpg","contentUrl":"https:\/\/darkamazi.info\/file\/2024\/12\/Turkey-Amar-PKK-In.jpg","width":864,"height":486,"caption":"Turkey-Amar-PKK-In"},{"@type":"BreadcrumbList","@id":"https:\/\/darkamazi.info\/archives\/1046092#breadcrumb","itemListElement":[{"@type":"ListItem","position":1,"name":"Home","item":"https:\/\/darkamazi.info\/"},{"@type":"ListItem","position":2,"name":"Di sala 2024\u00ea de Tirkiy\u00ea 10 \u00fb 297 kes bi sedema PKK\u00ea girtine"}]},{"@type":"WebSite","@id":"https:\/\/darkamazi.info\/#website","url":"https:\/\/darkamazi.info\/","name":"Darka Maz\u00ee","description":"P\u00eageha Zanyariy\u00ean Nebih\u00eest\u00ee","publisher":{"@id":"https:\/\/darkamazi.info\/#organization"},"potentialAction":[{"@type":"SearchAction","target":{"@type":"EntryPoint","urlTemplate":"https:\/\/darkamazi.info\/?s={search_term_string}"},"query-input":{"@type":"PropertyValueSpecification","valueRequired":true,"valueName":"search_term_string"}}],"inLanguage":"en-US"},{"@type":"Organization","@id":"https:\/\/darkamazi.info\/#organization","name":"Darka Maz\u00ee","url":"https:\/\/darkamazi.info\/","logo":{"@type":"ImageObject","inLanguage":"en-US","@id":"https:\/\/darkamazi.info\/#\/schema\/logo\/image\/","url":"https:\/\/darkamazi.info\/file\/2017\/12\/darka-mazi-logo.png","contentUrl":"https:\/\/darkamazi.info\/file\/2017\/12\/darka-mazi-logo.png","width":151,"height":75,"caption":"Darka Maz\u00ee"},"image":{"@id":"https:\/\/darkamazi.info\/#\/schema\/logo\/image\/"},"sameAs":["https:\/\/www.facebook.com\/DarMaziKurmanci","https:\/\/x.com\/DarkaMaziLatini","https:\/\/www.instagram.com\/darkamazi.kurmanci\/","https:\/\/www.youtube.com\/channel\/UCa5HkTdmI8U1qCUFuTw8B2g"]},{"@type":"Person","@id":"https:\/\/darkamazi.info\/#\/schema\/person\/5ad3e24553a0567993fa8ed4bd0a776c","name":"darka mazi","sameAs":["https:\/\/darkamazi.info\/"],"url":"https:\/\/darkamazi.info\/archives\/author\/kurdi"}]}},"_links":{"self":[{"href":"https:\/\/darkamazi.info\/funavuv\/wp\/v2\/posts\/1046092","targetHints":{"allow":["GET"]}}],"collection":[{"href":"https:\/\/darkamazi.info\/funavuv\/wp\/v2\/posts"}],"about":[{"href":"https:\/\/darkamazi.info\/funavuv\/wp\/v2\/types\/post"}],"author":[{"embeddable":true,"href":"https:\/\/darkamazi.info\/funavuv\/wp\/v2\/users\/2"}],"replies":[{"embeddable":true,"href":"https:\/\/darkamazi.info\/funavuv\/wp\/v2\/comments?post=1046092"}],"version-history":[{"count":0,"href":"https:\/\/darkamazi.info\/funavuv\/wp\/v2\/posts\/1046092\/revisions"}],"wp:featuredmedia":[{"embeddable":true,"href":"https:\/\/darkamazi.info\/funavuv\/wp\/v2\/media\/1046093"}],"wp:attachment":[{"href":"https:\/\/darkamazi.info\/funavuv\/wp\/v2\/media?parent=1046092"}],"wp:term":[{"taxonomy":"category","embeddable":true,"href":"https:\/\/darkamazi.info\/funavuv\/wp\/v2\/categories?post=1046092"},{"taxonomy":"post_tag","embeddable":true,"href":"https:\/\/darkamazi.info\/funavuv\/wp\/v2\/tags?post=1046092"}],"curies":[{"name":"wp","href":"https:\/\/api.w.org\/{rel}","templated":true}]}}