{"id":1046116,"date":"2024-12-15T17:24:16","date_gmt":"2024-12-15T14:24:16","guid":{"rendered":"https:\/\/darkamazi.info\/?p=1046116"},"modified":"2024-12-15T17:24:16","modified_gmt":"2024-12-15T14:24:16","slug":"tirkiye-di-sala-2024e-de-2-hezar-u-939-gerila-hatine-kustin","status":"publish","type":"post","link":"https:\/\/darkamazi.info\/archives\/1046116","title":{"rendered":"Tirkiye: Di sala 2024\u00ea de 2 hezar \u00fb 939 Ger\u00eela hatine ku\u015ftin"},"content":{"rendered":"<h3 style=\"text-align: justify\"><span style=\"font-family: 'arial black', sans-serif\">Wezareta bergiriy\u00ea ya Tirkiy\u00ea \u00eero zirar\u00ean PKK\u00ea y\u00ean sala 2024\u00ea ragihandin \u00fb a\u015fkere kir, di v\u00ea sal\u00ea de 2 hezar \u00fb 939 \u00e7ekdar\u00ean r\u00eaxistin\u00ea di \u00ear\u00ee\u015f\u00ean wan de hatine ku\u015ftin.<\/span><\/h3>\n<h3 style=\"text-align: justify\"><span style=\"font-family: arial, helvetica, sans-serif\">Li gor\u00ee daxuyan\u00eeya wez\u00eer\u00ea bergiriy\u00ea y\u00ea Tirkiy\u00ea Ya\u015far Guler ku \u00eero roja yek\u015fem\u00ee 15\/12\/2024\u00ea da ye, di sala 2024\u00ea de li Rojava \u00fb Ba\u015f\u00fbr\u00ea Kurdistan\u00ea, 2 hezar \u00fb 939 \u00e7ekdar\u00ean PKK\u00ea, YPG\u00ea, HSD\u00ea di \u00eari\u015f \u00fb operasyon\u00ean cuda y\u00ean art\u00ea\u015fa Tirkiy\u00ea de hatine ku\u015ftin.<\/span><\/h3>\n<h3 style=\"text-align: justify\"><span style=\"font-family: arial, helvetica, sans-serif\">Her wiha got: Ji bil\u00ee v\u00ea 99 \u00e7ekdar j\u00ee tesl\u00eem b\u00fbne.<\/span><\/h3>\n<h3 style=\"text-align: justify\"><span style=\"font-family: arial, helvetica, sans-serif\">R\u00eaxistina PKK\u00ea derbar\u00ea v\u00ea amara Tirkiy\u00ea tu agah\u00ee ne dane.<\/span><\/h3>\n<h3 style=\"text-align: justify\"><span style=\"font-family: arial, helvetica, sans-serif\">Partiya Karkeran \u00fb dewleta Tirk ser\u00ea hem\u00fb salek\u00ea amar\u00ean \u015fer radgih\u00eenin \u00fb her y\u00eak dib\u00eaje me ewqas ku\u015ftine, l\u00eabel\u00ea herdu al\u00ee rast nab\u00eajin \u00fb ten\u00ea v\u00ea weke \u015ferek\u00ee medyay\u00ee y\u00ea taybet li dij\u00ee hev di me\u015f\u00eenin \u00fb y\u00ean ku zirara rast\u00een ya \u015fer didin ten\u00ea welatiy\u00ean Ba\u015f\u00fbr\u00ea Kurdistan\u00ea ne.<\/span><\/h3>\n","protected":false},"excerpt":{"rendered":"<p>Wezareta bergiriy\u00ea ya Tirkiy\u00ea \u00eero zirar\u00ean PKK\u00ea y\u00ean sala 2024\u00ea ragihandin \u00fb a\u015fkere kir, di v\u00ea sal\u00ea de 2 hezar \u00fb 939 \u00e7ekdar\u00ean r\u00eaxistin\u00ea di \u00ear\u00ee\u015f\u00ean wan de hatine ku\u015ftin. Li gor\u00ee daxuyan\u00eeya wez\u00eer\u00ea bergiriy\u00ea y\u00ea Tirkiy\u00ea Ya\u015far Guler ku \u00eero roja yek\u015fem\u00ee 15\/12\/2024\u00ea da ye, di sala 2024\u00ea de li Rojava \u00fb Ba\u015f\u00fbr\u00ea Kurdistan\u00ea, [&hellip;]<\/p>\n","protected":false},"author":2,"featured_media":1046117,"comment_status":"closed","ping_status":"closed","sticky":false,"template":"","format":"standard","meta":{"footnotes":""},"categories":[29],"tags":[37],"class_list":["post-1046116","post","type-post","status-publish","format-standard","has-post-thumbnail","hentry","category-kurdistan","tag-sereke"],"blocksy_meta":[],"seo_head":"<!-- This site is optimized with the Yoast SEO plugin v27.5 - https:\/\/yoast.com\/product\/yoast-seo-wordpress\/ -->\n<title>Tirkiye: Di sala 2024\u00ea de 2 hezar \u00fb 939 Ger\u00eela hatine ku\u015ftin - Darka Maz\u00ee<\/title>\n<meta name=\"robots\" content=\"index, follow, max-snippet:-1, max-image-preview:large, max-video-preview:-1\" \/>\n<link rel=\"canonical\" href=\"https:\/\/darkamazi.info\/archives\/1046116\" \/>\n<meta property=\"og:locale\" content=\"en_US\" \/>\n<meta property=\"og:type\" content=\"article\" \/>\n<meta property=\"og:title\" content=\"Tirkiye: Di sala 2024\u00ea de 2 hezar \u00fb 939 Ger\u00eela hatine ku\u015ftin - Darka Maz\u00ee\" \/>\n<meta property=\"og:description\" content=\"Wezareta bergiriy\u00ea ya Tirkiy\u00ea \u00eero zirar\u00ean PKK\u00ea y\u00ean sala 2024\u00ea ragihandin \u00fb a\u015fkere kir, di v\u00ea sal\u00ea de 2 hezar \u00fb 939 \u00e7ekdar\u00ean r\u00eaxistin\u00ea di \u00ear\u00ee\u015f\u00ean wan de hatine ku\u015ftin. Li gor\u00ee daxuyan\u00eeya wez\u00eer\u00ea bergiriy\u00ea y\u00ea Tirkiy\u00ea Ya\u015far Guler ku \u00eero roja yek\u015fem\u00ee 15\/12\/2024\u00ea da ye, di sala 2024\u00ea de li Rojava \u00fb Ba\u015f\u00fbr\u00ea Kurdistan\u00ea, [&hellip;]\" \/>\n<meta property=\"og:url\" content=\"https:\/\/darkamazi.info\/archives\/1046116\" \/>\n<meta property=\"og:site_name\" content=\"Darka Maz\u00ee\" \/>\n<meta property=\"article:publisher\" content=\"https:\/\/www.facebook.com\/DarMaziKurmanci\" \/>\n<meta property=\"article:published_time\" content=\"2024-12-15T14:24:16+00:00\" \/>\n<meta property=\"og:image\" content=\"https:\/\/darkamazi.info\/file\/2024\/12\/pkk-turkey-2024-info.jpg\" \/>\n\t<meta property=\"og:image:width\" content=\"900\" \/>\n\t<meta property=\"og:image:height\" content=\"500\" \/>\n\t<meta property=\"og:image:type\" content=\"image\/jpeg\" \/>\n<meta name=\"author\" content=\"darka mazi\" \/>\n<meta name=\"twitter:card\" content=\"summary_large_image\" \/>\n<meta name=\"twitter:creator\" content=\"@DarkaMaziLatini\" \/>\n<meta name=\"twitter:site\" content=\"@DarkaMaziLatini\" \/>\n<meta name=\"twitter:label1\" content=\"Written by\" \/>\n\t<meta name=\"twitter:data1\" content=\"darka mazi\" \/>\n\t<meta name=\"twitter:label2\" content=\"Est. reading time\" \/>\n\t<meta name=\"twitter:data2\" content=\"1 minute\" \/>\n<script type=\"application\/ld+json\" class=\"seo-schema-graph\">{\"@context\":\"https:\\\/\\\/schema.org\",\"@graph\":[{\"@type\":\"Article\",\"@id\":\"https:\\\/\\\/darkamazi.info\\\/archives\\\/1046116#article\",\"isPartOf\":{\"@id\":\"https:\\\/\\\/darkamazi.info\\\/archives\\\/1046116\"},\"author\":{\"name\":\"darka mazi\",\"@id\":\"https:\\\/\\\/darkamazi.info\\\/#\\\/schema\\\/person\\\/5ad3e24553a0567993fa8ed4bd0a776c\"},\"headline\":\"Tirkiye: Di sala 2024\u00ea de 2 hezar \u00fb 939 Ger\u00eela hatine ku\u015ftin\",\"datePublished\":\"2024-12-15T14:24:16+00:00\",\"mainEntityOfPage\":{\"@id\":\"https:\\\/\\\/darkamazi.info\\\/archives\\\/1046116\"},\"wordCount\":169,\"publisher\":{\"@id\":\"https:\\\/\\\/darkamazi.info\\\/#organization\"},\"image\":{\"@id\":\"https:\\\/\\\/darkamazi.info\\\/archives\\\/1046116#primaryimage\"},\"thumbnailUrl\":\"https:\\\/\\\/darkamazi.info\\\/darka-content\\\/uploads\\\/2024\\\/12\\\/pkk-turkey-2024-info.jpg\",\"keywords\":[\"sereke\"],\"articleSection\":[\"Kurdistan\"],\"inLanguage\":\"en-US\"},{\"@type\":\"WebPage\",\"@id\":\"https:\\\/\\\/darkamazi.info\\\/archives\\\/1046116\",\"url\":\"https:\\\/\\\/darkamazi.info\\\/archives\\\/1046116\",\"name\":\"Tirkiye: Di sala 2024\u00ea de 2 hezar \u00fb 939 Ger\u00eela hatine ku\u015ftin - Darka Maz\u00ee\",\"isPartOf\":{\"@id\":\"https:\\\/\\\/darkamazi.info\\\/#website\"},\"primaryImageOfPage\":{\"@id\":\"https:\\\/\\\/darkamazi.info\\\/archives\\\/1046116#primaryimage\"},\"image\":{\"@id\":\"https:\\\/\\\/darkamazi.info\\\/archives\\\/1046116#primaryimage\"},\"thumbnailUrl\":\"https:\\\/\\\/darkamazi.info\\\/darka-content\\\/uploads\\\/2024\\\/12\\\/pkk-turkey-2024-info.jpg\",\"datePublished\":\"2024-12-15T14:24:16+00:00\",\"breadcrumb\":{\"@id\":\"https:\\\/\\\/darkamazi.info\\\/archives\\\/1046116#breadcrumb\"},\"inLanguage\":\"en-US\",\"potentialAction\":[{\"@type\":\"ReadAction\",\"target\":[\"https:\\\/\\\/darkamazi.info\\\/archives\\\/1046116\"]}]},{\"@type\":\"ImageObject\",\"inLanguage\":\"en-US\",\"@id\":\"https:\\\/\\\/darkamazi.info\\\/archives\\\/1046116#primaryimage\",\"url\":\"https:\\\/\\\/darkamazi.info\\\/darka-content\\\/uploads\\\/2024\\\/12\\\/pkk-turkey-2024-info.jpg\",\"contentUrl\":\"https:\\\/\\\/darkamazi.info\\\/darka-content\\\/uploads\\\/2024\\\/12\\\/pkk-turkey-2024-info.jpg\",\"width\":900,\"height\":500,\"caption\":\"pkk-turkey-2024-net\"},{\"@type\":\"BreadcrumbList\",\"@id\":\"https:\\\/\\\/darkamazi.info\\\/archives\\\/1046116#breadcrumb\",\"itemListElement\":[{\"@type\":\"ListItem\",\"position\":1,\"name\":\"Home\",\"item\":\"https:\\\/\\\/darkamazi.info\\\/\"},{\"@type\":\"ListItem\",\"position\":2,\"name\":\"Tirkiye: Di sala 2024\u00ea de 2 hezar \u00fb 939 Ger\u00eela hatine ku\u015ftin\"}]},{\"@type\":\"WebSite\",\"@id\":\"https:\\\/\\\/darkamazi.info\\\/#website\",\"url\":\"https:\\\/\\\/darkamazi.info\\\/\",\"name\":\"Darka Maz\u00ee\",\"description\":\"P\u00eageha Zanyariy\u00ean Nebih\u00eest\u00ee\",\"publisher\":{\"@id\":\"https:\\\/\\\/darkamazi.info\\\/#organization\"},\"potentialAction\":[{\"@type\":\"SearchAction\",\"target\":{\"@type\":\"EntryPoint\",\"urlTemplate\":\"https:\\\/\\\/darkamazi.info\\\/?s={search_term_string}\"},\"query-input\":{\"@type\":\"PropertyValueSpecification\",\"valueRequired\":true,\"valueName\":\"search_term_string\"}}],\"inLanguage\":\"en-US\"},{\"@type\":\"Organization\",\"@id\":\"https:\\\/\\\/darkamazi.info\\\/#organization\",\"name\":\"Darka Maz\u00ee\",\"url\":\"https:\\\/\\\/darkamazi.info\\\/\",\"logo\":{\"@type\":\"ImageObject\",\"inLanguage\":\"en-US\",\"@id\":\"https:\\\/\\\/darkamazi.info\\\/#\\\/schema\\\/logo\\\/image\\\/\",\"url\":\"https:\\\/\\\/darkamazi.info\\\/darka-content\\\/uploads\\\/2017\\\/12\\\/darka-mazi-logo.png\",\"contentUrl\":\"https:\\\/\\\/darkamazi.info\\\/darka-content\\\/uploads\\\/2017\\\/12\\\/darka-mazi-logo.png\",\"width\":151,\"height\":75,\"caption\":\"Darka Maz\u00ee\"},\"image\":{\"@id\":\"https:\\\/\\\/darkamazi.info\\\/#\\\/schema\\\/logo\\\/image\\\/\"},\"sameAs\":[\"https:\\\/\\\/www.facebook.com\\\/DarMaziKurmanci\",\"https:\\\/\\\/x.com\\\/DarkaMaziLatini\",\"https:\\\/\\\/www.instagram.com\\\/darkamazi.kurmanci\\\/\",\"https:\\\/\\\/www.youtube.com\\\/channel\\\/UCa5HkTdmI8U1qCUFuTw8B2g\"]},{\"@type\":\"Person\",\"@id\":\"https:\\\/\\\/darkamazi.info\\\/#\\\/schema\\\/person\\\/5ad3e24553a0567993fa8ed4bd0a776c\",\"name\":\"darka mazi\",\"sameAs\":[\"https:\\\/\\\/darkamazi.info\\\/\"],\"url\":\"https:\\\/\\\/darkamazi.info\\\/archives\\\/author\\\/kurdi\"}]}<\/script>\n<!-- \/ Yoast SEO plugin. -->","seo_head_json":{"title":"Tirkiye: Di sala 2024\u00ea de 2 hezar \u00fb 939 Ger\u00eela hatine ku\u015ftin - Darka Maz\u00ee","robots":{"index":"index","follow":"follow","max-snippet":"max-snippet:-1","max-image-preview":"max-image-preview:large","max-video-preview":"max-video-preview:-1"},"canonical":"https:\/\/darkamazi.info\/archives\/1046116","og_locale":"en_US","og_type":"article","og_title":"Tirkiye: Di sala 2024\u00ea de 2 hezar \u00fb 939 Ger\u00eela hatine ku\u015ftin - Darka Maz\u00ee","og_description":"Wezareta bergiriy\u00ea ya Tirkiy\u00ea \u00eero zirar\u00ean PKK\u00ea y\u00ean sala 2024\u00ea ragihandin \u00fb a\u015fkere kir, di v\u00ea sal\u00ea de 2 hezar \u00fb 939 \u00e7ekdar\u00ean r\u00eaxistin\u00ea di \u00ear\u00ee\u015f\u00ean wan de hatine ku\u015ftin. Li gor\u00ee daxuyan\u00eeya wez\u00eer\u00ea bergiriy\u00ea y\u00ea Tirkiy\u00ea Ya\u015far Guler ku \u00eero roja yek\u015fem\u00ee 15\/12\/2024\u00ea da ye, di sala 2024\u00ea de li Rojava \u00fb Ba\u015f\u00fbr\u00ea Kurdistan\u00ea, [&hellip;]","og_url":"https:\/\/darkamazi.info\/archives\/1046116","og_site_name":"Darka Maz\u00ee","article_publisher":"https:\/\/www.facebook.com\/DarMaziKurmanci","article_published_time":"2024-12-15T14:24:16+00:00","og_image":[{"width":900,"height":500,"url":"https:\/\/darkamazi.info\/file\/2024\/12\/pkk-turkey-2024-info.jpg","type":"image\/jpeg"}],"author":"darka mazi","twitter_card":"summary_large_image","twitter_creator":"@DarkaMaziLatini","twitter_site":"@DarkaMaziLatini","twitter_misc":{"Written by":"darka mazi","Est. reading time":"1 minute"},"schema":{"@context":"https:\/\/schema.org","@graph":[{"@type":"Article","@id":"https:\/\/darkamazi.info\/archives\/1046116#article","isPartOf":{"@id":"https:\/\/darkamazi.info\/archives\/1046116"},"author":{"name":"darka mazi","@id":"https:\/\/darkamazi.info\/#\/schema\/person\/5ad3e24553a0567993fa8ed4bd0a776c"},"headline":"Tirkiye: Di sala 2024\u00ea de 2 hezar \u00fb 939 Ger\u00eela hatine ku\u015ftin","datePublished":"2024-12-15T14:24:16+00:00","mainEntityOfPage":{"@id":"https:\/\/darkamazi.info\/archives\/1046116"},"wordCount":169,"publisher":{"@id":"https:\/\/darkamazi.info\/#organization"},"image":{"@id":"https:\/\/darkamazi.info\/archives\/1046116#primaryimage"},"thumbnailUrl":"https:\/\/darkamazi.info\/file\/2024\/12\/pkk-turkey-2024-info.jpg","keywords":["sereke"],"articleSection":["Kurdistan"],"inLanguage":"en-US"},{"@type":"WebPage","@id":"https:\/\/darkamazi.info\/archives\/1046116","url":"https:\/\/darkamazi.info\/archives\/1046116","name":"Tirkiye: Di sala 2024\u00ea de 2 hezar \u00fb 939 Ger\u00eela hatine ku\u015ftin - Darka Maz\u00ee","isPartOf":{"@id":"https:\/\/darkamazi.info\/#website"},"primaryImageOfPage":{"@id":"https:\/\/darkamazi.info\/archives\/1046116#primaryimage"},"image":{"@id":"https:\/\/darkamazi.info\/archives\/1046116#primaryimage"},"thumbnailUrl":"https:\/\/darkamazi.info\/file\/2024\/12\/pkk-turkey-2024-info.jpg","datePublished":"2024-12-15T14:24:16+00:00","breadcrumb":{"@id":"https:\/\/darkamazi.info\/archives\/1046116#breadcrumb"},"inLanguage":"en-US","potentialAction":[{"@type":"ReadAction","target":["https:\/\/darkamazi.info\/archives\/1046116"]}]},{"@type":"ImageObject","inLanguage":"en-US","@id":"https:\/\/darkamazi.info\/archives\/1046116#primaryimage","url":"https:\/\/darkamazi.info\/file\/2024\/12\/pkk-turkey-2024-info.jpg","contentUrl":"https:\/\/darkamazi.info\/file\/2024\/12\/pkk-turkey-2024-info.jpg","width":900,"height":500,"caption":"pkk-turkey-2024-net"},{"@type":"BreadcrumbList","@id":"https:\/\/darkamazi.info\/archives\/1046116#breadcrumb","itemListElement":[{"@type":"ListItem","position":1,"name":"Home","item":"https:\/\/darkamazi.info\/"},{"@type":"ListItem","position":2,"name":"Tirkiye: Di sala 2024\u00ea de 2 hezar \u00fb 939 Ger\u00eela hatine ku\u015ftin"}]},{"@type":"WebSite","@id":"https:\/\/darkamazi.info\/#website","url":"https:\/\/darkamazi.info\/","name":"Darka Maz\u00ee","description":"P\u00eageha Zanyariy\u00ean Nebih\u00eest\u00ee","publisher":{"@id":"https:\/\/darkamazi.info\/#organization"},"potentialAction":[{"@type":"SearchAction","target":{"@type":"EntryPoint","urlTemplate":"https:\/\/darkamazi.info\/?s={search_term_string}"},"query-input":{"@type":"PropertyValueSpecification","valueRequired":true,"valueName":"search_term_string"}}],"inLanguage":"en-US"},{"@type":"Organization","@id":"https:\/\/darkamazi.info\/#organization","name":"Darka Maz\u00ee","url":"https:\/\/darkamazi.info\/","logo":{"@type":"ImageObject","inLanguage":"en-US","@id":"https:\/\/darkamazi.info\/#\/schema\/logo\/image\/","url":"https:\/\/darkamazi.info\/file\/2017\/12\/darka-mazi-logo.png","contentUrl":"https:\/\/darkamazi.info\/file\/2017\/12\/darka-mazi-logo.png","width":151,"height":75,"caption":"Darka Maz\u00ee"},"image":{"@id":"https:\/\/darkamazi.info\/#\/schema\/logo\/image\/"},"sameAs":["https:\/\/www.facebook.com\/DarMaziKurmanci","https:\/\/x.com\/DarkaMaziLatini","https:\/\/www.instagram.com\/darkamazi.kurmanci\/","https:\/\/www.youtube.com\/channel\/UCa5HkTdmI8U1qCUFuTw8B2g"]},{"@type":"Person","@id":"https:\/\/darkamazi.info\/#\/schema\/person\/5ad3e24553a0567993fa8ed4bd0a776c","name":"darka mazi","sameAs":["https:\/\/darkamazi.info\/"],"url":"https:\/\/darkamazi.info\/archives\/author\/kurdi"}]}},"_links":{"self":[{"href":"https:\/\/darkamazi.info\/funavuv\/wp\/v2\/posts\/1046116","targetHints":{"allow":["GET"]}}],"collection":[{"href":"https:\/\/darkamazi.info\/funavuv\/wp\/v2\/posts"}],"about":[{"href":"https:\/\/darkamazi.info\/funavuv\/wp\/v2\/types\/post"}],"author":[{"embeddable":true,"href":"https:\/\/darkamazi.info\/funavuv\/wp\/v2\/users\/2"}],"replies":[{"embeddable":true,"href":"https:\/\/darkamazi.info\/funavuv\/wp\/v2\/comments?post=1046116"}],"version-history":[{"count":0,"href":"https:\/\/darkamazi.info\/funavuv\/wp\/v2\/posts\/1046116\/revisions"}],"wp:featuredmedia":[{"embeddable":true,"href":"https:\/\/darkamazi.info\/funavuv\/wp\/v2\/media\/1046117"}],"wp:attachment":[{"href":"https:\/\/darkamazi.info\/funavuv\/wp\/v2\/media?parent=1046116"}],"wp:term":[{"taxonomy":"category","embeddable":true,"href":"https:\/\/darkamazi.info\/funavuv\/wp\/v2\/categories?post=1046116"},{"taxonomy":"post_tag","embeddable":true,"href":"https:\/\/darkamazi.info\/funavuv\/wp\/v2\/tags?post=1046116"}],"curies":[{"name":"wp","href":"https:\/\/api.w.org\/{rel}","templated":true}]}}